{"id":162008,"date":"2024-12-05T13:13:24","date_gmt":"2024-12-05T19:13:24","guid":{"rendered":"https:\/\/kuali.com.mx\/web\/?p=162008"},"modified":"2024-12-05T16:38:23","modified_gmt":"2024-12-05T22:38:23","slug":"integran-4a-generacion-de-juventudes-por-la-democracia","status":"publish","type":"post","link":"https:\/\/kuali.com.mx\/web\/2024\/12\/05\/integran-4a-generacion-de-juventudes-por-la-democracia\/","title":{"rendered":"INTEGRAN 4\u00aa GENERACI\u00d3N DE JUVENTUDES POR LA DEMOCRACIA"},"content":{"rendered":"\n<p><strong>Alicia Arias\/Guanajuato, Gto.- <\/strong>La cuarta generaci\u00f3n del programa Juventudes por la Democracia Generaci\u00f3n 2024-2025 est\u00e1 integrado por 22 juventudes que estudian en universidades del estado de Guanajuato la Licenciatura en Derecho, principalmente.<\/p>\n\n\n\n<p>A trav\u00e9s de la Comisi\u00f3n de Cultura Pol\u00edtica y Electoral (CCPE), el Instituto Electoral del Estado de Guanajuato (IEEG), entreg\u00f3 este jueves los nombramientos a las y los nuevos integrantes del programa que tiene como objetivo impulsar el compromiso c\u00edvico, la cultura de la paz y la participaci\u00f3n ciudadana activa en la construcci\u00f3n de una comunidad m\u00e1s informada y participativa en la vida p\u00fablica del estado.<\/p>\n\n\n\n<p>Dicha participaci\u00f3n se realiza por medio de la vigilancia y seguimiento de las propuestas y actividades de las candidaturas electas por parte de las juventudes, mediante actividades interactivas y contenidos formativos de monitoreo ciudadano, para asegurar la rendici\u00f3n de cuentas y la transparencia en el cumplimiento de los compromisos adquiridos durante el Proceso Electoral 2023-2024.<\/p>\n\n\n\n<p>La cuarta generaci\u00f3n se integrar\u00e1 por 22 juventudes de 10 universidades del estado, las cuales fueron designadas en un proceso que consider\u00f3 criterios de paridad, diversidad, inclusi\u00f3n y distribuci\u00f3n geogr\u00e1fica.<\/p>\n\n\n\n<p><strong>Integrantes del programa Juventudes por la Democracia Generaci\u00f3n 2024-2025<\/strong><\/p>\n\n\n\n<figure class=\"wp-block-table\"><table class=\"table table-hover\"><tbody><tr><td>N\u00b0\u200b<\/td><td>Nombre\u200b<\/td><td>Universidad\u200b<\/td><td>Programa acad\u00e9mico\u200b<\/td><\/tr><tr><td>1\u200b<\/td><td>Anah\u00ed Medina Rodr\u00edguez\u200b<\/td><td>Universidad de Guanajuato\u200b<\/td><td>Licenciatura en Ciencia Pol\u00edtica y Administraci\u00f3n&nbsp;P\u00fablica\u200b<\/td><\/tr><tr><td>2\u200b<\/td><td>Pablo Josu\u00e9 Limas Fuerte\u200b<\/td><td>Universidad de Le\u00f3n\u200b<\/td><td>Licenciatura en Derecho\u200b<\/td><\/tr><tr><td>3\u200b<\/td><td>Evelyn Gabriela P\u00e1ramo Moreno\u200b<\/td><td>Universidad de Le\u00f3n\u200b<\/td><td>Licenciatura en Derecho\u200b<\/td><\/tr><tr><td>4\u200b<\/td><td>Jazm\u00edn Cort\u00e9s Rodr\u00edguez\u200b<\/td><td>Universidad de Le\u00f3n\u200b<\/td><td>Licenciatura en Derecho\u200b<\/td><\/tr><tr><td>5\u200b<\/td><td>Nubia&nbsp;Lumy&nbsp;Rocha S\u00e1nchez&nbsp;\u200b<\/td><td>Universidad de Le\u00f3n\u200b<\/td><td>Licenciatura en Derecho\u200b<\/td><\/tr><tr><td>6\u200b<\/td><td>Camila de los \u00c1ngeles Gonz\u00e1lez Ch\u00e1vez&nbsp;\u200b<\/td><td>Universidad de Le\u00f3n\u200b<\/td><td>Licenciatura en Derecho\u200b<\/td><\/tr><tr><td>7\u200b<\/td><td>H\u00e9ctor&nbsp;Storms&nbsp;Barbosa\u200b<\/td><td>De La Salle Baj\u00edo\u200b<\/td><td>Licenciatura en Derecho\u200b<\/td><\/tr><tr><td>8\u200b<\/td><td>Jes\u00fas Abaunza Rico\u200b<\/td><td>Universidad de Celaya&nbsp;\u200b<\/td><td>Licenciatura en Derecho\u200b<\/td><\/tr><tr><td>9\u200b<\/td><td>Mariana Lizet Aguilar Ram\u00edrez&nbsp;\u200b<\/td><td>Universidad de Le\u00f3n\u200b<\/td><td>Licenciatura en Derecho&nbsp;\u200b<\/td><\/tr><tr><td>10\u200b<\/td><td>Paul&nbsp;Etienne&nbsp;Ram\u00edrez Fabila&nbsp;\u200b<\/td><td>De La Salle Baj\u00edo\u200b<\/td><td>Licenciatura en Derecho&nbsp;\u200b<\/td><\/tr><tr><td>11\u200b<\/td><td>Arturo Juan Carlos Guti\u00e9rrez Pinales\u200b<\/td><td>De La Salle Baj\u00edo\u200b<\/td><td>Licenciatura en Derecho\u200b<\/td><\/tr><tr><td>12\u200b<\/td><td>Nancy Guadalupe Rico Espinoza&nbsp;\u200b<\/td><td>Instituto Universitario del Centro de M\u00e9xico\u200b<\/td><td>Licenciatura en Administraci\u00f3n&nbsp;\u200b<\/td><\/tr><tr><td>13\u200b<\/td><td>Luis Brian Campuzano Monroy&nbsp;\u200b<\/td><td>Universidad Polit\u00e9cnica de Juventino Rosas&nbsp;\u200b<\/td><td>Ingenier\u00eda Financiera&nbsp;\u200b<\/td><\/tr><tr><td>14\u200b<\/td><td>Karla Paloma Ortiz Ruiz&nbsp;\u200b<\/td><td>Universidad de Le\u00f3n\u200b<\/td><td>Licenciatura en Derecho\u200b<\/td><\/tr><tr><td>15\u200b<\/td><td>Jes\u00fas Salvador Mart\u00ednez Mondrag\u00f3n\u200b<\/td><td>Universidad Polit\u00e9cnica de Guanajuato\u200b<\/td><td>Ingenier\u00eda en Alimentos\u200b<\/td><\/tr><tr><td>16\u200b<\/td><td>Emily&nbsp;Marlen&nbsp;Ram\u00edrez Gami\u00f1o\u200b<\/td><td>Universidad de Le\u00f3n\u200b<\/td><td>Licenciatura en Derecho\u200b<\/td><\/tr><tr><td>17\u200b<\/td><td>V\u00edctor Hugo Caballero Morales\u200b<\/td><td>Universidad de Guanajuato\u200b<\/td><td>Ingenier\u00eda en energ\u00edas renovables\u200b<\/td><\/tr><tr><td>18\u200b<\/td><td>Luis \u00c1ngel Mart\u00ednez Garc\u00eda\u200b<\/td><td>Universidad Tecnol\u00f3gica del Norte de Guanajuato&nbsp;\u200b<\/td><td>Procesos Industriales\u200b<\/td><\/tr><tr><td>19\u200b<\/td><td>Carolina Serrano Ram\u00edrez&nbsp;\u200b<\/td><td>Universidad de Guanajuato\u200b<\/td><td>Ciencia Pol\u00edtica y Administraci\u00f3n P\u00fablica\u200b<\/td><\/tr><tr><td>20\u200b<\/td><td>Jos\u00e9 Isa\u00edas Mora Serrano\u200b<\/td><td>Universidad Tecnol\u00f3gica de Le\u00f3n\u200b<\/td><td>Ingenier\u00eda en Entornos Virtuales y Negocios Digitales\u200b<\/td><\/tr><tr><td>21\u200b<\/td><td>Jos\u00e9 Ram\u00f3n Guzm\u00e1n Estrada\u200b<\/td><td>Instituto Universitario del Centro de M\u00e9xico\u200b<\/td><td>Licenciatura en Derecho\u200b<\/td><\/tr><tr><td>22\u200b<\/td><td>Brissia&nbsp;Lisset M\u00e1rquez Rangel\u200b<\/td><td>Universidad del Centro de M\u00e9xico. Planten\u200b<\/td><td>Licenciatura en Derecho\u200b<\/td><\/tr><\/tbody><\/table><\/figure>\n\n\n\n<p>En su mensaje, el consejero electoral y presidente de la CCPE, Eduardo Joaqu\u00edn del Arco Borja, felicit\u00f3 a las juventudes y destac\u00f3 que \u201cel programa es un espacio plural de colaboraci\u00f3n y participaci\u00f3n que refleja la diversidad de juventudes, con el objetivo de impulsar el quehacer c\u00edvico, la cultura de la paz y la participaci\u00f3n ciudadana activa\u201d.<\/p>\n\n\n\n<p>En representaci\u00f3n de las Juventudes Embajadoras por la Democracia, Evelyn Gabriela P\u00e1ramo Moreno, dijo que \u201ccada una tiene su propia historia, pero lo que nos une es el mismo objetivo: el deseo de construir un mejor futuro para nuestra sociedad, es un reflejo de su compromiso\u201d.<\/p>\n\n\n\n<p><strong>Aprueban destruir documentaci\u00f3n electoral<\/strong><\/p>\n\n\n\n<p>El Consejo General del IEEG ya autoriz\u00f3 la destrucci\u00f3n de la documentaci\u00f3n y material electoral que se utiliz\u00f3 en el Proceso Electoral Local Ordinario 2023-2024.<\/p>\n\n\n\n<p>El 29 de noviembre de 2024, la Junta Estatal Ejecutiva del IEEG aprob\u00f3 el dise\u00f1o muestral y extracci\u00f3n aleatoria de los votos nulos de dicho proceso electoral.<\/p>\n\n\n\n<p>De conformidad con el Reglamentos de Elecciones del Instituto Nacional Electoral (INE) y los lineamientos que regulan el procedimiento para la destrucci\u00f3n de la documentaci\u00f3n y material electoral del IEEG, el IEEG estim\u00f3 procedente la destrucci\u00f3n de la documentaci\u00f3n electoral concerniente a los votos v\u00e1lidos, votos nulos, boletas sobrantes, adem\u00e1s de material electoral como cajas paquete, urnas, base porta urnas, cancel electoral port\u00e1til y cajas contenedoras cuya reutilizaci\u00f3n no sea posible, as\u00ed como las cajas contenedoras vac\u00edas.<\/p>\n\n\n\n<p>Se acord\u00f3 conservar, de manera temporal, documentaci\u00f3n electoral para realizar el estudio de votos nulos del Proceso Electoral Local Ordinario 2023-2024, con el prop\u00f3sito de analizar el comportamiento electoral de la ciudadan\u00eda y dise\u00f1ar estrategias para fomentar una cultura c\u00edvica continua e incluyente, as\u00ed como incrementar la calidad de la participaci\u00f3n pol\u00edtico-electoral.<\/p>\n","protected":false},"excerpt":{"rendered":"Alicia Arias\/Guanajuato, Gto.- La cuarta generaci\u00f3n del programa Juventudes por la Democracia Generaci\u00f3n 2024-2025 est\u00e1 integrado por 22 juventudes que estudian en universidades del estado de Guanajuato la Licenciatura en Derecho, principalmente. A trav\u00e9s de la Comisi\u00f3n de Cultura Pol\u00edtica y Electoral (CCPE), el Instituto Electoral del Estado de Guanajuato (IEEG), entreg\u00f3 este jueves los [&hellip;]","protected":false},"author":2,"featured_media":162011,"comment_status":"open","ping_status":"open","sticky":false,"template":"","format":"standard","meta":{"_seopress_robots_primary_cat":"none","_seopress_titles_title":"","_seopress_titles_desc":"","_seopress_robots_index":"","_monsterinsights_skip_tracking":false,"_monsterinsights_sitenote_active":false,"_monsterinsights_sitenote_note":"","_monsterinsights_sitenote_category":0,"footnotes":""},"categories":[3],"tags":[317,434,9,133,552],"class_list":["post-162008","post","type-post","status-publish","format-standard","has-post-thumbnail","hentry","category-politica","tag-democracia","tag-elecciones","tag-guanajuato","tag-ieeg","tag-juventudes"],"yoast_head":"<!-- This site is optimized with the Yoast SEO plugin v27.4 - https:\/\/yoast.com\/product\/yoast-seo-wordpress\/ -->\n<title>INTEGRAN 4\u00aa GENERACI\u00d3N DE JUVENTUDES POR LA DEMOCRACIA - Kuali<\/title>\n<meta name=\"robots\" content=\"index, follow, max-snippet:-1, max-image-preview:large, max-video-preview:-1\" \/>\n<link rel=\"canonical\" href=\"https:\/\/kuali.com.mx\/web\/2024\/12\/05\/integran-4a-generacion-de-juventudes-por-la-democracia\/\" \/>\n<meta property=\"og:locale\" content=\"es_MX\" \/>\n<meta property=\"og:type\" content=\"article\" \/>\n<meta property=\"og:title\" content=\"INTEGRAN 4\u00aa GENERACI\u00d3N DE JUVENTUDES POR LA DEMOCRACIA - Kuali\" \/>\n<meta property=\"og:description\" content=\"Alicia Arias\/Guanajuato, Gto.- La cuarta generaci\u00f3n del programa Juventudes por la Democracia Generaci\u00f3n 2024-2025 est\u00e1 integrado por 22 juventudes que estudian en universidades del estado de Guanajuato la Licenciatura en Derecho, principalmente. A trav\u00e9s de la Comisi\u00f3n de Cultura Pol\u00edtica y Electoral (CCPE), el Instituto Electoral del Estado de Guanajuato (IEEG), entreg\u00f3 este jueves los [&hellip;]\" \/>\n<meta property=\"og:url\" content=\"https:\/\/kuali.com.mx\/web\/2024\/12\/05\/integran-4a-generacion-de-juventudes-por-la-democracia\/\" \/>\n<meta property=\"og:site_name\" content=\"Kuali\" \/>\n<meta property=\"article:publisher\" content=\"https:\/\/kuali.com.mx\/web\/wp-content\/uploads\/2018\/04\/cropped-kuali_logo-1-1.png\" \/>\n<meta property=\"article:published_time\" content=\"2024-12-05T19:13:24+00:00\" \/>\n<meta property=\"article:modified_time\" content=\"2024-12-05T22:38:23+00:00\" \/>\n<meta property=\"og:image\" content=\"https:\/\/kuali.com.mx\/web\/wp-content\/uploads\/2024\/12\/Juventudes-por-la-democracia.gif\" \/>\n\t<meta property=\"og:image:width\" content=\"1705\" \/>\n\t<meta property=\"og:image:height\" content=\"750\" \/>\n\t<meta property=\"og:image:type\" content=\"image\/gif\" \/>\n<meta name=\"author\" content=\"Kuali Staff\" \/>\n<meta name=\"twitter:card\" content=\"summary_large_image\" \/>\n<meta name=\"twitter:creator\" content=\"@kuali_noticias\" \/>\n<meta name=\"twitter:site\" content=\"@kuali_noticias\" \/>\n<meta name=\"twitter:label1\" content=\"Escrito por\" \/>\n\t<meta name=\"twitter:data1\" content=\"Kuali Staff\" \/>\n\t<meta name=\"twitter:label2\" content=\"Tiempo de lectura\" \/>\n\t<meta name=\"twitter:data2\" content=\"4 minutos\" \/>\n<script type=\"application\/ld+json\" class=\"yoast-schema-graph\">{\"@context\":\"https:\\\/\\\/schema.org\",\"@graph\":[{\"@type\":\"Article\",\"@id\":\"https:\\\/\\\/kuali.com.mx\\\/web\\\/2024\\\/12\\\/05\\\/integran-4a-generacion-de-juventudes-por-la-democracia\\\/#article\",\"isPartOf\":{\"@id\":\"https:\\\/\\\/kuali.com.mx\\\/web\\\/2024\\\/12\\\/05\\\/integran-4a-generacion-de-juventudes-por-la-democracia\\\/\"},\"author\":{\"name\":\"Kuali Staff\",\"@id\":\"https:\\\/\\\/kuali.com.mx\\\/web\\\/#\\\/schema\\\/person\\\/6f89ffa8ecba9dae50662357923c5289\"},\"headline\":\"INTEGRAN 4\u00aa GENERACI\u00d3N DE JUVENTUDES POR LA DEMOCRACIA\",\"datePublished\":\"2024-12-05T19:13:24+00:00\",\"dateModified\":\"2024-12-05T22:38:23+00:00\",\"mainEntityOfPage\":{\"@id\":\"https:\\\/\\\/kuali.com.mx\\\/web\\\/2024\\\/12\\\/05\\\/integran-4a-generacion-de-juventudes-por-la-democracia\\\/\"},\"wordCount\":864,\"commentCount\":0,\"image\":{\"@id\":\"https:\\\/\\\/kuali.com.mx\\\/web\\\/2024\\\/12\\\/05\\\/integran-4a-generacion-de-juventudes-por-la-democracia\\\/#primaryimage\"},\"thumbnailUrl\":\"https:\\\/\\\/kuali.com.mx\\\/web\\\/wp-content\\\/uploads\\\/2024\\\/12\\\/Juventudes-por-la-democracia.gif\",\"keywords\":[\"Democracia\",\"Elecciones\",\"Guanajuato\",\"IEEG\",\"Juventudes\"],\"articleSection\":[\"Pol\u00edtica\"],\"inLanguage\":\"es\",\"potentialAction\":[{\"@type\":\"CommentAction\",\"name\":\"Comment\",\"target\":[\"https:\\\/\\\/kuali.com.mx\\\/web\\\/2024\\\/12\\\/05\\\/integran-4a-generacion-de-juventudes-por-la-democracia\\\/#respond\"]}]},{\"@type\":\"WebPage\",\"@id\":\"https:\\\/\\\/kuali.com.mx\\\/web\\\/2024\\\/12\\\/05\\\/integran-4a-generacion-de-juventudes-por-la-democracia\\\/\",\"url\":\"https:\\\/\\\/kuali.com.mx\\\/web\\\/2024\\\/12\\\/05\\\/integran-4a-generacion-de-juventudes-por-la-democracia\\\/\",\"name\":\"INTEGRAN 4\u00aa GENERACI\u00d3N DE JUVENTUDES POR LA DEMOCRACIA - Kuali\",\"isPartOf\":{\"@id\":\"https:\\\/\\\/kuali.com.mx\\\/web\\\/#website\"},\"primaryImageOfPage\":{\"@id\":\"https:\\\/\\\/kuali.com.mx\\\/web\\\/2024\\\/12\\\/05\\\/integran-4a-generacion-de-juventudes-por-la-democracia\\\/#primaryimage\"},\"image\":{\"@id\":\"https:\\\/\\\/kuali.com.mx\\\/web\\\/2024\\\/12\\\/05\\\/integran-4a-generacion-de-juventudes-por-la-democracia\\\/#primaryimage\"},\"thumbnailUrl\":\"https:\\\/\\\/kuali.com.mx\\\/web\\\/wp-content\\\/uploads\\\/2024\\\/12\\\/Juventudes-por-la-democracia.gif\",\"datePublished\":\"2024-12-05T19:13:24+00:00\",\"dateModified\":\"2024-12-05T22:38:23+00:00\",\"author\":{\"@id\":\"https:\\\/\\\/kuali.com.mx\\\/web\\\/#\\\/schema\\\/person\\\/6f89ffa8ecba9dae50662357923c5289\"},\"breadcrumb\":{\"@id\":\"https:\\\/\\\/kuali.com.mx\\\/web\\\/2024\\\/12\\\/05\\\/integran-4a-generacion-de-juventudes-por-la-democracia\\\/#breadcrumb\"},\"inLanguage\":\"es\",\"potentialAction\":[{\"@type\":\"ReadAction\",\"target\":[\"https:\\\/\\\/kuali.com.mx\\\/web\\\/2024\\\/12\\\/05\\\/integran-4a-generacion-de-juventudes-por-la-democracia\\\/\"]}]},{\"@type\":\"ImageObject\",\"inLanguage\":\"es\",\"@id\":\"https:\\\/\\\/kuali.com.mx\\\/web\\\/2024\\\/12\\\/05\\\/integran-4a-generacion-de-juventudes-por-la-democracia\\\/#primaryimage\",\"url\":\"https:\\\/\\\/kuali.com.mx\\\/web\\\/wp-content\\\/uploads\\\/2024\\\/12\\\/Juventudes-por-la-democracia.gif\",\"contentUrl\":\"https:\\\/\\\/kuali.com.mx\\\/web\\\/wp-content\\\/uploads\\\/2024\\\/12\\\/Juventudes-por-la-democracia.gif\",\"width\":1705,\"height\":750},{\"@type\":\"BreadcrumbList\",\"@id\":\"https:\\\/\\\/kuali.com.mx\\\/web\\\/2024\\\/12\\\/05\\\/integran-4a-generacion-de-juventudes-por-la-democracia\\\/#breadcrumb\",\"itemListElement\":[{\"@type\":\"ListItem\",\"position\":1,\"name\":\"Inicio\",\"item\":\"https:\\\/\\\/kuali.com.mx\\\/web\\\/\"},{\"@type\":\"ListItem\",\"position\":2,\"name\":\"INTEGRAN 4\u00aa GENERACI\u00d3N DE JUVENTUDES POR LA DEMOCRACIA\"}]},{\"@type\":\"WebSite\",\"@id\":\"https:\\\/\\\/kuali.com.mx\\\/web\\\/#website\",\"url\":\"https:\\\/\\\/kuali.com.mx\\\/web\\\/\",\"name\":\"Kuali\",\"description\":\"\",\"potentialAction\":[{\"@type\":\"SearchAction\",\"target\":{\"@type\":\"EntryPoint\",\"urlTemplate\":\"https:\\\/\\\/kuali.com.mx\\\/web\\\/?s={search_term_string}\"},\"query-input\":{\"@type\":\"PropertyValueSpecification\",\"valueRequired\":true,\"valueName\":\"search_term_string\"}}],\"inLanguage\":\"es\"},{\"@type\":\"Person\",\"@id\":\"https:\\\/\\\/kuali.com.mx\\\/web\\\/#\\\/schema\\\/person\\\/6f89ffa8ecba9dae50662357923c5289\",\"name\":\"Kuali Staff\",\"image\":{\"@type\":\"ImageObject\",\"inLanguage\":\"es\",\"@id\":\"https:\\\/\\\/secure.gravatar.com\\\/avatar\\\/f917ad82e5ab71227a733c78b6e60715476f69ee6be59feee4eb5d9920c89e0f?s=96&d=mm&r=g\",\"url\":\"https:\\\/\\\/secure.gravatar.com\\\/avatar\\\/f917ad82e5ab71227a733c78b6e60715476f69ee6be59feee4eb5d9920c89e0f?s=96&d=mm&r=g\",\"contentUrl\":\"https:\\\/\\\/secure.gravatar.com\\\/avatar\\\/f917ad82e5ab71227a733c78b6e60715476f69ee6be59feee4eb5d9920c89e0f?s=96&d=mm&r=g\",\"caption\":\"Kuali Staff\"},\"url\":\"https:\\\/\\\/kuali.com.mx\\\/web\\\/author\\\/lagarto\\\/\"}]}<\/script>\n<!-- \/ Yoast SEO plugin. -->","yoast_head_json":{"title":"INTEGRAN 4\u00aa GENERACI\u00d3N DE JUVENTUDES POR LA DEMOCRACIA - Kuali","robots":{"index":"index","follow":"follow","max-snippet":"max-snippet:-1","max-image-preview":"max-image-preview:large","max-video-preview":"max-video-preview:-1"},"canonical":"https:\/\/kuali.com.mx\/web\/2024\/12\/05\/integran-4a-generacion-de-juventudes-por-la-democracia\/","og_locale":"es_MX","og_type":"article","og_title":"INTEGRAN 4\u00aa GENERACI\u00d3N DE JUVENTUDES POR LA DEMOCRACIA - Kuali","og_description":"Alicia Arias\/Guanajuato, Gto.- La cuarta generaci\u00f3n del programa Juventudes por la Democracia Generaci\u00f3n 2024-2025 est\u00e1 integrado por 22 juventudes que estudian en universidades del estado de Guanajuato la Licenciatura en Derecho, principalmente. A trav\u00e9s de la Comisi\u00f3n de Cultura Pol\u00edtica y Electoral (CCPE), el Instituto Electoral del Estado de Guanajuato (IEEG), entreg\u00f3 este jueves los [&hellip;]","og_url":"https:\/\/kuali.com.mx\/web\/2024\/12\/05\/integran-4a-generacion-de-juventudes-por-la-democracia\/","og_site_name":"Kuali","article_publisher":"https:\/\/kuali.com.mx\/web\/wp-content\/uploads\/2018\/04\/cropped-kuali_logo-1-1.png","article_published_time":"2024-12-05T19:13:24+00:00","article_modified_time":"2024-12-05T22:38:23+00:00","og_image":[{"width":1705,"height":750,"url":"https:\/\/kuali.com.mx\/web\/wp-content\/uploads\/2024\/12\/Juventudes-por-la-democracia.gif","type":"image\/gif"}],"author":"Kuali Staff","twitter_card":"summary_large_image","twitter_creator":"@kuali_noticias","twitter_site":"@kuali_noticias","twitter_misc":{"Escrito por":"Kuali Staff","Tiempo de lectura":"4 minutos"},"schema":{"@context":"https:\/\/schema.org","@graph":[{"@type":"Article","@id":"https:\/\/kuali.com.mx\/web\/2024\/12\/05\/integran-4a-generacion-de-juventudes-por-la-democracia\/#article","isPartOf":{"@id":"https:\/\/kuali.com.mx\/web\/2024\/12\/05\/integran-4a-generacion-de-juventudes-por-la-democracia\/"},"author":{"name":"Kuali Staff","@id":"https:\/\/kuali.com.mx\/web\/#\/schema\/person\/6f89ffa8ecba9dae50662357923c5289"},"headline":"INTEGRAN 4\u00aa GENERACI\u00d3N DE JUVENTUDES POR LA DEMOCRACIA","datePublished":"2024-12-05T19:13:24+00:00","dateModified":"2024-12-05T22:38:23+00:00","mainEntityOfPage":{"@id":"https:\/\/kuali.com.mx\/web\/2024\/12\/05\/integran-4a-generacion-de-juventudes-por-la-democracia\/"},"wordCount":864,"commentCount":0,"image":{"@id":"https:\/\/kuali.com.mx\/web\/2024\/12\/05\/integran-4a-generacion-de-juventudes-por-la-democracia\/#primaryimage"},"thumbnailUrl":"https:\/\/kuali.com.mx\/web\/wp-content\/uploads\/2024\/12\/Juventudes-por-la-democracia.gif","keywords":["Democracia","Elecciones","Guanajuato","IEEG","Juventudes"],"articleSection":["Pol\u00edtica"],"inLanguage":"es","potentialAction":[{"@type":"CommentAction","name":"Comment","target":["https:\/\/kuali.com.mx\/web\/2024\/12\/05\/integran-4a-generacion-de-juventudes-por-la-democracia\/#respond"]}]},{"@type":"WebPage","@id":"https:\/\/kuali.com.mx\/web\/2024\/12\/05\/integran-4a-generacion-de-juventudes-por-la-democracia\/","url":"https:\/\/kuali.com.mx\/web\/2024\/12\/05\/integran-4a-generacion-de-juventudes-por-la-democracia\/","name":"INTEGRAN 4\u00aa GENERACI\u00d3N DE JUVENTUDES POR LA DEMOCRACIA - Kuali","isPartOf":{"@id":"https:\/\/kuali.com.mx\/web\/#website"},"primaryImageOfPage":{"@id":"https:\/\/kuali.com.mx\/web\/2024\/12\/05\/integran-4a-generacion-de-juventudes-por-la-democracia\/#primaryimage"},"image":{"@id":"https:\/\/kuali.com.mx\/web\/2024\/12\/05\/integran-4a-generacion-de-juventudes-por-la-democracia\/#primaryimage"},"thumbnailUrl":"https:\/\/kuali.com.mx\/web\/wp-content\/uploads\/2024\/12\/Juventudes-por-la-democracia.gif","datePublished":"2024-12-05T19:13:24+00:00","dateModified":"2024-12-05T22:38:23+00:00","author":{"@id":"https:\/\/kuali.com.mx\/web\/#\/schema\/person\/6f89ffa8ecba9dae50662357923c5289"},"breadcrumb":{"@id":"https:\/\/kuali.com.mx\/web\/2024\/12\/05\/integran-4a-generacion-de-juventudes-por-la-democracia\/#breadcrumb"},"inLanguage":"es","potentialAction":[{"@type":"ReadAction","target":["https:\/\/kuali.com.mx\/web\/2024\/12\/05\/integran-4a-generacion-de-juventudes-por-la-democracia\/"]}]},{"@type":"ImageObject","inLanguage":"es","@id":"https:\/\/kuali.com.mx\/web\/2024\/12\/05\/integran-4a-generacion-de-juventudes-por-la-democracia\/#primaryimage","url":"https:\/\/kuali.com.mx\/web\/wp-content\/uploads\/2024\/12\/Juventudes-por-la-democracia.gif","contentUrl":"https:\/\/kuali.com.mx\/web\/wp-content\/uploads\/2024\/12\/Juventudes-por-la-democracia.gif","width":1705,"height":750},{"@type":"BreadcrumbList","@id":"https:\/\/kuali.com.mx\/web\/2024\/12\/05\/integran-4a-generacion-de-juventudes-por-la-democracia\/#breadcrumb","itemListElement":[{"@type":"ListItem","position":1,"name":"Inicio","item":"https:\/\/kuali.com.mx\/web\/"},{"@type":"ListItem","position":2,"name":"INTEGRAN 4\u00aa GENERACI\u00d3N DE JUVENTUDES POR LA DEMOCRACIA"}]},{"@type":"WebSite","@id":"https:\/\/kuali.com.mx\/web\/#website","url":"https:\/\/kuali.com.mx\/web\/","name":"Kuali","description":"","potentialAction":[{"@type":"SearchAction","target":{"@type":"EntryPoint","urlTemplate":"https:\/\/kuali.com.mx\/web\/?s={search_term_string}"},"query-input":{"@type":"PropertyValueSpecification","valueRequired":true,"valueName":"search_term_string"}}],"inLanguage":"es"},{"@type":"Person","@id":"https:\/\/kuali.com.mx\/web\/#\/schema\/person\/6f89ffa8ecba9dae50662357923c5289","name":"Kuali Staff","image":{"@type":"ImageObject","inLanguage":"es","@id":"https:\/\/secure.gravatar.com\/avatar\/f917ad82e5ab71227a733c78b6e60715476f69ee6be59feee4eb5d9920c89e0f?s=96&d=mm&r=g","url":"https:\/\/secure.gravatar.com\/avatar\/f917ad82e5ab71227a733c78b6e60715476f69ee6be59feee4eb5d9920c89e0f?s=96&d=mm&r=g","contentUrl":"https:\/\/secure.gravatar.com\/avatar\/f917ad82e5ab71227a733c78b6e60715476f69ee6be59feee4eb5d9920c89e0f?s=96&d=mm&r=g","caption":"Kuali Staff"},"url":"https:\/\/kuali.com.mx\/web\/author\/lagarto\/"}]}},"_links":{"self":[{"href":"https:\/\/kuali.com.mx\/web\/wp-json\/wp\/v2\/posts\/162008","targetHints":{"allow":["GET"]}}],"collection":[{"href":"https:\/\/kuali.com.mx\/web\/wp-json\/wp\/v2\/posts"}],"about":[{"href":"https:\/\/kuali.com.mx\/web\/wp-json\/wp\/v2\/types\/post"}],"author":[{"embeddable":true,"href":"https:\/\/kuali.com.mx\/web\/wp-json\/wp\/v2\/users\/2"}],"replies":[{"embeddable":true,"href":"https:\/\/kuali.com.mx\/web\/wp-json\/wp\/v2\/comments?post=162008"}],"version-history":[{"count":2,"href":"https:\/\/kuali.com.mx\/web\/wp-json\/wp\/v2\/posts\/162008\/revisions"}],"predecessor-version":[{"id":162013,"href":"https:\/\/kuali.com.mx\/web\/wp-json\/wp\/v2\/posts\/162008\/revisions\/162013"}],"wp:featuredmedia":[{"embeddable":true,"href":"https:\/\/kuali.com.mx\/web\/wp-json\/wp\/v2\/media\/162011"}],"wp:attachment":[{"href":"https:\/\/kuali.com.mx\/web\/wp-json\/wp\/v2\/media?parent=162008"}],"wp:term":[{"taxonomy":"category","embeddable":true,"href":"https:\/\/kuali.com.mx\/web\/wp-json\/wp\/v2\/categories?post=162008"},{"taxonomy":"post_tag","embeddable":true,"href":"https:\/\/kuali.com.mx\/web\/wp-json\/wp\/v2\/tags?post=162008"}],"curies":[{"name":"wp","href":"https:\/\/api.w.org\/{rel}","templated":true}]}}