{"id":161779,"date":"2024-12-03T14:20:00","date_gmt":"2024-12-03T20:20:00","guid":{"rendered":"https:\/\/kuali.com.mx\/web\/?p=161779"},"modified":"2024-12-03T17:22:10","modified_gmt":"2024-12-03T23:22:10","slug":"destacan-cartelera-internacional-de-la-feria-de-leon","status":"publish","type":"post","link":"https:\/\/kuali.com.mx\/web\/2024\/12\/03\/destacan-cartelera-internacional-de-la-feria-de-leon\/","title":{"rendered":"DESTACAN CARTELERA INTERNACIONAL DE LA FERIA DE LE\u00d3N"},"content":{"rendered":"\n<p><strong><em>Kuali\/Ciudad de M\u00e9xico.-<\/em><\/strong> Del 10 de enero al cinco de febrero del 2025 se realizar\u00e1 la Feria Estatal de Le\u00f3n, donde destaca la cartelera de artistas internacionales y nacionales que se presentar\u00e1n en el Teatro del Pueblo o \u201cForo Mazda\u201d, Chayanne, Def Leppard, Sam Smith, Caifanes y Moenia.<\/p>\n\n\n\n<p>En esta edici\u00f3n, Coahuila ser\u00e1 el estado invitado y mostrar\u00e1 a los guanajuatenses su cultura y folclor.<\/p>\n\n\n\n<p>La gobernadora de Guanajuato, Libia Garc\u00eda Mu\u00f1oz Ledo; y la alcaldesa de Le\u00f3n, Alejandra Guti\u00e9rrez Campos, presentaron, en la Ciudad de M\u00e9xico, las actividades de la Feria.<\/p>\n\n\n\n<p>\u201cEsta feria es un referente en nuestro estado, es una feria para la familia, le ponemos todo el cari\u00f1o, todo el amor, porque tambi\u00e9n es un escaparate para conocer Guanajuato\u201d, se\u00f1al\u00f3 la gobernadora.<\/p>\n\n\n\n<p>Agreg\u00f3 que la Feria de Le\u00f3n es la mejor feria familiar de M\u00e9xico; se realiza por la fundaci\u00f3n de la ciudad y forma parte de la identidad leonesa, adem\u00e1s de ser considerada \u2018Patrimonio Cultural Intangible del Estado de Guanajuato\u2019.<\/p>\n\n\n\n<p>\u201cEs muy importante este esfuerzo que hace la Feria de Le\u00f3n por reinventarse constantemente; cada edici\u00f3n encontramos algo diferente, cada edici\u00f3n encontramos una mejora, cada edici\u00f3n vemos c\u00f3mo los espect\u00e1culos que llegan satisfacen al p\u00fablico m\u00e1s exigente y, de verdad, para nosotros, es fundamental decirle a toda la gente que es una feria familiar\u201d, manifest\u00f3.<\/p>\n\n\n\n<p>La presidenta municipal de Le\u00f3n, Alejandra Guti\u00e9rrez Campos, se\u00f1al\u00f3 que es un evento que fomenta la diversi\u00f3n, la sana convivencia y donde hay actividades para toda la familia y el 85% de ellas tendr\u00e1n acceso gratuito.<\/p>\n\n\n\n<p>\u201cQueremos invitarlos a Le\u00f3n, una ciudad viva y vibrante y que siempre los espera con los brazos abiertos, donde pueden ir a gozar los espect\u00e1culos, pueden salir a conocer la ciudad, ir al centro y ver la iluminaci\u00f3n esc\u00e9nica, se pueden divertir, ir de compras, pero sobre todo van a encontrar gente buena y que los recibe con los brazos abiertos\u201d, se\u00f1al\u00f3 la presidenta.<\/p>\n\n\n\n<p>La feria contar\u00e1 con \u2018Inspira\u2019: Ideas que transforman y que ser\u00e1 un espacio donde se ofrecer\u00e1n conferencias motivacionales e inspiracionales que ayuden a las personas a mejorar su calidad de vida.<\/p>\n\n\n\n<p>&nbsp;En Inspira se contar\u00e1 con la presencia del piloto mexicano de la F\u00f3rmula 1, Checo P\u00e9rez; tambi\u00e9n estar\u00e1 la tenista estadounidense, Serena Williams; el creador de contenido Luisito Comunica, Oso Trava, quien destaca por ser conferencista, inversionista y asesor de negocios.<\/p>\n\n\n\n<p>En el Foro Mazda habr\u00e1 m\u00fasica para todos los gustos; desde el pop del puertorrique\u00f1o Chayanne, el heavy metal de la banda brit\u00e1nica Def Leppard al dance electr\u00f3nico de Sam Smith.<\/p>\n\n\n\n<p>Tambi\u00e9n se presentar\u00e1n Camila Cabello, Moenia, Meduza, un grupo de DJs italianos de m\u00fasica house y Wisin.<\/p>\n\n\n\n<p>Se presentar\u00e1n el grupo Bronco, Espinoza Paz, Los Tucanes de Tijuana, La Arrolladora Banda El Lim\u00f3n, Yuridia, Caifanes, Christian Nodal, Grupo Intocable, los Cardenales de Nuevo Le\u00f3n e Invasores de Nuevo Le\u00f3n, entre otros.<\/p>\n\n\n\n<p>En la zona comercial se pueden adquirir art\u00edculos de calidad para toda la familia, y en el Pabell\u00f3n Guanajuato, productos de la MARCA GTO, hechos con el amor de manos guanajuatenses, adem\u00e1s de la gastronom\u00eda que hace \u00fanico a Guanajuato.<\/p>\n\n\n\n<p>La diversi\u00f3n para chicos y grandes con los juegos mec\u00e1nicos; el show sobre hielo, Illusion On Ice; el Circo Roberts; diversos espect\u00e1culos en el Parque Ecol\u00f3gico de la Feria y en el Foro del Lago, sin faltar el Palenque y la Expo Ganadera, entre muchas cosas m\u00e1s.<\/p>\n\n\n\n<p>Se pronostica una derrama de 3 mil 500 millones de pesos y 6 millones 400 mil asistentes; mientras que para la ciudad de Le\u00f3n, se espera una derrama econ\u00f3mica de 13 mil millones de pesos durante los d\u00edas de la Feria.<\/p>\n","protected":false},"excerpt":{"rendered":"Kuali\/Ciudad de M\u00e9xico.- Del 10 de enero al cinco de febrero del 2025 se realizar\u00e1 la Feria Estatal de Le\u00f3n, donde destaca la cartelera de artistas internacionales y nacionales que se presentar\u00e1n en el Teatro del Pueblo o \u201cForo Mazda\u201d, Chayanne, Def Leppard, Sam Smith, Caifanes y Moenia. En esta edici\u00f3n, Coahuila ser\u00e1 el estado [&hellip;]","protected":false},"author":2,"featured_media":161782,"comment_status":"open","ping_status":"open","sticky":false,"template":"","format":"standard","meta":{"_seopress_robots_primary_cat":"none","_seopress_titles_title":"","_seopress_titles_desc":"","_seopress_robots_index":"","_monsterinsights_skip_tracking":false,"_monsterinsights_sitenote_active":false,"_monsterinsights_sitenote_note":"","_monsterinsights_sitenote_category":0,"footnotes":""},"categories":[13],"tags":[],"class_list":["post-161779","post","type-post","status-publish","format-standard","has-post-thumbnail","hentry","category-turismo"],"yoast_head":"<!-- This site is optimized with the Yoast SEO plugin v27.4 - https:\/\/yoast.com\/product\/yoast-seo-wordpress\/ -->\n<title>DESTACAN CARTELERA INTERNACIONAL DE LA FERIA DE LE\u00d3N - Kuali<\/title>\n<meta name=\"robots\" content=\"index, follow, max-snippet:-1, max-image-preview:large, max-video-preview:-1\" \/>\n<link rel=\"canonical\" href=\"https:\/\/kuali.com.mx\/web\/2024\/12\/03\/destacan-cartelera-internacional-de-la-feria-de-leon\/\" \/>\n<meta property=\"og:locale\" content=\"es_MX\" \/>\n<meta property=\"og:type\" content=\"article\" \/>\n<meta property=\"og:title\" content=\"DESTACAN CARTELERA INTERNACIONAL DE LA FERIA DE LE\u00d3N - Kuali\" \/>\n<meta property=\"og:description\" content=\"Kuali\/Ciudad de M\u00e9xico.- Del 10 de enero al cinco de febrero del 2025 se realizar\u00e1 la Feria Estatal de Le\u00f3n, donde destaca la cartelera de artistas internacionales y nacionales que se presentar\u00e1n en el Teatro del Pueblo o \u201cForo Mazda\u201d, Chayanne, Def Leppard, Sam Smith, Caifanes y Moenia. En esta edici\u00f3n, Coahuila ser\u00e1 el estado [&hellip;]\" \/>\n<meta property=\"og:url\" content=\"https:\/\/kuali.com.mx\/web\/2024\/12\/03\/destacan-cartelera-internacional-de-la-feria-de-leon\/\" \/>\n<meta property=\"og:site_name\" content=\"Kuali\" \/>\n<meta property=\"article:publisher\" content=\"https:\/\/kuali.com.mx\/web\/wp-content\/uploads\/2018\/04\/cropped-kuali_logo-1-1.png\" \/>\n<meta property=\"article:published_time\" content=\"2024-12-03T20:20:00+00:00\" \/>\n<meta property=\"article:modified_time\" content=\"2024-12-03T23:22:10+00:00\" \/>\n<meta property=\"og:image\" content=\"https:\/\/kuali.com.mx\/web\/wp-content\/uploads\/2024\/12\/Presentacio\u0301n-en-CDMX-de-la-Feria-Estatal-Leo\u0301n-2025-1.jpeg\" \/>\n\t<meta property=\"og:image:width\" content=\"1600\" \/>\n\t<meta property=\"og:image:height\" content=\"1192\" \/>\n\t<meta property=\"og:image:type\" content=\"image\/jpeg\" \/>\n<meta name=\"author\" content=\"Kuali Staff\" \/>\n<meta name=\"twitter:card\" content=\"summary_large_image\" \/>\n<meta name=\"twitter:creator\" content=\"@kuali_noticias\" \/>\n<meta name=\"twitter:site\" content=\"@kuali_noticias\" \/>\n<meta name=\"twitter:label1\" content=\"Escrito por\" \/>\n\t<meta name=\"twitter:data1\" content=\"Kuali Staff\" \/>\n\t<meta name=\"twitter:label2\" content=\"Tiempo de lectura\" \/>\n\t<meta name=\"twitter:data2\" content=\"3 minutos\" \/>\n<script type=\"application\/ld+json\" class=\"yoast-schema-graph\">{\"@context\":\"https:\\\/\\\/schema.org\",\"@graph\":[{\"@type\":\"Article\",\"@id\":\"https:\\\/\\\/kuali.com.mx\\\/web\\\/2024\\\/12\\\/03\\\/destacan-cartelera-internacional-de-la-feria-de-leon\\\/#article\",\"isPartOf\":{\"@id\":\"https:\\\/\\\/kuali.com.mx\\\/web\\\/2024\\\/12\\\/03\\\/destacan-cartelera-internacional-de-la-feria-de-leon\\\/\"},\"author\":{\"name\":\"Kuali Staff\",\"@id\":\"https:\\\/\\\/kuali.com.mx\\\/web\\\/#\\\/schema\\\/person\\\/6f89ffa8ecba9dae50662357923c5289\"},\"headline\":\"DESTACAN CARTELERA INTERNACIONAL DE LA FERIA DE LE\u00d3N\",\"datePublished\":\"2024-12-03T20:20:00+00:00\",\"dateModified\":\"2024-12-03T23:22:10+00:00\",\"mainEntityOfPage\":{\"@id\":\"https:\\\/\\\/kuali.com.mx\\\/web\\\/2024\\\/12\\\/03\\\/destacan-cartelera-internacional-de-la-feria-de-leon\\\/\"},\"wordCount\":665,\"commentCount\":0,\"image\":{\"@id\":\"https:\\\/\\\/kuali.com.mx\\\/web\\\/2024\\\/12\\\/03\\\/destacan-cartelera-internacional-de-la-feria-de-leon\\\/#primaryimage\"},\"thumbnailUrl\":\"https:\\\/\\\/kuali.com.mx\\\/web\\\/wp-content\\\/uploads\\\/2024\\\/12\\\/Presentacio\u0301n-en-CDMX-de-la-Feria-Estatal-Leo\u0301n-2025-1.jpeg\",\"articleSection\":[\"Turismo\"],\"inLanguage\":\"es\",\"potentialAction\":[{\"@type\":\"CommentAction\",\"name\":\"Comment\",\"target\":[\"https:\\\/\\\/kuali.com.mx\\\/web\\\/2024\\\/12\\\/03\\\/destacan-cartelera-internacional-de-la-feria-de-leon\\\/#respond\"]}]},{\"@type\":\"WebPage\",\"@id\":\"https:\\\/\\\/kuali.com.mx\\\/web\\\/2024\\\/12\\\/03\\\/destacan-cartelera-internacional-de-la-feria-de-leon\\\/\",\"url\":\"https:\\\/\\\/kuali.com.mx\\\/web\\\/2024\\\/12\\\/03\\\/destacan-cartelera-internacional-de-la-feria-de-leon\\\/\",\"name\":\"DESTACAN CARTELERA INTERNACIONAL DE LA FERIA DE LE\u00d3N - Kuali\",\"isPartOf\":{\"@id\":\"https:\\\/\\\/kuali.com.mx\\\/web\\\/#website\"},\"primaryImageOfPage\":{\"@id\":\"https:\\\/\\\/kuali.com.mx\\\/web\\\/2024\\\/12\\\/03\\\/destacan-cartelera-internacional-de-la-feria-de-leon\\\/#primaryimage\"},\"image\":{\"@id\":\"https:\\\/\\\/kuali.com.mx\\\/web\\\/2024\\\/12\\\/03\\\/destacan-cartelera-internacional-de-la-feria-de-leon\\\/#primaryimage\"},\"thumbnailUrl\":\"https:\\\/\\\/kuali.com.mx\\\/web\\\/wp-content\\\/uploads\\\/2024\\\/12\\\/Presentacio\u0301n-en-CDMX-de-la-Feria-Estatal-Leo\u0301n-2025-1.jpeg\",\"datePublished\":\"2024-12-03T20:20:00+00:00\",\"dateModified\":\"2024-12-03T23:22:10+00:00\",\"author\":{\"@id\":\"https:\\\/\\\/kuali.com.mx\\\/web\\\/#\\\/schema\\\/person\\\/6f89ffa8ecba9dae50662357923c5289\"},\"breadcrumb\":{\"@id\":\"https:\\\/\\\/kuali.com.mx\\\/web\\\/2024\\\/12\\\/03\\\/destacan-cartelera-internacional-de-la-feria-de-leon\\\/#breadcrumb\"},\"inLanguage\":\"es\",\"potentialAction\":[{\"@type\":\"ReadAction\",\"target\":[\"https:\\\/\\\/kuali.com.mx\\\/web\\\/2024\\\/12\\\/03\\\/destacan-cartelera-internacional-de-la-feria-de-leon\\\/\"]}]},{\"@type\":\"ImageObject\",\"inLanguage\":\"es\",\"@id\":\"https:\\\/\\\/kuali.com.mx\\\/web\\\/2024\\\/12\\\/03\\\/destacan-cartelera-internacional-de-la-feria-de-leon\\\/#primaryimage\",\"url\":\"https:\\\/\\\/kuali.com.mx\\\/web\\\/wp-content\\\/uploads\\\/2024\\\/12\\\/Presentacio\u0301n-en-CDMX-de-la-Feria-Estatal-Leo\u0301n-2025-1.jpeg\",\"contentUrl\":\"https:\\\/\\\/kuali.com.mx\\\/web\\\/wp-content\\\/uploads\\\/2024\\\/12\\\/Presentacio\u0301n-en-CDMX-de-la-Feria-Estatal-Leo\u0301n-2025-1.jpeg\",\"width\":1600,\"height\":1192},{\"@type\":\"BreadcrumbList\",\"@id\":\"https:\\\/\\\/kuali.com.mx\\\/web\\\/2024\\\/12\\\/03\\\/destacan-cartelera-internacional-de-la-feria-de-leon\\\/#breadcrumb\",\"itemListElement\":[{\"@type\":\"ListItem\",\"position\":1,\"name\":\"Inicio\",\"item\":\"https:\\\/\\\/kuali.com.mx\\\/web\\\/\"},{\"@type\":\"ListItem\",\"position\":2,\"name\":\"DESTACAN CARTELERA INTERNACIONAL DE LA FERIA DE LE\u00d3N\"}]},{\"@type\":\"WebSite\",\"@id\":\"https:\\\/\\\/kuali.com.mx\\\/web\\\/#website\",\"url\":\"https:\\\/\\\/kuali.com.mx\\\/web\\\/\",\"name\":\"Kuali\",\"description\":\"\",\"potentialAction\":[{\"@type\":\"SearchAction\",\"target\":{\"@type\":\"EntryPoint\",\"urlTemplate\":\"https:\\\/\\\/kuali.com.mx\\\/web\\\/?s={search_term_string}\"},\"query-input\":{\"@type\":\"PropertyValueSpecification\",\"valueRequired\":true,\"valueName\":\"search_term_string\"}}],\"inLanguage\":\"es\"},{\"@type\":\"Person\",\"@id\":\"https:\\\/\\\/kuali.com.mx\\\/web\\\/#\\\/schema\\\/person\\\/6f89ffa8ecba9dae50662357923c5289\",\"name\":\"Kuali Staff\",\"image\":{\"@type\":\"ImageObject\",\"inLanguage\":\"es\",\"@id\":\"https:\\\/\\\/secure.gravatar.com\\\/avatar\\\/f917ad82e5ab71227a733c78b6e60715476f69ee6be59feee4eb5d9920c89e0f?s=96&d=mm&r=g\",\"url\":\"https:\\\/\\\/secure.gravatar.com\\\/avatar\\\/f917ad82e5ab71227a733c78b6e60715476f69ee6be59feee4eb5d9920c89e0f?s=96&d=mm&r=g\",\"contentUrl\":\"https:\\\/\\\/secure.gravatar.com\\\/avatar\\\/f917ad82e5ab71227a733c78b6e60715476f69ee6be59feee4eb5d9920c89e0f?s=96&d=mm&r=g\",\"caption\":\"Kuali Staff\"},\"url\":\"https:\\\/\\\/kuali.com.mx\\\/web\\\/author\\\/lagarto\\\/\"}]}<\/script>\n<!-- \/ Yoast SEO plugin. -->","yoast_head_json":{"title":"DESTACAN CARTELERA INTERNACIONAL DE LA FERIA DE LE\u00d3N - Kuali","robots":{"index":"index","follow":"follow","max-snippet":"max-snippet:-1","max-image-preview":"max-image-preview:large","max-video-preview":"max-video-preview:-1"},"canonical":"https:\/\/kuali.com.mx\/web\/2024\/12\/03\/destacan-cartelera-internacional-de-la-feria-de-leon\/","og_locale":"es_MX","og_type":"article","og_title":"DESTACAN CARTELERA INTERNACIONAL DE LA FERIA DE LE\u00d3N - Kuali","og_description":"Kuali\/Ciudad de M\u00e9xico.- Del 10 de enero al cinco de febrero del 2025 se realizar\u00e1 la Feria Estatal de Le\u00f3n, donde destaca la cartelera de artistas internacionales y nacionales que se presentar\u00e1n en el Teatro del Pueblo o \u201cForo Mazda\u201d, Chayanne, Def Leppard, Sam Smith, Caifanes y Moenia. En esta edici\u00f3n, Coahuila ser\u00e1 el estado [&hellip;]","og_url":"https:\/\/kuali.com.mx\/web\/2024\/12\/03\/destacan-cartelera-internacional-de-la-feria-de-leon\/","og_site_name":"Kuali","article_publisher":"https:\/\/kuali.com.mx\/web\/wp-content\/uploads\/2018\/04\/cropped-kuali_logo-1-1.png","article_published_time":"2024-12-03T20:20:00+00:00","article_modified_time":"2024-12-03T23:22:10+00:00","og_image":[{"width":1600,"height":1192,"url":"https:\/\/kuali.com.mx\/web\/wp-content\/uploads\/2024\/12\/Presentacio\u0301n-en-CDMX-de-la-Feria-Estatal-Leo\u0301n-2025-1.jpeg","type":"image\/jpeg"}],"author":"Kuali Staff","twitter_card":"summary_large_image","twitter_creator":"@kuali_noticias","twitter_site":"@kuali_noticias","twitter_misc":{"Escrito por":"Kuali Staff","Tiempo de lectura":"3 minutos"},"schema":{"@context":"https:\/\/schema.org","@graph":[{"@type":"Article","@id":"https:\/\/kuali.com.mx\/web\/2024\/12\/03\/destacan-cartelera-internacional-de-la-feria-de-leon\/#article","isPartOf":{"@id":"https:\/\/kuali.com.mx\/web\/2024\/12\/03\/destacan-cartelera-internacional-de-la-feria-de-leon\/"},"author":{"name":"Kuali Staff","@id":"https:\/\/kuali.com.mx\/web\/#\/schema\/person\/6f89ffa8ecba9dae50662357923c5289"},"headline":"DESTACAN CARTELERA INTERNACIONAL DE LA FERIA DE LE\u00d3N","datePublished":"2024-12-03T20:20:00+00:00","dateModified":"2024-12-03T23:22:10+00:00","mainEntityOfPage":{"@id":"https:\/\/kuali.com.mx\/web\/2024\/12\/03\/destacan-cartelera-internacional-de-la-feria-de-leon\/"},"wordCount":665,"commentCount":0,"image":{"@id":"https:\/\/kuali.com.mx\/web\/2024\/12\/03\/destacan-cartelera-internacional-de-la-feria-de-leon\/#primaryimage"},"thumbnailUrl":"https:\/\/kuali.com.mx\/web\/wp-content\/uploads\/2024\/12\/Presentacio\u0301n-en-CDMX-de-la-Feria-Estatal-Leo\u0301n-2025-1.jpeg","articleSection":["Turismo"],"inLanguage":"es","potentialAction":[{"@type":"CommentAction","name":"Comment","target":["https:\/\/kuali.com.mx\/web\/2024\/12\/03\/destacan-cartelera-internacional-de-la-feria-de-leon\/#respond"]}]},{"@type":"WebPage","@id":"https:\/\/kuali.com.mx\/web\/2024\/12\/03\/destacan-cartelera-internacional-de-la-feria-de-leon\/","url":"https:\/\/kuali.com.mx\/web\/2024\/12\/03\/destacan-cartelera-internacional-de-la-feria-de-leon\/","name":"DESTACAN CARTELERA INTERNACIONAL DE LA FERIA DE LE\u00d3N - Kuali","isPartOf":{"@id":"https:\/\/kuali.com.mx\/web\/#website"},"primaryImageOfPage":{"@id":"https:\/\/kuali.com.mx\/web\/2024\/12\/03\/destacan-cartelera-internacional-de-la-feria-de-leon\/#primaryimage"},"image":{"@id":"https:\/\/kuali.com.mx\/web\/2024\/12\/03\/destacan-cartelera-internacional-de-la-feria-de-leon\/#primaryimage"},"thumbnailUrl":"https:\/\/kuali.com.mx\/web\/wp-content\/uploads\/2024\/12\/Presentacio\u0301n-en-CDMX-de-la-Feria-Estatal-Leo\u0301n-2025-1.jpeg","datePublished":"2024-12-03T20:20:00+00:00","dateModified":"2024-12-03T23:22:10+00:00","author":{"@id":"https:\/\/kuali.com.mx\/web\/#\/schema\/person\/6f89ffa8ecba9dae50662357923c5289"},"breadcrumb":{"@id":"https:\/\/kuali.com.mx\/web\/2024\/12\/03\/destacan-cartelera-internacional-de-la-feria-de-leon\/#breadcrumb"},"inLanguage":"es","potentialAction":[{"@type":"ReadAction","target":["https:\/\/kuali.com.mx\/web\/2024\/12\/03\/destacan-cartelera-internacional-de-la-feria-de-leon\/"]}]},{"@type":"ImageObject","inLanguage":"es","@id":"https:\/\/kuali.com.mx\/web\/2024\/12\/03\/destacan-cartelera-internacional-de-la-feria-de-leon\/#primaryimage","url":"https:\/\/kuali.com.mx\/web\/wp-content\/uploads\/2024\/12\/Presentacio\u0301n-en-CDMX-de-la-Feria-Estatal-Leo\u0301n-2025-1.jpeg","contentUrl":"https:\/\/kuali.com.mx\/web\/wp-content\/uploads\/2024\/12\/Presentacio\u0301n-en-CDMX-de-la-Feria-Estatal-Leo\u0301n-2025-1.jpeg","width":1600,"height":1192},{"@type":"BreadcrumbList","@id":"https:\/\/kuali.com.mx\/web\/2024\/12\/03\/destacan-cartelera-internacional-de-la-feria-de-leon\/#breadcrumb","itemListElement":[{"@type":"ListItem","position":1,"name":"Inicio","item":"https:\/\/kuali.com.mx\/web\/"},{"@type":"ListItem","position":2,"name":"DESTACAN CARTELERA INTERNACIONAL DE LA FERIA DE LE\u00d3N"}]},{"@type":"WebSite","@id":"https:\/\/kuali.com.mx\/web\/#website","url":"https:\/\/kuali.com.mx\/web\/","name":"Kuali","description":"","potentialAction":[{"@type":"SearchAction","target":{"@type":"EntryPoint","urlTemplate":"https:\/\/kuali.com.mx\/web\/?s={search_term_string}"},"query-input":{"@type":"PropertyValueSpecification","valueRequired":true,"valueName":"search_term_string"}}],"inLanguage":"es"},{"@type":"Person","@id":"https:\/\/kuali.com.mx\/web\/#\/schema\/person\/6f89ffa8ecba9dae50662357923c5289","name":"Kuali Staff","image":{"@type":"ImageObject","inLanguage":"es","@id":"https:\/\/secure.gravatar.com\/avatar\/f917ad82e5ab71227a733c78b6e60715476f69ee6be59feee4eb5d9920c89e0f?s=96&d=mm&r=g","url":"https:\/\/secure.gravatar.com\/avatar\/f917ad82e5ab71227a733c78b6e60715476f69ee6be59feee4eb5d9920c89e0f?s=96&d=mm&r=g","contentUrl":"https:\/\/secure.gravatar.com\/avatar\/f917ad82e5ab71227a733c78b6e60715476f69ee6be59feee4eb5d9920c89e0f?s=96&d=mm&r=g","caption":"Kuali Staff"},"url":"https:\/\/kuali.com.mx\/web\/author\/lagarto\/"}]}},"_links":{"self":[{"href":"https:\/\/kuali.com.mx\/web\/wp-json\/wp\/v2\/posts\/161779","targetHints":{"allow":["GET"]}}],"collection":[{"href":"https:\/\/kuali.com.mx\/web\/wp-json\/wp\/v2\/posts"}],"about":[{"href":"https:\/\/kuali.com.mx\/web\/wp-json\/wp\/v2\/types\/post"}],"author":[{"embeddable":true,"href":"https:\/\/kuali.com.mx\/web\/wp-json\/wp\/v2\/users\/2"}],"replies":[{"embeddable":true,"href":"https:\/\/kuali.com.mx\/web\/wp-json\/wp\/v2\/comments?post=161779"}],"version-history":[{"count":1,"href":"https:\/\/kuali.com.mx\/web\/wp-json\/wp\/v2\/posts\/161779\/revisions"}],"predecessor-version":[{"id":161783,"href":"https:\/\/kuali.com.mx\/web\/wp-json\/wp\/v2\/posts\/161779\/revisions\/161783"}],"wp:featuredmedia":[{"embeddable":true,"href":"https:\/\/kuali.com.mx\/web\/wp-json\/wp\/v2\/media\/161782"}],"wp:attachment":[{"href":"https:\/\/kuali.com.mx\/web\/wp-json\/wp\/v2\/media?parent=161779"}],"wp:term":[{"taxonomy":"category","embeddable":true,"href":"https:\/\/kuali.com.mx\/web\/wp-json\/wp\/v2\/categories?post=161779"},{"taxonomy":"post_tag","embeddable":true,"href":"https:\/\/kuali.com.mx\/web\/wp-json\/wp\/v2\/tags?post=161779"}],"curies":[{"name":"wp","href":"https:\/\/api.w.org\/{rel}","templated":true}]}}