{"id":160187,"date":"2024-11-18T16:03:10","date_gmt":"2024-11-18T22:03:10","guid":{"rendered":"https:\/\/kuali.com.mx\/web\/?p=160187"},"modified":"2024-11-19T09:17:20","modified_gmt":"2024-11-19T15:17:20","slug":"reforzaran-comunicacion-con-migrantes","status":"publish","type":"post","link":"https:\/\/kuali.com.mx\/web\/2024\/11\/18\/reforzaran-comunicacion-con-migrantes\/","title":{"rendered":"REFORZAR\u00c1N COMUNICACI\u00d3N CON MIGRANTES"},"content":{"rendered":"\n<p><strong>Kuali\/Pur\u00edsima del Rinc\u00f3n, Gto.-<\/strong> El presidente municipal de Pur\u00edsima del Rinc\u00f3n, Roberto Garc\u00eda Urbano, anunci\u00f3 que la administraci\u00f3n municipal reforzar\u00e1 la comunicaci\u00f3n con las comunidades de migrantes en el extranjero.<\/p>\n\n\n\n<p>\u201cEl gobierno de Pur\u00edsima del Rinc\u00f3n tiene claros los escenarios en la realidad de la migraci\u00f3n, que el municipio cuenta en el registro de remesas de migrantes a sus familias, este tema social es amplio \u2013y- es claro que hay necesidades todos los d\u00edas y que los padres de familia, sobre todo, buscan mantener la comunicaci\u00f3n con los suyos\u201d, dijo el alcalde Roberto Garc\u00eda.<\/p>\n\n\n\n<p>La encomienda para trabajar en la actualizaci\u00f3n de la informaci\u00f3n y de la cercan\u00eda con quienes ocupan seguimiento, se ha definido con el coordinador municipal de Atenci\u00f3n a Migrantes y sus Familias, Ram\u00f3n Padilla Murillo, a quien le solicit\u00f3 tener las primeras reuniones de retroalimentaci\u00f3n con la encargada de Despacho en la Secretar\u00eda del Migrante y Enlace Internacional del gobierno del estado, Susana Guerra Vallejo.<\/p>\n\n\n\n<p>Entre las encomiendas principales destacan: reforzar la comunicaci\u00f3n con los grupos o clubs de migrantes oficiales, como el grupo Gente Bonita; mantener comunicaci\u00f3n, no s\u00f3lo con quienes habitan en Estados Unidos, sino identificar los cruces totales de quienes residen en diferentes partes del mundo.<\/p>\n\n\n\n<p>Ram\u00f3n Padilla indic\u00f3 la encomienda es integrar un balance real para saber d\u00f3nde distribuidos los purisimenses en el mundo.<\/p>\n\n\n\n<p>La oficina de la Coordinaci\u00f3n de Atenci\u00f3n a Migrantes y sus Familias se encuentra en la calle Ju\u00e1rez de la ciudad de Pur\u00edsima del Rinc\u00f3n, en el edificio de gobierno marcado con el 111 de calle Ju\u00e1rez (a un costado de La Casona), con horario atenci\u00f3n de 8:00 de la ma\u00f1ana a 4:00 de la tarde.<\/p>\n","protected":false},"excerpt":{"rendered":"Kuali\/Pur\u00edsima del Rinc\u00f3n, Gto.- El presidente municipal de Pur\u00edsima del Rinc\u00f3n, Roberto Garc\u00eda Urbano, anunci\u00f3 que la administraci\u00f3n municipal reforzar\u00e1 la comunicaci\u00f3n con las comunidades de migrantes en el extranjero. \u201cEl gobierno de Pur\u00edsima del Rinc\u00f3n tiene claros los escenarios en la realidad de la migraci\u00f3n, que el municipio cuenta en el registro de remesas [&hellip;]","protected":false},"author":2,"featured_media":160190,"comment_status":"open","ping_status":"open","sticky":false,"template":"","format":"standard","meta":{"_seopress_robots_primary_cat":"none","_seopress_titles_title":"","_seopress_titles_desc":"","_seopress_robots_index":"","_monsterinsights_skip_tracking":false,"_monsterinsights_sitenote_active":false,"_monsterinsights_sitenote_note":"","_monsterinsights_sitenote_category":0,"footnotes":""},"categories":[3],"tags":[4542,418,1115],"class_list":["post-160187","post","type-post","status-publish","format-standard","has-post-thumbnail","hentry","category-politica","tag-comunicacion","tag-migrantes","tag-purisima-del-rincon"],"yoast_head":"<!-- This site is optimized with the Yoast SEO plugin v27.4 - https:\/\/yoast.com\/product\/yoast-seo-wordpress\/ -->\n<title>REFORZAR\u00c1N COMUNICACI\u00d3N CON MIGRANTES - Kuali<\/title>\n<meta name=\"robots\" content=\"index, follow, max-snippet:-1, max-image-preview:large, max-video-preview:-1\" \/>\n<link rel=\"canonical\" href=\"https:\/\/kuali.com.mx\/web\/2024\/11\/18\/reforzaran-comunicacion-con-migrantes\/\" \/>\n<meta property=\"og:locale\" content=\"es_MX\" \/>\n<meta property=\"og:type\" content=\"article\" \/>\n<meta property=\"og:title\" content=\"REFORZAR\u00c1N COMUNICACI\u00d3N CON MIGRANTES - Kuali\" \/>\n<meta property=\"og:description\" content=\"Kuali\/Pur\u00edsima del Rinc\u00f3n, Gto.- El presidente municipal de Pur\u00edsima del Rinc\u00f3n, Roberto Garc\u00eda Urbano, anunci\u00f3 que la administraci\u00f3n municipal reforzar\u00e1 la comunicaci\u00f3n con las comunidades de migrantes en el extranjero. \u201cEl gobierno de Pur\u00edsima del Rinc\u00f3n tiene claros los escenarios en la realidad de la migraci\u00f3n, que el municipio cuenta en el registro de remesas [&hellip;]\" \/>\n<meta property=\"og:url\" content=\"https:\/\/kuali.com.mx\/web\/2024\/11\/18\/reforzaran-comunicacion-con-migrantes\/\" \/>\n<meta property=\"og:site_name\" content=\"Kuali\" \/>\n<meta property=\"article:publisher\" content=\"https:\/\/kuali.com.mx\/web\/wp-content\/uploads\/2018\/04\/cropped-kuali_logo-1-1.png\" \/>\n<meta property=\"article:published_time\" content=\"2024-11-18T22:03:10+00:00\" \/>\n<meta property=\"article:modified_time\" content=\"2024-11-19T15:17:20+00:00\" \/>\n<meta property=\"og:image\" content=\"https:\/\/kuali.com.mx\/web\/wp-content\/uploads\/2024\/11\/Reunion-migrantes-Purisima.gif\" \/>\n\t<meta property=\"og:image:width\" content=\"1700\" \/>\n\t<meta property=\"og:image:height\" content=\"750\" \/>\n\t<meta property=\"og:image:type\" content=\"image\/gif\" \/>\n<meta name=\"author\" content=\"Kuali Staff\" \/>\n<meta name=\"twitter:card\" content=\"summary_large_image\" \/>\n<meta name=\"twitter:creator\" content=\"@kuali_noticias\" \/>\n<meta name=\"twitter:site\" content=\"@kuali_noticias\" \/>\n<meta name=\"twitter:label1\" content=\"Escrito por\" \/>\n\t<meta name=\"twitter:data1\" content=\"Kuali Staff\" \/>\n\t<meta name=\"twitter:label2\" content=\"Tiempo de lectura\" \/>\n\t<meta name=\"twitter:data2\" content=\"2 minutos\" \/>\n<script type=\"application\/ld+json\" class=\"yoast-schema-graph\">{\"@context\":\"https:\\\/\\\/schema.org\",\"@graph\":[{\"@type\":\"Article\",\"@id\":\"https:\\\/\\\/kuali.com.mx\\\/web\\\/2024\\\/11\\\/18\\\/reforzaran-comunicacion-con-migrantes\\\/#article\",\"isPartOf\":{\"@id\":\"https:\\\/\\\/kuali.com.mx\\\/web\\\/2024\\\/11\\\/18\\\/reforzaran-comunicacion-con-migrantes\\\/\"},\"author\":{\"name\":\"Kuali Staff\",\"@id\":\"https:\\\/\\\/kuali.com.mx\\\/web\\\/#\\\/schema\\\/person\\\/6f89ffa8ecba9dae50662357923c5289\"},\"headline\":\"REFORZAR\u00c1N COMUNICACI\u00d3N CON MIGRANTES\",\"datePublished\":\"2024-11-18T22:03:10+00:00\",\"dateModified\":\"2024-11-19T15:17:20+00:00\",\"mainEntityOfPage\":{\"@id\":\"https:\\\/\\\/kuali.com.mx\\\/web\\\/2024\\\/11\\\/18\\\/reforzaran-comunicacion-con-migrantes\\\/\"},\"wordCount\":316,\"commentCount\":0,\"image\":{\"@id\":\"https:\\\/\\\/kuali.com.mx\\\/web\\\/2024\\\/11\\\/18\\\/reforzaran-comunicacion-con-migrantes\\\/#primaryimage\"},\"thumbnailUrl\":\"https:\\\/\\\/kuali.com.mx\\\/web\\\/wp-content\\\/uploads\\\/2024\\\/11\\\/Reunion-migrantes-Purisima.gif\",\"keywords\":[\"Comunicaci\u00f3n\",\"Migrantes\",\"Pur\u00edsima del Rinc\u00f3n\"],\"articleSection\":[\"Pol\u00edtica\"],\"inLanguage\":\"es\",\"potentialAction\":[{\"@type\":\"CommentAction\",\"name\":\"Comment\",\"target\":[\"https:\\\/\\\/kuali.com.mx\\\/web\\\/2024\\\/11\\\/18\\\/reforzaran-comunicacion-con-migrantes\\\/#respond\"]}]},{\"@type\":\"WebPage\",\"@id\":\"https:\\\/\\\/kuali.com.mx\\\/web\\\/2024\\\/11\\\/18\\\/reforzaran-comunicacion-con-migrantes\\\/\",\"url\":\"https:\\\/\\\/kuali.com.mx\\\/web\\\/2024\\\/11\\\/18\\\/reforzaran-comunicacion-con-migrantes\\\/\",\"name\":\"REFORZAR\u00c1N COMUNICACI\u00d3N CON MIGRANTES - Kuali\",\"isPartOf\":{\"@id\":\"https:\\\/\\\/kuali.com.mx\\\/web\\\/#website\"},\"primaryImageOfPage\":{\"@id\":\"https:\\\/\\\/kuali.com.mx\\\/web\\\/2024\\\/11\\\/18\\\/reforzaran-comunicacion-con-migrantes\\\/#primaryimage\"},\"image\":{\"@id\":\"https:\\\/\\\/kuali.com.mx\\\/web\\\/2024\\\/11\\\/18\\\/reforzaran-comunicacion-con-migrantes\\\/#primaryimage\"},\"thumbnailUrl\":\"https:\\\/\\\/kuali.com.mx\\\/web\\\/wp-content\\\/uploads\\\/2024\\\/11\\\/Reunion-migrantes-Purisima.gif\",\"datePublished\":\"2024-11-18T22:03:10+00:00\",\"dateModified\":\"2024-11-19T15:17:20+00:00\",\"author\":{\"@id\":\"https:\\\/\\\/kuali.com.mx\\\/web\\\/#\\\/schema\\\/person\\\/6f89ffa8ecba9dae50662357923c5289\"},\"breadcrumb\":{\"@id\":\"https:\\\/\\\/kuali.com.mx\\\/web\\\/2024\\\/11\\\/18\\\/reforzaran-comunicacion-con-migrantes\\\/#breadcrumb\"},\"inLanguage\":\"es\",\"potentialAction\":[{\"@type\":\"ReadAction\",\"target\":[\"https:\\\/\\\/kuali.com.mx\\\/web\\\/2024\\\/11\\\/18\\\/reforzaran-comunicacion-con-migrantes\\\/\"]}]},{\"@type\":\"ImageObject\",\"inLanguage\":\"es\",\"@id\":\"https:\\\/\\\/kuali.com.mx\\\/web\\\/2024\\\/11\\\/18\\\/reforzaran-comunicacion-con-migrantes\\\/#primaryimage\",\"url\":\"https:\\\/\\\/kuali.com.mx\\\/web\\\/wp-content\\\/uploads\\\/2024\\\/11\\\/Reunion-migrantes-Purisima.gif\",\"contentUrl\":\"https:\\\/\\\/kuali.com.mx\\\/web\\\/wp-content\\\/uploads\\\/2024\\\/11\\\/Reunion-migrantes-Purisima.gif\",\"width\":1700,\"height\":750},{\"@type\":\"BreadcrumbList\",\"@id\":\"https:\\\/\\\/kuali.com.mx\\\/web\\\/2024\\\/11\\\/18\\\/reforzaran-comunicacion-con-migrantes\\\/#breadcrumb\",\"itemListElement\":[{\"@type\":\"ListItem\",\"position\":1,\"name\":\"Inicio\",\"item\":\"https:\\\/\\\/kuali.com.mx\\\/web\\\/\"},{\"@type\":\"ListItem\",\"position\":2,\"name\":\"REFORZAR\u00c1N COMUNICACI\u00d3N CON MIGRANTES\"}]},{\"@type\":\"WebSite\",\"@id\":\"https:\\\/\\\/kuali.com.mx\\\/web\\\/#website\",\"url\":\"https:\\\/\\\/kuali.com.mx\\\/web\\\/\",\"name\":\"Kuali\",\"description\":\"\",\"potentialAction\":[{\"@type\":\"SearchAction\",\"target\":{\"@type\":\"EntryPoint\",\"urlTemplate\":\"https:\\\/\\\/kuali.com.mx\\\/web\\\/?s={search_term_string}\"},\"query-input\":{\"@type\":\"PropertyValueSpecification\",\"valueRequired\":true,\"valueName\":\"search_term_string\"}}],\"inLanguage\":\"es\"},{\"@type\":\"Person\",\"@id\":\"https:\\\/\\\/kuali.com.mx\\\/web\\\/#\\\/schema\\\/person\\\/6f89ffa8ecba9dae50662357923c5289\",\"name\":\"Kuali Staff\",\"image\":{\"@type\":\"ImageObject\",\"inLanguage\":\"es\",\"@id\":\"https:\\\/\\\/secure.gravatar.com\\\/avatar\\\/f917ad82e5ab71227a733c78b6e60715476f69ee6be59feee4eb5d9920c89e0f?s=96&d=mm&r=g\",\"url\":\"https:\\\/\\\/secure.gravatar.com\\\/avatar\\\/f917ad82e5ab71227a733c78b6e60715476f69ee6be59feee4eb5d9920c89e0f?s=96&d=mm&r=g\",\"contentUrl\":\"https:\\\/\\\/secure.gravatar.com\\\/avatar\\\/f917ad82e5ab71227a733c78b6e60715476f69ee6be59feee4eb5d9920c89e0f?s=96&d=mm&r=g\",\"caption\":\"Kuali Staff\"},\"url\":\"https:\\\/\\\/kuali.com.mx\\\/web\\\/author\\\/lagarto\\\/\"}]}<\/script>\n<!-- \/ Yoast SEO plugin. -->","yoast_head_json":{"title":"REFORZAR\u00c1N COMUNICACI\u00d3N CON MIGRANTES - Kuali","robots":{"index":"index","follow":"follow","max-snippet":"max-snippet:-1","max-image-preview":"max-image-preview:large","max-video-preview":"max-video-preview:-1"},"canonical":"https:\/\/kuali.com.mx\/web\/2024\/11\/18\/reforzaran-comunicacion-con-migrantes\/","og_locale":"es_MX","og_type":"article","og_title":"REFORZAR\u00c1N COMUNICACI\u00d3N CON MIGRANTES - Kuali","og_description":"Kuali\/Pur\u00edsima del Rinc\u00f3n, Gto.- El presidente municipal de Pur\u00edsima del Rinc\u00f3n, Roberto Garc\u00eda Urbano, anunci\u00f3 que la administraci\u00f3n municipal reforzar\u00e1 la comunicaci\u00f3n con las comunidades de migrantes en el extranjero. \u201cEl gobierno de Pur\u00edsima del Rinc\u00f3n tiene claros los escenarios en la realidad de la migraci\u00f3n, que el municipio cuenta en el registro de remesas [&hellip;]","og_url":"https:\/\/kuali.com.mx\/web\/2024\/11\/18\/reforzaran-comunicacion-con-migrantes\/","og_site_name":"Kuali","article_publisher":"https:\/\/kuali.com.mx\/web\/wp-content\/uploads\/2018\/04\/cropped-kuali_logo-1-1.png","article_published_time":"2024-11-18T22:03:10+00:00","article_modified_time":"2024-11-19T15:17:20+00:00","og_image":[{"width":1700,"height":750,"url":"https:\/\/kuali.com.mx\/web\/wp-content\/uploads\/2024\/11\/Reunion-migrantes-Purisima.gif","type":"image\/gif"}],"author":"Kuali Staff","twitter_card":"summary_large_image","twitter_creator":"@kuali_noticias","twitter_site":"@kuali_noticias","twitter_misc":{"Escrito por":"Kuali Staff","Tiempo de lectura":"2 minutos"},"schema":{"@context":"https:\/\/schema.org","@graph":[{"@type":"Article","@id":"https:\/\/kuali.com.mx\/web\/2024\/11\/18\/reforzaran-comunicacion-con-migrantes\/#article","isPartOf":{"@id":"https:\/\/kuali.com.mx\/web\/2024\/11\/18\/reforzaran-comunicacion-con-migrantes\/"},"author":{"name":"Kuali Staff","@id":"https:\/\/kuali.com.mx\/web\/#\/schema\/person\/6f89ffa8ecba9dae50662357923c5289"},"headline":"REFORZAR\u00c1N COMUNICACI\u00d3N CON MIGRANTES","datePublished":"2024-11-18T22:03:10+00:00","dateModified":"2024-11-19T15:17:20+00:00","mainEntityOfPage":{"@id":"https:\/\/kuali.com.mx\/web\/2024\/11\/18\/reforzaran-comunicacion-con-migrantes\/"},"wordCount":316,"commentCount":0,"image":{"@id":"https:\/\/kuali.com.mx\/web\/2024\/11\/18\/reforzaran-comunicacion-con-migrantes\/#primaryimage"},"thumbnailUrl":"https:\/\/kuali.com.mx\/web\/wp-content\/uploads\/2024\/11\/Reunion-migrantes-Purisima.gif","keywords":["Comunicaci\u00f3n","Migrantes","Pur\u00edsima del Rinc\u00f3n"],"articleSection":["Pol\u00edtica"],"inLanguage":"es","potentialAction":[{"@type":"CommentAction","name":"Comment","target":["https:\/\/kuali.com.mx\/web\/2024\/11\/18\/reforzaran-comunicacion-con-migrantes\/#respond"]}]},{"@type":"WebPage","@id":"https:\/\/kuali.com.mx\/web\/2024\/11\/18\/reforzaran-comunicacion-con-migrantes\/","url":"https:\/\/kuali.com.mx\/web\/2024\/11\/18\/reforzaran-comunicacion-con-migrantes\/","name":"REFORZAR\u00c1N COMUNICACI\u00d3N CON MIGRANTES - Kuali","isPartOf":{"@id":"https:\/\/kuali.com.mx\/web\/#website"},"primaryImageOfPage":{"@id":"https:\/\/kuali.com.mx\/web\/2024\/11\/18\/reforzaran-comunicacion-con-migrantes\/#primaryimage"},"image":{"@id":"https:\/\/kuali.com.mx\/web\/2024\/11\/18\/reforzaran-comunicacion-con-migrantes\/#primaryimage"},"thumbnailUrl":"https:\/\/kuali.com.mx\/web\/wp-content\/uploads\/2024\/11\/Reunion-migrantes-Purisima.gif","datePublished":"2024-11-18T22:03:10+00:00","dateModified":"2024-11-19T15:17:20+00:00","author":{"@id":"https:\/\/kuali.com.mx\/web\/#\/schema\/person\/6f89ffa8ecba9dae50662357923c5289"},"breadcrumb":{"@id":"https:\/\/kuali.com.mx\/web\/2024\/11\/18\/reforzaran-comunicacion-con-migrantes\/#breadcrumb"},"inLanguage":"es","potentialAction":[{"@type":"ReadAction","target":["https:\/\/kuali.com.mx\/web\/2024\/11\/18\/reforzaran-comunicacion-con-migrantes\/"]}]},{"@type":"ImageObject","inLanguage":"es","@id":"https:\/\/kuali.com.mx\/web\/2024\/11\/18\/reforzaran-comunicacion-con-migrantes\/#primaryimage","url":"https:\/\/kuali.com.mx\/web\/wp-content\/uploads\/2024\/11\/Reunion-migrantes-Purisima.gif","contentUrl":"https:\/\/kuali.com.mx\/web\/wp-content\/uploads\/2024\/11\/Reunion-migrantes-Purisima.gif","width":1700,"height":750},{"@type":"BreadcrumbList","@id":"https:\/\/kuali.com.mx\/web\/2024\/11\/18\/reforzaran-comunicacion-con-migrantes\/#breadcrumb","itemListElement":[{"@type":"ListItem","position":1,"name":"Inicio","item":"https:\/\/kuali.com.mx\/web\/"},{"@type":"ListItem","position":2,"name":"REFORZAR\u00c1N COMUNICACI\u00d3N CON MIGRANTES"}]},{"@type":"WebSite","@id":"https:\/\/kuali.com.mx\/web\/#website","url":"https:\/\/kuali.com.mx\/web\/","name":"Kuali","description":"","potentialAction":[{"@type":"SearchAction","target":{"@type":"EntryPoint","urlTemplate":"https:\/\/kuali.com.mx\/web\/?s={search_term_string}"},"query-input":{"@type":"PropertyValueSpecification","valueRequired":true,"valueName":"search_term_string"}}],"inLanguage":"es"},{"@type":"Person","@id":"https:\/\/kuali.com.mx\/web\/#\/schema\/person\/6f89ffa8ecba9dae50662357923c5289","name":"Kuali Staff","image":{"@type":"ImageObject","inLanguage":"es","@id":"https:\/\/secure.gravatar.com\/avatar\/f917ad82e5ab71227a733c78b6e60715476f69ee6be59feee4eb5d9920c89e0f?s=96&d=mm&r=g","url":"https:\/\/secure.gravatar.com\/avatar\/f917ad82e5ab71227a733c78b6e60715476f69ee6be59feee4eb5d9920c89e0f?s=96&d=mm&r=g","contentUrl":"https:\/\/secure.gravatar.com\/avatar\/f917ad82e5ab71227a733c78b6e60715476f69ee6be59feee4eb5d9920c89e0f?s=96&d=mm&r=g","caption":"Kuali Staff"},"url":"https:\/\/kuali.com.mx\/web\/author\/lagarto\/"}]}},"_links":{"self":[{"href":"https:\/\/kuali.com.mx\/web\/wp-json\/wp\/v2\/posts\/160187","targetHints":{"allow":["GET"]}}],"collection":[{"href":"https:\/\/kuali.com.mx\/web\/wp-json\/wp\/v2\/posts"}],"about":[{"href":"https:\/\/kuali.com.mx\/web\/wp-json\/wp\/v2\/types\/post"}],"author":[{"embeddable":true,"href":"https:\/\/kuali.com.mx\/web\/wp-json\/wp\/v2\/users\/2"}],"replies":[{"embeddable":true,"href":"https:\/\/kuali.com.mx\/web\/wp-json\/wp\/v2\/comments?post=160187"}],"version-history":[{"count":3,"href":"https:\/\/kuali.com.mx\/web\/wp-json\/wp\/v2\/posts\/160187\/revisions"}],"predecessor-version":[{"id":160239,"href":"https:\/\/kuali.com.mx\/web\/wp-json\/wp\/v2\/posts\/160187\/revisions\/160239"}],"wp:featuredmedia":[{"embeddable":true,"href":"https:\/\/kuali.com.mx\/web\/wp-json\/wp\/v2\/media\/160190"}],"wp:attachment":[{"href":"https:\/\/kuali.com.mx\/web\/wp-json\/wp\/v2\/media?parent=160187"}],"wp:term":[{"taxonomy":"category","embeddable":true,"href":"https:\/\/kuali.com.mx\/web\/wp-json\/wp\/v2\/categories?post=160187"},{"taxonomy":"post_tag","embeddable":true,"href":"https:\/\/kuali.com.mx\/web\/wp-json\/wp\/v2\/tags?post=160187"}],"curies":[{"name":"wp","href":"https:\/\/api.w.org\/{rel}","templated":true}]}}