{"id":159661,"date":"2024-11-12T13:41:47","date_gmt":"2024-11-12T19:41:47","guid":{"rendered":"https:\/\/kuali.com.mx\/web\/?p=159661"},"modified":"2024-11-13T09:06:57","modified_gmt":"2024-11-13T15:06:57","slug":"conmemoran-aniversario-luctuoso-de-antonio-zuniga","status":"publish","type":"post","link":"https:\/\/kuali.com.mx\/web\/2024\/11\/12\/conmemoran-aniversario-luctuoso-de-antonio-zuniga\/","title":{"rendered":"CONMEMORAN ANIVERSARIO LUCTUOSO DE ANTONIO Z\u00da\u00d1IGA"},"content":{"rendered":"\n<p><strong>Kuali\/Guanajuato, Gto.- <\/strong>Este martes, el Gobierno Municipal de Silao rindi\u00f3 homenaje al guitarrista, pianista y compositor Antonio Z\u00fa\u00f1iga, al conmemorarse el 139 aniversario de su fallecimiento.<\/p>\n\n\n\n<p>Al pie del busto conmemorativo de Z\u00fa\u00f1iga (1835-1885), la presidenta municipal de Silao, Yanet Melanie Murillo Ch\u00e1vez; el presidente del DIF Municipal, Juan Roberto Tovar; la regidora Anel Torres; la secretaria del Ayuntamiento, Karina Chagoya, y la directora de Educaci\u00f3n, Graciela Arzola; colocaron una ofrenda floral para rememorar la obra del m\u00fasico silaoense, cuyas composiciones resonaron en Europa y han sido revisitadas por artistas como Ana Gabriel y \u00d3scar Ch\u00e1vez.<\/p>\n\n\n\n<p>El titular de la Casa de la Cultura, Antonio Araujo Aguirre, destac\u00f3 que Z\u00fa\u00f1iga naci\u00f3 en una casa ubicada cerca de la plaza Libertad, en la calle que hoy lleva su nombre, y record\u00f3 que \u00d3scar Ch\u00e1vez interpret\u00f3 \u201cMarchita el alma\u201d y otras canciones del maestro silaoense en el Festival Internacional Cervantino de 1987.<\/p>\n\n\n\n<p>Despu\u00e9s de la semblanza sobre la vida de Antonio Z\u00fa\u00f1iga, la alcaldesa llam\u00f3 a sentirse muy orgullosos de ser silaoenses y de los grandes personajes que ha dado el municipio.<\/p>\n\n\n\n<p>Con motivo del 139 aniversario luctuoso de Antonio Z\u00fa\u00f1iga y del D\u00eda Nacional de Libro, dos fechas coincidentes, la Casa de la Cultura prepar\u00f3 un programa art\u00edstico que comenz\u00f3 esta ma\u00f1ana con la participaci\u00f3n de una cuentacuentos y un taller sobre creaci\u00f3n de cuentos de terror. Este mismo martes por la tarde se realizar\u00e1 una sesi\u00f3n de lectura en voz alta del grupo creativo \u201cEcos Literarios\u201d y una muestra del taller de piano y solfeo.<\/p>\n","protected":false},"excerpt":{"rendered":"Kuali\/Guanajuato, Gto.- Este martes, el Gobierno Municipal de Silao rindi\u00f3 homenaje al guitarrista, pianista y compositor Antonio Z\u00fa\u00f1iga, al conmemorarse el 139 aniversario de su fallecimiento. Al pie del busto conmemorativo de Z\u00fa\u00f1iga (1835-1885), la presidenta municipal de Silao, Yanet Melanie Murillo Ch\u00e1vez; el presidente del DIF Municipal, Juan Roberto Tovar; la regidora Anel Torres; [&hellip;]","protected":false},"author":2,"featured_media":159664,"comment_status":"open","ping_status":"open","sticky":false,"template":"","format":"standard","meta":{"_seopress_robots_primary_cat":"none","_seopress_titles_title":"","_seopress_titles_desc":"","_seopress_robots_index":"","_monsterinsights_skip_tracking":false,"_monsterinsights_sitenote_active":false,"_monsterinsights_sitenote_note":"","_monsterinsights_sitenote_category":0,"footnotes":""},"categories":[8],"tags":[4519,741,201,4352],"class_list":["post-159661","post","type-post","status-publish","format-standard","has-post-thumbnail","hentry","category-espectaculos","tag-antonio-zuniga","tag-artistas","tag-cultura","tag-janet-melanie-murillo-chavez"],"yoast_head":"<!-- This site is optimized with the Yoast SEO plugin v27.4 - https:\/\/yoast.com\/product\/yoast-seo-wordpress\/ -->\n<title>CONMEMORAN ANIVERSARIO LUCTUOSO DE ANTONIO Z\u00da\u00d1IGA - Kuali<\/title>\n<meta name=\"robots\" content=\"index, follow, max-snippet:-1, max-image-preview:large, max-video-preview:-1\" \/>\n<link rel=\"canonical\" href=\"https:\/\/kuali.com.mx\/web\/2024\/11\/12\/conmemoran-aniversario-luctuoso-de-antonio-zuniga\/\" \/>\n<meta property=\"og:locale\" content=\"es_MX\" \/>\n<meta property=\"og:type\" content=\"article\" \/>\n<meta property=\"og:title\" content=\"CONMEMORAN ANIVERSARIO LUCTUOSO DE ANTONIO Z\u00da\u00d1IGA - Kuali\" \/>\n<meta property=\"og:description\" content=\"Kuali\/Guanajuato, Gto.- Este martes, el Gobierno Municipal de Silao rindi\u00f3 homenaje al guitarrista, pianista y compositor Antonio Z\u00fa\u00f1iga, al conmemorarse el 139 aniversario de su fallecimiento. Al pie del busto conmemorativo de Z\u00fa\u00f1iga (1835-1885), la presidenta municipal de Silao, Yanet Melanie Murillo Ch\u00e1vez; el presidente del DIF Municipal, Juan Roberto Tovar; la regidora Anel Torres; [&hellip;]\" \/>\n<meta property=\"og:url\" content=\"https:\/\/kuali.com.mx\/web\/2024\/11\/12\/conmemoran-aniversario-luctuoso-de-antonio-zuniga\/\" \/>\n<meta property=\"og:site_name\" content=\"Kuali\" \/>\n<meta property=\"article:publisher\" content=\"https:\/\/kuali.com.mx\/web\/wp-content\/uploads\/2018\/04\/cropped-kuali_logo-1-1.png\" \/>\n<meta property=\"article:published_time\" content=\"2024-11-12T19:41:47+00:00\" \/>\n<meta property=\"article:modified_time\" content=\"2024-11-13T15:06:57+00:00\" \/>\n<meta property=\"og:image\" content=\"https:\/\/kuali.com.mx\/web\/wp-content\/uploads\/2024\/11\/Homenaje-Antonio-Zuniga.gif\" \/>\n\t<meta property=\"og:image:width\" content=\"1700\" \/>\n\t<meta property=\"og:image:height\" content=\"750\" \/>\n\t<meta property=\"og:image:type\" content=\"image\/gif\" \/>\n<meta name=\"author\" content=\"Kuali Staff\" \/>\n<meta name=\"twitter:card\" content=\"summary_large_image\" \/>\n<meta name=\"twitter:creator\" content=\"@kuali_noticias\" \/>\n<meta name=\"twitter:site\" content=\"@kuali_noticias\" \/>\n<meta name=\"twitter:label1\" content=\"Escrito por\" \/>\n\t<meta name=\"twitter:data1\" content=\"Kuali Staff\" \/>\n\t<meta name=\"twitter:label2\" content=\"Tiempo de lectura\" \/>\n\t<meta name=\"twitter:data2\" content=\"1 minuto\" \/>\n<script type=\"application\/ld+json\" class=\"yoast-schema-graph\">{\"@context\":\"https:\\\/\\\/schema.org\",\"@graph\":[{\"@type\":\"Article\",\"@id\":\"https:\\\/\\\/kuali.com.mx\\\/web\\\/2024\\\/11\\\/12\\\/conmemoran-aniversario-luctuoso-de-antonio-zuniga\\\/#article\",\"isPartOf\":{\"@id\":\"https:\\\/\\\/kuali.com.mx\\\/web\\\/2024\\\/11\\\/12\\\/conmemoran-aniversario-luctuoso-de-antonio-zuniga\\\/\"},\"author\":{\"name\":\"Kuali Staff\",\"@id\":\"https:\\\/\\\/kuali.com.mx\\\/web\\\/#\\\/schema\\\/person\\\/6f89ffa8ecba9dae50662357923c5289\"},\"headline\":\"CONMEMORAN ANIVERSARIO LUCTUOSO DE ANTONIO Z\u00da\u00d1IGA\",\"datePublished\":\"2024-11-12T19:41:47+00:00\",\"dateModified\":\"2024-11-13T15:06:57+00:00\",\"mainEntityOfPage\":{\"@id\":\"https:\\\/\\\/kuali.com.mx\\\/web\\\/2024\\\/11\\\/12\\\/conmemoran-aniversario-luctuoso-de-antonio-zuniga\\\/\"},\"wordCount\":278,\"commentCount\":0,\"image\":{\"@id\":\"https:\\\/\\\/kuali.com.mx\\\/web\\\/2024\\\/11\\\/12\\\/conmemoran-aniversario-luctuoso-de-antonio-zuniga\\\/#primaryimage\"},\"thumbnailUrl\":\"https:\\\/\\\/kuali.com.mx\\\/web\\\/wp-content\\\/uploads\\\/2024\\\/11\\\/Homenaje-Antonio-Zuniga.gif\",\"keywords\":[\"Antonio Z\u00fa\u00f1iga\",\"Artistas\",\"Cultura\",\"Janet Melanie Murillo Ch\u00e1vez\"],\"articleSection\":[\"Cultura\"],\"inLanguage\":\"es\",\"potentialAction\":[{\"@type\":\"CommentAction\",\"name\":\"Comment\",\"target\":[\"https:\\\/\\\/kuali.com.mx\\\/web\\\/2024\\\/11\\\/12\\\/conmemoran-aniversario-luctuoso-de-antonio-zuniga\\\/#respond\"]}]},{\"@type\":\"WebPage\",\"@id\":\"https:\\\/\\\/kuali.com.mx\\\/web\\\/2024\\\/11\\\/12\\\/conmemoran-aniversario-luctuoso-de-antonio-zuniga\\\/\",\"url\":\"https:\\\/\\\/kuali.com.mx\\\/web\\\/2024\\\/11\\\/12\\\/conmemoran-aniversario-luctuoso-de-antonio-zuniga\\\/\",\"name\":\"CONMEMORAN ANIVERSARIO LUCTUOSO DE ANTONIO Z\u00da\u00d1IGA - Kuali\",\"isPartOf\":{\"@id\":\"https:\\\/\\\/kuali.com.mx\\\/web\\\/#website\"},\"primaryImageOfPage\":{\"@id\":\"https:\\\/\\\/kuali.com.mx\\\/web\\\/2024\\\/11\\\/12\\\/conmemoran-aniversario-luctuoso-de-antonio-zuniga\\\/#primaryimage\"},\"image\":{\"@id\":\"https:\\\/\\\/kuali.com.mx\\\/web\\\/2024\\\/11\\\/12\\\/conmemoran-aniversario-luctuoso-de-antonio-zuniga\\\/#primaryimage\"},\"thumbnailUrl\":\"https:\\\/\\\/kuali.com.mx\\\/web\\\/wp-content\\\/uploads\\\/2024\\\/11\\\/Homenaje-Antonio-Zuniga.gif\",\"datePublished\":\"2024-11-12T19:41:47+00:00\",\"dateModified\":\"2024-11-13T15:06:57+00:00\",\"author\":{\"@id\":\"https:\\\/\\\/kuali.com.mx\\\/web\\\/#\\\/schema\\\/person\\\/6f89ffa8ecba9dae50662357923c5289\"},\"breadcrumb\":{\"@id\":\"https:\\\/\\\/kuali.com.mx\\\/web\\\/2024\\\/11\\\/12\\\/conmemoran-aniversario-luctuoso-de-antonio-zuniga\\\/#breadcrumb\"},\"inLanguage\":\"es\",\"potentialAction\":[{\"@type\":\"ReadAction\",\"target\":[\"https:\\\/\\\/kuali.com.mx\\\/web\\\/2024\\\/11\\\/12\\\/conmemoran-aniversario-luctuoso-de-antonio-zuniga\\\/\"]}]},{\"@type\":\"ImageObject\",\"inLanguage\":\"es\",\"@id\":\"https:\\\/\\\/kuali.com.mx\\\/web\\\/2024\\\/11\\\/12\\\/conmemoran-aniversario-luctuoso-de-antonio-zuniga\\\/#primaryimage\",\"url\":\"https:\\\/\\\/kuali.com.mx\\\/web\\\/wp-content\\\/uploads\\\/2024\\\/11\\\/Homenaje-Antonio-Zuniga.gif\",\"contentUrl\":\"https:\\\/\\\/kuali.com.mx\\\/web\\\/wp-content\\\/uploads\\\/2024\\\/11\\\/Homenaje-Antonio-Zuniga.gif\",\"width\":1700,\"height\":750},{\"@type\":\"BreadcrumbList\",\"@id\":\"https:\\\/\\\/kuali.com.mx\\\/web\\\/2024\\\/11\\\/12\\\/conmemoran-aniversario-luctuoso-de-antonio-zuniga\\\/#breadcrumb\",\"itemListElement\":[{\"@type\":\"ListItem\",\"position\":1,\"name\":\"Inicio\",\"item\":\"https:\\\/\\\/kuali.com.mx\\\/web\\\/\"},{\"@type\":\"ListItem\",\"position\":2,\"name\":\"CONMEMORAN ANIVERSARIO LUCTUOSO DE ANTONIO Z\u00da\u00d1IGA\"}]},{\"@type\":\"WebSite\",\"@id\":\"https:\\\/\\\/kuali.com.mx\\\/web\\\/#website\",\"url\":\"https:\\\/\\\/kuali.com.mx\\\/web\\\/\",\"name\":\"Kuali\",\"description\":\"\",\"potentialAction\":[{\"@type\":\"SearchAction\",\"target\":{\"@type\":\"EntryPoint\",\"urlTemplate\":\"https:\\\/\\\/kuali.com.mx\\\/web\\\/?s={search_term_string}\"},\"query-input\":{\"@type\":\"PropertyValueSpecification\",\"valueRequired\":true,\"valueName\":\"search_term_string\"}}],\"inLanguage\":\"es\"},{\"@type\":\"Person\",\"@id\":\"https:\\\/\\\/kuali.com.mx\\\/web\\\/#\\\/schema\\\/person\\\/6f89ffa8ecba9dae50662357923c5289\",\"name\":\"Kuali Staff\",\"image\":{\"@type\":\"ImageObject\",\"inLanguage\":\"es\",\"@id\":\"https:\\\/\\\/secure.gravatar.com\\\/avatar\\\/f917ad82e5ab71227a733c78b6e60715476f69ee6be59feee4eb5d9920c89e0f?s=96&d=mm&r=g\",\"url\":\"https:\\\/\\\/secure.gravatar.com\\\/avatar\\\/f917ad82e5ab71227a733c78b6e60715476f69ee6be59feee4eb5d9920c89e0f?s=96&d=mm&r=g\",\"contentUrl\":\"https:\\\/\\\/secure.gravatar.com\\\/avatar\\\/f917ad82e5ab71227a733c78b6e60715476f69ee6be59feee4eb5d9920c89e0f?s=96&d=mm&r=g\",\"caption\":\"Kuali Staff\"},\"url\":\"https:\\\/\\\/kuali.com.mx\\\/web\\\/author\\\/lagarto\\\/\"}]}<\/script>\n<!-- \/ Yoast SEO plugin. -->","yoast_head_json":{"title":"CONMEMORAN ANIVERSARIO LUCTUOSO DE ANTONIO Z\u00da\u00d1IGA - Kuali","robots":{"index":"index","follow":"follow","max-snippet":"max-snippet:-1","max-image-preview":"max-image-preview:large","max-video-preview":"max-video-preview:-1"},"canonical":"https:\/\/kuali.com.mx\/web\/2024\/11\/12\/conmemoran-aniversario-luctuoso-de-antonio-zuniga\/","og_locale":"es_MX","og_type":"article","og_title":"CONMEMORAN ANIVERSARIO LUCTUOSO DE ANTONIO Z\u00da\u00d1IGA - Kuali","og_description":"Kuali\/Guanajuato, Gto.- Este martes, el Gobierno Municipal de Silao rindi\u00f3 homenaje al guitarrista, pianista y compositor Antonio Z\u00fa\u00f1iga, al conmemorarse el 139 aniversario de su fallecimiento. Al pie del busto conmemorativo de Z\u00fa\u00f1iga (1835-1885), la presidenta municipal de Silao, Yanet Melanie Murillo Ch\u00e1vez; el presidente del DIF Municipal, Juan Roberto Tovar; la regidora Anel Torres; [&hellip;]","og_url":"https:\/\/kuali.com.mx\/web\/2024\/11\/12\/conmemoran-aniversario-luctuoso-de-antonio-zuniga\/","og_site_name":"Kuali","article_publisher":"https:\/\/kuali.com.mx\/web\/wp-content\/uploads\/2018\/04\/cropped-kuali_logo-1-1.png","article_published_time":"2024-11-12T19:41:47+00:00","article_modified_time":"2024-11-13T15:06:57+00:00","og_image":[{"width":1700,"height":750,"url":"https:\/\/kuali.com.mx\/web\/wp-content\/uploads\/2024\/11\/Homenaje-Antonio-Zuniga.gif","type":"image\/gif"}],"author":"Kuali Staff","twitter_card":"summary_large_image","twitter_creator":"@kuali_noticias","twitter_site":"@kuali_noticias","twitter_misc":{"Escrito por":"Kuali Staff","Tiempo de lectura":"1 minuto"},"schema":{"@context":"https:\/\/schema.org","@graph":[{"@type":"Article","@id":"https:\/\/kuali.com.mx\/web\/2024\/11\/12\/conmemoran-aniversario-luctuoso-de-antonio-zuniga\/#article","isPartOf":{"@id":"https:\/\/kuali.com.mx\/web\/2024\/11\/12\/conmemoran-aniversario-luctuoso-de-antonio-zuniga\/"},"author":{"name":"Kuali Staff","@id":"https:\/\/kuali.com.mx\/web\/#\/schema\/person\/6f89ffa8ecba9dae50662357923c5289"},"headline":"CONMEMORAN ANIVERSARIO LUCTUOSO DE ANTONIO Z\u00da\u00d1IGA","datePublished":"2024-11-12T19:41:47+00:00","dateModified":"2024-11-13T15:06:57+00:00","mainEntityOfPage":{"@id":"https:\/\/kuali.com.mx\/web\/2024\/11\/12\/conmemoran-aniversario-luctuoso-de-antonio-zuniga\/"},"wordCount":278,"commentCount":0,"image":{"@id":"https:\/\/kuali.com.mx\/web\/2024\/11\/12\/conmemoran-aniversario-luctuoso-de-antonio-zuniga\/#primaryimage"},"thumbnailUrl":"https:\/\/kuali.com.mx\/web\/wp-content\/uploads\/2024\/11\/Homenaje-Antonio-Zuniga.gif","keywords":["Antonio Z\u00fa\u00f1iga","Artistas","Cultura","Janet Melanie Murillo Ch\u00e1vez"],"articleSection":["Cultura"],"inLanguage":"es","potentialAction":[{"@type":"CommentAction","name":"Comment","target":["https:\/\/kuali.com.mx\/web\/2024\/11\/12\/conmemoran-aniversario-luctuoso-de-antonio-zuniga\/#respond"]}]},{"@type":"WebPage","@id":"https:\/\/kuali.com.mx\/web\/2024\/11\/12\/conmemoran-aniversario-luctuoso-de-antonio-zuniga\/","url":"https:\/\/kuali.com.mx\/web\/2024\/11\/12\/conmemoran-aniversario-luctuoso-de-antonio-zuniga\/","name":"CONMEMORAN ANIVERSARIO LUCTUOSO DE ANTONIO Z\u00da\u00d1IGA - Kuali","isPartOf":{"@id":"https:\/\/kuali.com.mx\/web\/#website"},"primaryImageOfPage":{"@id":"https:\/\/kuali.com.mx\/web\/2024\/11\/12\/conmemoran-aniversario-luctuoso-de-antonio-zuniga\/#primaryimage"},"image":{"@id":"https:\/\/kuali.com.mx\/web\/2024\/11\/12\/conmemoran-aniversario-luctuoso-de-antonio-zuniga\/#primaryimage"},"thumbnailUrl":"https:\/\/kuali.com.mx\/web\/wp-content\/uploads\/2024\/11\/Homenaje-Antonio-Zuniga.gif","datePublished":"2024-11-12T19:41:47+00:00","dateModified":"2024-11-13T15:06:57+00:00","author":{"@id":"https:\/\/kuali.com.mx\/web\/#\/schema\/person\/6f89ffa8ecba9dae50662357923c5289"},"breadcrumb":{"@id":"https:\/\/kuali.com.mx\/web\/2024\/11\/12\/conmemoran-aniversario-luctuoso-de-antonio-zuniga\/#breadcrumb"},"inLanguage":"es","potentialAction":[{"@type":"ReadAction","target":["https:\/\/kuali.com.mx\/web\/2024\/11\/12\/conmemoran-aniversario-luctuoso-de-antonio-zuniga\/"]}]},{"@type":"ImageObject","inLanguage":"es","@id":"https:\/\/kuali.com.mx\/web\/2024\/11\/12\/conmemoran-aniversario-luctuoso-de-antonio-zuniga\/#primaryimage","url":"https:\/\/kuali.com.mx\/web\/wp-content\/uploads\/2024\/11\/Homenaje-Antonio-Zuniga.gif","contentUrl":"https:\/\/kuali.com.mx\/web\/wp-content\/uploads\/2024\/11\/Homenaje-Antonio-Zuniga.gif","width":1700,"height":750},{"@type":"BreadcrumbList","@id":"https:\/\/kuali.com.mx\/web\/2024\/11\/12\/conmemoran-aniversario-luctuoso-de-antonio-zuniga\/#breadcrumb","itemListElement":[{"@type":"ListItem","position":1,"name":"Inicio","item":"https:\/\/kuali.com.mx\/web\/"},{"@type":"ListItem","position":2,"name":"CONMEMORAN ANIVERSARIO LUCTUOSO DE ANTONIO Z\u00da\u00d1IGA"}]},{"@type":"WebSite","@id":"https:\/\/kuali.com.mx\/web\/#website","url":"https:\/\/kuali.com.mx\/web\/","name":"Kuali","description":"","potentialAction":[{"@type":"SearchAction","target":{"@type":"EntryPoint","urlTemplate":"https:\/\/kuali.com.mx\/web\/?s={search_term_string}"},"query-input":{"@type":"PropertyValueSpecification","valueRequired":true,"valueName":"search_term_string"}}],"inLanguage":"es"},{"@type":"Person","@id":"https:\/\/kuali.com.mx\/web\/#\/schema\/person\/6f89ffa8ecba9dae50662357923c5289","name":"Kuali Staff","image":{"@type":"ImageObject","inLanguage":"es","@id":"https:\/\/secure.gravatar.com\/avatar\/f917ad82e5ab71227a733c78b6e60715476f69ee6be59feee4eb5d9920c89e0f?s=96&d=mm&r=g","url":"https:\/\/secure.gravatar.com\/avatar\/f917ad82e5ab71227a733c78b6e60715476f69ee6be59feee4eb5d9920c89e0f?s=96&d=mm&r=g","contentUrl":"https:\/\/secure.gravatar.com\/avatar\/f917ad82e5ab71227a733c78b6e60715476f69ee6be59feee4eb5d9920c89e0f?s=96&d=mm&r=g","caption":"Kuali Staff"},"url":"https:\/\/kuali.com.mx\/web\/author\/lagarto\/"}]}},"_links":{"self":[{"href":"https:\/\/kuali.com.mx\/web\/wp-json\/wp\/v2\/posts\/159661","targetHints":{"allow":["GET"]}}],"collection":[{"href":"https:\/\/kuali.com.mx\/web\/wp-json\/wp\/v2\/posts"}],"about":[{"href":"https:\/\/kuali.com.mx\/web\/wp-json\/wp\/v2\/types\/post"}],"author":[{"embeddable":true,"href":"https:\/\/kuali.com.mx\/web\/wp-json\/wp\/v2\/users\/2"}],"replies":[{"embeddable":true,"href":"https:\/\/kuali.com.mx\/web\/wp-json\/wp\/v2\/comments?post=159661"}],"version-history":[{"count":3,"href":"https:\/\/kuali.com.mx\/web\/wp-json\/wp\/v2\/posts\/159661\/revisions"}],"predecessor-version":[{"id":159697,"href":"https:\/\/kuali.com.mx\/web\/wp-json\/wp\/v2\/posts\/159661\/revisions\/159697"}],"wp:featuredmedia":[{"embeddable":true,"href":"https:\/\/kuali.com.mx\/web\/wp-json\/wp\/v2\/media\/159664"}],"wp:attachment":[{"href":"https:\/\/kuali.com.mx\/web\/wp-json\/wp\/v2\/media?parent=159661"}],"wp:term":[{"taxonomy":"category","embeddable":true,"href":"https:\/\/kuali.com.mx\/web\/wp-json\/wp\/v2\/categories?post=159661"},{"taxonomy":"post_tag","embeddable":true,"href":"https:\/\/kuali.com.mx\/web\/wp-json\/wp\/v2\/tags?post=159661"}],"curies":[{"name":"wp","href":"https:\/\/api.w.org\/{rel}","templated":true}]}}