{"id":159628,"date":"2024-11-12T12:03:46","date_gmt":"2024-11-12T18:03:46","guid":{"rendered":"https:\/\/kuali.com.mx\/web\/?p=159628"},"modified":"2024-11-12T21:45:46","modified_gmt":"2024-11-13T03:45:46","slug":"alistan-muestra-de-danza-contemporanea-de-leon","status":"publish","type":"post","link":"https:\/\/kuali.com.mx\/web\/2024\/11\/12\/alistan-muestra-de-danza-contemporanea-de-leon\/","title":{"rendered":"ALISTAN MUESTRA DE DANZA CONTEMPOR\u00c1NEA DE LE\u00d3N"},"content":{"rendered":"\n<p><strong>Kuali\/Le\u00f3n, Gto.- <\/strong>Del 13 al 17 de noviembre se llevar\u00e1 a cabo la VII Muestra de Danza Contempor\u00e1nea de Le\u00f3n. Se presentar\u00e1n cinco proyectos locales.<\/p>\n\n\n\n<p>Reconocer y abrir un espacio a representantes de la danza contempor\u00e1nea en la ciudad es el objetivo primordial de la Muestra de Danza Contempor\u00e1nea, desarrollada por el Instituto Cultural de Le\u00f3n (ICL).<\/p>\n\n\n\n<p>Cinco propuestas locales fueron seleccionadas a trav\u00e9s de convocatoria para formar parte de la programaci\u00f3n de este 2024, integrando con ello la s\u00e9ptima edici\u00f3n que tendr\u00e1 como sede el Teatro Mar\u00eda Grever y la entrada ser\u00e1 libre.<\/p>\n\n\n\n<p>Interferencia Esc\u00e9nica, Para\u00edso 4.0 arranca la serie de presentaciones;&nbsp; un espect\u00e1culo que conjunta la danza contempor\u00e1nea, el arte digital y la qu\u00edmica para ofrecer una reflexi\u00f3n sobre el cuidado del agua y el cambio clim\u00e1tico. El montaje narra la historia de una peque\u00f1a ni\u00f1a que encuentra un libro m\u00e1gico que contiene el cuento Para\u00edso 4.0, descubriendo la belleza del agua como sustancia pura y geom\u00e9trica, juega y danza con ella, y se asombra por todo el da\u00f1o que se le hace.<\/p>\n\n\n\n<p>Perros es una pieza que profundiza en la experiencia humana a trav\u00e9s de un lenguaje po\u00e9tico y bestial. La obra, a cargo de Territorios Otros, presenta a dos personajes que transitan entre lo reprimido y la sombra de lo inconsciente, acompa\u00f1\u00e1ndose en un viaje hacia lo desconocido; explora la paradoja de la libertad, donde los personajes buscan, sin \u00e9xito, un sentido en medio de un vac\u00edo existencial, exponiendo lo fr\u00e1gil y ef\u00edmero de la esperanza.<\/p>\n\n\n\n<p>PLATZ Arte &amp; Movimiento participar\u00e1 con Ruinas, una exploraci\u00f3n de la resiliencia femenina a trav\u00e9s de un solo de danza contempor\u00e1nea que revela la fuerza y la vulnerabilidad de las mujeres frente a las adversidades de la vida. Desde una perspectiva \u00edntima, la obra ofrece un espacio para reflexionar sobre los procesos de superaci\u00f3n y reconstrucci\u00f3n personal, destacando la capacidad de las mujeres para encontrar belleza y poder en medio de la devastaci\u00f3n.<\/p>\n\n\n\n<p>Seis mujeres se reconectan con la experiencia c\u00edclica de lo femenino y la vida en Mi luna, danza contempor\u00e1nea, montaje presentado por AOPARescena. Est\u00e1n dispersas y en pedazos, como si armaran un rompecabezas para entender su realidad. Se desprenden de la carga que durante miles de a\u00f1os se ha asociado con su cuerpo y sus procesos naturales. Este camino de reconciliaci\u00f3n con el hecho de ser mujer y la aceptaci\u00f3n de ser quien es; una traves\u00eda que busca recuperar su autoridad, valor y felicidad, un abrazo de empat\u00eda con la mujer.<\/p>\n\n\n\n<p>Cerrando la programaci\u00f3n, Samuel Guerra llega con El color de la mente, un espect\u00e1culo interdisciplinario que utiliza el lenguaje esc\u00e9nico para concientizar sobre la importancia de la gesti\u00f3n de emociones y promover la salud mental. La danza, la m\u00fasica, los colores y los sentidos llevan a un viaje sensorial que busca un impacto positivo en el estado sensible de las personas, brindando herramientas para propiciar un an\u00e1lisis profundo desde la experiencia perform\u00e1tica, un cuadro visual de balance emocional ser\u00e1 el resultado al finalizar la funci\u00f3n.<\/p>\n\n\n\n<p><strong>Programa<\/strong><\/p>\n\n\n\n<p>Para\u00edso 4.0<\/p>\n\n\n\n<p>Interferencia Esc\u00e9nica<\/p>\n\n\n\n<p>Mi\u00e9rcoles 13 de noviembre<\/p>\n\n\n\n<p>8:00 pm<\/p>\n\n\n\n<p>Teatro Mar\u00eda Grever<\/p>\n\n\n\n<p>Entrada libre<\/p>\n\n\n\n<p>Perros<\/p>\n\n\n\n<p>Territorios Otros<\/p>\n\n\n\n<p>Jueves 14 de noviembre<\/p>\n\n\n\n<p>8:00 pm<\/p>\n\n\n\n<p>Teatro Mar\u00eda Grever<\/p>\n\n\n\n<p>Entrada libre<\/p>\n\n\n\n<p>Ruinas<\/p>\n\n\n\n<p>PLATZ Arte &amp; Movimiento<\/p>\n\n\n\n<p>Viernes 15 de noviembre<\/p>\n\n\n\n<p>8:00 pm<\/p>\n\n\n\n<p>Teatro Mar\u00eda Grever<\/p>\n\n\n\n<p>Entrada libre<\/p>\n\n\n\n<p>Mi luna, danza contempor\u00e1nea<\/p>\n\n\n\n<p>AOPARescena<\/p>\n\n\n\n<p>S\u00e1bado 16 de noviembre<\/p>\n\n\n\n<p>8:00 pm<\/p>\n\n\n\n<p>Teatro Mar\u00eda Grever<\/p>\n\n\n\n<p>Entrada libre<\/p>\n\n\n\n<p>El color de la mente<\/p>\n\n\n\n<p>Samuel Guerra<\/p>\n\n\n\n<p>Domingo 17 de noviembre<\/p>\n\n\n\n<p>8:00 pm<\/p>\n\n\n\n<p>Teatro Mar\u00eda Grever<\/p>\n\n\n\n<p>Entrada libre<\/p>\n","protected":false},"excerpt":{"rendered":"Kuali\/Le\u00f3n, Gto.- Del 13 al 17 de noviembre se llevar\u00e1 a cabo la VII Muestra de Danza Contempor\u00e1nea de Le\u00f3n. Se presentar\u00e1n cinco proyectos locales. Reconocer y abrir un espacio a representantes de la danza contempor\u00e1nea en la ciudad es el objetivo primordial de la Muestra de Danza Contempor\u00e1nea, desarrollada por el Instituto Cultural de [&hellip;]","protected":false},"author":2,"featured_media":159631,"comment_status":"open","ping_status":"open","sticky":false,"template":"","format":"standard","meta":{"_seopress_robots_primary_cat":"none","_seopress_titles_title":"","_seopress_titles_desc":"","_seopress_robots_index":"","_monsterinsights_skip_tracking":false,"_monsterinsights_sitenote_active":false,"_monsterinsights_sitenote_note":"","_monsterinsights_sitenote_category":0,"footnotes":""},"categories":[8],"tags":[],"class_list":["post-159628","post","type-post","status-publish","format-standard","has-post-thumbnail","hentry","category-espectaculos"],"yoast_head":"<!-- This site is optimized with the Yoast SEO plugin v27.4 - https:\/\/yoast.com\/product\/yoast-seo-wordpress\/ -->\n<title>ALISTAN MUESTRA DE DANZA CONTEMPOR\u00c1NEA DE LE\u00d3N - Kuali<\/title>\n<meta name=\"robots\" content=\"index, follow, max-snippet:-1, max-image-preview:large, max-video-preview:-1\" \/>\n<link rel=\"canonical\" href=\"https:\/\/kuali.com.mx\/web\/2024\/11\/12\/alistan-muestra-de-danza-contemporanea-de-leon\/\" \/>\n<meta property=\"og:locale\" content=\"es_MX\" \/>\n<meta property=\"og:type\" content=\"article\" \/>\n<meta property=\"og:title\" content=\"ALISTAN MUESTRA DE DANZA CONTEMPOR\u00c1NEA DE LE\u00d3N - Kuali\" \/>\n<meta property=\"og:description\" content=\"Kuali\/Le\u00f3n, Gto.- Del 13 al 17 de noviembre se llevar\u00e1 a cabo la VII Muestra de Danza Contempor\u00e1nea de Le\u00f3n. Se presentar\u00e1n cinco proyectos locales. Reconocer y abrir un espacio a representantes de la danza contempor\u00e1nea en la ciudad es el objetivo primordial de la Muestra de Danza Contempor\u00e1nea, desarrollada por el Instituto Cultural de [&hellip;]\" \/>\n<meta property=\"og:url\" content=\"https:\/\/kuali.com.mx\/web\/2024\/11\/12\/alistan-muestra-de-danza-contemporanea-de-leon\/\" \/>\n<meta property=\"og:site_name\" content=\"Kuali\" \/>\n<meta property=\"article:publisher\" content=\"https:\/\/kuali.com.mx\/web\/wp-content\/uploads\/2018\/04\/cropped-kuali_logo-1-1.png\" \/>\n<meta property=\"article:published_time\" content=\"2024-11-12T18:03:46+00:00\" \/>\n<meta property=\"article:modified_time\" content=\"2024-11-13T03:45:46+00:00\" \/>\n<meta property=\"og:image\" content=\"https:\/\/kuali.com.mx\/web\/wp-content\/uploads\/2024\/11\/Danza-Contemporanea.gif\" \/>\n\t<meta property=\"og:image:width\" content=\"1700\" \/>\n\t<meta property=\"og:image:height\" content=\"750\" \/>\n\t<meta property=\"og:image:type\" content=\"image\/gif\" \/>\n<meta name=\"author\" content=\"Kuali Staff\" \/>\n<meta name=\"twitter:card\" content=\"summary_large_image\" \/>\n<meta name=\"twitter:creator\" content=\"@kuali_noticias\" \/>\n<meta name=\"twitter:site\" content=\"@kuali_noticias\" \/>\n<meta name=\"twitter:label1\" content=\"Escrito por\" \/>\n\t<meta name=\"twitter:data1\" content=\"Kuali Staff\" \/>\n\t<meta name=\"twitter:label2\" content=\"Tiempo de lectura\" \/>\n\t<meta name=\"twitter:data2\" content=\"3 minutos\" \/>\n<script type=\"application\/ld+json\" class=\"yoast-schema-graph\">{\"@context\":\"https:\\\/\\\/schema.org\",\"@graph\":[{\"@type\":\"Article\",\"@id\":\"https:\\\/\\\/kuali.com.mx\\\/web\\\/2024\\\/11\\\/12\\\/alistan-muestra-de-danza-contemporanea-de-leon\\\/#article\",\"isPartOf\":{\"@id\":\"https:\\\/\\\/kuali.com.mx\\\/web\\\/2024\\\/11\\\/12\\\/alistan-muestra-de-danza-contemporanea-de-leon\\\/\"},\"author\":{\"name\":\"Kuali Staff\",\"@id\":\"https:\\\/\\\/kuali.com.mx\\\/web\\\/#\\\/schema\\\/person\\\/6f89ffa8ecba9dae50662357923c5289\"},\"headline\":\"ALISTAN MUESTRA DE DANZA CONTEMPOR\u00c1NEA DE LE\u00d3N\",\"datePublished\":\"2024-11-12T18:03:46+00:00\",\"dateModified\":\"2024-11-13T03:45:46+00:00\",\"mainEntityOfPage\":{\"@id\":\"https:\\\/\\\/kuali.com.mx\\\/web\\\/2024\\\/11\\\/12\\\/alistan-muestra-de-danza-contemporanea-de-leon\\\/\"},\"wordCount\":638,\"commentCount\":0,\"image\":{\"@id\":\"https:\\\/\\\/kuali.com.mx\\\/web\\\/2024\\\/11\\\/12\\\/alistan-muestra-de-danza-contemporanea-de-leon\\\/#primaryimage\"},\"thumbnailUrl\":\"https:\\\/\\\/kuali.com.mx\\\/web\\\/wp-content\\\/uploads\\\/2024\\\/11\\\/Danza-Contemporanea.gif\",\"articleSection\":[\"Cultura\"],\"inLanguage\":\"es\",\"potentialAction\":[{\"@type\":\"CommentAction\",\"name\":\"Comment\",\"target\":[\"https:\\\/\\\/kuali.com.mx\\\/web\\\/2024\\\/11\\\/12\\\/alistan-muestra-de-danza-contemporanea-de-leon\\\/#respond\"]}]},{\"@type\":\"WebPage\",\"@id\":\"https:\\\/\\\/kuali.com.mx\\\/web\\\/2024\\\/11\\\/12\\\/alistan-muestra-de-danza-contemporanea-de-leon\\\/\",\"url\":\"https:\\\/\\\/kuali.com.mx\\\/web\\\/2024\\\/11\\\/12\\\/alistan-muestra-de-danza-contemporanea-de-leon\\\/\",\"name\":\"ALISTAN MUESTRA DE DANZA CONTEMPOR\u00c1NEA DE LE\u00d3N - Kuali\",\"isPartOf\":{\"@id\":\"https:\\\/\\\/kuali.com.mx\\\/web\\\/#website\"},\"primaryImageOfPage\":{\"@id\":\"https:\\\/\\\/kuali.com.mx\\\/web\\\/2024\\\/11\\\/12\\\/alistan-muestra-de-danza-contemporanea-de-leon\\\/#primaryimage\"},\"image\":{\"@id\":\"https:\\\/\\\/kuali.com.mx\\\/web\\\/2024\\\/11\\\/12\\\/alistan-muestra-de-danza-contemporanea-de-leon\\\/#primaryimage\"},\"thumbnailUrl\":\"https:\\\/\\\/kuali.com.mx\\\/web\\\/wp-content\\\/uploads\\\/2024\\\/11\\\/Danza-Contemporanea.gif\",\"datePublished\":\"2024-11-12T18:03:46+00:00\",\"dateModified\":\"2024-11-13T03:45:46+00:00\",\"author\":{\"@id\":\"https:\\\/\\\/kuali.com.mx\\\/web\\\/#\\\/schema\\\/person\\\/6f89ffa8ecba9dae50662357923c5289\"},\"breadcrumb\":{\"@id\":\"https:\\\/\\\/kuali.com.mx\\\/web\\\/2024\\\/11\\\/12\\\/alistan-muestra-de-danza-contemporanea-de-leon\\\/#breadcrumb\"},\"inLanguage\":\"es\",\"potentialAction\":[{\"@type\":\"ReadAction\",\"target\":[\"https:\\\/\\\/kuali.com.mx\\\/web\\\/2024\\\/11\\\/12\\\/alistan-muestra-de-danza-contemporanea-de-leon\\\/\"]}]},{\"@type\":\"ImageObject\",\"inLanguage\":\"es\",\"@id\":\"https:\\\/\\\/kuali.com.mx\\\/web\\\/2024\\\/11\\\/12\\\/alistan-muestra-de-danza-contemporanea-de-leon\\\/#primaryimage\",\"url\":\"https:\\\/\\\/kuali.com.mx\\\/web\\\/wp-content\\\/uploads\\\/2024\\\/11\\\/Danza-Contemporanea.gif\",\"contentUrl\":\"https:\\\/\\\/kuali.com.mx\\\/web\\\/wp-content\\\/uploads\\\/2024\\\/11\\\/Danza-Contemporanea.gif\",\"width\":1700,\"height\":750},{\"@type\":\"BreadcrumbList\",\"@id\":\"https:\\\/\\\/kuali.com.mx\\\/web\\\/2024\\\/11\\\/12\\\/alistan-muestra-de-danza-contemporanea-de-leon\\\/#breadcrumb\",\"itemListElement\":[{\"@type\":\"ListItem\",\"position\":1,\"name\":\"Inicio\",\"item\":\"https:\\\/\\\/kuali.com.mx\\\/web\\\/\"},{\"@type\":\"ListItem\",\"position\":2,\"name\":\"ALISTAN MUESTRA DE DANZA CONTEMPOR\u00c1NEA DE LE\u00d3N\"}]},{\"@type\":\"WebSite\",\"@id\":\"https:\\\/\\\/kuali.com.mx\\\/web\\\/#website\",\"url\":\"https:\\\/\\\/kuali.com.mx\\\/web\\\/\",\"name\":\"Kuali\",\"description\":\"\",\"potentialAction\":[{\"@type\":\"SearchAction\",\"target\":{\"@type\":\"EntryPoint\",\"urlTemplate\":\"https:\\\/\\\/kuali.com.mx\\\/web\\\/?s={search_term_string}\"},\"query-input\":{\"@type\":\"PropertyValueSpecification\",\"valueRequired\":true,\"valueName\":\"search_term_string\"}}],\"inLanguage\":\"es\"},{\"@type\":\"Person\",\"@id\":\"https:\\\/\\\/kuali.com.mx\\\/web\\\/#\\\/schema\\\/person\\\/6f89ffa8ecba9dae50662357923c5289\",\"name\":\"Kuali Staff\",\"image\":{\"@type\":\"ImageObject\",\"inLanguage\":\"es\",\"@id\":\"https:\\\/\\\/secure.gravatar.com\\\/avatar\\\/f917ad82e5ab71227a733c78b6e60715476f69ee6be59feee4eb5d9920c89e0f?s=96&d=mm&r=g\",\"url\":\"https:\\\/\\\/secure.gravatar.com\\\/avatar\\\/f917ad82e5ab71227a733c78b6e60715476f69ee6be59feee4eb5d9920c89e0f?s=96&d=mm&r=g\",\"contentUrl\":\"https:\\\/\\\/secure.gravatar.com\\\/avatar\\\/f917ad82e5ab71227a733c78b6e60715476f69ee6be59feee4eb5d9920c89e0f?s=96&d=mm&r=g\",\"caption\":\"Kuali Staff\"},\"url\":\"https:\\\/\\\/kuali.com.mx\\\/web\\\/author\\\/lagarto\\\/\"}]}<\/script>\n<!-- \/ Yoast SEO plugin. -->","yoast_head_json":{"title":"ALISTAN MUESTRA DE DANZA CONTEMPOR\u00c1NEA DE LE\u00d3N - Kuali","robots":{"index":"index","follow":"follow","max-snippet":"max-snippet:-1","max-image-preview":"max-image-preview:large","max-video-preview":"max-video-preview:-1"},"canonical":"https:\/\/kuali.com.mx\/web\/2024\/11\/12\/alistan-muestra-de-danza-contemporanea-de-leon\/","og_locale":"es_MX","og_type":"article","og_title":"ALISTAN MUESTRA DE DANZA CONTEMPOR\u00c1NEA DE LE\u00d3N - Kuali","og_description":"Kuali\/Le\u00f3n, Gto.- Del 13 al 17 de noviembre se llevar\u00e1 a cabo la VII Muestra de Danza Contempor\u00e1nea de Le\u00f3n. Se presentar\u00e1n cinco proyectos locales. Reconocer y abrir un espacio a representantes de la danza contempor\u00e1nea en la ciudad es el objetivo primordial de la Muestra de Danza Contempor\u00e1nea, desarrollada por el Instituto Cultural de [&hellip;]","og_url":"https:\/\/kuali.com.mx\/web\/2024\/11\/12\/alistan-muestra-de-danza-contemporanea-de-leon\/","og_site_name":"Kuali","article_publisher":"https:\/\/kuali.com.mx\/web\/wp-content\/uploads\/2018\/04\/cropped-kuali_logo-1-1.png","article_published_time":"2024-11-12T18:03:46+00:00","article_modified_time":"2024-11-13T03:45:46+00:00","og_image":[{"width":1700,"height":750,"url":"https:\/\/kuali.com.mx\/web\/wp-content\/uploads\/2024\/11\/Danza-Contemporanea.gif","type":"image\/gif"}],"author":"Kuali Staff","twitter_card":"summary_large_image","twitter_creator":"@kuali_noticias","twitter_site":"@kuali_noticias","twitter_misc":{"Escrito por":"Kuali Staff","Tiempo de lectura":"3 minutos"},"schema":{"@context":"https:\/\/schema.org","@graph":[{"@type":"Article","@id":"https:\/\/kuali.com.mx\/web\/2024\/11\/12\/alistan-muestra-de-danza-contemporanea-de-leon\/#article","isPartOf":{"@id":"https:\/\/kuali.com.mx\/web\/2024\/11\/12\/alistan-muestra-de-danza-contemporanea-de-leon\/"},"author":{"name":"Kuali Staff","@id":"https:\/\/kuali.com.mx\/web\/#\/schema\/person\/6f89ffa8ecba9dae50662357923c5289"},"headline":"ALISTAN MUESTRA DE DANZA CONTEMPOR\u00c1NEA DE LE\u00d3N","datePublished":"2024-11-12T18:03:46+00:00","dateModified":"2024-11-13T03:45:46+00:00","mainEntityOfPage":{"@id":"https:\/\/kuali.com.mx\/web\/2024\/11\/12\/alistan-muestra-de-danza-contemporanea-de-leon\/"},"wordCount":638,"commentCount":0,"image":{"@id":"https:\/\/kuali.com.mx\/web\/2024\/11\/12\/alistan-muestra-de-danza-contemporanea-de-leon\/#primaryimage"},"thumbnailUrl":"https:\/\/kuali.com.mx\/web\/wp-content\/uploads\/2024\/11\/Danza-Contemporanea.gif","articleSection":["Cultura"],"inLanguage":"es","potentialAction":[{"@type":"CommentAction","name":"Comment","target":["https:\/\/kuali.com.mx\/web\/2024\/11\/12\/alistan-muestra-de-danza-contemporanea-de-leon\/#respond"]}]},{"@type":"WebPage","@id":"https:\/\/kuali.com.mx\/web\/2024\/11\/12\/alistan-muestra-de-danza-contemporanea-de-leon\/","url":"https:\/\/kuali.com.mx\/web\/2024\/11\/12\/alistan-muestra-de-danza-contemporanea-de-leon\/","name":"ALISTAN MUESTRA DE DANZA CONTEMPOR\u00c1NEA DE LE\u00d3N - Kuali","isPartOf":{"@id":"https:\/\/kuali.com.mx\/web\/#website"},"primaryImageOfPage":{"@id":"https:\/\/kuali.com.mx\/web\/2024\/11\/12\/alistan-muestra-de-danza-contemporanea-de-leon\/#primaryimage"},"image":{"@id":"https:\/\/kuali.com.mx\/web\/2024\/11\/12\/alistan-muestra-de-danza-contemporanea-de-leon\/#primaryimage"},"thumbnailUrl":"https:\/\/kuali.com.mx\/web\/wp-content\/uploads\/2024\/11\/Danza-Contemporanea.gif","datePublished":"2024-11-12T18:03:46+00:00","dateModified":"2024-11-13T03:45:46+00:00","author":{"@id":"https:\/\/kuali.com.mx\/web\/#\/schema\/person\/6f89ffa8ecba9dae50662357923c5289"},"breadcrumb":{"@id":"https:\/\/kuali.com.mx\/web\/2024\/11\/12\/alistan-muestra-de-danza-contemporanea-de-leon\/#breadcrumb"},"inLanguage":"es","potentialAction":[{"@type":"ReadAction","target":["https:\/\/kuali.com.mx\/web\/2024\/11\/12\/alistan-muestra-de-danza-contemporanea-de-leon\/"]}]},{"@type":"ImageObject","inLanguage":"es","@id":"https:\/\/kuali.com.mx\/web\/2024\/11\/12\/alistan-muestra-de-danza-contemporanea-de-leon\/#primaryimage","url":"https:\/\/kuali.com.mx\/web\/wp-content\/uploads\/2024\/11\/Danza-Contemporanea.gif","contentUrl":"https:\/\/kuali.com.mx\/web\/wp-content\/uploads\/2024\/11\/Danza-Contemporanea.gif","width":1700,"height":750},{"@type":"BreadcrumbList","@id":"https:\/\/kuali.com.mx\/web\/2024\/11\/12\/alistan-muestra-de-danza-contemporanea-de-leon\/#breadcrumb","itemListElement":[{"@type":"ListItem","position":1,"name":"Inicio","item":"https:\/\/kuali.com.mx\/web\/"},{"@type":"ListItem","position":2,"name":"ALISTAN MUESTRA DE DANZA CONTEMPOR\u00c1NEA DE LE\u00d3N"}]},{"@type":"WebSite","@id":"https:\/\/kuali.com.mx\/web\/#website","url":"https:\/\/kuali.com.mx\/web\/","name":"Kuali","description":"","potentialAction":[{"@type":"SearchAction","target":{"@type":"EntryPoint","urlTemplate":"https:\/\/kuali.com.mx\/web\/?s={search_term_string}"},"query-input":{"@type":"PropertyValueSpecification","valueRequired":true,"valueName":"search_term_string"}}],"inLanguage":"es"},{"@type":"Person","@id":"https:\/\/kuali.com.mx\/web\/#\/schema\/person\/6f89ffa8ecba9dae50662357923c5289","name":"Kuali Staff","image":{"@type":"ImageObject","inLanguage":"es","@id":"https:\/\/secure.gravatar.com\/avatar\/f917ad82e5ab71227a733c78b6e60715476f69ee6be59feee4eb5d9920c89e0f?s=96&d=mm&r=g","url":"https:\/\/secure.gravatar.com\/avatar\/f917ad82e5ab71227a733c78b6e60715476f69ee6be59feee4eb5d9920c89e0f?s=96&d=mm&r=g","contentUrl":"https:\/\/secure.gravatar.com\/avatar\/f917ad82e5ab71227a733c78b6e60715476f69ee6be59feee4eb5d9920c89e0f?s=96&d=mm&r=g","caption":"Kuali Staff"},"url":"https:\/\/kuali.com.mx\/web\/author\/lagarto\/"}]}},"_links":{"self":[{"href":"https:\/\/kuali.com.mx\/web\/wp-json\/wp\/v2\/posts\/159628","targetHints":{"allow":["GET"]}}],"collection":[{"href":"https:\/\/kuali.com.mx\/web\/wp-json\/wp\/v2\/posts"}],"about":[{"href":"https:\/\/kuali.com.mx\/web\/wp-json\/wp\/v2\/types\/post"}],"author":[{"embeddable":true,"href":"https:\/\/kuali.com.mx\/web\/wp-json\/wp\/v2\/users\/2"}],"replies":[{"embeddable":true,"href":"https:\/\/kuali.com.mx\/web\/wp-json\/wp\/v2\/comments?post=159628"}],"version-history":[{"count":3,"href":"https:\/\/kuali.com.mx\/web\/wp-json\/wp\/v2\/posts\/159628\/revisions"}],"predecessor-version":[{"id":159680,"href":"https:\/\/kuali.com.mx\/web\/wp-json\/wp\/v2\/posts\/159628\/revisions\/159680"}],"wp:featuredmedia":[{"embeddable":true,"href":"https:\/\/kuali.com.mx\/web\/wp-json\/wp\/v2\/media\/159631"}],"wp:attachment":[{"href":"https:\/\/kuali.com.mx\/web\/wp-json\/wp\/v2\/media?parent=159628"}],"wp:term":[{"taxonomy":"category","embeddable":true,"href":"https:\/\/kuali.com.mx\/web\/wp-json\/wp\/v2\/categories?post=159628"},{"taxonomy":"post_tag","embeddable":true,"href":"https:\/\/kuali.com.mx\/web\/wp-json\/wp\/v2\/tags?post=159628"}],"curies":[{"name":"wp","href":"https:\/\/api.w.org\/{rel}","templated":true}]}}