{"id":157623,"date":"2024-10-22T13:20:53","date_gmt":"2024-10-22T19:20:53","guid":{"rendered":"https:\/\/kuali.com.mx\/web\/?p=157623"},"modified":"2024-10-23T07:12:06","modified_gmt":"2024-10-23T13:12:06","slug":"realizara-silao-festival-de-muertos-asustame-panteon","status":"publish","type":"post","link":"https:\/\/kuali.com.mx\/web\/2024\/10\/22\/realizara-silao-festival-de-muertos-asustame-panteon\/","title":{"rendered":"REALIZAR\u00c1 SILAO  FESTIVAL DE MUERTOS \u201cAS\u00daSTAME PANTE\u00d3N\u201d"},"content":{"rendered":"\n<p><strong>Alicia Arias\/Silao, Gto.-<\/strong> Desfiles de catrinas y zombies, concursos, alfe\u00f1iques, talleres, danza, pan de muerto y calaveritas dar\u00e1n vida al primer Festival del D\u00eda de Muertos \u2018As\u00fastame Pante\u00f3n\u2019 en la ciudad de Silao.<\/p>\n\n\n\n<p>El evento durar\u00e1 10 d\u00edas, comenzando el 25 de octubre para terminar cuatro de noviembre y se desarrollar\u00e1 en diferentes sedes de manera paralela. Incluye actividades como la Feria del Alfe\u00f1ique, en el jard\u00edn principal; la procesi\u00f3n de las&nbsp; \u00e1nimas, el s\u00e1bado 26 de octubre; el desfile \u201cDale vida a la muerte\u201d, organizado por el Club de Leones el viernes primero de noviembre; y la funci\u00f3n de cine de terror en el Teatro de Silao, el domingo tres de noviembre, entre otros.<\/p>\n\n\n<div class=\"wp-block-image\">\n<figure class=\"aligncenter size-large\"><img loading=\"lazy\" decoding=\"async\" width=\"1024\" height=\"514\" src=\"https:\/\/kuali.com.mx\/web\/wp-content\/uploads\/2024\/10\/Catrinas-carton-1024x514.gif\" alt=\"\" class=\"wp-image-157627\" srcset=\"https:\/\/kuali.com.mx\/web\/wp-content\/uploads\/2024\/10\/Catrinas-carton-1024x514.gif 1024w, https:\/\/kuali.com.mx\/web\/wp-content\/uploads\/2024\/10\/Catrinas-carton-300x151.gif 300w, https:\/\/kuali.com.mx\/web\/wp-content\/uploads\/2024\/10\/Catrinas-carton-768x386.gif 768w\" sizes=\"auto, (max-width: 1024px) 100vw, 1024px\" \/><figcaption>Durar\u00e1 10 d\u00edas el primer festival de muerto en Silao \"As\u00fastame Pante\u00f3n\". FOTO: ALICIA ARIAS<\/figcaption><\/figure>\n<\/div>\n\n\n<p>Los pormenores del festival fueron dados a conocer la ma\u00f1ana de este martes por la presidenta municipal Janet Melanie Murrillo Ch\u00e1vez, quien destac\u00f3 que el objetivo es que Silao pueda seguir destacando y se posicione como uno de los destinos del estado que tiene mucho para ofrecer.<\/p>\n\n\n\n<p>La alcaldesa hizo un llamado a consumir lo local y a reconocer el talento silaoense en el arte popular.<\/p>\n\n\n\n<p>\u201cSomos uno de los destinos con mayor ocupaci\u00f3n habitacional en los hoteles y&nbsp; nos dedicaremos a fortalecer esta cualidad para colocar a Silao como referente tur\u00edstico\u201d, se\u00f1al\u00f3.<\/p>\n\n\n\n<p>A la presentaci\u00f3n del programa tambi\u00e9n asistieron el presidente del Patronato del DIF Municipal, Juan Roberto Tovar; el titular de la Direcci\u00f3n de Cultura, Antonio Araujo; la directora municipal de Desarrollo Econ\u00f3mico y Turismo, Martha Hern\u00e1ndez; y la directora de Productos Tur\u00edsticos de la Secretar\u00eda de Turismo e Identidad, Frida Huett L\u00f3pez.<\/p>\n\n\n\n<figure class=\"wp-block-image size-full\"><img loading=\"lazy\" decoding=\"async\" width=\"998\" height=\"605\" src=\"https:\/\/kuali.com.mx\/web\/wp-content\/uploads\/2024\/10\/image-7.png\" alt=\"\" class=\"wp-image-157639\" srcset=\"https:\/\/kuali.com.mx\/web\/wp-content\/uploads\/2024\/10\/image-7.png 998w, https:\/\/kuali.com.mx\/web\/wp-content\/uploads\/2024\/10\/image-7-300x182.png 300w, https:\/\/kuali.com.mx\/web\/wp-content\/uploads\/2024\/10\/image-7-768x466.png 768w, https:\/\/kuali.com.mx\/web\/wp-content\/uploads\/2024\/10\/image-7-191x116.png 191w\" sizes=\"auto, (max-width: 998px) 100vw, 998px\" \/><\/figure>\n\n\n\n<figure class=\"wp-block-image size-full\"><img loading=\"lazy\" decoding=\"async\" width=\"1006\" height=\"459\" src=\"https:\/\/kuali.com.mx\/web\/wp-content\/uploads\/2024\/10\/image-8.png\" alt=\"\" class=\"wp-image-157641\" srcset=\"https:\/\/kuali.com.mx\/web\/wp-content\/uploads\/2024\/10\/image-8.png 1006w, https:\/\/kuali.com.mx\/web\/wp-content\/uploads\/2024\/10\/image-8-300x137.png 300w, https:\/\/kuali.com.mx\/web\/wp-content\/uploads\/2024\/10\/image-8-768x350.png 768w, https:\/\/kuali.com.mx\/web\/wp-content\/uploads\/2024\/10\/image-8-228x104.png 228w\" sizes=\"auto, (max-width: 1006px) 100vw, 1006px\" \/><\/figure>\n\n\n\n<figure class=\"wp-block-image size-full\"><img loading=\"lazy\" decoding=\"async\" width=\"1001\" height=\"370\" src=\"https:\/\/kuali.com.mx\/web\/wp-content\/uploads\/2024\/10\/image-9.png\" alt=\"\" class=\"wp-image-157642\" srcset=\"https:\/\/kuali.com.mx\/web\/wp-content\/uploads\/2024\/10\/image-9.png 1001w, https:\/\/kuali.com.mx\/web\/wp-content\/uploads\/2024\/10\/image-9-300x111.png 300w, https:\/\/kuali.com.mx\/web\/wp-content\/uploads\/2024\/10\/image-9-768x284.png 768w, https:\/\/kuali.com.mx\/web\/wp-content\/uploads\/2024\/10\/image-9-228x84.png 228w\" sizes=\"auto, (max-width: 1001px) 100vw, 1001px\" \/><\/figure>\n\n\n\n<p><\/p>\n","protected":false},"excerpt":{"rendered":"Alicia Arias\/Silao, Gto.- Desfiles de catrinas y zombies, concursos, alfe\u00f1iques, talleres, danza, pan de muerto y calaveritas dar\u00e1n vida al primer Festival del D\u00eda de Muertos \u2018As\u00fastame Pante\u00f3n\u2019 en la ciudad de Silao. El evento durar\u00e1 10 d\u00edas, comenzando el 25 de octubre para terminar cuatro de noviembre y se desarrollar\u00e1 en diferentes sedes de [&hellip;]","protected":false},"author":2,"featured_media":157626,"comment_status":"open","ping_status":"open","sticky":false,"template":"","format":"standard","meta":{"_seopress_robots_primary_cat":"none","_seopress_titles_title":"","_seopress_titles_desc":"","_seopress_robots_index":"","_monsterinsights_skip_tracking":false,"_monsterinsights_sitenote_active":false,"_monsterinsights_sitenote_note":"","_monsterinsights_sitenote_category":0,"footnotes":""},"categories":[8],"tags":[4420,2975,1260,459,12,595,4419],"class_list":["post-157623","post","type-post","status-publish","format-standard","has-post-thumbnail","hentry","category-espectaculos","tag-alfeniques","tag-catrinas","tag-dia-de-muertos","tag-festivales","tag-silao","tag-tradiciones","tag-zombies"],"yoast_head":"<!-- This site is optimized with the Yoast SEO plugin v27.4 - https:\/\/yoast.com\/product\/yoast-seo-wordpress\/ -->\n<title>REALIZAR\u00c1 SILAO FESTIVAL DE MUERTOS \u201cAS\u00daSTAME PANTE\u00d3N\u201d - Kuali<\/title>\n<meta name=\"robots\" content=\"index, follow, max-snippet:-1, max-image-preview:large, max-video-preview:-1\" \/>\n<link rel=\"canonical\" href=\"https:\/\/kuali.com.mx\/web\/2024\/10\/22\/realizara-silao-festival-de-muertos-asustame-panteon\/\" \/>\n<meta property=\"og:locale\" content=\"es_MX\" \/>\n<meta property=\"og:type\" content=\"article\" \/>\n<meta property=\"og:title\" content=\"REALIZAR\u00c1 SILAO FESTIVAL DE MUERTOS \u201cAS\u00daSTAME PANTE\u00d3N\u201d - Kuali\" \/>\n<meta property=\"og:description\" content=\"Alicia Arias\/Silao, Gto.- Desfiles de catrinas y zombies, concursos, alfe\u00f1iques, talleres, danza, pan de muerto y calaveritas dar\u00e1n vida al primer Festival del D\u00eda de Muertos \u2018As\u00fastame Pante\u00f3n\u2019 en la ciudad de Silao. El evento durar\u00e1 10 d\u00edas, comenzando el 25 de octubre para terminar cuatro de noviembre y se desarrollar\u00e1 en diferentes sedes de [&hellip;]\" \/>\n<meta property=\"og:url\" content=\"https:\/\/kuali.com.mx\/web\/2024\/10\/22\/realizara-silao-festival-de-muertos-asustame-panteon\/\" \/>\n<meta property=\"og:site_name\" content=\"Kuali\" \/>\n<meta property=\"article:publisher\" content=\"https:\/\/kuali.com.mx\/web\/wp-content\/uploads\/2018\/04\/cropped-kuali_logo-1-1.png\" \/>\n<meta property=\"article:published_time\" content=\"2024-10-22T19:20:53+00:00\" \/>\n<meta property=\"article:modified_time\" content=\"2024-10-23T13:12:06+00:00\" \/>\n<meta property=\"og:image\" content=\"https:\/\/kuali.com.mx\/web\/wp-content\/uploads\/2024\/10\/Catrinas.gif\" \/>\n\t<meta property=\"og:image:width\" content=\"1851\" \/>\n\t<meta property=\"og:image:height\" content=\"750\" \/>\n\t<meta property=\"og:image:type\" content=\"image\/gif\" \/>\n<meta name=\"author\" content=\"Kuali Staff\" \/>\n<meta name=\"twitter:card\" content=\"summary_large_image\" \/>\n<meta name=\"twitter:creator\" content=\"@kuali_noticias\" \/>\n<meta name=\"twitter:site\" content=\"@kuali_noticias\" \/>\n<meta name=\"twitter:label1\" content=\"Escrito por\" \/>\n\t<meta name=\"twitter:data1\" content=\"Kuali Staff\" \/>\n\t<meta name=\"twitter:label2\" content=\"Tiempo de lectura\" \/>\n\t<meta name=\"twitter:data2\" content=\"2 minutos\" \/>\n<script type=\"application\/ld+json\" class=\"yoast-schema-graph\">{\"@context\":\"https:\\\/\\\/schema.org\",\"@graph\":[{\"@type\":\"Article\",\"@id\":\"https:\\\/\\\/kuali.com.mx\\\/web\\\/2024\\\/10\\\/22\\\/realizara-silao-festival-de-muertos-asustame-panteon\\\/#article\",\"isPartOf\":{\"@id\":\"https:\\\/\\\/kuali.com.mx\\\/web\\\/2024\\\/10\\\/22\\\/realizara-silao-festival-de-muertos-asustame-panteon\\\/\"},\"author\":{\"name\":\"Kuali Staff\",\"@id\":\"https:\\\/\\\/kuali.com.mx\\\/web\\\/#\\\/schema\\\/person\\\/6f89ffa8ecba9dae50662357923c5289\"},\"headline\":\"REALIZAR\u00c1 SILAO FESTIVAL DE MUERTOS \u201cAS\u00daSTAME PANTE\u00d3N\u201d\",\"datePublished\":\"2024-10-22T19:20:53+00:00\",\"dateModified\":\"2024-10-23T13:12:06+00:00\",\"mainEntityOfPage\":{\"@id\":\"https:\\\/\\\/kuali.com.mx\\\/web\\\/2024\\\/10\\\/22\\\/realizara-silao-festival-de-muertos-asustame-panteon\\\/\"},\"wordCount\":311,\"commentCount\":0,\"image\":{\"@id\":\"https:\\\/\\\/kuali.com.mx\\\/web\\\/2024\\\/10\\\/22\\\/realizara-silao-festival-de-muertos-asustame-panteon\\\/#primaryimage\"},\"thumbnailUrl\":\"https:\\\/\\\/kuali.com.mx\\\/web\\\/wp-content\\\/uploads\\\/2024\\\/10\\\/Catrinas.gif\",\"keywords\":[\"Alfe\u00f1iques\",\"Catrinas\",\"D\u00eda de Muertos\",\"Festivales\",\"Silao\",\"Tradiciones\",\"Zombies\"],\"articleSection\":[\"Cultura\"],\"inLanguage\":\"es\",\"potentialAction\":[{\"@type\":\"CommentAction\",\"name\":\"Comment\",\"target\":[\"https:\\\/\\\/kuali.com.mx\\\/web\\\/2024\\\/10\\\/22\\\/realizara-silao-festival-de-muertos-asustame-panteon\\\/#respond\"]}]},{\"@type\":\"WebPage\",\"@id\":\"https:\\\/\\\/kuali.com.mx\\\/web\\\/2024\\\/10\\\/22\\\/realizara-silao-festival-de-muertos-asustame-panteon\\\/\",\"url\":\"https:\\\/\\\/kuali.com.mx\\\/web\\\/2024\\\/10\\\/22\\\/realizara-silao-festival-de-muertos-asustame-panteon\\\/\",\"name\":\"REALIZAR\u00c1 SILAO FESTIVAL DE MUERTOS \u201cAS\u00daSTAME PANTE\u00d3N\u201d - Kuali\",\"isPartOf\":{\"@id\":\"https:\\\/\\\/kuali.com.mx\\\/web\\\/#website\"},\"primaryImageOfPage\":{\"@id\":\"https:\\\/\\\/kuali.com.mx\\\/web\\\/2024\\\/10\\\/22\\\/realizara-silao-festival-de-muertos-asustame-panteon\\\/#primaryimage\"},\"image\":{\"@id\":\"https:\\\/\\\/kuali.com.mx\\\/web\\\/2024\\\/10\\\/22\\\/realizara-silao-festival-de-muertos-asustame-panteon\\\/#primaryimage\"},\"thumbnailUrl\":\"https:\\\/\\\/kuali.com.mx\\\/web\\\/wp-content\\\/uploads\\\/2024\\\/10\\\/Catrinas.gif\",\"datePublished\":\"2024-10-22T19:20:53+00:00\",\"dateModified\":\"2024-10-23T13:12:06+00:00\",\"author\":{\"@id\":\"https:\\\/\\\/kuali.com.mx\\\/web\\\/#\\\/schema\\\/person\\\/6f89ffa8ecba9dae50662357923c5289\"},\"breadcrumb\":{\"@id\":\"https:\\\/\\\/kuali.com.mx\\\/web\\\/2024\\\/10\\\/22\\\/realizara-silao-festival-de-muertos-asustame-panteon\\\/#breadcrumb\"},\"inLanguage\":\"es\",\"potentialAction\":[{\"@type\":\"ReadAction\",\"target\":[\"https:\\\/\\\/kuali.com.mx\\\/web\\\/2024\\\/10\\\/22\\\/realizara-silao-festival-de-muertos-asustame-panteon\\\/\"]}]},{\"@type\":\"ImageObject\",\"inLanguage\":\"es\",\"@id\":\"https:\\\/\\\/kuali.com.mx\\\/web\\\/2024\\\/10\\\/22\\\/realizara-silao-festival-de-muertos-asustame-panteon\\\/#primaryimage\",\"url\":\"https:\\\/\\\/kuali.com.mx\\\/web\\\/wp-content\\\/uploads\\\/2024\\\/10\\\/Catrinas.gif\",\"contentUrl\":\"https:\\\/\\\/kuali.com.mx\\\/web\\\/wp-content\\\/uploads\\\/2024\\\/10\\\/Catrinas.gif\",\"width\":1851,\"height\":750},{\"@type\":\"BreadcrumbList\",\"@id\":\"https:\\\/\\\/kuali.com.mx\\\/web\\\/2024\\\/10\\\/22\\\/realizara-silao-festival-de-muertos-asustame-panteon\\\/#breadcrumb\",\"itemListElement\":[{\"@type\":\"ListItem\",\"position\":1,\"name\":\"Inicio\",\"item\":\"https:\\\/\\\/kuali.com.mx\\\/web\\\/\"},{\"@type\":\"ListItem\",\"position\":2,\"name\":\"REALIZAR\u00c1 SILAO FESTIVAL DE MUERTOS \u201cAS\u00daSTAME PANTE\u00d3N\u201d\"}]},{\"@type\":\"WebSite\",\"@id\":\"https:\\\/\\\/kuali.com.mx\\\/web\\\/#website\",\"url\":\"https:\\\/\\\/kuali.com.mx\\\/web\\\/\",\"name\":\"Kuali\",\"description\":\"\",\"potentialAction\":[{\"@type\":\"SearchAction\",\"target\":{\"@type\":\"EntryPoint\",\"urlTemplate\":\"https:\\\/\\\/kuali.com.mx\\\/web\\\/?s={search_term_string}\"},\"query-input\":{\"@type\":\"PropertyValueSpecification\",\"valueRequired\":true,\"valueName\":\"search_term_string\"}}],\"inLanguage\":\"es\"},{\"@type\":\"Person\",\"@id\":\"https:\\\/\\\/kuali.com.mx\\\/web\\\/#\\\/schema\\\/person\\\/6f89ffa8ecba9dae50662357923c5289\",\"name\":\"Kuali Staff\",\"image\":{\"@type\":\"ImageObject\",\"inLanguage\":\"es\",\"@id\":\"https:\\\/\\\/secure.gravatar.com\\\/avatar\\\/f917ad82e5ab71227a733c78b6e60715476f69ee6be59feee4eb5d9920c89e0f?s=96&d=mm&r=g\",\"url\":\"https:\\\/\\\/secure.gravatar.com\\\/avatar\\\/f917ad82e5ab71227a733c78b6e60715476f69ee6be59feee4eb5d9920c89e0f?s=96&d=mm&r=g\",\"contentUrl\":\"https:\\\/\\\/secure.gravatar.com\\\/avatar\\\/f917ad82e5ab71227a733c78b6e60715476f69ee6be59feee4eb5d9920c89e0f?s=96&d=mm&r=g\",\"caption\":\"Kuali Staff\"},\"url\":\"https:\\\/\\\/kuali.com.mx\\\/web\\\/author\\\/lagarto\\\/\"}]}<\/script>\n<!-- \/ Yoast SEO plugin. -->","yoast_head_json":{"title":"REALIZAR\u00c1 SILAO FESTIVAL DE MUERTOS \u201cAS\u00daSTAME PANTE\u00d3N\u201d - Kuali","robots":{"index":"index","follow":"follow","max-snippet":"max-snippet:-1","max-image-preview":"max-image-preview:large","max-video-preview":"max-video-preview:-1"},"canonical":"https:\/\/kuali.com.mx\/web\/2024\/10\/22\/realizara-silao-festival-de-muertos-asustame-panteon\/","og_locale":"es_MX","og_type":"article","og_title":"REALIZAR\u00c1 SILAO FESTIVAL DE MUERTOS \u201cAS\u00daSTAME PANTE\u00d3N\u201d - Kuali","og_description":"Alicia Arias\/Silao, Gto.- Desfiles de catrinas y zombies, concursos, alfe\u00f1iques, talleres, danza, pan de muerto y calaveritas dar\u00e1n vida al primer Festival del D\u00eda de Muertos \u2018As\u00fastame Pante\u00f3n\u2019 en la ciudad de Silao. El evento durar\u00e1 10 d\u00edas, comenzando el 25 de octubre para terminar cuatro de noviembre y se desarrollar\u00e1 en diferentes sedes de [&hellip;]","og_url":"https:\/\/kuali.com.mx\/web\/2024\/10\/22\/realizara-silao-festival-de-muertos-asustame-panteon\/","og_site_name":"Kuali","article_publisher":"https:\/\/kuali.com.mx\/web\/wp-content\/uploads\/2018\/04\/cropped-kuali_logo-1-1.png","article_published_time":"2024-10-22T19:20:53+00:00","article_modified_time":"2024-10-23T13:12:06+00:00","og_image":[{"width":1851,"height":750,"url":"https:\/\/kuali.com.mx\/web\/wp-content\/uploads\/2024\/10\/Catrinas.gif","type":"image\/gif"}],"author":"Kuali Staff","twitter_card":"summary_large_image","twitter_creator":"@kuali_noticias","twitter_site":"@kuali_noticias","twitter_misc":{"Escrito por":"Kuali Staff","Tiempo de lectura":"2 minutos"},"schema":{"@context":"https:\/\/schema.org","@graph":[{"@type":"Article","@id":"https:\/\/kuali.com.mx\/web\/2024\/10\/22\/realizara-silao-festival-de-muertos-asustame-panteon\/#article","isPartOf":{"@id":"https:\/\/kuali.com.mx\/web\/2024\/10\/22\/realizara-silao-festival-de-muertos-asustame-panteon\/"},"author":{"name":"Kuali Staff","@id":"https:\/\/kuali.com.mx\/web\/#\/schema\/person\/6f89ffa8ecba9dae50662357923c5289"},"headline":"REALIZAR\u00c1 SILAO FESTIVAL DE MUERTOS \u201cAS\u00daSTAME PANTE\u00d3N\u201d","datePublished":"2024-10-22T19:20:53+00:00","dateModified":"2024-10-23T13:12:06+00:00","mainEntityOfPage":{"@id":"https:\/\/kuali.com.mx\/web\/2024\/10\/22\/realizara-silao-festival-de-muertos-asustame-panteon\/"},"wordCount":311,"commentCount":0,"image":{"@id":"https:\/\/kuali.com.mx\/web\/2024\/10\/22\/realizara-silao-festival-de-muertos-asustame-panteon\/#primaryimage"},"thumbnailUrl":"https:\/\/kuali.com.mx\/web\/wp-content\/uploads\/2024\/10\/Catrinas.gif","keywords":["Alfe\u00f1iques","Catrinas","D\u00eda de Muertos","Festivales","Silao","Tradiciones","Zombies"],"articleSection":["Cultura"],"inLanguage":"es","potentialAction":[{"@type":"CommentAction","name":"Comment","target":["https:\/\/kuali.com.mx\/web\/2024\/10\/22\/realizara-silao-festival-de-muertos-asustame-panteon\/#respond"]}]},{"@type":"WebPage","@id":"https:\/\/kuali.com.mx\/web\/2024\/10\/22\/realizara-silao-festival-de-muertos-asustame-panteon\/","url":"https:\/\/kuali.com.mx\/web\/2024\/10\/22\/realizara-silao-festival-de-muertos-asustame-panteon\/","name":"REALIZAR\u00c1 SILAO FESTIVAL DE MUERTOS \u201cAS\u00daSTAME PANTE\u00d3N\u201d - Kuali","isPartOf":{"@id":"https:\/\/kuali.com.mx\/web\/#website"},"primaryImageOfPage":{"@id":"https:\/\/kuali.com.mx\/web\/2024\/10\/22\/realizara-silao-festival-de-muertos-asustame-panteon\/#primaryimage"},"image":{"@id":"https:\/\/kuali.com.mx\/web\/2024\/10\/22\/realizara-silao-festival-de-muertos-asustame-panteon\/#primaryimage"},"thumbnailUrl":"https:\/\/kuali.com.mx\/web\/wp-content\/uploads\/2024\/10\/Catrinas.gif","datePublished":"2024-10-22T19:20:53+00:00","dateModified":"2024-10-23T13:12:06+00:00","author":{"@id":"https:\/\/kuali.com.mx\/web\/#\/schema\/person\/6f89ffa8ecba9dae50662357923c5289"},"breadcrumb":{"@id":"https:\/\/kuali.com.mx\/web\/2024\/10\/22\/realizara-silao-festival-de-muertos-asustame-panteon\/#breadcrumb"},"inLanguage":"es","potentialAction":[{"@type":"ReadAction","target":["https:\/\/kuali.com.mx\/web\/2024\/10\/22\/realizara-silao-festival-de-muertos-asustame-panteon\/"]}]},{"@type":"ImageObject","inLanguage":"es","@id":"https:\/\/kuali.com.mx\/web\/2024\/10\/22\/realizara-silao-festival-de-muertos-asustame-panteon\/#primaryimage","url":"https:\/\/kuali.com.mx\/web\/wp-content\/uploads\/2024\/10\/Catrinas.gif","contentUrl":"https:\/\/kuali.com.mx\/web\/wp-content\/uploads\/2024\/10\/Catrinas.gif","width":1851,"height":750},{"@type":"BreadcrumbList","@id":"https:\/\/kuali.com.mx\/web\/2024\/10\/22\/realizara-silao-festival-de-muertos-asustame-panteon\/#breadcrumb","itemListElement":[{"@type":"ListItem","position":1,"name":"Inicio","item":"https:\/\/kuali.com.mx\/web\/"},{"@type":"ListItem","position":2,"name":"REALIZAR\u00c1 SILAO FESTIVAL DE MUERTOS \u201cAS\u00daSTAME PANTE\u00d3N\u201d"}]},{"@type":"WebSite","@id":"https:\/\/kuali.com.mx\/web\/#website","url":"https:\/\/kuali.com.mx\/web\/","name":"Kuali","description":"","potentialAction":[{"@type":"SearchAction","target":{"@type":"EntryPoint","urlTemplate":"https:\/\/kuali.com.mx\/web\/?s={search_term_string}"},"query-input":{"@type":"PropertyValueSpecification","valueRequired":true,"valueName":"search_term_string"}}],"inLanguage":"es"},{"@type":"Person","@id":"https:\/\/kuali.com.mx\/web\/#\/schema\/person\/6f89ffa8ecba9dae50662357923c5289","name":"Kuali Staff","image":{"@type":"ImageObject","inLanguage":"es","@id":"https:\/\/secure.gravatar.com\/avatar\/f917ad82e5ab71227a733c78b6e60715476f69ee6be59feee4eb5d9920c89e0f?s=96&d=mm&r=g","url":"https:\/\/secure.gravatar.com\/avatar\/f917ad82e5ab71227a733c78b6e60715476f69ee6be59feee4eb5d9920c89e0f?s=96&d=mm&r=g","contentUrl":"https:\/\/secure.gravatar.com\/avatar\/f917ad82e5ab71227a733c78b6e60715476f69ee6be59feee4eb5d9920c89e0f?s=96&d=mm&r=g","caption":"Kuali Staff"},"url":"https:\/\/kuali.com.mx\/web\/author\/lagarto\/"}]}},"_links":{"self":[{"href":"https:\/\/kuali.com.mx\/web\/wp-json\/wp\/v2\/posts\/157623","targetHints":{"allow":["GET"]}}],"collection":[{"href":"https:\/\/kuali.com.mx\/web\/wp-json\/wp\/v2\/posts"}],"about":[{"href":"https:\/\/kuali.com.mx\/web\/wp-json\/wp\/v2\/types\/post"}],"author":[{"embeddable":true,"href":"https:\/\/kuali.com.mx\/web\/wp-json\/wp\/v2\/users\/2"}],"replies":[{"embeddable":true,"href":"https:\/\/kuali.com.mx\/web\/wp-json\/wp\/v2\/comments?post=157623"}],"version-history":[{"count":4,"href":"https:\/\/kuali.com.mx\/web\/wp-json\/wp\/v2\/posts\/157623\/revisions"}],"predecessor-version":[{"id":157670,"href":"https:\/\/kuali.com.mx\/web\/wp-json\/wp\/v2\/posts\/157623\/revisions\/157670"}],"wp:featuredmedia":[{"embeddable":true,"href":"https:\/\/kuali.com.mx\/web\/wp-json\/wp\/v2\/media\/157626"}],"wp:attachment":[{"href":"https:\/\/kuali.com.mx\/web\/wp-json\/wp\/v2\/media?parent=157623"}],"wp:term":[{"taxonomy":"category","embeddable":true,"href":"https:\/\/kuali.com.mx\/web\/wp-json\/wp\/v2\/categories?post=157623"},{"taxonomy":"post_tag","embeddable":true,"href":"https:\/\/kuali.com.mx\/web\/wp-json\/wp\/v2\/tags?post=157623"}],"curies":[{"name":"wp","href":"https:\/\/api.w.org\/{rel}","templated":true}]}}