{"id":157492,"date":"2024-10-21T15:40:00","date_gmt":"2024-10-21T21:40:00","guid":{"rendered":"https:\/\/kuali.com.mx\/web\/?p=157492"},"modified":"2024-10-21T19:42:43","modified_gmt":"2024-10-22T01:42:43","slug":"proyectan-regresar-a-45-mil-infantes-a-la-escuela","status":"publish","type":"post","link":"https:\/\/kuali.com.mx\/web\/2024\/10\/21\/proyectan-regresar-a-45-mil-infantes-a-la-escuela\/","title":{"rendered":"PROYECTAN REGRESAR A 45 MIL INFANTES A LA ESCUELA"},"content":{"rendered":"\n<p><strong><em>Kuali\/Guanajuato, Gto.-<\/em><\/strong> El gobierno del Estado de Guanajuato buscan que m\u00e1s de 45 mil infantes inicien un proceso de reinserci\u00f3n escolar, anunci\u00f3  la gobernadora, Libia Dennise Garc\u00eda Mu\u00f1oz Ledo, al referirse a las jornadas de reinserci\u00f3n escolar \"\u00c1brele la Puerta al Futuro\".<\/p>\n\n\n\n<p>\"Cuando hablamos de que lo m\u00e1s importante son nuestras ni\u00f1as y ni\u00f1os, significa que tenemos que ir a donde ellos est\u00e1n, por eso estamos yendo puerta por puerta con aquellas ni\u00f1as y ni\u00f1os que por alguna situaci\u00f3n tuvieron que dejar la escuela; los queremos en las escuelas para ayudarles a cumplir sus sue\u00f1os\", expres\u00f3 la Gobernadora durante la transmisi\u00f3n Conectando con la Gente.<\/p>\n\n\n\n<p>Estas jornadas consisten en buscar, hasta la puerta de su casa, a las alumnas y alumnos que abandonaron sus estudios.<\/p>\n\n\n\n<p>Libia Dennise dijo que se dar\u00e1 seguimiento a cada caso, con apoyo espec\u00edfico para mejorar el entorno familiar y facilitar el regreso de las y los estudiantes.<\/p>\n\n\n\n<p>En esta edici\u00f3n de Conectando con la Gente se cont\u00f3 con la presencia de Luis Ignacio S\u00e1nchez G\u00f3mez, titular de la Secretar\u00eda de Educaci\u00f3n de Guanajuato, quien explic\u00f3 que en la entidad, 76 mil 064 estudiantes dejaron las aulas de enero del 2022 a agosto del 2024, y detall\u00f3 que en este periodo de tiempo se reincorporaron 58 mil 838 estudiantes, que fueron localizados o bien, identificados en otros estados, incluso algunos que nunca dejaron sus estudios pero que ten\u00edan problemas con su CURP y la SEG los ten\u00eda duplicados dentro del sistema de control escolar.<\/p>\n\n\n\n<p>Actualmente en el Estado de Guanajuato se cuenta con 45 mil 633 estudiantes en proceso de reinserci\u00f3n escolar, de los cuales, se tiene informaci\u00f3n para localizarles y buscar su retorno a las aulas.<\/p>\n\n\n\n<p>La semana pasada, la Gobernadora Libia Dennise encabez\u00f3 estas jornadas de reinserci\u00f3n escolar '\u00c1brele la Puerta al Futuro', en la colonia Ladrilleras del Refugio, ubicada en el municipio de Le\u00f3n, en donde estuvo tocando puertas acompa\u00f1ada de personal y visores de la SEG. En este programa tambi\u00e9n participa personal de JuventuEs GTO y DIF Estatal.<\/p>\n\n\n\n<p>\"Vamos a seguir tocando puertas y dando un seguimiento oportuno que propicie el regreso de las ni\u00f1as y ni\u00f1os a las escuelas. Un ni\u00f1o que deja la escuela dif\u00edcilmente va a regresar por s\u00ed mismo, por eso, hoy lo que estamos haciendo por todo el estado y con todo el equipo de la SEG, es recorrer las calles y vamos a estar dando seguimiento a cada caso, porque cada realidad es diferente\", explic\u00f3 Libia.<\/p>\n\n\n\n<p>Por \u00faltimo, la Gobernadora invit\u00f3 a las madres y padres de familia en esta situaci\u00f3n a contactar al personal de la Secretar\u00eda de Educaci\u00f3n de Guanajuato a trav\u00e9s de las redes sociales y de la l\u00ednea de atenci\u00f3n 800 FUTUROS (388 87 67).<\/p>\n\n\n\n<p>\"Yo hoy les digo a las madres y padres de familia, \u00e9ste es el momento para levantar la mano. Queremos a nuestras ni\u00f1as y ni\u00f1os en las escuelas y nosotros vamos a seguir trabajando con amor y vocaci\u00f3n para hacer que las familias de Guanajuato vivan mejor\", concluy\u00f3.<\/p>\n","protected":false},"excerpt":{"rendered":"Kuali\/Guanajuato, Gto.- El gobierno del Estado de Guanajuato buscan que m\u00e1s de 45 mil infantes inicien un proceso de reinserci\u00f3n escolar, anunci\u00f3 la gobernadora, Libia Dennise Garc\u00eda Mu\u00f1oz Ledo, al referirse a las jornadas de reinserci\u00f3n escolar \"\u00c1brele la Puerta al Futuro\". \"Cuando hablamos de que lo m\u00e1s importante son nuestras ni\u00f1as y ni\u00f1os, significa [&hellip;]","protected":false},"author":2,"featured_media":73625,"comment_status":"open","ping_status":"open","sticky":false,"template":"","format":"standard","meta":{"_seopress_robots_primary_cat":"none","_seopress_titles_title":"","_seopress_titles_desc":"","_seopress_robots_index":"","_monsterinsights_skip_tracking":false,"_monsterinsights_sitenote_active":false,"_monsterinsights_sitenote_note":"","_monsterinsights_sitenote_category":0,"footnotes":""},"categories":[4],"tags":[],"class_list":["post-157492","post","type-post","status-publish","format-standard","has-post-thumbnail","hentry","category-educacion"],"yoast_head":"<!-- This site is optimized with the Yoast SEO plugin v27.4 - https:\/\/yoast.com\/product\/yoast-seo-wordpress\/ -->\n<title>PROYECTAN REGRESAR A 45 MIL INFANTES A LA ESCUELA - Kuali<\/title>\n<meta name=\"robots\" content=\"index, follow, max-snippet:-1, max-image-preview:large, max-video-preview:-1\" \/>\n<link rel=\"canonical\" href=\"https:\/\/kuali.com.mx\/web\/2024\/10\/21\/proyectan-regresar-a-45-mil-infantes-a-la-escuela\/\" \/>\n<meta property=\"og:locale\" content=\"es_MX\" \/>\n<meta property=\"og:type\" content=\"article\" \/>\n<meta property=\"og:title\" content=\"PROYECTAN REGRESAR A 45 MIL INFANTES A LA ESCUELA - Kuali\" \/>\n<meta property=\"og:description\" content=\"Kuali\/Guanajuato, Gto.- El gobierno del Estado de Guanajuato buscan que m\u00e1s de 45 mil infantes inicien un proceso de reinserci\u00f3n escolar, anunci\u00f3 la gobernadora, Libia Dennise Garc\u00eda Mu\u00f1oz Ledo, al referirse a las jornadas de reinserci\u00f3n escolar &quot;\u00c1brele la Puerta al Futuro&quot;. &quot;Cuando hablamos de que lo m\u00e1s importante son nuestras ni\u00f1as y ni\u00f1os, significa [&hellip;]\" \/>\n<meta property=\"og:url\" content=\"https:\/\/kuali.com.mx\/web\/2024\/10\/21\/proyectan-regresar-a-45-mil-infantes-a-la-escuela\/\" \/>\n<meta property=\"og:site_name\" content=\"Kuali\" \/>\n<meta property=\"article:publisher\" content=\"https:\/\/kuali.com.mx\/web\/wp-content\/uploads\/2018\/04\/cropped-kuali_logo-1-1.png\" \/>\n<meta property=\"article:published_time\" content=\"2024-10-21T21:40:00+00:00\" \/>\n<meta property=\"article:modified_time\" content=\"2024-10-22T01:42:43+00:00\" \/>\n<meta property=\"og:image\" content=\"https:\/\/kuali.com.mx\/web\/wp-content\/uploads\/2020\/08\/clases-e1614047650123.jpg\" \/>\n\t<meta property=\"og:image:width\" content=\"1852\" \/>\n\t<meta property=\"og:image:height\" content=\"750\" \/>\n\t<meta property=\"og:image:type\" content=\"image\/jpeg\" \/>\n<meta name=\"author\" content=\"Kuali Staff\" \/>\n<meta name=\"twitter:card\" content=\"summary_large_image\" \/>\n<meta name=\"twitter:creator\" content=\"@kuali_noticias\" \/>\n<meta name=\"twitter:site\" content=\"@kuali_noticias\" \/>\n<meta name=\"twitter:label1\" content=\"Escrito por\" \/>\n\t<meta name=\"twitter:data1\" content=\"Kuali Staff\" \/>\n\t<meta name=\"twitter:label2\" content=\"Tiempo de lectura\" \/>\n\t<meta name=\"twitter:data2\" content=\"3 minutos\" \/>\n<script type=\"application\/ld+json\" class=\"yoast-schema-graph\">{\"@context\":\"https:\\\/\\\/schema.org\",\"@graph\":[{\"@type\":\"Article\",\"@id\":\"https:\\\/\\\/kuali.com.mx\\\/web\\\/2024\\\/10\\\/21\\\/proyectan-regresar-a-45-mil-infantes-a-la-escuela\\\/#article\",\"isPartOf\":{\"@id\":\"https:\\\/\\\/kuali.com.mx\\\/web\\\/2024\\\/10\\\/21\\\/proyectan-regresar-a-45-mil-infantes-a-la-escuela\\\/\"},\"author\":{\"name\":\"Kuali Staff\",\"@id\":\"https:\\\/\\\/kuali.com.mx\\\/web\\\/#\\\/schema\\\/person\\\/6f89ffa8ecba9dae50662357923c5289\"},\"headline\":\"PROYECTAN REGRESAR A 45 MIL INFANTES A LA ESCUELA\",\"datePublished\":\"2024-10-21T21:40:00+00:00\",\"dateModified\":\"2024-10-22T01:42:43+00:00\",\"mainEntityOfPage\":{\"@id\":\"https:\\\/\\\/kuali.com.mx\\\/web\\\/2024\\\/10\\\/21\\\/proyectan-regresar-a-45-mil-infantes-a-la-escuela\\\/\"},\"wordCount\":540,\"commentCount\":0,\"image\":{\"@id\":\"https:\\\/\\\/kuali.com.mx\\\/web\\\/2024\\\/10\\\/21\\\/proyectan-regresar-a-45-mil-infantes-a-la-escuela\\\/#primaryimage\"},\"thumbnailUrl\":\"https:\\\/\\\/kuali.com.mx\\\/web\\\/wp-content\\\/uploads\\\/2020\\\/08\\\/clases-e1614047650123.jpg\",\"articleSection\":[\"Educaci\u00f3n\"],\"inLanguage\":\"es\",\"potentialAction\":[{\"@type\":\"CommentAction\",\"name\":\"Comment\",\"target\":[\"https:\\\/\\\/kuali.com.mx\\\/web\\\/2024\\\/10\\\/21\\\/proyectan-regresar-a-45-mil-infantes-a-la-escuela\\\/#respond\"]}]},{\"@type\":\"WebPage\",\"@id\":\"https:\\\/\\\/kuali.com.mx\\\/web\\\/2024\\\/10\\\/21\\\/proyectan-regresar-a-45-mil-infantes-a-la-escuela\\\/\",\"url\":\"https:\\\/\\\/kuali.com.mx\\\/web\\\/2024\\\/10\\\/21\\\/proyectan-regresar-a-45-mil-infantes-a-la-escuela\\\/\",\"name\":\"PROYECTAN REGRESAR A 45 MIL INFANTES A LA ESCUELA - Kuali\",\"isPartOf\":{\"@id\":\"https:\\\/\\\/kuali.com.mx\\\/web\\\/#website\"},\"primaryImageOfPage\":{\"@id\":\"https:\\\/\\\/kuali.com.mx\\\/web\\\/2024\\\/10\\\/21\\\/proyectan-regresar-a-45-mil-infantes-a-la-escuela\\\/#primaryimage\"},\"image\":{\"@id\":\"https:\\\/\\\/kuali.com.mx\\\/web\\\/2024\\\/10\\\/21\\\/proyectan-regresar-a-45-mil-infantes-a-la-escuela\\\/#primaryimage\"},\"thumbnailUrl\":\"https:\\\/\\\/kuali.com.mx\\\/web\\\/wp-content\\\/uploads\\\/2020\\\/08\\\/clases-e1614047650123.jpg\",\"datePublished\":\"2024-10-21T21:40:00+00:00\",\"dateModified\":\"2024-10-22T01:42:43+00:00\",\"author\":{\"@id\":\"https:\\\/\\\/kuali.com.mx\\\/web\\\/#\\\/schema\\\/person\\\/6f89ffa8ecba9dae50662357923c5289\"},\"breadcrumb\":{\"@id\":\"https:\\\/\\\/kuali.com.mx\\\/web\\\/2024\\\/10\\\/21\\\/proyectan-regresar-a-45-mil-infantes-a-la-escuela\\\/#breadcrumb\"},\"inLanguage\":\"es\",\"potentialAction\":[{\"@type\":\"ReadAction\",\"target\":[\"https:\\\/\\\/kuali.com.mx\\\/web\\\/2024\\\/10\\\/21\\\/proyectan-regresar-a-45-mil-infantes-a-la-escuela\\\/\"]}]},{\"@type\":\"ImageObject\",\"inLanguage\":\"es\",\"@id\":\"https:\\\/\\\/kuali.com.mx\\\/web\\\/2024\\\/10\\\/21\\\/proyectan-regresar-a-45-mil-infantes-a-la-escuela\\\/#primaryimage\",\"url\":\"https:\\\/\\\/kuali.com.mx\\\/web\\\/wp-content\\\/uploads\\\/2020\\\/08\\\/clases-e1614047650123.jpg\",\"contentUrl\":\"https:\\\/\\\/kuali.com.mx\\\/web\\\/wp-content\\\/uploads\\\/2020\\\/08\\\/clases-e1614047650123.jpg\",\"width\":1852,\"height\":750},{\"@type\":\"BreadcrumbList\",\"@id\":\"https:\\\/\\\/kuali.com.mx\\\/web\\\/2024\\\/10\\\/21\\\/proyectan-regresar-a-45-mil-infantes-a-la-escuela\\\/#breadcrumb\",\"itemListElement\":[{\"@type\":\"ListItem\",\"position\":1,\"name\":\"Inicio\",\"item\":\"https:\\\/\\\/kuali.com.mx\\\/web\\\/\"},{\"@type\":\"ListItem\",\"position\":2,\"name\":\"PROYECTAN REGRESAR A 45 MIL INFANTES A LA ESCUELA\"}]},{\"@type\":\"WebSite\",\"@id\":\"https:\\\/\\\/kuali.com.mx\\\/web\\\/#website\",\"url\":\"https:\\\/\\\/kuali.com.mx\\\/web\\\/\",\"name\":\"Kuali\",\"description\":\"\",\"potentialAction\":[{\"@type\":\"SearchAction\",\"target\":{\"@type\":\"EntryPoint\",\"urlTemplate\":\"https:\\\/\\\/kuali.com.mx\\\/web\\\/?s={search_term_string}\"},\"query-input\":{\"@type\":\"PropertyValueSpecification\",\"valueRequired\":true,\"valueName\":\"search_term_string\"}}],\"inLanguage\":\"es\"},{\"@type\":\"Person\",\"@id\":\"https:\\\/\\\/kuali.com.mx\\\/web\\\/#\\\/schema\\\/person\\\/6f89ffa8ecba9dae50662357923c5289\",\"name\":\"Kuali Staff\",\"image\":{\"@type\":\"ImageObject\",\"inLanguage\":\"es\",\"@id\":\"https:\\\/\\\/secure.gravatar.com\\\/avatar\\\/f917ad82e5ab71227a733c78b6e60715476f69ee6be59feee4eb5d9920c89e0f?s=96&d=mm&r=g\",\"url\":\"https:\\\/\\\/secure.gravatar.com\\\/avatar\\\/f917ad82e5ab71227a733c78b6e60715476f69ee6be59feee4eb5d9920c89e0f?s=96&d=mm&r=g\",\"contentUrl\":\"https:\\\/\\\/secure.gravatar.com\\\/avatar\\\/f917ad82e5ab71227a733c78b6e60715476f69ee6be59feee4eb5d9920c89e0f?s=96&d=mm&r=g\",\"caption\":\"Kuali Staff\"},\"url\":\"https:\\\/\\\/kuali.com.mx\\\/web\\\/author\\\/lagarto\\\/\"}]}<\/script>\n<!-- \/ Yoast SEO plugin. -->","yoast_head_json":{"title":"PROYECTAN REGRESAR A 45 MIL INFANTES A LA ESCUELA - Kuali","robots":{"index":"index","follow":"follow","max-snippet":"max-snippet:-1","max-image-preview":"max-image-preview:large","max-video-preview":"max-video-preview:-1"},"canonical":"https:\/\/kuali.com.mx\/web\/2024\/10\/21\/proyectan-regresar-a-45-mil-infantes-a-la-escuela\/","og_locale":"es_MX","og_type":"article","og_title":"PROYECTAN REGRESAR A 45 MIL INFANTES A LA ESCUELA - Kuali","og_description":"Kuali\/Guanajuato, Gto.- El gobierno del Estado de Guanajuato buscan que m\u00e1s de 45 mil infantes inicien un proceso de reinserci\u00f3n escolar, anunci\u00f3 la gobernadora, Libia Dennise Garc\u00eda Mu\u00f1oz Ledo, al referirse a las jornadas de reinserci\u00f3n escolar \"\u00c1brele la Puerta al Futuro\". \"Cuando hablamos de que lo m\u00e1s importante son nuestras ni\u00f1as y ni\u00f1os, significa [&hellip;]","og_url":"https:\/\/kuali.com.mx\/web\/2024\/10\/21\/proyectan-regresar-a-45-mil-infantes-a-la-escuela\/","og_site_name":"Kuali","article_publisher":"https:\/\/kuali.com.mx\/web\/wp-content\/uploads\/2018\/04\/cropped-kuali_logo-1-1.png","article_published_time":"2024-10-21T21:40:00+00:00","article_modified_time":"2024-10-22T01:42:43+00:00","og_image":[{"width":1852,"height":750,"url":"https:\/\/kuali.com.mx\/web\/wp-content\/uploads\/2020\/08\/clases-e1614047650123.jpg","type":"image\/jpeg"}],"author":"Kuali Staff","twitter_card":"summary_large_image","twitter_creator":"@kuali_noticias","twitter_site":"@kuali_noticias","twitter_misc":{"Escrito por":"Kuali Staff","Tiempo de lectura":"3 minutos"},"schema":{"@context":"https:\/\/schema.org","@graph":[{"@type":"Article","@id":"https:\/\/kuali.com.mx\/web\/2024\/10\/21\/proyectan-regresar-a-45-mil-infantes-a-la-escuela\/#article","isPartOf":{"@id":"https:\/\/kuali.com.mx\/web\/2024\/10\/21\/proyectan-regresar-a-45-mil-infantes-a-la-escuela\/"},"author":{"name":"Kuali Staff","@id":"https:\/\/kuali.com.mx\/web\/#\/schema\/person\/6f89ffa8ecba9dae50662357923c5289"},"headline":"PROYECTAN REGRESAR A 45 MIL INFANTES A LA ESCUELA","datePublished":"2024-10-21T21:40:00+00:00","dateModified":"2024-10-22T01:42:43+00:00","mainEntityOfPage":{"@id":"https:\/\/kuali.com.mx\/web\/2024\/10\/21\/proyectan-regresar-a-45-mil-infantes-a-la-escuela\/"},"wordCount":540,"commentCount":0,"image":{"@id":"https:\/\/kuali.com.mx\/web\/2024\/10\/21\/proyectan-regresar-a-45-mil-infantes-a-la-escuela\/#primaryimage"},"thumbnailUrl":"https:\/\/kuali.com.mx\/web\/wp-content\/uploads\/2020\/08\/clases-e1614047650123.jpg","articleSection":["Educaci\u00f3n"],"inLanguage":"es","potentialAction":[{"@type":"CommentAction","name":"Comment","target":["https:\/\/kuali.com.mx\/web\/2024\/10\/21\/proyectan-regresar-a-45-mil-infantes-a-la-escuela\/#respond"]}]},{"@type":"WebPage","@id":"https:\/\/kuali.com.mx\/web\/2024\/10\/21\/proyectan-regresar-a-45-mil-infantes-a-la-escuela\/","url":"https:\/\/kuali.com.mx\/web\/2024\/10\/21\/proyectan-regresar-a-45-mil-infantes-a-la-escuela\/","name":"PROYECTAN REGRESAR A 45 MIL INFANTES A LA ESCUELA - Kuali","isPartOf":{"@id":"https:\/\/kuali.com.mx\/web\/#website"},"primaryImageOfPage":{"@id":"https:\/\/kuali.com.mx\/web\/2024\/10\/21\/proyectan-regresar-a-45-mil-infantes-a-la-escuela\/#primaryimage"},"image":{"@id":"https:\/\/kuali.com.mx\/web\/2024\/10\/21\/proyectan-regresar-a-45-mil-infantes-a-la-escuela\/#primaryimage"},"thumbnailUrl":"https:\/\/kuali.com.mx\/web\/wp-content\/uploads\/2020\/08\/clases-e1614047650123.jpg","datePublished":"2024-10-21T21:40:00+00:00","dateModified":"2024-10-22T01:42:43+00:00","author":{"@id":"https:\/\/kuali.com.mx\/web\/#\/schema\/person\/6f89ffa8ecba9dae50662357923c5289"},"breadcrumb":{"@id":"https:\/\/kuali.com.mx\/web\/2024\/10\/21\/proyectan-regresar-a-45-mil-infantes-a-la-escuela\/#breadcrumb"},"inLanguage":"es","potentialAction":[{"@type":"ReadAction","target":["https:\/\/kuali.com.mx\/web\/2024\/10\/21\/proyectan-regresar-a-45-mil-infantes-a-la-escuela\/"]}]},{"@type":"ImageObject","inLanguage":"es","@id":"https:\/\/kuali.com.mx\/web\/2024\/10\/21\/proyectan-regresar-a-45-mil-infantes-a-la-escuela\/#primaryimage","url":"https:\/\/kuali.com.mx\/web\/wp-content\/uploads\/2020\/08\/clases-e1614047650123.jpg","contentUrl":"https:\/\/kuali.com.mx\/web\/wp-content\/uploads\/2020\/08\/clases-e1614047650123.jpg","width":1852,"height":750},{"@type":"BreadcrumbList","@id":"https:\/\/kuali.com.mx\/web\/2024\/10\/21\/proyectan-regresar-a-45-mil-infantes-a-la-escuela\/#breadcrumb","itemListElement":[{"@type":"ListItem","position":1,"name":"Inicio","item":"https:\/\/kuali.com.mx\/web\/"},{"@type":"ListItem","position":2,"name":"PROYECTAN REGRESAR A 45 MIL INFANTES A LA ESCUELA"}]},{"@type":"WebSite","@id":"https:\/\/kuali.com.mx\/web\/#website","url":"https:\/\/kuali.com.mx\/web\/","name":"Kuali","description":"","potentialAction":[{"@type":"SearchAction","target":{"@type":"EntryPoint","urlTemplate":"https:\/\/kuali.com.mx\/web\/?s={search_term_string}"},"query-input":{"@type":"PropertyValueSpecification","valueRequired":true,"valueName":"search_term_string"}}],"inLanguage":"es"},{"@type":"Person","@id":"https:\/\/kuali.com.mx\/web\/#\/schema\/person\/6f89ffa8ecba9dae50662357923c5289","name":"Kuali Staff","image":{"@type":"ImageObject","inLanguage":"es","@id":"https:\/\/secure.gravatar.com\/avatar\/f917ad82e5ab71227a733c78b6e60715476f69ee6be59feee4eb5d9920c89e0f?s=96&d=mm&r=g","url":"https:\/\/secure.gravatar.com\/avatar\/f917ad82e5ab71227a733c78b6e60715476f69ee6be59feee4eb5d9920c89e0f?s=96&d=mm&r=g","contentUrl":"https:\/\/secure.gravatar.com\/avatar\/f917ad82e5ab71227a733c78b6e60715476f69ee6be59feee4eb5d9920c89e0f?s=96&d=mm&r=g","caption":"Kuali Staff"},"url":"https:\/\/kuali.com.mx\/web\/author\/lagarto\/"}]}},"_links":{"self":[{"href":"https:\/\/kuali.com.mx\/web\/wp-json\/wp\/v2\/posts\/157492","targetHints":{"allow":["GET"]}}],"collection":[{"href":"https:\/\/kuali.com.mx\/web\/wp-json\/wp\/v2\/posts"}],"about":[{"href":"https:\/\/kuali.com.mx\/web\/wp-json\/wp\/v2\/types\/post"}],"author":[{"embeddable":true,"href":"https:\/\/kuali.com.mx\/web\/wp-json\/wp\/v2\/users\/2"}],"replies":[{"embeddable":true,"href":"https:\/\/kuali.com.mx\/web\/wp-json\/wp\/v2\/comments?post=157492"}],"version-history":[{"count":2,"href":"https:\/\/kuali.com.mx\/web\/wp-json\/wp\/v2\/posts\/157492\/revisions"}],"predecessor-version":[{"id":157496,"href":"https:\/\/kuali.com.mx\/web\/wp-json\/wp\/v2\/posts\/157492\/revisions\/157496"}],"wp:featuredmedia":[{"embeddable":true,"href":"https:\/\/kuali.com.mx\/web\/wp-json\/wp\/v2\/media\/73625"}],"wp:attachment":[{"href":"https:\/\/kuali.com.mx\/web\/wp-json\/wp\/v2\/media?parent=157492"}],"wp:term":[{"taxonomy":"category","embeddable":true,"href":"https:\/\/kuali.com.mx\/web\/wp-json\/wp\/v2\/categories?post=157492"},{"taxonomy":"post_tag","embeddable":true,"href":"https:\/\/kuali.com.mx\/web\/wp-json\/wp\/v2\/tags?post=157492"}],"curies":[{"name":"wp","href":"https:\/\/api.w.org\/{rel}","templated":true}]}}