{"id":156238,"date":"2024-10-04T12:05:33","date_gmt":"2024-10-04T18:05:33","guid":{"rendered":"https:\/\/kuali.com.mx\/web\/?p=156238"},"modified":"2024-10-05T11:13:37","modified_gmt":"2024-10-05T17:13:37","slug":"alista-ilo-fundadores-su-ingreso-al-nacional-charro","status":"publish","type":"post","link":"https:\/\/kuali.com.mx\/web\/2024\/10\/04\/alista-ilo-fundadores-su-ingreso-al-nacional-charro\/","title":{"rendered":"ALISTA ILO FUNDADORES SU INGRESO AL NACIONAL CHARRO"},"content":{"rendered":"\n<p><em><strong>H\u00e9ctor Ar\u00e9valo\/Irapuato, Gto<\/strong><\/em>.-Los jinetes del equipo 'Ignacio Le\u00f3n Ornelas Fundadores, que representa a la Asociaci\u00f3n de Charros de Irapuato de ese mismo nombre, intensifican su preparaci\u00f3n, de cara a su ingreso en el LXXX Congreso y Campeonato Nacional Charro San Luis Potos\u00ed 2024.<\/p>\n\n\n\n<p>Como bien se recordar\u00e1, este magno evento tendr\u00e1 lugar por segundo a\u00f1o consecutivo en San Luis Potos\u00ed, solo que esta vez en la Monumental Arena Potos\u00ed de reciente construcci\u00f3n<\/p>\n\n\n\n<p>De acuerdo al programa oficial de competencias, el ingreso de loa charros 'Freseros' es programada para las 20:30 horas del mi\u00e9rcoles 23 de octubre, en donde buscar\u00e1n sumar sus mejores parciales en las distintas suertes, pues desde luego que la meta de los 140 equipos participantes que llegar\u00e1n de los diferentes estados de la rep\u00fablica, ser\u00e1 el de meterse entre el grupo de semifinalistas.<\/p>\n\n\n\n<p>Tal y como informamos en su oportunidad, el representativo anterior de dicha organizaci\u00f3n&nbsp; fu\u00e9 desintegrado, dando lugar a un nuevo equipo que es impulsado por los socios Manuel Sanabria y Jos\u00e9 Vel\u00e1zquez, quienes iniciaron con el 'Pi\u00e9 derecho', al clasificarse al nacional potosino y se proponen a mantener a esa organizaci\u00f3n en los primeros planos.<\/p>\n\n\n\n<p>El resto de equipos guanajuatenses que actuar\u00e1n en ese nacional , son los siguientes: \u00b4Rancho Victoria', 'Rancho La Gloria y el 'Grupo Violante', respectivamente, en tanto que como Charro Completo, estar\u00e1 Miguel Angel Dur\u00e1n respectivamente.<\/p>\n\n\n\n<p>...<\/p>\n","protected":false},"excerpt":{"rendered":"H\u00e9ctor Ar\u00e9valo\/Irapuato, Gto.-Los jinetes del equipo 'Ignacio Le\u00f3n Ornelas Fundadores, que representa a la Asociaci\u00f3n de Charros de Irapuato de ese mismo nombre, intensifican su preparaci\u00f3n, de cara a su ingreso en el LXXX Congreso y Campeonato Nacional Charro San Luis Potos\u00ed 2024. Como bien se recordar\u00e1, este magno evento tendr\u00e1 lugar por segundo a\u00f1o [&hellip;]","protected":false},"author":2,"featured_media":156240,"comment_status":"open","ping_status":"open","sticky":false,"template":"","format":"standard","meta":{"_seopress_robots_primary_cat":"none","_seopress_titles_title":"","_seopress_titles_desc":"","_seopress_robots_index":"","_monsterinsights_skip_tracking":false,"_monsterinsights_sitenote_active":false,"_monsterinsights_sitenote_note":"","_monsterinsights_sitenote_category":0,"footnotes":""},"categories":[16],"tags":[],"class_list":["post-156238","post","type-post","status-publish","format-standard","has-post-thumbnail","hentry","category-deportes"],"yoast_head":"<!-- This site is optimized with the Yoast SEO plugin v27.4 - https:\/\/yoast.com\/product\/yoast-seo-wordpress\/ -->\n<title>ALISTA ILO FUNDADORES SU INGRESO AL NACIONAL CHARRO - Kuali<\/title>\n<meta name=\"robots\" content=\"index, follow, max-snippet:-1, max-image-preview:large, max-video-preview:-1\" \/>\n<link rel=\"canonical\" href=\"https:\/\/kuali.com.mx\/web\/2024\/10\/04\/alista-ilo-fundadores-su-ingreso-al-nacional-charro\/\" \/>\n<meta property=\"og:locale\" content=\"es_MX\" \/>\n<meta property=\"og:type\" content=\"article\" \/>\n<meta property=\"og:title\" content=\"ALISTA ILO FUNDADORES SU INGRESO AL NACIONAL CHARRO - Kuali\" \/>\n<meta property=\"og:description\" content=\"H\u00e9ctor Ar\u00e9valo\/Irapuato, Gto.-Los jinetes del equipo &#039;Ignacio Le\u00f3n Ornelas Fundadores, que representa a la Asociaci\u00f3n de Charros de Irapuato de ese mismo nombre, intensifican su preparaci\u00f3n, de cara a su ingreso en el LXXX Congreso y Campeonato Nacional Charro San Luis Potos\u00ed 2024. Como bien se recordar\u00e1, este magno evento tendr\u00e1 lugar por segundo a\u00f1o [&hellip;]\" \/>\n<meta property=\"og:url\" content=\"https:\/\/kuali.com.mx\/web\/2024\/10\/04\/alista-ilo-fundadores-su-ingreso-al-nacional-charro\/\" \/>\n<meta property=\"og:site_name\" content=\"Kuali\" \/>\n<meta property=\"article:publisher\" content=\"https:\/\/kuali.com.mx\/web\/wp-content\/uploads\/2018\/04\/cropped-kuali_logo-1-1.png\" \/>\n<meta property=\"article:published_time\" content=\"2024-10-04T18:05:33+00:00\" \/>\n<meta property=\"article:modified_time\" content=\"2024-10-05T17:13:37+00:00\" \/>\n<meta property=\"og:image\" content=\"https:\/\/kuali.com.mx\/web\/wp-content\/uploads\/2024\/10\/ILO-5.jpg\" \/>\n\t<meta property=\"og:image:width\" content=\"1914\" \/>\n\t<meta property=\"og:image:height\" content=\"750\" \/>\n\t<meta property=\"og:image:type\" content=\"image\/jpeg\" \/>\n<meta name=\"author\" content=\"Kuali Staff\" \/>\n<meta name=\"twitter:card\" content=\"summary_large_image\" \/>\n<meta name=\"twitter:creator\" content=\"@kuali_noticias\" \/>\n<meta name=\"twitter:site\" content=\"@kuali_noticias\" \/>\n<meta name=\"twitter:label1\" content=\"Escrito por\" \/>\n\t<meta name=\"twitter:data1\" content=\"Kuali Staff\" \/>\n\t<meta name=\"twitter:label2\" content=\"Tiempo de lectura\" \/>\n\t<meta name=\"twitter:data2\" content=\"1 minuto\" \/>\n<script type=\"application\/ld+json\" class=\"yoast-schema-graph\">{\"@context\":\"https:\\\/\\\/schema.org\",\"@graph\":[{\"@type\":\"Article\",\"@id\":\"https:\\\/\\\/kuali.com.mx\\\/web\\\/2024\\\/10\\\/04\\\/alista-ilo-fundadores-su-ingreso-al-nacional-charro\\\/#article\",\"isPartOf\":{\"@id\":\"https:\\\/\\\/kuali.com.mx\\\/web\\\/2024\\\/10\\\/04\\\/alista-ilo-fundadores-su-ingreso-al-nacional-charro\\\/\"},\"author\":{\"name\":\"Kuali Staff\",\"@id\":\"https:\\\/\\\/kuali.com.mx\\\/web\\\/#\\\/schema\\\/person\\\/6f89ffa8ecba9dae50662357923c5289\"},\"headline\":\"ALISTA ILO FUNDADORES SU INGRESO AL NACIONAL CHARRO\",\"datePublished\":\"2024-10-04T18:05:33+00:00\",\"dateModified\":\"2024-10-05T17:13:37+00:00\",\"mainEntityOfPage\":{\"@id\":\"https:\\\/\\\/kuali.com.mx\\\/web\\\/2024\\\/10\\\/04\\\/alista-ilo-fundadores-su-ingreso-al-nacional-charro\\\/\"},\"wordCount\":248,\"commentCount\":0,\"image\":{\"@id\":\"https:\\\/\\\/kuali.com.mx\\\/web\\\/2024\\\/10\\\/04\\\/alista-ilo-fundadores-su-ingreso-al-nacional-charro\\\/#primaryimage\"},\"thumbnailUrl\":\"https:\\\/\\\/kuali.com.mx\\\/web\\\/wp-content\\\/uploads\\\/2024\\\/10\\\/ILO-5.jpg\",\"articleSection\":[\"Deportes\"],\"inLanguage\":\"es\",\"potentialAction\":[{\"@type\":\"CommentAction\",\"name\":\"Comment\",\"target\":[\"https:\\\/\\\/kuali.com.mx\\\/web\\\/2024\\\/10\\\/04\\\/alista-ilo-fundadores-su-ingreso-al-nacional-charro\\\/#respond\"]}]},{\"@type\":\"WebPage\",\"@id\":\"https:\\\/\\\/kuali.com.mx\\\/web\\\/2024\\\/10\\\/04\\\/alista-ilo-fundadores-su-ingreso-al-nacional-charro\\\/\",\"url\":\"https:\\\/\\\/kuali.com.mx\\\/web\\\/2024\\\/10\\\/04\\\/alista-ilo-fundadores-su-ingreso-al-nacional-charro\\\/\",\"name\":\"ALISTA ILO FUNDADORES SU INGRESO AL NACIONAL CHARRO - Kuali\",\"isPartOf\":{\"@id\":\"https:\\\/\\\/kuali.com.mx\\\/web\\\/#website\"},\"primaryImageOfPage\":{\"@id\":\"https:\\\/\\\/kuali.com.mx\\\/web\\\/2024\\\/10\\\/04\\\/alista-ilo-fundadores-su-ingreso-al-nacional-charro\\\/#primaryimage\"},\"image\":{\"@id\":\"https:\\\/\\\/kuali.com.mx\\\/web\\\/2024\\\/10\\\/04\\\/alista-ilo-fundadores-su-ingreso-al-nacional-charro\\\/#primaryimage\"},\"thumbnailUrl\":\"https:\\\/\\\/kuali.com.mx\\\/web\\\/wp-content\\\/uploads\\\/2024\\\/10\\\/ILO-5.jpg\",\"datePublished\":\"2024-10-04T18:05:33+00:00\",\"dateModified\":\"2024-10-05T17:13:37+00:00\",\"author\":{\"@id\":\"https:\\\/\\\/kuali.com.mx\\\/web\\\/#\\\/schema\\\/person\\\/6f89ffa8ecba9dae50662357923c5289\"},\"breadcrumb\":{\"@id\":\"https:\\\/\\\/kuali.com.mx\\\/web\\\/2024\\\/10\\\/04\\\/alista-ilo-fundadores-su-ingreso-al-nacional-charro\\\/#breadcrumb\"},\"inLanguage\":\"es\",\"potentialAction\":[{\"@type\":\"ReadAction\",\"target\":[\"https:\\\/\\\/kuali.com.mx\\\/web\\\/2024\\\/10\\\/04\\\/alista-ilo-fundadores-su-ingreso-al-nacional-charro\\\/\"]}]},{\"@type\":\"ImageObject\",\"inLanguage\":\"es\",\"@id\":\"https:\\\/\\\/kuali.com.mx\\\/web\\\/2024\\\/10\\\/04\\\/alista-ilo-fundadores-su-ingreso-al-nacional-charro\\\/#primaryimage\",\"url\":\"https:\\\/\\\/kuali.com.mx\\\/web\\\/wp-content\\\/uploads\\\/2024\\\/10\\\/ILO-5.jpg\",\"contentUrl\":\"https:\\\/\\\/kuali.com.mx\\\/web\\\/wp-content\\\/uploads\\\/2024\\\/10\\\/ILO-5.jpg\",\"width\":1914,\"height\":750},{\"@type\":\"BreadcrumbList\",\"@id\":\"https:\\\/\\\/kuali.com.mx\\\/web\\\/2024\\\/10\\\/04\\\/alista-ilo-fundadores-su-ingreso-al-nacional-charro\\\/#breadcrumb\",\"itemListElement\":[{\"@type\":\"ListItem\",\"position\":1,\"name\":\"Inicio\",\"item\":\"https:\\\/\\\/kuali.com.mx\\\/web\\\/\"},{\"@type\":\"ListItem\",\"position\":2,\"name\":\"ALISTA ILO FUNDADORES SU INGRESO AL NACIONAL CHARRO\"}]},{\"@type\":\"WebSite\",\"@id\":\"https:\\\/\\\/kuali.com.mx\\\/web\\\/#website\",\"url\":\"https:\\\/\\\/kuali.com.mx\\\/web\\\/\",\"name\":\"Kuali\",\"description\":\"\",\"potentialAction\":[{\"@type\":\"SearchAction\",\"target\":{\"@type\":\"EntryPoint\",\"urlTemplate\":\"https:\\\/\\\/kuali.com.mx\\\/web\\\/?s={search_term_string}\"},\"query-input\":{\"@type\":\"PropertyValueSpecification\",\"valueRequired\":true,\"valueName\":\"search_term_string\"}}],\"inLanguage\":\"es\"},{\"@type\":\"Person\",\"@id\":\"https:\\\/\\\/kuali.com.mx\\\/web\\\/#\\\/schema\\\/person\\\/6f89ffa8ecba9dae50662357923c5289\",\"name\":\"Kuali Staff\",\"image\":{\"@type\":\"ImageObject\",\"inLanguage\":\"es\",\"@id\":\"https:\\\/\\\/secure.gravatar.com\\\/avatar\\\/f917ad82e5ab71227a733c78b6e60715476f69ee6be59feee4eb5d9920c89e0f?s=96&d=mm&r=g\",\"url\":\"https:\\\/\\\/secure.gravatar.com\\\/avatar\\\/f917ad82e5ab71227a733c78b6e60715476f69ee6be59feee4eb5d9920c89e0f?s=96&d=mm&r=g\",\"contentUrl\":\"https:\\\/\\\/secure.gravatar.com\\\/avatar\\\/f917ad82e5ab71227a733c78b6e60715476f69ee6be59feee4eb5d9920c89e0f?s=96&d=mm&r=g\",\"caption\":\"Kuali Staff\"},\"url\":\"https:\\\/\\\/kuali.com.mx\\\/web\\\/author\\\/lagarto\\\/\"}]}<\/script>\n<!-- \/ Yoast SEO plugin. -->","yoast_head_json":{"title":"ALISTA ILO FUNDADORES SU INGRESO AL NACIONAL CHARRO - Kuali","robots":{"index":"index","follow":"follow","max-snippet":"max-snippet:-1","max-image-preview":"max-image-preview:large","max-video-preview":"max-video-preview:-1"},"canonical":"https:\/\/kuali.com.mx\/web\/2024\/10\/04\/alista-ilo-fundadores-su-ingreso-al-nacional-charro\/","og_locale":"es_MX","og_type":"article","og_title":"ALISTA ILO FUNDADORES SU INGRESO AL NACIONAL CHARRO - Kuali","og_description":"H\u00e9ctor Ar\u00e9valo\/Irapuato, Gto.-Los jinetes del equipo 'Ignacio Le\u00f3n Ornelas Fundadores, que representa a la Asociaci\u00f3n de Charros de Irapuato de ese mismo nombre, intensifican su preparaci\u00f3n, de cara a su ingreso en el LXXX Congreso y Campeonato Nacional Charro San Luis Potos\u00ed 2024. Como bien se recordar\u00e1, este magno evento tendr\u00e1 lugar por segundo a\u00f1o [&hellip;]","og_url":"https:\/\/kuali.com.mx\/web\/2024\/10\/04\/alista-ilo-fundadores-su-ingreso-al-nacional-charro\/","og_site_name":"Kuali","article_publisher":"https:\/\/kuali.com.mx\/web\/wp-content\/uploads\/2018\/04\/cropped-kuali_logo-1-1.png","article_published_time":"2024-10-04T18:05:33+00:00","article_modified_time":"2024-10-05T17:13:37+00:00","og_image":[{"width":1914,"height":750,"url":"https:\/\/kuali.com.mx\/web\/wp-content\/uploads\/2024\/10\/ILO-5.jpg","type":"image\/jpeg"}],"author":"Kuali Staff","twitter_card":"summary_large_image","twitter_creator":"@kuali_noticias","twitter_site":"@kuali_noticias","twitter_misc":{"Escrito por":"Kuali Staff","Tiempo de lectura":"1 minuto"},"schema":{"@context":"https:\/\/schema.org","@graph":[{"@type":"Article","@id":"https:\/\/kuali.com.mx\/web\/2024\/10\/04\/alista-ilo-fundadores-su-ingreso-al-nacional-charro\/#article","isPartOf":{"@id":"https:\/\/kuali.com.mx\/web\/2024\/10\/04\/alista-ilo-fundadores-su-ingreso-al-nacional-charro\/"},"author":{"name":"Kuali Staff","@id":"https:\/\/kuali.com.mx\/web\/#\/schema\/person\/6f89ffa8ecba9dae50662357923c5289"},"headline":"ALISTA ILO FUNDADORES SU INGRESO AL NACIONAL CHARRO","datePublished":"2024-10-04T18:05:33+00:00","dateModified":"2024-10-05T17:13:37+00:00","mainEntityOfPage":{"@id":"https:\/\/kuali.com.mx\/web\/2024\/10\/04\/alista-ilo-fundadores-su-ingreso-al-nacional-charro\/"},"wordCount":248,"commentCount":0,"image":{"@id":"https:\/\/kuali.com.mx\/web\/2024\/10\/04\/alista-ilo-fundadores-su-ingreso-al-nacional-charro\/#primaryimage"},"thumbnailUrl":"https:\/\/kuali.com.mx\/web\/wp-content\/uploads\/2024\/10\/ILO-5.jpg","articleSection":["Deportes"],"inLanguage":"es","potentialAction":[{"@type":"CommentAction","name":"Comment","target":["https:\/\/kuali.com.mx\/web\/2024\/10\/04\/alista-ilo-fundadores-su-ingreso-al-nacional-charro\/#respond"]}]},{"@type":"WebPage","@id":"https:\/\/kuali.com.mx\/web\/2024\/10\/04\/alista-ilo-fundadores-su-ingreso-al-nacional-charro\/","url":"https:\/\/kuali.com.mx\/web\/2024\/10\/04\/alista-ilo-fundadores-su-ingreso-al-nacional-charro\/","name":"ALISTA ILO FUNDADORES SU INGRESO AL NACIONAL CHARRO - Kuali","isPartOf":{"@id":"https:\/\/kuali.com.mx\/web\/#website"},"primaryImageOfPage":{"@id":"https:\/\/kuali.com.mx\/web\/2024\/10\/04\/alista-ilo-fundadores-su-ingreso-al-nacional-charro\/#primaryimage"},"image":{"@id":"https:\/\/kuali.com.mx\/web\/2024\/10\/04\/alista-ilo-fundadores-su-ingreso-al-nacional-charro\/#primaryimage"},"thumbnailUrl":"https:\/\/kuali.com.mx\/web\/wp-content\/uploads\/2024\/10\/ILO-5.jpg","datePublished":"2024-10-04T18:05:33+00:00","dateModified":"2024-10-05T17:13:37+00:00","author":{"@id":"https:\/\/kuali.com.mx\/web\/#\/schema\/person\/6f89ffa8ecba9dae50662357923c5289"},"breadcrumb":{"@id":"https:\/\/kuali.com.mx\/web\/2024\/10\/04\/alista-ilo-fundadores-su-ingreso-al-nacional-charro\/#breadcrumb"},"inLanguage":"es","potentialAction":[{"@type":"ReadAction","target":["https:\/\/kuali.com.mx\/web\/2024\/10\/04\/alista-ilo-fundadores-su-ingreso-al-nacional-charro\/"]}]},{"@type":"ImageObject","inLanguage":"es","@id":"https:\/\/kuali.com.mx\/web\/2024\/10\/04\/alista-ilo-fundadores-su-ingreso-al-nacional-charro\/#primaryimage","url":"https:\/\/kuali.com.mx\/web\/wp-content\/uploads\/2024\/10\/ILO-5.jpg","contentUrl":"https:\/\/kuali.com.mx\/web\/wp-content\/uploads\/2024\/10\/ILO-5.jpg","width":1914,"height":750},{"@type":"BreadcrumbList","@id":"https:\/\/kuali.com.mx\/web\/2024\/10\/04\/alista-ilo-fundadores-su-ingreso-al-nacional-charro\/#breadcrumb","itemListElement":[{"@type":"ListItem","position":1,"name":"Inicio","item":"https:\/\/kuali.com.mx\/web\/"},{"@type":"ListItem","position":2,"name":"ALISTA ILO FUNDADORES SU INGRESO AL NACIONAL CHARRO"}]},{"@type":"WebSite","@id":"https:\/\/kuali.com.mx\/web\/#website","url":"https:\/\/kuali.com.mx\/web\/","name":"Kuali","description":"","potentialAction":[{"@type":"SearchAction","target":{"@type":"EntryPoint","urlTemplate":"https:\/\/kuali.com.mx\/web\/?s={search_term_string}"},"query-input":{"@type":"PropertyValueSpecification","valueRequired":true,"valueName":"search_term_string"}}],"inLanguage":"es"},{"@type":"Person","@id":"https:\/\/kuali.com.mx\/web\/#\/schema\/person\/6f89ffa8ecba9dae50662357923c5289","name":"Kuali Staff","image":{"@type":"ImageObject","inLanguage":"es","@id":"https:\/\/secure.gravatar.com\/avatar\/f917ad82e5ab71227a733c78b6e60715476f69ee6be59feee4eb5d9920c89e0f?s=96&d=mm&r=g","url":"https:\/\/secure.gravatar.com\/avatar\/f917ad82e5ab71227a733c78b6e60715476f69ee6be59feee4eb5d9920c89e0f?s=96&d=mm&r=g","contentUrl":"https:\/\/secure.gravatar.com\/avatar\/f917ad82e5ab71227a733c78b6e60715476f69ee6be59feee4eb5d9920c89e0f?s=96&d=mm&r=g","caption":"Kuali Staff"},"url":"https:\/\/kuali.com.mx\/web\/author\/lagarto\/"}]}},"_links":{"self":[{"href":"https:\/\/kuali.com.mx\/web\/wp-json\/wp\/v2\/posts\/156238","targetHints":{"allow":["GET"]}}],"collection":[{"href":"https:\/\/kuali.com.mx\/web\/wp-json\/wp\/v2\/posts"}],"about":[{"href":"https:\/\/kuali.com.mx\/web\/wp-json\/wp\/v2\/types\/post"}],"author":[{"embeddable":true,"href":"https:\/\/kuali.com.mx\/web\/wp-json\/wp\/v2\/users\/2"}],"replies":[{"embeddable":true,"href":"https:\/\/kuali.com.mx\/web\/wp-json\/wp\/v2\/comments?post=156238"}],"version-history":[{"count":1,"href":"https:\/\/kuali.com.mx\/web\/wp-json\/wp\/v2\/posts\/156238\/revisions"}],"predecessor-version":[{"id":156241,"href":"https:\/\/kuali.com.mx\/web\/wp-json\/wp\/v2\/posts\/156238\/revisions\/156241"}],"wp:featuredmedia":[{"embeddable":true,"href":"https:\/\/kuali.com.mx\/web\/wp-json\/wp\/v2\/media\/156240"}],"wp:attachment":[{"href":"https:\/\/kuali.com.mx\/web\/wp-json\/wp\/v2\/media?parent=156238"}],"wp:term":[{"taxonomy":"category","embeddable":true,"href":"https:\/\/kuali.com.mx\/web\/wp-json\/wp\/v2\/categories?post=156238"},{"taxonomy":"post_tag","embeddable":true,"href":"https:\/\/kuali.com.mx\/web\/wp-json\/wp\/v2\/tags?post=156238"}],"curies":[{"name":"wp","href":"https:\/\/api.w.org\/{rel}","templated":true}]}}