{"id":156226,"date":"2024-10-04T12:03:07","date_gmt":"2024-10-04T18:03:07","guid":{"rendered":"https:\/\/kuali.com.mx\/web\/?p=156226"},"modified":"2024-10-04T21:19:33","modified_gmt":"2024-10-05T03:19:33","slug":"retomar-la-agenda-de-combate-a-la-pobreza-en-alc","status":"publish","type":"post","link":"https:\/\/kuali.com.mx\/web\/2024\/10\/04\/retomar-la-agenda-de-combate-a-la-pobreza-en-alc\/","title":{"rendered":"RETOMAR LA AGENDA DE COMBATE A LA POBREZA EN ALC"},"content":{"rendered":"\n<p><em><strong>ENCUENTRO CON GOROSITO\u2026<\/strong><\/em><\/p>\n\n\n\n<p>El mayor desaf\u00edo estructural del desarrollo humano que tiene Am\u00e9rica Latina y el Caribe (ALC), m\u00e1s all\u00e1 de la polarizaci\u00f3n pol\u00edtica, el cambio clim\u00e1tico, el crimen organizado y el bajo crecimiento econ\u00f3mico es la pobreza y las desigualdades.<\/p>\n\n\n\n<p>Debemos tener presente que para avanzar hacia una ALC pr\u00f3spera y resiliente es clave volver a poner en el n\u00facleo central la pobreza en todas sus formas y dimensiones al centro del debate p\u00fablico e i9mpulsar nuevas respuestas desde las pol\u00edticas p\u00fablicas.&nbsp;<\/p>\n\n\n\n<p>El 29% de la poblaci\u00f3n de la regi\u00f3n, 181 millones de personas, vive en condiciones de pobreza monetaria y 33 millones sufren de pobreza multidimensional aguda. En d\u00e9cadas pasadas la regi\u00f3n logr\u00f3 avances importantes en el combate a la pobreza aprovechando el progreso econ\u00f3mico e por el boom de los commodities y la introducci\u00f3n de pol\u00edticas p\u00fablicas novedosas enfocadas a solucionar este flagelo.<\/p>\n\n\n\n<p>Algunas de ellas fueron las transferencias monetarias condicionadas, los esquemas donde se entrega dinero en efectivo a los hogares en situaci\u00f3n de pobreza a cambio de inversiones espec\u00edficas en desarrollo humano, como ser que los hijos asistan a la escuela y a campa\u00f1as de vacunaci\u00f3n. Lamentablemente esa tendencia empez\u00f3 a revertirse dos antes de la pandemia de Covid-19.<\/p>\n\n\n\n<p>Revitalizar la agenda de la reducci\u00f3n de la pobreza pasa por retomar en la regi\u00f3n esa capacidad innovadora y de decisi\u00f3n pol\u00edtica. La propuesta de Brasil al Grupo de los 20 de impulsar una Alianza Global contra el Hambre y la Pobreza es un excelente paso en ese sentido.&nbsp;<\/p>\n\n\n\n<p>Para ello es fundamental entender y medir las m\u00faltiples formas y dimensiones de la pobreza, asegurar una efectiva coordinaci\u00f3n interinstitucional para el dise\u00f1o e implementaci\u00f3n de pol\u00edticas y afinar la focalizaci\u00f3n y asignaci\u00f3n de recursos a trav\u00e9s de nuevos instrumentos de planificaci\u00f3n. Dado el contexto en la regi\u00f3n de bajo crecimiento econ\u00f3mico y limitado espacio fiscal, la eficiencia es la clave para acelerar logros significativos.<\/p>\n\n\n\n<p>Asegurar que las personas en situaci\u00f3n de pobreza tengan las capacidades y oportunidades para vivir la vida que desean requiere de herramientas que capturen sus realidades y experiencias, incluyendo las m\u00faltiples carencias que las afectan en las distintas dimensiones del bienestar y que van m\u00e1s all\u00e1 de la falta de ingreso, asever\u00f3 la experta Michell Muschett, quien es directora para Am\u00e9rica Latina y el Caribe del Programa de las Naciones Unidas para el Desarrollo (PNUD).<\/p>\n\n\n\n<p>El \u00cdndice de Pobreza Multidimensional (IPM) Global, lanzado ene l 2010 por el PNUD y la Iniciativa de Pobreza y Desarrollo Humano (OPHI) permite complementar la medici\u00f3n y el an\u00e1lisis de la pobreza monetaria extrema con informaci\u00f3n sobre la situaci\u00f3n de las personas en m\u00faltiples dimensiones socioecon\u00f3micas.<\/p>\n\n\n\n<p>Am\u00e9rica Latina ha sido pionera en la adopci\u00f3n de IPM nacionales, con 12 pa\u00edses y dos grandes ciudades, Ciudad de M\u00e9xico y Bogot\u00e1 y pueden volver a ser un referente en cuanto a la reducci\u00f3n de la pobreza, reflexion\u00f3 Sabina Alkire, quien es directora de la Iniciativa de Pobreza y Desarrollo Humano, de la Universidad de Oxford.<\/p>\n\n\n\n<p>Si queremos retomar la senda hacia la erradicaci\u00f3n de la pobreza en sus m\u00faltiples dimensiones debemos poner de vuelta la agenda de la pobreza y desigualdades en la agenda p\u00fablica, y con ello promover espacios de di\u00e1logo, cooperaci\u00f3n y consensos en torno a pol\u00edtica p\u00fablicas innovadoras y transformadoras que nos permitan avanzar hacia sociedades m\u00e1s igualitarias e inclusivas, de mayor bienestar para todas y todos.<\/p>\n\n\n\n<p>Ser\u00e1 la \u00fanica manera que podremos caminar rumbo a un desarrollo sostenible en Am\u00e9rica Latina y el Caribe (ALC), as\u00ed que no esperemos m\u00e1s y demos juntos el salto en innovaci\u00f3n p\u00fablica que precisamos para un bienestar y desarrollo humano que no deje a nadie atr\u00e1s.<\/p>\n\n\n\n<p>&nbsp;&nbsp;&nbsp;&nbsp;&nbsp;&nbsp;\u00a1Hasta el pr\u00f3ximo encuentro\u2026!<\/p>\n\n\n\n<p><em><strong>\u00a0\u00a0\u00a0\u00a0\u00a0\u00a0\u00a0\u00a0\u00a0\u00a0\u00a0\u00a0\u00a0\u00a0\u00a0\u00a0\u00a0\u00a0\u00a0\u00a0\u00a0\u00a0\u00a0\u00a0\u00a0\u00a0\u00a0\u00a0\u00a0\u00a0\u00a0\u00a0\u00a0\u00a0\u00a0\u00a0\u00a0\u00a0\u00a0\u00a0\u00a0\u00a0\u00a0\u00a0\u00a0\u00a0\u00a0\u00a0\u00a0\u00a0\u00a0\u00a0\u00a0\u00a0\u00a0\u00a0Dr.(c).Washington Daniel Gorosito P\u00e9rez<\/strong><\/em><\/p>\n","protected":false},"excerpt":{"rendered":"ENCUENTRO CON GOROSITO\u2026 El mayor desaf\u00edo estructural del desarrollo humano que tiene Am\u00e9rica Latina y el Caribe (ALC), m\u00e1s all\u00e1 de la polarizaci\u00f3n pol\u00edtica, el cambio clim\u00e1tico, el crimen organizado y el bajo crecimiento econ\u00f3mico es la pobreza y las desigualdades. Debemos tener presente que para avanzar hacia una ALC pr\u00f3spera y resiliente es clave [&hellip;]","protected":false},"author":2,"featured_media":156228,"comment_status":"open","ping_status":"open","sticky":false,"template":"","format":"standard","meta":{"_seopress_robots_primary_cat":"none","_seopress_titles_title":"","_seopress_titles_desc":"","_seopress_robots_index":"","_monsterinsights_skip_tracking":false,"_monsterinsights_sitenote_active":false,"_monsterinsights_sitenote_note":"","_monsterinsights_sitenote_category":0,"footnotes":""},"categories":[3],"tags":[],"class_list":["post-156226","post","type-post","status-publish","format-standard","has-post-thumbnail","hentry","category-politica"],"yoast_head":"<!-- This site is optimized with the Yoast SEO plugin v27.4 - https:\/\/yoast.com\/product\/yoast-seo-wordpress\/ -->\n<title>RETOMAR LA AGENDA DE COMBATE A LA POBREZA EN ALC - Kuali<\/title>\n<meta name=\"robots\" content=\"index, follow, max-snippet:-1, max-image-preview:large, max-video-preview:-1\" \/>\n<link rel=\"canonical\" href=\"https:\/\/kuali.com.mx\/web\/2024\/10\/04\/retomar-la-agenda-de-combate-a-la-pobreza-en-alc\/\" \/>\n<meta property=\"og:locale\" content=\"es_MX\" \/>\n<meta property=\"og:type\" content=\"article\" \/>\n<meta property=\"og:title\" content=\"RETOMAR LA AGENDA DE COMBATE A LA POBREZA EN ALC - Kuali\" \/>\n<meta property=\"og:description\" content=\"ENCUENTRO CON GOROSITO\u2026 El mayor desaf\u00edo estructural del desarrollo humano que tiene Am\u00e9rica Latina y el Caribe (ALC), m\u00e1s all\u00e1 de la polarizaci\u00f3n pol\u00edtica, el cambio clim\u00e1tico, el crimen organizado y el bajo crecimiento econ\u00f3mico es la pobreza y las desigualdades. Debemos tener presente que para avanzar hacia una ALC pr\u00f3spera y resiliente es clave [&hellip;]\" \/>\n<meta property=\"og:url\" content=\"https:\/\/kuali.com.mx\/web\/2024\/10\/04\/retomar-la-agenda-de-combate-a-la-pobreza-en-alc\/\" \/>\n<meta property=\"og:site_name\" content=\"Kuali\" \/>\n<meta property=\"article:publisher\" content=\"https:\/\/kuali.com.mx\/web\/wp-content\/uploads\/2018\/04\/cropped-kuali_logo-1-1.png\" \/>\n<meta property=\"article:published_time\" content=\"2024-10-04T18:03:07+00:00\" \/>\n<meta property=\"article:modified_time\" content=\"2024-10-05T03:19:33+00:00\" \/>\n<meta property=\"og:image\" content=\"https:\/\/kuali.com.mx\/web\/wp-content\/uploads\/2024\/10\/pobreza.jpg\" \/>\n\t<meta property=\"og:image:width\" content=\"1189\" \/>\n\t<meta property=\"og:image:height\" content=\"750\" \/>\n\t<meta property=\"og:image:type\" content=\"image\/jpeg\" \/>\n<meta name=\"author\" content=\"Kuali Staff\" \/>\n<meta name=\"twitter:card\" content=\"summary_large_image\" \/>\n<meta name=\"twitter:creator\" content=\"@kuali_noticias\" \/>\n<meta name=\"twitter:site\" content=\"@kuali_noticias\" \/>\n<meta name=\"twitter:label1\" content=\"Escrito por\" \/>\n\t<meta name=\"twitter:data1\" content=\"Kuali Staff\" \/>\n\t<meta name=\"twitter:label2\" content=\"Tiempo de lectura\" \/>\n\t<meta name=\"twitter:data2\" content=\"3 minutos\" \/>\n<script type=\"application\/ld+json\" class=\"yoast-schema-graph\">{\"@context\":\"https:\\\/\\\/schema.org\",\"@graph\":[{\"@type\":\"Article\",\"@id\":\"https:\\\/\\\/kuali.com.mx\\\/web\\\/2024\\\/10\\\/04\\\/retomar-la-agenda-de-combate-a-la-pobreza-en-alc\\\/#article\",\"isPartOf\":{\"@id\":\"https:\\\/\\\/kuali.com.mx\\\/web\\\/2024\\\/10\\\/04\\\/retomar-la-agenda-de-combate-a-la-pobreza-en-alc\\\/\"},\"author\":{\"name\":\"Kuali Staff\",\"@id\":\"https:\\\/\\\/kuali.com.mx\\\/web\\\/#\\\/schema\\\/person\\\/6f89ffa8ecba9dae50662357923c5289\"},\"headline\":\"RETOMAR LA AGENDA DE COMBATE A LA POBREZA EN ALC\",\"datePublished\":\"2024-10-04T18:03:07+00:00\",\"dateModified\":\"2024-10-05T03:19:33+00:00\",\"mainEntityOfPage\":{\"@id\":\"https:\\\/\\\/kuali.com.mx\\\/web\\\/2024\\\/10\\\/04\\\/retomar-la-agenda-de-combate-a-la-pobreza-en-alc\\\/\"},\"wordCount\":700,\"commentCount\":0,\"image\":{\"@id\":\"https:\\\/\\\/kuali.com.mx\\\/web\\\/2024\\\/10\\\/04\\\/retomar-la-agenda-de-combate-a-la-pobreza-en-alc\\\/#primaryimage\"},\"thumbnailUrl\":\"https:\\\/\\\/kuali.com.mx\\\/web\\\/wp-content\\\/uploads\\\/2024\\\/10\\\/pobreza.jpg\",\"articleSection\":[\"Pol\u00edtica\"],\"inLanguage\":\"es\",\"potentialAction\":[{\"@type\":\"CommentAction\",\"name\":\"Comment\",\"target\":[\"https:\\\/\\\/kuali.com.mx\\\/web\\\/2024\\\/10\\\/04\\\/retomar-la-agenda-de-combate-a-la-pobreza-en-alc\\\/#respond\"]}]},{\"@type\":\"WebPage\",\"@id\":\"https:\\\/\\\/kuali.com.mx\\\/web\\\/2024\\\/10\\\/04\\\/retomar-la-agenda-de-combate-a-la-pobreza-en-alc\\\/\",\"url\":\"https:\\\/\\\/kuali.com.mx\\\/web\\\/2024\\\/10\\\/04\\\/retomar-la-agenda-de-combate-a-la-pobreza-en-alc\\\/\",\"name\":\"RETOMAR LA AGENDA DE COMBATE A LA POBREZA EN ALC - Kuali\",\"isPartOf\":{\"@id\":\"https:\\\/\\\/kuali.com.mx\\\/web\\\/#website\"},\"primaryImageOfPage\":{\"@id\":\"https:\\\/\\\/kuali.com.mx\\\/web\\\/2024\\\/10\\\/04\\\/retomar-la-agenda-de-combate-a-la-pobreza-en-alc\\\/#primaryimage\"},\"image\":{\"@id\":\"https:\\\/\\\/kuali.com.mx\\\/web\\\/2024\\\/10\\\/04\\\/retomar-la-agenda-de-combate-a-la-pobreza-en-alc\\\/#primaryimage\"},\"thumbnailUrl\":\"https:\\\/\\\/kuali.com.mx\\\/web\\\/wp-content\\\/uploads\\\/2024\\\/10\\\/pobreza.jpg\",\"datePublished\":\"2024-10-04T18:03:07+00:00\",\"dateModified\":\"2024-10-05T03:19:33+00:00\",\"author\":{\"@id\":\"https:\\\/\\\/kuali.com.mx\\\/web\\\/#\\\/schema\\\/person\\\/6f89ffa8ecba9dae50662357923c5289\"},\"breadcrumb\":{\"@id\":\"https:\\\/\\\/kuali.com.mx\\\/web\\\/2024\\\/10\\\/04\\\/retomar-la-agenda-de-combate-a-la-pobreza-en-alc\\\/#breadcrumb\"},\"inLanguage\":\"es\",\"potentialAction\":[{\"@type\":\"ReadAction\",\"target\":[\"https:\\\/\\\/kuali.com.mx\\\/web\\\/2024\\\/10\\\/04\\\/retomar-la-agenda-de-combate-a-la-pobreza-en-alc\\\/\"]}]},{\"@type\":\"ImageObject\",\"inLanguage\":\"es\",\"@id\":\"https:\\\/\\\/kuali.com.mx\\\/web\\\/2024\\\/10\\\/04\\\/retomar-la-agenda-de-combate-a-la-pobreza-en-alc\\\/#primaryimage\",\"url\":\"https:\\\/\\\/kuali.com.mx\\\/web\\\/wp-content\\\/uploads\\\/2024\\\/10\\\/pobreza.jpg\",\"contentUrl\":\"https:\\\/\\\/kuali.com.mx\\\/web\\\/wp-content\\\/uploads\\\/2024\\\/10\\\/pobreza.jpg\",\"width\":1189,\"height\":750},{\"@type\":\"BreadcrumbList\",\"@id\":\"https:\\\/\\\/kuali.com.mx\\\/web\\\/2024\\\/10\\\/04\\\/retomar-la-agenda-de-combate-a-la-pobreza-en-alc\\\/#breadcrumb\",\"itemListElement\":[{\"@type\":\"ListItem\",\"position\":1,\"name\":\"Inicio\",\"item\":\"https:\\\/\\\/kuali.com.mx\\\/web\\\/\"},{\"@type\":\"ListItem\",\"position\":2,\"name\":\"RETOMAR LA AGENDA DE COMBATE A LA POBREZA EN ALC\"}]},{\"@type\":\"WebSite\",\"@id\":\"https:\\\/\\\/kuali.com.mx\\\/web\\\/#website\",\"url\":\"https:\\\/\\\/kuali.com.mx\\\/web\\\/\",\"name\":\"Kuali\",\"description\":\"\",\"potentialAction\":[{\"@type\":\"SearchAction\",\"target\":{\"@type\":\"EntryPoint\",\"urlTemplate\":\"https:\\\/\\\/kuali.com.mx\\\/web\\\/?s={search_term_string}\"},\"query-input\":{\"@type\":\"PropertyValueSpecification\",\"valueRequired\":true,\"valueName\":\"search_term_string\"}}],\"inLanguage\":\"es\"},{\"@type\":\"Person\",\"@id\":\"https:\\\/\\\/kuali.com.mx\\\/web\\\/#\\\/schema\\\/person\\\/6f89ffa8ecba9dae50662357923c5289\",\"name\":\"Kuali Staff\",\"image\":{\"@type\":\"ImageObject\",\"inLanguage\":\"es\",\"@id\":\"https:\\\/\\\/secure.gravatar.com\\\/avatar\\\/f917ad82e5ab71227a733c78b6e60715476f69ee6be59feee4eb5d9920c89e0f?s=96&d=mm&r=g\",\"url\":\"https:\\\/\\\/secure.gravatar.com\\\/avatar\\\/f917ad82e5ab71227a733c78b6e60715476f69ee6be59feee4eb5d9920c89e0f?s=96&d=mm&r=g\",\"contentUrl\":\"https:\\\/\\\/secure.gravatar.com\\\/avatar\\\/f917ad82e5ab71227a733c78b6e60715476f69ee6be59feee4eb5d9920c89e0f?s=96&d=mm&r=g\",\"caption\":\"Kuali Staff\"},\"url\":\"https:\\\/\\\/kuali.com.mx\\\/web\\\/author\\\/lagarto\\\/\"}]}<\/script>\n<!-- \/ Yoast SEO plugin. -->","yoast_head_json":{"title":"RETOMAR LA AGENDA DE COMBATE A LA POBREZA EN ALC - Kuali","robots":{"index":"index","follow":"follow","max-snippet":"max-snippet:-1","max-image-preview":"max-image-preview:large","max-video-preview":"max-video-preview:-1"},"canonical":"https:\/\/kuali.com.mx\/web\/2024\/10\/04\/retomar-la-agenda-de-combate-a-la-pobreza-en-alc\/","og_locale":"es_MX","og_type":"article","og_title":"RETOMAR LA AGENDA DE COMBATE A LA POBREZA EN ALC - Kuali","og_description":"ENCUENTRO CON GOROSITO\u2026 El mayor desaf\u00edo estructural del desarrollo humano que tiene Am\u00e9rica Latina y el Caribe (ALC), m\u00e1s all\u00e1 de la polarizaci\u00f3n pol\u00edtica, el cambio clim\u00e1tico, el crimen organizado y el bajo crecimiento econ\u00f3mico es la pobreza y las desigualdades. Debemos tener presente que para avanzar hacia una ALC pr\u00f3spera y resiliente es clave [&hellip;]","og_url":"https:\/\/kuali.com.mx\/web\/2024\/10\/04\/retomar-la-agenda-de-combate-a-la-pobreza-en-alc\/","og_site_name":"Kuali","article_publisher":"https:\/\/kuali.com.mx\/web\/wp-content\/uploads\/2018\/04\/cropped-kuali_logo-1-1.png","article_published_time":"2024-10-04T18:03:07+00:00","article_modified_time":"2024-10-05T03:19:33+00:00","og_image":[{"width":1189,"height":750,"url":"https:\/\/kuali.com.mx\/web\/wp-content\/uploads\/2024\/10\/pobreza.jpg","type":"image\/jpeg"}],"author":"Kuali Staff","twitter_card":"summary_large_image","twitter_creator":"@kuali_noticias","twitter_site":"@kuali_noticias","twitter_misc":{"Escrito por":"Kuali Staff","Tiempo de lectura":"3 minutos"},"schema":{"@context":"https:\/\/schema.org","@graph":[{"@type":"Article","@id":"https:\/\/kuali.com.mx\/web\/2024\/10\/04\/retomar-la-agenda-de-combate-a-la-pobreza-en-alc\/#article","isPartOf":{"@id":"https:\/\/kuali.com.mx\/web\/2024\/10\/04\/retomar-la-agenda-de-combate-a-la-pobreza-en-alc\/"},"author":{"name":"Kuali Staff","@id":"https:\/\/kuali.com.mx\/web\/#\/schema\/person\/6f89ffa8ecba9dae50662357923c5289"},"headline":"RETOMAR LA AGENDA DE COMBATE A LA POBREZA EN ALC","datePublished":"2024-10-04T18:03:07+00:00","dateModified":"2024-10-05T03:19:33+00:00","mainEntityOfPage":{"@id":"https:\/\/kuali.com.mx\/web\/2024\/10\/04\/retomar-la-agenda-de-combate-a-la-pobreza-en-alc\/"},"wordCount":700,"commentCount":0,"image":{"@id":"https:\/\/kuali.com.mx\/web\/2024\/10\/04\/retomar-la-agenda-de-combate-a-la-pobreza-en-alc\/#primaryimage"},"thumbnailUrl":"https:\/\/kuali.com.mx\/web\/wp-content\/uploads\/2024\/10\/pobreza.jpg","articleSection":["Pol\u00edtica"],"inLanguage":"es","potentialAction":[{"@type":"CommentAction","name":"Comment","target":["https:\/\/kuali.com.mx\/web\/2024\/10\/04\/retomar-la-agenda-de-combate-a-la-pobreza-en-alc\/#respond"]}]},{"@type":"WebPage","@id":"https:\/\/kuali.com.mx\/web\/2024\/10\/04\/retomar-la-agenda-de-combate-a-la-pobreza-en-alc\/","url":"https:\/\/kuali.com.mx\/web\/2024\/10\/04\/retomar-la-agenda-de-combate-a-la-pobreza-en-alc\/","name":"RETOMAR LA AGENDA DE COMBATE A LA POBREZA EN ALC - Kuali","isPartOf":{"@id":"https:\/\/kuali.com.mx\/web\/#website"},"primaryImageOfPage":{"@id":"https:\/\/kuali.com.mx\/web\/2024\/10\/04\/retomar-la-agenda-de-combate-a-la-pobreza-en-alc\/#primaryimage"},"image":{"@id":"https:\/\/kuali.com.mx\/web\/2024\/10\/04\/retomar-la-agenda-de-combate-a-la-pobreza-en-alc\/#primaryimage"},"thumbnailUrl":"https:\/\/kuali.com.mx\/web\/wp-content\/uploads\/2024\/10\/pobreza.jpg","datePublished":"2024-10-04T18:03:07+00:00","dateModified":"2024-10-05T03:19:33+00:00","author":{"@id":"https:\/\/kuali.com.mx\/web\/#\/schema\/person\/6f89ffa8ecba9dae50662357923c5289"},"breadcrumb":{"@id":"https:\/\/kuali.com.mx\/web\/2024\/10\/04\/retomar-la-agenda-de-combate-a-la-pobreza-en-alc\/#breadcrumb"},"inLanguage":"es","potentialAction":[{"@type":"ReadAction","target":["https:\/\/kuali.com.mx\/web\/2024\/10\/04\/retomar-la-agenda-de-combate-a-la-pobreza-en-alc\/"]}]},{"@type":"ImageObject","inLanguage":"es","@id":"https:\/\/kuali.com.mx\/web\/2024\/10\/04\/retomar-la-agenda-de-combate-a-la-pobreza-en-alc\/#primaryimage","url":"https:\/\/kuali.com.mx\/web\/wp-content\/uploads\/2024\/10\/pobreza.jpg","contentUrl":"https:\/\/kuali.com.mx\/web\/wp-content\/uploads\/2024\/10\/pobreza.jpg","width":1189,"height":750},{"@type":"BreadcrumbList","@id":"https:\/\/kuali.com.mx\/web\/2024\/10\/04\/retomar-la-agenda-de-combate-a-la-pobreza-en-alc\/#breadcrumb","itemListElement":[{"@type":"ListItem","position":1,"name":"Inicio","item":"https:\/\/kuali.com.mx\/web\/"},{"@type":"ListItem","position":2,"name":"RETOMAR LA AGENDA DE COMBATE A LA POBREZA EN ALC"}]},{"@type":"WebSite","@id":"https:\/\/kuali.com.mx\/web\/#website","url":"https:\/\/kuali.com.mx\/web\/","name":"Kuali","description":"","potentialAction":[{"@type":"SearchAction","target":{"@type":"EntryPoint","urlTemplate":"https:\/\/kuali.com.mx\/web\/?s={search_term_string}"},"query-input":{"@type":"PropertyValueSpecification","valueRequired":true,"valueName":"search_term_string"}}],"inLanguage":"es"},{"@type":"Person","@id":"https:\/\/kuali.com.mx\/web\/#\/schema\/person\/6f89ffa8ecba9dae50662357923c5289","name":"Kuali Staff","image":{"@type":"ImageObject","inLanguage":"es","@id":"https:\/\/secure.gravatar.com\/avatar\/f917ad82e5ab71227a733c78b6e60715476f69ee6be59feee4eb5d9920c89e0f?s=96&d=mm&r=g","url":"https:\/\/secure.gravatar.com\/avatar\/f917ad82e5ab71227a733c78b6e60715476f69ee6be59feee4eb5d9920c89e0f?s=96&d=mm&r=g","contentUrl":"https:\/\/secure.gravatar.com\/avatar\/f917ad82e5ab71227a733c78b6e60715476f69ee6be59feee4eb5d9920c89e0f?s=96&d=mm&r=g","caption":"Kuali Staff"},"url":"https:\/\/kuali.com.mx\/web\/author\/lagarto\/"}]}},"_links":{"self":[{"href":"https:\/\/kuali.com.mx\/web\/wp-json\/wp\/v2\/posts\/156226","targetHints":{"allow":["GET"]}}],"collection":[{"href":"https:\/\/kuali.com.mx\/web\/wp-json\/wp\/v2\/posts"}],"about":[{"href":"https:\/\/kuali.com.mx\/web\/wp-json\/wp\/v2\/types\/post"}],"author":[{"embeddable":true,"href":"https:\/\/kuali.com.mx\/web\/wp-json\/wp\/v2\/users\/2"}],"replies":[{"embeddable":true,"href":"https:\/\/kuali.com.mx\/web\/wp-json\/wp\/v2\/comments?post=156226"}],"version-history":[{"count":2,"href":"https:\/\/kuali.com.mx\/web\/wp-json\/wp\/v2\/posts\/156226\/revisions"}],"predecessor-version":[{"id":156234,"href":"https:\/\/kuali.com.mx\/web\/wp-json\/wp\/v2\/posts\/156226\/revisions\/156234"}],"wp:featuredmedia":[{"embeddable":true,"href":"https:\/\/kuali.com.mx\/web\/wp-json\/wp\/v2\/media\/156228"}],"wp:attachment":[{"href":"https:\/\/kuali.com.mx\/web\/wp-json\/wp\/v2\/media?parent=156226"}],"wp:term":[{"taxonomy":"category","embeddable":true,"href":"https:\/\/kuali.com.mx\/web\/wp-json\/wp\/v2\/categories?post=156226"},{"taxonomy":"post_tag","embeddable":true,"href":"https:\/\/kuali.com.mx\/web\/wp-json\/wp\/v2\/tags?post=156226"}],"curies":[{"name":"wp","href":"https:\/\/api.w.org\/{rel}","templated":true}]}}