{"id":156216,"date":"2024-10-04T12:00:05","date_gmt":"2024-10-04T18:00:05","guid":{"rendered":"https:\/\/kuali.com.mx\/web\/?p=156216"},"modified":"2024-10-05T07:43:45","modified_gmt":"2024-10-05T13:43:45","slug":"tomara-melanie-protesta-como-primera-alcaldesa-de-silao","status":"publish","type":"post","link":"https:\/\/kuali.com.mx\/web\/2024\/10\/04\/tomara-melanie-protesta-como-primera-alcaldesa-de-silao\/","title":{"rendered":"TOMAR\u00c1 MELANIE PROTESTA COMO PRIMERA ALCALDESA DE SILAO"},"content":{"rendered":"\n<p><strong>Kuali\/Silao de la Victoria, Gto.-<\/strong> La alcaldesa electa de Silao, Janet Melanie Murillo Ch\u00e1vez, invita a toda la ciudadan\u00eda a asistir a su toma de protesta el pr\u00f3ximo 10 de octubre. Estar\u00e1 acompa\u00f1ada de la gobernadora, Libia Dennise Garc\u00eda Mu\u00f1oz Ledo.<\/p>\n\n\n\n<p>La panista Melanie Murillo sustituir\u00e1 en el cargo al morenista Carlos Garc\u00eda Villase\u00f1or el pr\u00f3ximo jueves a las 4:30 de la tarde en el jard\u00edn principal de la ciudad de Silao.<\/p>\n\n\n\n<p>Ser\u00e1 la primera presidenta&nbsp; municipal en la historia de Silao y protestar\u00e1 el cargo en sesi\u00f3n solemne del ayuntamiento a las 00:00 horas del mismo 10 de octubre, en el Sal\u00f3n de Cabildos y, posteriormente, tomar\u00e1 protesta en un acto p\u00fablico, a las 4:30 de la tarde.<\/p>\n\n\n\n<p>La gobernadora del estado, Libia Dennise Garc\u00eda Mu\u00f1oz Ledo, asistir\u00e1 a la toma de protesta que la pr\u00f3xima alcaldesa celebrar\u00e1 ante la ciudadan\u00eda silaoense, un acto que marcar\u00e1 huella en la historia del municipio por el papel protag\u00f3nico que las mujeres desempe\u00f1ar\u00e1n en el Corredor Industrial del Baj\u00edo y por la llegada de la primera mujer a la Alcald\u00eda de Silao.<\/p>\n\n\n\n<p>Melanie fue presidenta del DIF Municipal de Silao del 2009 al 2012 y ha sido diputada federal (2018-2021) y legisladora local (2021-2024). En su trabajo legislativo se ha enfocado en impulsar pol\u00edticas para la protecci\u00f3n de ni\u00f1as, ni\u00f1os y adolescentes.<\/p>\n","protected":false},"excerpt":{"rendered":"Kuali\/Silao de la Victoria, Gto.- La alcaldesa electa de Silao, Janet Melanie Murillo Ch\u00e1vez, invita a toda la ciudadan\u00eda a asistir a su toma de protesta el pr\u00f3ximo 10 de octubre. Estar\u00e1 acompa\u00f1ada de la gobernadora, Libia Dennise Garc\u00eda Mu\u00f1oz Ledo. La panista Melanie Murillo sustituir\u00e1 en el cargo al morenista Carlos Garc\u00eda Villase\u00f1or el [&hellip;]","protected":false},"author":2,"featured_media":156219,"comment_status":"open","ping_status":"open","sticky":false,"template":"","format":"standard","meta":{"_seopress_robots_primary_cat":"none","_seopress_titles_title":"","_seopress_titles_desc":"","_seopress_robots_index":"","_monsterinsights_skip_tracking":false,"_monsterinsights_sitenote_active":false,"_monsterinsights_sitenote_note":"","_monsterinsights_sitenote_category":0,"footnotes":""},"categories":[3],"tags":[1612,203,3766,12,4397],"class_list":["post-156216","post","type-post","status-publish","format-standard","has-post-thumbnail","hentry","category-politica","tag-carlos-garcia","tag-gobierno","tag-melanie-murillo","tag-silao","tag-toma-se-protesta"],"yoast_head":"<!-- This site is optimized with the Yoast SEO plugin v27.4 - https:\/\/yoast.com\/product\/yoast-seo-wordpress\/ -->\n<title>TOMAR\u00c1 MELANIE PROTESTA COMO PRIMERA ALCALDESA DE SILAO - Kuali<\/title>\n<meta name=\"robots\" content=\"index, follow, max-snippet:-1, max-image-preview:large, max-video-preview:-1\" \/>\n<link rel=\"canonical\" href=\"https:\/\/kuali.com.mx\/web\/2024\/10\/04\/tomara-melanie-protesta-como-primera-alcaldesa-de-silao\/\" \/>\n<meta property=\"og:locale\" content=\"es_MX\" \/>\n<meta property=\"og:type\" content=\"article\" \/>\n<meta property=\"og:title\" content=\"TOMAR\u00c1 MELANIE PROTESTA COMO PRIMERA ALCALDESA DE SILAO - Kuali\" \/>\n<meta property=\"og:description\" content=\"Kuali\/Silao de la Victoria, Gto.- La alcaldesa electa de Silao, Janet Melanie Murillo Ch\u00e1vez, invita a toda la ciudadan\u00eda a asistir a su toma de protesta el pr\u00f3ximo 10 de octubre. Estar\u00e1 acompa\u00f1ada de la gobernadora, Libia Dennise Garc\u00eda Mu\u00f1oz Ledo. La panista Melanie Murillo sustituir\u00e1 en el cargo al morenista Carlos Garc\u00eda Villase\u00f1or el [&hellip;]\" \/>\n<meta property=\"og:url\" content=\"https:\/\/kuali.com.mx\/web\/2024\/10\/04\/tomara-melanie-protesta-como-primera-alcaldesa-de-silao\/\" \/>\n<meta property=\"og:site_name\" content=\"Kuali\" \/>\n<meta property=\"article:publisher\" content=\"https:\/\/kuali.com.mx\/web\/wp-content\/uploads\/2018\/04\/cropped-kuali_logo-1-1.png\" \/>\n<meta property=\"article:published_time\" content=\"2024-10-04T18:00:05+00:00\" \/>\n<meta property=\"article:modified_time\" content=\"2024-10-05T13:43:45+00:00\" \/>\n<meta property=\"og:image\" content=\"https:\/\/kuali.com.mx\/web\/wp-content\/uploads\/2024\/10\/Melanie-y-Libia.gif\" \/>\n\t<meta property=\"og:image:width\" content=\"1700\" \/>\n\t<meta property=\"og:image:height\" content=\"750\" \/>\n\t<meta property=\"og:image:type\" content=\"image\/gif\" \/>\n<meta name=\"author\" content=\"Kuali Staff\" \/>\n<meta name=\"twitter:card\" content=\"summary_large_image\" \/>\n<meta name=\"twitter:creator\" content=\"@kuali_noticias\" \/>\n<meta name=\"twitter:site\" content=\"@kuali_noticias\" \/>\n<meta name=\"twitter:label1\" content=\"Escrito por\" \/>\n\t<meta name=\"twitter:data1\" content=\"Kuali Staff\" \/>\n\t<meta name=\"twitter:label2\" content=\"Tiempo de lectura\" \/>\n\t<meta name=\"twitter:data2\" content=\"1 minuto\" \/>\n<script type=\"application\/ld+json\" class=\"yoast-schema-graph\">{\"@context\":\"https:\\\/\\\/schema.org\",\"@graph\":[{\"@type\":\"Article\",\"@id\":\"https:\\\/\\\/kuali.com.mx\\\/web\\\/2024\\\/10\\\/04\\\/tomara-melanie-protesta-como-primera-alcaldesa-de-silao\\\/#article\",\"isPartOf\":{\"@id\":\"https:\\\/\\\/kuali.com.mx\\\/web\\\/2024\\\/10\\\/04\\\/tomara-melanie-protesta-como-primera-alcaldesa-de-silao\\\/\"},\"author\":{\"name\":\"Kuali Staff\",\"@id\":\"https:\\\/\\\/kuali.com.mx\\\/web\\\/#\\\/schema\\\/person\\\/6f89ffa8ecba9dae50662357923c5289\"},\"headline\":\"TOMAR\u00c1 MELANIE PROTESTA COMO PRIMERA ALCALDESA DE SILAO\",\"datePublished\":\"2024-10-04T18:00:05+00:00\",\"dateModified\":\"2024-10-05T13:43:45+00:00\",\"mainEntityOfPage\":{\"@id\":\"https:\\\/\\\/kuali.com.mx\\\/web\\\/2024\\\/10\\\/04\\\/tomara-melanie-protesta-como-primera-alcaldesa-de-silao\\\/\"},\"wordCount\":250,\"commentCount\":0,\"image\":{\"@id\":\"https:\\\/\\\/kuali.com.mx\\\/web\\\/2024\\\/10\\\/04\\\/tomara-melanie-protesta-como-primera-alcaldesa-de-silao\\\/#primaryimage\"},\"thumbnailUrl\":\"https:\\\/\\\/kuali.com.mx\\\/web\\\/wp-content\\\/uploads\\\/2024\\\/10\\\/Melanie-y-Libia.gif\",\"keywords\":[\"Carlos Garc\u00eda\",\"Gobierno\",\"Melanie Murillo\",\"Silao\",\"Toma se protesta\"],\"articleSection\":[\"Pol\u00edtica\"],\"inLanguage\":\"es\",\"potentialAction\":[{\"@type\":\"CommentAction\",\"name\":\"Comment\",\"target\":[\"https:\\\/\\\/kuali.com.mx\\\/web\\\/2024\\\/10\\\/04\\\/tomara-melanie-protesta-como-primera-alcaldesa-de-silao\\\/#respond\"]}]},{\"@type\":\"WebPage\",\"@id\":\"https:\\\/\\\/kuali.com.mx\\\/web\\\/2024\\\/10\\\/04\\\/tomara-melanie-protesta-como-primera-alcaldesa-de-silao\\\/\",\"url\":\"https:\\\/\\\/kuali.com.mx\\\/web\\\/2024\\\/10\\\/04\\\/tomara-melanie-protesta-como-primera-alcaldesa-de-silao\\\/\",\"name\":\"TOMAR\u00c1 MELANIE PROTESTA COMO PRIMERA ALCALDESA DE SILAO - Kuali\",\"isPartOf\":{\"@id\":\"https:\\\/\\\/kuali.com.mx\\\/web\\\/#website\"},\"primaryImageOfPage\":{\"@id\":\"https:\\\/\\\/kuali.com.mx\\\/web\\\/2024\\\/10\\\/04\\\/tomara-melanie-protesta-como-primera-alcaldesa-de-silao\\\/#primaryimage\"},\"image\":{\"@id\":\"https:\\\/\\\/kuali.com.mx\\\/web\\\/2024\\\/10\\\/04\\\/tomara-melanie-protesta-como-primera-alcaldesa-de-silao\\\/#primaryimage\"},\"thumbnailUrl\":\"https:\\\/\\\/kuali.com.mx\\\/web\\\/wp-content\\\/uploads\\\/2024\\\/10\\\/Melanie-y-Libia.gif\",\"datePublished\":\"2024-10-04T18:00:05+00:00\",\"dateModified\":\"2024-10-05T13:43:45+00:00\",\"author\":{\"@id\":\"https:\\\/\\\/kuali.com.mx\\\/web\\\/#\\\/schema\\\/person\\\/6f89ffa8ecba9dae50662357923c5289\"},\"breadcrumb\":{\"@id\":\"https:\\\/\\\/kuali.com.mx\\\/web\\\/2024\\\/10\\\/04\\\/tomara-melanie-protesta-como-primera-alcaldesa-de-silao\\\/#breadcrumb\"},\"inLanguage\":\"es\",\"potentialAction\":[{\"@type\":\"ReadAction\",\"target\":[\"https:\\\/\\\/kuali.com.mx\\\/web\\\/2024\\\/10\\\/04\\\/tomara-melanie-protesta-como-primera-alcaldesa-de-silao\\\/\"]}]},{\"@type\":\"ImageObject\",\"inLanguage\":\"es\",\"@id\":\"https:\\\/\\\/kuali.com.mx\\\/web\\\/2024\\\/10\\\/04\\\/tomara-melanie-protesta-como-primera-alcaldesa-de-silao\\\/#primaryimage\",\"url\":\"https:\\\/\\\/kuali.com.mx\\\/web\\\/wp-content\\\/uploads\\\/2024\\\/10\\\/Melanie-y-Libia.gif\",\"contentUrl\":\"https:\\\/\\\/kuali.com.mx\\\/web\\\/wp-content\\\/uploads\\\/2024\\\/10\\\/Melanie-y-Libia.gif\",\"width\":1700,\"height\":750},{\"@type\":\"BreadcrumbList\",\"@id\":\"https:\\\/\\\/kuali.com.mx\\\/web\\\/2024\\\/10\\\/04\\\/tomara-melanie-protesta-como-primera-alcaldesa-de-silao\\\/#breadcrumb\",\"itemListElement\":[{\"@type\":\"ListItem\",\"position\":1,\"name\":\"Inicio\",\"item\":\"https:\\\/\\\/kuali.com.mx\\\/web\\\/\"},{\"@type\":\"ListItem\",\"position\":2,\"name\":\"TOMAR\u00c1 MELANIE PROTESTA COMO PRIMERA ALCALDESA DE SILAO\"}]},{\"@type\":\"WebSite\",\"@id\":\"https:\\\/\\\/kuali.com.mx\\\/web\\\/#website\",\"url\":\"https:\\\/\\\/kuali.com.mx\\\/web\\\/\",\"name\":\"Kuali\",\"description\":\"\",\"potentialAction\":[{\"@type\":\"SearchAction\",\"target\":{\"@type\":\"EntryPoint\",\"urlTemplate\":\"https:\\\/\\\/kuali.com.mx\\\/web\\\/?s={search_term_string}\"},\"query-input\":{\"@type\":\"PropertyValueSpecification\",\"valueRequired\":true,\"valueName\":\"search_term_string\"}}],\"inLanguage\":\"es\"},{\"@type\":\"Person\",\"@id\":\"https:\\\/\\\/kuali.com.mx\\\/web\\\/#\\\/schema\\\/person\\\/6f89ffa8ecba9dae50662357923c5289\",\"name\":\"Kuali Staff\",\"image\":{\"@type\":\"ImageObject\",\"inLanguage\":\"es\",\"@id\":\"https:\\\/\\\/secure.gravatar.com\\\/avatar\\\/f917ad82e5ab71227a733c78b6e60715476f69ee6be59feee4eb5d9920c89e0f?s=96&d=mm&r=g\",\"url\":\"https:\\\/\\\/secure.gravatar.com\\\/avatar\\\/f917ad82e5ab71227a733c78b6e60715476f69ee6be59feee4eb5d9920c89e0f?s=96&d=mm&r=g\",\"contentUrl\":\"https:\\\/\\\/secure.gravatar.com\\\/avatar\\\/f917ad82e5ab71227a733c78b6e60715476f69ee6be59feee4eb5d9920c89e0f?s=96&d=mm&r=g\",\"caption\":\"Kuali Staff\"},\"url\":\"https:\\\/\\\/kuali.com.mx\\\/web\\\/author\\\/lagarto\\\/\"}]}<\/script>\n<!-- \/ Yoast SEO plugin. -->","yoast_head_json":{"title":"TOMAR\u00c1 MELANIE PROTESTA COMO PRIMERA ALCALDESA DE SILAO - Kuali","robots":{"index":"index","follow":"follow","max-snippet":"max-snippet:-1","max-image-preview":"max-image-preview:large","max-video-preview":"max-video-preview:-1"},"canonical":"https:\/\/kuali.com.mx\/web\/2024\/10\/04\/tomara-melanie-protesta-como-primera-alcaldesa-de-silao\/","og_locale":"es_MX","og_type":"article","og_title":"TOMAR\u00c1 MELANIE PROTESTA COMO PRIMERA ALCALDESA DE SILAO - Kuali","og_description":"Kuali\/Silao de la Victoria, Gto.- La alcaldesa electa de Silao, Janet Melanie Murillo Ch\u00e1vez, invita a toda la ciudadan\u00eda a asistir a su toma de protesta el pr\u00f3ximo 10 de octubre. Estar\u00e1 acompa\u00f1ada de la gobernadora, Libia Dennise Garc\u00eda Mu\u00f1oz Ledo. La panista Melanie Murillo sustituir\u00e1 en el cargo al morenista Carlos Garc\u00eda Villase\u00f1or el [&hellip;]","og_url":"https:\/\/kuali.com.mx\/web\/2024\/10\/04\/tomara-melanie-protesta-como-primera-alcaldesa-de-silao\/","og_site_name":"Kuali","article_publisher":"https:\/\/kuali.com.mx\/web\/wp-content\/uploads\/2018\/04\/cropped-kuali_logo-1-1.png","article_published_time":"2024-10-04T18:00:05+00:00","article_modified_time":"2024-10-05T13:43:45+00:00","og_image":[{"width":1700,"height":750,"url":"https:\/\/kuali.com.mx\/web\/wp-content\/uploads\/2024\/10\/Melanie-y-Libia.gif","type":"image\/gif"}],"author":"Kuali Staff","twitter_card":"summary_large_image","twitter_creator":"@kuali_noticias","twitter_site":"@kuali_noticias","twitter_misc":{"Escrito por":"Kuali Staff","Tiempo de lectura":"1 minuto"},"schema":{"@context":"https:\/\/schema.org","@graph":[{"@type":"Article","@id":"https:\/\/kuali.com.mx\/web\/2024\/10\/04\/tomara-melanie-protesta-como-primera-alcaldesa-de-silao\/#article","isPartOf":{"@id":"https:\/\/kuali.com.mx\/web\/2024\/10\/04\/tomara-melanie-protesta-como-primera-alcaldesa-de-silao\/"},"author":{"name":"Kuali Staff","@id":"https:\/\/kuali.com.mx\/web\/#\/schema\/person\/6f89ffa8ecba9dae50662357923c5289"},"headline":"TOMAR\u00c1 MELANIE PROTESTA COMO PRIMERA ALCALDESA DE SILAO","datePublished":"2024-10-04T18:00:05+00:00","dateModified":"2024-10-05T13:43:45+00:00","mainEntityOfPage":{"@id":"https:\/\/kuali.com.mx\/web\/2024\/10\/04\/tomara-melanie-protesta-como-primera-alcaldesa-de-silao\/"},"wordCount":250,"commentCount":0,"image":{"@id":"https:\/\/kuali.com.mx\/web\/2024\/10\/04\/tomara-melanie-protesta-como-primera-alcaldesa-de-silao\/#primaryimage"},"thumbnailUrl":"https:\/\/kuali.com.mx\/web\/wp-content\/uploads\/2024\/10\/Melanie-y-Libia.gif","keywords":["Carlos Garc\u00eda","Gobierno","Melanie Murillo","Silao","Toma se protesta"],"articleSection":["Pol\u00edtica"],"inLanguage":"es","potentialAction":[{"@type":"CommentAction","name":"Comment","target":["https:\/\/kuali.com.mx\/web\/2024\/10\/04\/tomara-melanie-protesta-como-primera-alcaldesa-de-silao\/#respond"]}]},{"@type":"WebPage","@id":"https:\/\/kuali.com.mx\/web\/2024\/10\/04\/tomara-melanie-protesta-como-primera-alcaldesa-de-silao\/","url":"https:\/\/kuali.com.mx\/web\/2024\/10\/04\/tomara-melanie-protesta-como-primera-alcaldesa-de-silao\/","name":"TOMAR\u00c1 MELANIE PROTESTA COMO PRIMERA ALCALDESA DE SILAO - Kuali","isPartOf":{"@id":"https:\/\/kuali.com.mx\/web\/#website"},"primaryImageOfPage":{"@id":"https:\/\/kuali.com.mx\/web\/2024\/10\/04\/tomara-melanie-protesta-como-primera-alcaldesa-de-silao\/#primaryimage"},"image":{"@id":"https:\/\/kuali.com.mx\/web\/2024\/10\/04\/tomara-melanie-protesta-como-primera-alcaldesa-de-silao\/#primaryimage"},"thumbnailUrl":"https:\/\/kuali.com.mx\/web\/wp-content\/uploads\/2024\/10\/Melanie-y-Libia.gif","datePublished":"2024-10-04T18:00:05+00:00","dateModified":"2024-10-05T13:43:45+00:00","author":{"@id":"https:\/\/kuali.com.mx\/web\/#\/schema\/person\/6f89ffa8ecba9dae50662357923c5289"},"breadcrumb":{"@id":"https:\/\/kuali.com.mx\/web\/2024\/10\/04\/tomara-melanie-protesta-como-primera-alcaldesa-de-silao\/#breadcrumb"},"inLanguage":"es","potentialAction":[{"@type":"ReadAction","target":["https:\/\/kuali.com.mx\/web\/2024\/10\/04\/tomara-melanie-protesta-como-primera-alcaldesa-de-silao\/"]}]},{"@type":"ImageObject","inLanguage":"es","@id":"https:\/\/kuali.com.mx\/web\/2024\/10\/04\/tomara-melanie-protesta-como-primera-alcaldesa-de-silao\/#primaryimage","url":"https:\/\/kuali.com.mx\/web\/wp-content\/uploads\/2024\/10\/Melanie-y-Libia.gif","contentUrl":"https:\/\/kuali.com.mx\/web\/wp-content\/uploads\/2024\/10\/Melanie-y-Libia.gif","width":1700,"height":750},{"@type":"BreadcrumbList","@id":"https:\/\/kuali.com.mx\/web\/2024\/10\/04\/tomara-melanie-protesta-como-primera-alcaldesa-de-silao\/#breadcrumb","itemListElement":[{"@type":"ListItem","position":1,"name":"Inicio","item":"https:\/\/kuali.com.mx\/web\/"},{"@type":"ListItem","position":2,"name":"TOMAR\u00c1 MELANIE PROTESTA COMO PRIMERA ALCALDESA DE SILAO"}]},{"@type":"WebSite","@id":"https:\/\/kuali.com.mx\/web\/#website","url":"https:\/\/kuali.com.mx\/web\/","name":"Kuali","description":"","potentialAction":[{"@type":"SearchAction","target":{"@type":"EntryPoint","urlTemplate":"https:\/\/kuali.com.mx\/web\/?s={search_term_string}"},"query-input":{"@type":"PropertyValueSpecification","valueRequired":true,"valueName":"search_term_string"}}],"inLanguage":"es"},{"@type":"Person","@id":"https:\/\/kuali.com.mx\/web\/#\/schema\/person\/6f89ffa8ecba9dae50662357923c5289","name":"Kuali Staff","image":{"@type":"ImageObject","inLanguage":"es","@id":"https:\/\/secure.gravatar.com\/avatar\/f917ad82e5ab71227a733c78b6e60715476f69ee6be59feee4eb5d9920c89e0f?s=96&d=mm&r=g","url":"https:\/\/secure.gravatar.com\/avatar\/f917ad82e5ab71227a733c78b6e60715476f69ee6be59feee4eb5d9920c89e0f?s=96&d=mm&r=g","contentUrl":"https:\/\/secure.gravatar.com\/avatar\/f917ad82e5ab71227a733c78b6e60715476f69ee6be59feee4eb5d9920c89e0f?s=96&d=mm&r=g","caption":"Kuali Staff"},"url":"https:\/\/kuali.com.mx\/web\/author\/lagarto\/"}]}},"_links":{"self":[{"href":"https:\/\/kuali.com.mx\/web\/wp-json\/wp\/v2\/posts\/156216","targetHints":{"allow":["GET"]}}],"collection":[{"href":"https:\/\/kuali.com.mx\/web\/wp-json\/wp\/v2\/posts"}],"about":[{"href":"https:\/\/kuali.com.mx\/web\/wp-json\/wp\/v2\/types\/post"}],"author":[{"embeddable":true,"href":"https:\/\/kuali.com.mx\/web\/wp-json\/wp\/v2\/users\/2"}],"replies":[{"embeddable":true,"href":"https:\/\/kuali.com.mx\/web\/wp-json\/wp\/v2\/comments?post=156216"}],"version-history":[{"count":2,"href":"https:\/\/kuali.com.mx\/web\/wp-json\/wp\/v2\/posts\/156216\/revisions"}],"predecessor-version":[{"id":156236,"href":"https:\/\/kuali.com.mx\/web\/wp-json\/wp\/v2\/posts\/156216\/revisions\/156236"}],"wp:featuredmedia":[{"embeddable":true,"href":"https:\/\/kuali.com.mx\/web\/wp-json\/wp\/v2\/media\/156219"}],"wp:attachment":[{"href":"https:\/\/kuali.com.mx\/web\/wp-json\/wp\/v2\/media?parent=156216"}],"wp:term":[{"taxonomy":"category","embeddable":true,"href":"https:\/\/kuali.com.mx\/web\/wp-json\/wp\/v2\/categories?post=156216"},{"taxonomy":"post_tag","embeddable":true,"href":"https:\/\/kuali.com.mx\/web\/wp-json\/wp\/v2\/tags?post=156216"}],"curies":[{"name":"wp","href":"https:\/\/api.w.org\/{rel}","templated":true}]}}