{"id":156186,"date":"2024-10-04T16:05:00","date_gmt":"2024-10-04T22:05:00","guid":{"rendered":"https:\/\/kuali.com.mx\/web\/?p=156186"},"modified":"2024-10-04T18:23:26","modified_gmt":"2024-10-05T00:23:26","slug":"por-enesima-ocasion-quieren-despenalizar-el-aborto","status":"publish","type":"post","link":"https:\/\/kuali.com.mx\/web\/2024\/10\/04\/por-enesima-ocasion-quieren-despenalizar-el-aborto\/","title":{"rendered":"POR EN\u00c9SIMA OCASI\u00d3N QUIEREN DESPENALIZAR EL ABORTO"},"content":{"rendered":"\n<p><strong><em>Kuali\/Guanajuato, Gto.-<\/em><\/strong>El grupo parlamentario del Partido Movimiento Ciudadano present\u00f3 una iniciativa de reforma a la Constituci\u00f3n, al C\u00f3digo Penal, a la Ley de Salud y a la Ley de Educaci\u00f3n, para despenalizar el aborto voluntario hasta las doce semanas de gestaci\u00f3n.<\/p>\n\n\n\n<p>Tambi\u00e9n para garantizar la prestaci\u00f3n de servicios de interrupci\u00f3n legal del embarazo y establecer acciones de prevenci\u00f3n, atenci\u00f3n y educaci\u00f3n en materia de salud sexual y reproductiva.<\/p>\n\n\n\n<p>Cabe mencionar, que a noviembre del 2021, la Secretar\u00eda de Salud de Guanajuato hab\u00eda practicado 39 abortos a ni\u00f1as, adolescentes y mujeres violadas.<\/p>\n\n\n\n<p>Del 2016 a la fecha se aplica el programa federal \u201cAborto Seguro\u201d en los Hospitales Materno Infantil de Le\u00f3n, Celaya, Irapuato y San Luis de la Paz..<\/p>\n\n\n\n<p>La activista Ver\u00f3nica Cruz precis\u00f3 que las 39 mujeres que han interrumpido la gestaci\u00f3n, el Centro Las Libres acompa\u00f1\u00f3 a 16, la mayor\u00eda ni\u00f1as y adolescentes de entre 12, 13 y 16 a\u00f1os de edad.<\/p>\n\n\n\n<p>La diputada Sandra Alicia Pedroza Orozco manifest\u00f3 que las mujeres y personas gestantes abortan y siempre lo han hecho. destacando la diferencia entre quienes tienen la posibilidad de acceder a un aborto seguro y las que se ven orilladas a arriesgarse someti\u00e9ndose a uno inseguro, poniendo en riesgo su salud, integridad y vidas, situaci\u00f3n que tambi\u00e9n permite visualizar la brecha de desigualdad entre las mujeres y personas gestantes con recursos y las que no los tienen.<\/p>\n\n\n\n<p>La congresista se\u00f1al\u00f3 que, en diversas partes de M\u00e9xico, incluyendo Guanajuato, se ha evitado en el debate p\u00fablico, lo que ha propiciado la ausencia de una deliberaci\u00f3n fundamentada y un fomento a que siga persistiendo la estigmatizaci\u00f3n y criminalizaci\u00f3n hacia las mujeres y personas gestantes que ejercen su derecho a decidir sobre su cuerpo.<\/p>\n\n\n\n<p>\u201cEsta iniciativa se presenta con la finalidad, por una parte, de despenalizar el aborto voluntario en nuestra entidad, pero tambi\u00e9n abordando como una cuesti\u00f3n de salud p\u00fablica y justicia social, yendo m\u00e1s all\u00e1 de la despenalizaci\u00f3n, con direcci\u00f3n hacia la implementaci\u00f3n de una verdadera pol\u00edtica integral de salud p\u00fablica y educaci\u00f3n sexual, y reproductiva\u201d, dijo.<\/p>\n\n\n\n<p>La legisladora especific\u00f3 que en lo referente a salud se busca el establecer como obligaci\u00f3n del Estado la prestaci\u00f3n de servicios de salud sexual y reproductiva, as\u00ed como de interrupci\u00f3n legal del embarazo, otorg\u00e1ndole a la Secretar\u00eda de Salud la atribuci\u00f3n de planear, dirigir, controlar, operar y supervisar las acciones en materia de derechos sexuales y reproductivos de la entidad.<\/p>\n\n\n\n<p>Por otra parte, Pedroza Orozco mencion\u00f3 que se contempla en los cambios que se garantice la impartici\u00f3n de educaci\u00f3n sexual y reproductiva de manera integral en las escuelas de educaci\u00f3n b\u00e1sica con contenido adecuado conforme a la edad, desarrollo y madurez de la comunidad estudiantil.<\/p>\n\n\n\n<p>\u201cCon esta iniciativa se garantiza el pleno ejercicio de los derechos humanos de las mujeres y personas gestantes en el estado de Guanajuato\u201d, finaliz\u00f3.<\/p>\n\n\n\n<p>La parte correspondiente a la Constituci\u00f3n Pol\u00edtica local se remiti\u00f3 a la Comisi\u00f3n de Gobernaci\u00f3n y Puntos Constitucionales; lo relativo al C\u00f3digo Penal se turn\u00f3 a la Comisi\u00f3n de Justicia; mientras lo que toca a la Ley de Salud se mand\u00f3 a la Comisi\u00f3n de Salud P\u00fablica y lo tocante a la Ley de Educaci\u00f3n se turn\u00f3 a la Comisi\u00f3n de Educaci\u00f3n, Ciencia y Tecnolog\u00eda y Cultura para su estudio y dictamen.<\/p>\n\n\n\n<p>Adem\u00e1s se turn\u00f3 para opini\u00f3n a la Comisi\u00f3n para la Igualdad de G\u00e9nero.<\/p>\n\n\n\n<p>Cabe mencionar que diputados del PRD, PVEM y de Morena han presentado iniciativas para despenalizar el aborto, que fueron rechazadas en su momento por la mayor\u00eda del PAN.<\/p>\n","protected":false},"excerpt":{"rendered":"Kuali\/Guanajuato, Gto.-El grupo parlamentario del Partido Movimiento Ciudadano present\u00f3 una iniciativa de reforma a la Constituci\u00f3n, al C\u00f3digo Penal, a la Ley de Salud y a la Ley de Educaci\u00f3n, para despenalizar el aborto voluntario hasta las doce semanas de gestaci\u00f3n. Tambi\u00e9n para garantizar la prestaci\u00f3n de servicios de interrupci\u00f3n legal del embarazo y establecer [&hellip;]","protected":false},"author":2,"featured_media":64063,"comment_status":"open","ping_status":"open","sticky":false,"template":"","format":"standard","meta":{"_seopress_robots_primary_cat":"none","_seopress_titles_title":"","_seopress_titles_desc":"","_seopress_robots_index":"","_monsterinsights_skip_tracking":false,"_monsterinsights_sitenote_active":false,"_monsterinsights_sitenote_note":"","_monsterinsights_sitenote_category":0,"footnotes":""},"categories":[3],"tags":[],"class_list":["post-156186","post","type-post","status-publish","format-standard","has-post-thumbnail","hentry","category-politica"],"yoast_head":"<!-- This site is optimized with the Yoast SEO plugin v27.4 - https:\/\/yoast.com\/product\/yoast-seo-wordpress\/ -->\n<title>POR EN\u00c9SIMA OCASI\u00d3N QUIEREN DESPENALIZAR EL ABORTO - Kuali<\/title>\n<meta name=\"robots\" content=\"index, follow, max-snippet:-1, max-image-preview:large, max-video-preview:-1\" \/>\n<link rel=\"canonical\" href=\"https:\/\/kuali.com.mx\/web\/2024\/10\/04\/por-enesima-ocasion-quieren-despenalizar-el-aborto\/\" \/>\n<meta property=\"og:locale\" content=\"es_MX\" \/>\n<meta property=\"og:type\" content=\"article\" \/>\n<meta property=\"og:title\" content=\"POR EN\u00c9SIMA OCASI\u00d3N QUIEREN DESPENALIZAR EL ABORTO - Kuali\" \/>\n<meta property=\"og:description\" content=\"Kuali\/Guanajuato, Gto.-El grupo parlamentario del Partido Movimiento Ciudadano present\u00f3 una iniciativa de reforma a la Constituci\u00f3n, al C\u00f3digo Penal, a la Ley de Salud y a la Ley de Educaci\u00f3n, para despenalizar el aborto voluntario hasta las doce semanas de gestaci\u00f3n. Tambi\u00e9n para garantizar la prestaci\u00f3n de servicios de interrupci\u00f3n legal del embarazo y establecer [&hellip;]\" \/>\n<meta property=\"og:url\" content=\"https:\/\/kuali.com.mx\/web\/2024\/10\/04\/por-enesima-ocasion-quieren-despenalizar-el-aborto\/\" \/>\n<meta property=\"og:site_name\" content=\"Kuali\" \/>\n<meta property=\"article:publisher\" content=\"https:\/\/kuali.com.mx\/web\/wp-content\/uploads\/2018\/04\/cropped-kuali_logo-1-1.png\" \/>\n<meta property=\"article:published_time\" content=\"2024-10-04T22:05:00+00:00\" \/>\n<meta property=\"article:modified_time\" content=\"2024-10-05T00:23:26+00:00\" \/>\n<meta property=\"og:image\" content=\"https:\/\/kuali.com.mx\/web\/wp-content\/uploads\/2019\/12\/embarazada.jpg\" \/>\n\t<meta property=\"og:image:width\" content=\"3008\" \/>\n\t<meta property=\"og:image:height\" content=\"2000\" \/>\n\t<meta property=\"og:image:type\" content=\"image\/jpeg\" \/>\n<meta name=\"author\" content=\"Kuali Staff\" \/>\n<meta name=\"twitter:card\" content=\"summary_large_image\" \/>\n<meta name=\"twitter:creator\" content=\"@kuali_noticias\" \/>\n<meta name=\"twitter:site\" content=\"@kuali_noticias\" \/>\n<meta name=\"twitter:label1\" content=\"Escrito por\" \/>\n\t<meta name=\"twitter:data1\" content=\"Kuali Staff\" \/>\n\t<meta name=\"twitter:label2\" content=\"Tiempo de lectura\" \/>\n\t<meta name=\"twitter:data2\" content=\"3 minutos\" \/>\n<script type=\"application\/ld+json\" class=\"yoast-schema-graph\">{\"@context\":\"https:\\\/\\\/schema.org\",\"@graph\":[{\"@type\":\"Article\",\"@id\":\"https:\\\/\\\/kuali.com.mx\\\/web\\\/2024\\\/10\\\/04\\\/por-enesima-ocasion-quieren-despenalizar-el-aborto\\\/#article\",\"isPartOf\":{\"@id\":\"https:\\\/\\\/kuali.com.mx\\\/web\\\/2024\\\/10\\\/04\\\/por-enesima-ocasion-quieren-despenalizar-el-aborto\\\/\"},\"author\":{\"name\":\"Kuali Staff\",\"@id\":\"https:\\\/\\\/kuali.com.mx\\\/web\\\/#\\\/schema\\\/person\\\/6f89ffa8ecba9dae50662357923c5289\"},\"headline\":\"POR EN\u00c9SIMA OCASI\u00d3N QUIEREN DESPENALIZAR EL ABORTO\",\"datePublished\":\"2024-10-04T22:05:00+00:00\",\"dateModified\":\"2024-10-05T00:23:26+00:00\",\"mainEntityOfPage\":{\"@id\":\"https:\\\/\\\/kuali.com.mx\\\/web\\\/2024\\\/10\\\/04\\\/por-enesima-ocasion-quieren-despenalizar-el-aborto\\\/\"},\"wordCount\":649,\"commentCount\":0,\"image\":{\"@id\":\"https:\\\/\\\/kuali.com.mx\\\/web\\\/2024\\\/10\\\/04\\\/por-enesima-ocasion-quieren-despenalizar-el-aborto\\\/#primaryimage\"},\"thumbnailUrl\":\"https:\\\/\\\/kuali.com.mx\\\/web\\\/wp-content\\\/uploads\\\/2019\\\/12\\\/embarazada.jpg\",\"articleSection\":[\"Pol\u00edtica\"],\"inLanguage\":\"es\",\"potentialAction\":[{\"@type\":\"CommentAction\",\"name\":\"Comment\",\"target\":[\"https:\\\/\\\/kuali.com.mx\\\/web\\\/2024\\\/10\\\/04\\\/por-enesima-ocasion-quieren-despenalizar-el-aborto\\\/#respond\"]}]},{\"@type\":\"WebPage\",\"@id\":\"https:\\\/\\\/kuali.com.mx\\\/web\\\/2024\\\/10\\\/04\\\/por-enesima-ocasion-quieren-despenalizar-el-aborto\\\/\",\"url\":\"https:\\\/\\\/kuali.com.mx\\\/web\\\/2024\\\/10\\\/04\\\/por-enesima-ocasion-quieren-despenalizar-el-aborto\\\/\",\"name\":\"POR EN\u00c9SIMA OCASI\u00d3N QUIEREN DESPENALIZAR EL ABORTO - Kuali\",\"isPartOf\":{\"@id\":\"https:\\\/\\\/kuali.com.mx\\\/web\\\/#website\"},\"primaryImageOfPage\":{\"@id\":\"https:\\\/\\\/kuali.com.mx\\\/web\\\/2024\\\/10\\\/04\\\/por-enesima-ocasion-quieren-despenalizar-el-aborto\\\/#primaryimage\"},\"image\":{\"@id\":\"https:\\\/\\\/kuali.com.mx\\\/web\\\/2024\\\/10\\\/04\\\/por-enesima-ocasion-quieren-despenalizar-el-aborto\\\/#primaryimage\"},\"thumbnailUrl\":\"https:\\\/\\\/kuali.com.mx\\\/web\\\/wp-content\\\/uploads\\\/2019\\\/12\\\/embarazada.jpg\",\"datePublished\":\"2024-10-04T22:05:00+00:00\",\"dateModified\":\"2024-10-05T00:23:26+00:00\",\"author\":{\"@id\":\"https:\\\/\\\/kuali.com.mx\\\/web\\\/#\\\/schema\\\/person\\\/6f89ffa8ecba9dae50662357923c5289\"},\"breadcrumb\":{\"@id\":\"https:\\\/\\\/kuali.com.mx\\\/web\\\/2024\\\/10\\\/04\\\/por-enesima-ocasion-quieren-despenalizar-el-aborto\\\/#breadcrumb\"},\"inLanguage\":\"es\",\"potentialAction\":[{\"@type\":\"ReadAction\",\"target\":[\"https:\\\/\\\/kuali.com.mx\\\/web\\\/2024\\\/10\\\/04\\\/por-enesima-ocasion-quieren-despenalizar-el-aborto\\\/\"]}]},{\"@type\":\"ImageObject\",\"inLanguage\":\"es\",\"@id\":\"https:\\\/\\\/kuali.com.mx\\\/web\\\/2024\\\/10\\\/04\\\/por-enesima-ocasion-quieren-despenalizar-el-aborto\\\/#primaryimage\",\"url\":\"https:\\\/\\\/kuali.com.mx\\\/web\\\/wp-content\\\/uploads\\\/2019\\\/12\\\/embarazada.jpg\",\"contentUrl\":\"https:\\\/\\\/kuali.com.mx\\\/web\\\/wp-content\\\/uploads\\\/2019\\\/12\\\/embarazada.jpg\",\"width\":3008,\"height\":2000},{\"@type\":\"BreadcrumbList\",\"@id\":\"https:\\\/\\\/kuali.com.mx\\\/web\\\/2024\\\/10\\\/04\\\/por-enesima-ocasion-quieren-despenalizar-el-aborto\\\/#breadcrumb\",\"itemListElement\":[{\"@type\":\"ListItem\",\"position\":1,\"name\":\"Inicio\",\"item\":\"https:\\\/\\\/kuali.com.mx\\\/web\\\/\"},{\"@type\":\"ListItem\",\"position\":2,\"name\":\"POR EN\u00c9SIMA OCASI\u00d3N QUIEREN DESPENALIZAR EL ABORTO\"}]},{\"@type\":\"WebSite\",\"@id\":\"https:\\\/\\\/kuali.com.mx\\\/web\\\/#website\",\"url\":\"https:\\\/\\\/kuali.com.mx\\\/web\\\/\",\"name\":\"Kuali\",\"description\":\"\",\"potentialAction\":[{\"@type\":\"SearchAction\",\"target\":{\"@type\":\"EntryPoint\",\"urlTemplate\":\"https:\\\/\\\/kuali.com.mx\\\/web\\\/?s={search_term_string}\"},\"query-input\":{\"@type\":\"PropertyValueSpecification\",\"valueRequired\":true,\"valueName\":\"search_term_string\"}}],\"inLanguage\":\"es\"},{\"@type\":\"Person\",\"@id\":\"https:\\\/\\\/kuali.com.mx\\\/web\\\/#\\\/schema\\\/person\\\/6f89ffa8ecba9dae50662357923c5289\",\"name\":\"Kuali Staff\",\"image\":{\"@type\":\"ImageObject\",\"inLanguage\":\"es\",\"@id\":\"https:\\\/\\\/secure.gravatar.com\\\/avatar\\\/f917ad82e5ab71227a733c78b6e60715476f69ee6be59feee4eb5d9920c89e0f?s=96&d=mm&r=g\",\"url\":\"https:\\\/\\\/secure.gravatar.com\\\/avatar\\\/f917ad82e5ab71227a733c78b6e60715476f69ee6be59feee4eb5d9920c89e0f?s=96&d=mm&r=g\",\"contentUrl\":\"https:\\\/\\\/secure.gravatar.com\\\/avatar\\\/f917ad82e5ab71227a733c78b6e60715476f69ee6be59feee4eb5d9920c89e0f?s=96&d=mm&r=g\",\"caption\":\"Kuali Staff\"},\"url\":\"https:\\\/\\\/kuali.com.mx\\\/web\\\/author\\\/lagarto\\\/\"}]}<\/script>\n<!-- \/ Yoast SEO plugin. -->","yoast_head_json":{"title":"POR EN\u00c9SIMA OCASI\u00d3N QUIEREN DESPENALIZAR EL ABORTO - Kuali","robots":{"index":"index","follow":"follow","max-snippet":"max-snippet:-1","max-image-preview":"max-image-preview:large","max-video-preview":"max-video-preview:-1"},"canonical":"https:\/\/kuali.com.mx\/web\/2024\/10\/04\/por-enesima-ocasion-quieren-despenalizar-el-aborto\/","og_locale":"es_MX","og_type":"article","og_title":"POR EN\u00c9SIMA OCASI\u00d3N QUIEREN DESPENALIZAR EL ABORTO - Kuali","og_description":"Kuali\/Guanajuato, Gto.-El grupo parlamentario del Partido Movimiento Ciudadano present\u00f3 una iniciativa de reforma a la Constituci\u00f3n, al C\u00f3digo Penal, a la Ley de Salud y a la Ley de Educaci\u00f3n, para despenalizar el aborto voluntario hasta las doce semanas de gestaci\u00f3n. Tambi\u00e9n para garantizar la prestaci\u00f3n de servicios de interrupci\u00f3n legal del embarazo y establecer [&hellip;]","og_url":"https:\/\/kuali.com.mx\/web\/2024\/10\/04\/por-enesima-ocasion-quieren-despenalizar-el-aborto\/","og_site_name":"Kuali","article_publisher":"https:\/\/kuali.com.mx\/web\/wp-content\/uploads\/2018\/04\/cropped-kuali_logo-1-1.png","article_published_time":"2024-10-04T22:05:00+00:00","article_modified_time":"2024-10-05T00:23:26+00:00","og_image":[{"width":3008,"height":2000,"url":"https:\/\/kuali.com.mx\/web\/wp-content\/uploads\/2019\/12\/embarazada.jpg","type":"image\/jpeg"}],"author":"Kuali Staff","twitter_card":"summary_large_image","twitter_creator":"@kuali_noticias","twitter_site":"@kuali_noticias","twitter_misc":{"Escrito por":"Kuali Staff","Tiempo de lectura":"3 minutos"},"schema":{"@context":"https:\/\/schema.org","@graph":[{"@type":"Article","@id":"https:\/\/kuali.com.mx\/web\/2024\/10\/04\/por-enesima-ocasion-quieren-despenalizar-el-aborto\/#article","isPartOf":{"@id":"https:\/\/kuali.com.mx\/web\/2024\/10\/04\/por-enesima-ocasion-quieren-despenalizar-el-aborto\/"},"author":{"name":"Kuali Staff","@id":"https:\/\/kuali.com.mx\/web\/#\/schema\/person\/6f89ffa8ecba9dae50662357923c5289"},"headline":"POR EN\u00c9SIMA OCASI\u00d3N QUIEREN DESPENALIZAR EL ABORTO","datePublished":"2024-10-04T22:05:00+00:00","dateModified":"2024-10-05T00:23:26+00:00","mainEntityOfPage":{"@id":"https:\/\/kuali.com.mx\/web\/2024\/10\/04\/por-enesima-ocasion-quieren-despenalizar-el-aborto\/"},"wordCount":649,"commentCount":0,"image":{"@id":"https:\/\/kuali.com.mx\/web\/2024\/10\/04\/por-enesima-ocasion-quieren-despenalizar-el-aborto\/#primaryimage"},"thumbnailUrl":"https:\/\/kuali.com.mx\/web\/wp-content\/uploads\/2019\/12\/embarazada.jpg","articleSection":["Pol\u00edtica"],"inLanguage":"es","potentialAction":[{"@type":"CommentAction","name":"Comment","target":["https:\/\/kuali.com.mx\/web\/2024\/10\/04\/por-enesima-ocasion-quieren-despenalizar-el-aborto\/#respond"]}]},{"@type":"WebPage","@id":"https:\/\/kuali.com.mx\/web\/2024\/10\/04\/por-enesima-ocasion-quieren-despenalizar-el-aborto\/","url":"https:\/\/kuali.com.mx\/web\/2024\/10\/04\/por-enesima-ocasion-quieren-despenalizar-el-aborto\/","name":"POR EN\u00c9SIMA OCASI\u00d3N QUIEREN DESPENALIZAR EL ABORTO - Kuali","isPartOf":{"@id":"https:\/\/kuali.com.mx\/web\/#website"},"primaryImageOfPage":{"@id":"https:\/\/kuali.com.mx\/web\/2024\/10\/04\/por-enesima-ocasion-quieren-despenalizar-el-aborto\/#primaryimage"},"image":{"@id":"https:\/\/kuali.com.mx\/web\/2024\/10\/04\/por-enesima-ocasion-quieren-despenalizar-el-aborto\/#primaryimage"},"thumbnailUrl":"https:\/\/kuali.com.mx\/web\/wp-content\/uploads\/2019\/12\/embarazada.jpg","datePublished":"2024-10-04T22:05:00+00:00","dateModified":"2024-10-05T00:23:26+00:00","author":{"@id":"https:\/\/kuali.com.mx\/web\/#\/schema\/person\/6f89ffa8ecba9dae50662357923c5289"},"breadcrumb":{"@id":"https:\/\/kuali.com.mx\/web\/2024\/10\/04\/por-enesima-ocasion-quieren-despenalizar-el-aborto\/#breadcrumb"},"inLanguage":"es","potentialAction":[{"@type":"ReadAction","target":["https:\/\/kuali.com.mx\/web\/2024\/10\/04\/por-enesima-ocasion-quieren-despenalizar-el-aborto\/"]}]},{"@type":"ImageObject","inLanguage":"es","@id":"https:\/\/kuali.com.mx\/web\/2024\/10\/04\/por-enesima-ocasion-quieren-despenalizar-el-aborto\/#primaryimage","url":"https:\/\/kuali.com.mx\/web\/wp-content\/uploads\/2019\/12\/embarazada.jpg","contentUrl":"https:\/\/kuali.com.mx\/web\/wp-content\/uploads\/2019\/12\/embarazada.jpg","width":3008,"height":2000},{"@type":"BreadcrumbList","@id":"https:\/\/kuali.com.mx\/web\/2024\/10\/04\/por-enesima-ocasion-quieren-despenalizar-el-aborto\/#breadcrumb","itemListElement":[{"@type":"ListItem","position":1,"name":"Inicio","item":"https:\/\/kuali.com.mx\/web\/"},{"@type":"ListItem","position":2,"name":"POR EN\u00c9SIMA OCASI\u00d3N QUIEREN DESPENALIZAR EL ABORTO"}]},{"@type":"WebSite","@id":"https:\/\/kuali.com.mx\/web\/#website","url":"https:\/\/kuali.com.mx\/web\/","name":"Kuali","description":"","potentialAction":[{"@type":"SearchAction","target":{"@type":"EntryPoint","urlTemplate":"https:\/\/kuali.com.mx\/web\/?s={search_term_string}"},"query-input":{"@type":"PropertyValueSpecification","valueRequired":true,"valueName":"search_term_string"}}],"inLanguage":"es"},{"@type":"Person","@id":"https:\/\/kuali.com.mx\/web\/#\/schema\/person\/6f89ffa8ecba9dae50662357923c5289","name":"Kuali Staff","image":{"@type":"ImageObject","inLanguage":"es","@id":"https:\/\/secure.gravatar.com\/avatar\/f917ad82e5ab71227a733c78b6e60715476f69ee6be59feee4eb5d9920c89e0f?s=96&d=mm&r=g","url":"https:\/\/secure.gravatar.com\/avatar\/f917ad82e5ab71227a733c78b6e60715476f69ee6be59feee4eb5d9920c89e0f?s=96&d=mm&r=g","contentUrl":"https:\/\/secure.gravatar.com\/avatar\/f917ad82e5ab71227a733c78b6e60715476f69ee6be59feee4eb5d9920c89e0f?s=96&d=mm&r=g","caption":"Kuali Staff"},"url":"https:\/\/kuali.com.mx\/web\/author\/lagarto\/"}]}},"_links":{"self":[{"href":"https:\/\/kuali.com.mx\/web\/wp-json\/wp\/v2\/posts\/156186","targetHints":{"allow":["GET"]}}],"collection":[{"href":"https:\/\/kuali.com.mx\/web\/wp-json\/wp\/v2\/posts"}],"about":[{"href":"https:\/\/kuali.com.mx\/web\/wp-json\/wp\/v2\/types\/post"}],"author":[{"embeddable":true,"href":"https:\/\/kuali.com.mx\/web\/wp-json\/wp\/v2\/users\/2"}],"replies":[{"embeddable":true,"href":"https:\/\/kuali.com.mx\/web\/wp-json\/wp\/v2\/comments?post=156186"}],"version-history":[{"count":3,"href":"https:\/\/kuali.com.mx\/web\/wp-json\/wp\/v2\/posts\/156186\/revisions"}],"predecessor-version":[{"id":156195,"href":"https:\/\/kuali.com.mx\/web\/wp-json\/wp\/v2\/posts\/156186\/revisions\/156195"}],"wp:featuredmedia":[{"embeddable":true,"href":"https:\/\/kuali.com.mx\/web\/wp-json\/wp\/v2\/media\/64063"}],"wp:attachment":[{"href":"https:\/\/kuali.com.mx\/web\/wp-json\/wp\/v2\/media?parent=156186"}],"wp:term":[{"taxonomy":"category","embeddable":true,"href":"https:\/\/kuali.com.mx\/web\/wp-json\/wp\/v2\/categories?post=156186"},{"taxonomy":"post_tag","embeddable":true,"href":"https:\/\/kuali.com.mx\/web\/wp-json\/wp\/v2\/tags?post=156186"}],"curies":[{"name":"wp","href":"https:\/\/api.w.org\/{rel}","templated":true}]}}