{"id":156102,"date":"2024-10-03T17:03:00","date_gmt":"2024-10-03T23:03:00","guid":{"rendered":"https:\/\/kuali.com.mx\/web\/?p=156102"},"modified":"2024-10-03T18:15:36","modified_gmt":"2024-10-04T00:15:36","slug":"padece-salamanca-pugnas-entre-csrl-y-cjng","status":"publish","type":"post","link":"https:\/\/kuali.com.mx\/web\/2024\/10\/03\/padece-salamanca-pugnas-entre-csrl-y-cjng\/","title":{"rendered":"PADECE SALAMANCA PUGNAS ENTRE CSRL Y CJNG"},"content":{"rendered":"\n<p><strong><em>Carlos Garc\u00eda\/Salamanca, Gto.-<\/em><\/strong> Por la lucha entre el C\u00e1rtel Santa Rosa de Lima (CSRL) y el C\u00e1rtel Jalisco Nueva Generaci\u00f3n (CJNG) fueron asesinadas 12 personas en Salamanca, municipio que carece de una polic\u00eda consolidada.<\/p>\n\n\n\n<p>Ocho hombres y cuatro mujeres fueron asesinados, la ma\u00f1ana del jueves, en diferentes puntos del municipio, como en el libramiento a Valle de Santiago, en la colonia La Cruz, as\u00ed como en las comunidades de Valtierrilla, Cerro Gordo y Los Lobos.<\/p>\n\n\n\n<p>En las escenas del crimen fueron dejadas mantas firmadas por la agrupaci\u00f3n que lidera Jos\u00e9 Antonio Y\u00e9pez Ortiz, \"El Marro\", preso desde el dos de agosto del 2020. El l\u00edder criminal fue sentenciado -en enero de 2022- a 60 a\u00f1os de prisi\u00f3n por el delito de secuestro.<\/p>\n\n\n\n<p>Los 12 asesinatos son el resultado de la pugna entre dos grupos de la delincuencia organizada \u2014CSRL y CJNG\u2014, inform\u00f3 el secretario de Gobierno, Jorge Jim\u00e9nez Lona, quien no mencion\u00f3 el nombre de los c\u00e1rteles.<\/p>\n\n\n\n<p>\"Viene derivado de un enfrentamiento entre dos grupos\" y la gobernadora, Libia Garc\u00eda Mu\u00f1oz Ledo, orden\u00f3 enviar m\u00e1s elementos de las Fuerzas de Seguridad P\u00fablica del Estado (FSPE), coment\u00f3.<\/p>\n\n\n\n<p>Las fuerzas estatales y federales trabajan para ubicar a los integrantes de los grupos criminales porque tienen informaci\u00f3n sobre los lugares donde operan, ventil\u00f3.<\/p>\n\n\n\n<p>Adelant\u00f3 que el viernes se reunir\u00e1 con el alcalde de Salamanca, C\u00e9sar Prieto Gallardo, porque la inseguridad es \"un tema complicado\" que debe ser atendido por los tres niveles de gobierno.<\/p>\n\n\n\n<p>La Secretar\u00eda de Seguridad y Paz implementar\u00e1 una nueva estrategia de combate al crimen basada en la inteligencia, la presencia y la coordinaci\u00f3n, dijo Jim\u00e9nez Lona.<\/p>\n\n\n\n<p>En septiembre asesinaron a 164 personas y fue el mes con menos homicidios dolosos, por eso no se puede bajar la guardia, sostuvo.<\/p>\n\n\n\n<p>De enero a septiembre se perpetraron mil 794 homicidios dolosos, de acuerdo con datos del Sistema Nacional de Seguridad P\u00fablica (SNSP). En el mismo periodo del 2023, fueron asesinadas 2 mil 25 personas. <\/p>\n\n\n\n<p>En enero fueron privadas de la vida 216 personas; en febrero, 185; en marzo, 209; en abril, 229; en mayo, 177; en junio, 2010; en julio, 206; en agosto, 198; y en septiembre, 164.<\/p>\n\n\n\n<p>En el a\u00f1o 2023 fueron cometidos dos mil 581 asesinatos dolosos y en 2022, dos mil 634.<\/p>\n\n\n\n<p>\"No podemos bajar la guardia, tenemos el ofrecimiento de los generales de reforzar -la vigilancia-, tenemos la zona Laja-Baj\u00edo muy puntual\", declar\u00f3.<\/p>\n\n\n\n<p>El primero de octubre, un grupo armado ingres\u00f3 a un anexo de Salamanca, donde hab\u00eda 20 internos, mat\u00f3 a cuatro hombres y lesion\u00f3 a cinco.<\/p>\n\n\n\n<p>El Estado pondr\u00e1 atenci\u00f3n en la operaci\u00f3n de los llamados \"anexos\" porque unos trabajan bien, pero otros son usados para resguardar a criminales, revel\u00f3.<\/p>\n\n\n\n<p>Polic\u00eda municipal<\/p>\n\n\n\n<p>En el gobierno (2015-2018), del panista Antonio Arredondo Mu\u00f1oz, desapareci\u00f3 la polic\u00eda municipal y entr\u00f3 en funciones el Mando \u00danico, que dej\u00f3 de operar en abril del 2020.<\/p>\n\n\n\n<p>En las administraciones morenistas (2018-2021) y (2021-2024), de Beatriz Hern\u00e1ndez Cruz y C\u00e9sar Prieto Gallardo, no han podido consolidar a la polic\u00eda municipal. El morenista C\u00e9sar Prieto fue reelecto para la administraci\u00f3n (2024-2027).<\/p>\n\n\n\n<p>\"No hay polic\u00eda local que pueda contra hechos de esta naturaleza \u2014ejecuciones del crimen organizado\u2014necesitan del apoyo federal y del estado\", acot\u00f3 Jim\u00e9nez Lona.<\/p>\n\n\n\n<p>El funcionario reconoci\u00f3 que la Polic\u00eda de Salamanca \"est\u00e1 resurgiendo\" y necesita del respaldo estatal y federal.<\/p>\n\n\n\n<p>\"Tiene pocos elementos efectivamente, pero necesitamos fortalecer a las polic\u00edas municipales\", puntualiz\u00f3.<\/p>\n\n\n\n<p>En el a\u00f1o 2019 egres\u00f3 la primera generaci\u00f3n de polic\u00edas municipales y la corporaci\u00f3n logr\u00f3 tener a 102 elementos; la actual administraci\u00f3n solo sum\u00f3 a 76 oficiales, cuando la meta era de 250.<\/p>\n","protected":false},"excerpt":{"rendered":"Carlos Garc\u00eda\/Salamanca, Gto.- Por la lucha entre el C\u00e1rtel Santa Rosa de Lima (CSRL) y el C\u00e1rtel Jalisco Nueva Generaci\u00f3n (CJNG) fueron asesinadas 12 personas en Salamanca, municipio que carece de una polic\u00eda consolidada. Ocho hombres y cuatro mujeres fueron asesinados, la ma\u00f1ana del jueves, en diferentes puntos del municipio, como en el libramiento a [&hellip;]","protected":false},"author":2,"featured_media":156105,"comment_status":"open","ping_status":"open","sticky":false,"template":"","format":"standard","meta":{"_seopress_robots_primary_cat":"none","_seopress_titles_title":"","_seopress_titles_desc":"","_seopress_robots_index":"","_monsterinsights_skip_tracking":false,"_monsterinsights_sitenote_active":false,"_monsterinsights_sitenote_note":"","_monsterinsights_sitenote_category":0,"footnotes":""},"categories":[3,69],"tags":[],"class_list":["post-156102","post","type-post","status-publish","format-standard","has-post-thumbnail","hentry","category-politica","category-slider"],"yoast_head":"<!-- This site is optimized with the Yoast SEO plugin v27.4 - https:\/\/yoast.com\/product\/yoast-seo-wordpress\/ -->\n<title>PADECE SALAMANCA PUGNAS ENTRE CSRL Y CJNG - Kuali<\/title>\n<meta name=\"robots\" content=\"index, follow, max-snippet:-1, max-image-preview:large, max-video-preview:-1\" \/>\n<link rel=\"canonical\" href=\"https:\/\/kuali.com.mx\/web\/2024\/10\/03\/padece-salamanca-pugnas-entre-csrl-y-cjng\/\" \/>\n<meta property=\"og:locale\" content=\"es_MX\" \/>\n<meta property=\"og:type\" content=\"article\" \/>\n<meta property=\"og:title\" content=\"PADECE SALAMANCA PUGNAS ENTRE CSRL Y CJNG - Kuali\" \/>\n<meta property=\"og:description\" content=\"Carlos Garc\u00eda\/Salamanca, Gto.- Por la lucha entre el C\u00e1rtel Santa Rosa de Lima (CSRL) y el C\u00e1rtel Jalisco Nueva Generaci\u00f3n (CJNG) fueron asesinadas 12 personas en Salamanca, municipio que carece de una polic\u00eda consolidada. Ocho hombres y cuatro mujeres fueron asesinados, la ma\u00f1ana del jueves, en diferentes puntos del municipio, como en el libramiento a [&hellip;]\" \/>\n<meta property=\"og:url\" content=\"https:\/\/kuali.com.mx\/web\/2024\/10\/03\/padece-salamanca-pugnas-entre-csrl-y-cjng\/\" \/>\n<meta property=\"og:site_name\" content=\"Kuali\" \/>\n<meta property=\"article:publisher\" content=\"https:\/\/kuali.com.mx\/web\/wp-content\/uploads\/2018\/04\/cropped-kuali_logo-1-1.png\" \/>\n<meta property=\"article:published_time\" content=\"2024-10-03T23:03:00+00:00\" \/>\n<meta property=\"article:modified_time\" content=\"2024-10-04T00:15:36+00:00\" \/>\n<meta property=\"og:image\" content=\"https:\/\/kuali.com.mx\/web\/wp-content\/uploads\/2024\/10\/Jorge-Jimenez-Lona.jpg\" \/>\n\t<meta property=\"og:image:width\" content=\"1725\" \/>\n\t<meta property=\"og:image:height\" content=\"750\" \/>\n\t<meta property=\"og:image:type\" content=\"image\/jpeg\" \/>\n<meta name=\"author\" content=\"Kuali Staff\" \/>\n<meta name=\"twitter:card\" content=\"summary_large_image\" \/>\n<meta name=\"twitter:creator\" content=\"@kuali_noticias\" \/>\n<meta name=\"twitter:site\" content=\"@kuali_noticias\" \/>\n<meta name=\"twitter:label1\" content=\"Escrito por\" \/>\n\t<meta name=\"twitter:data1\" content=\"Kuali Staff\" \/>\n\t<meta name=\"twitter:label2\" content=\"Tiempo de lectura\" \/>\n\t<meta name=\"twitter:data2\" content=\"3 minutos\" \/>\n<script type=\"application\/ld+json\" class=\"yoast-schema-graph\">{\"@context\":\"https:\\\/\\\/schema.org\",\"@graph\":[{\"@type\":\"Article\",\"@id\":\"https:\\\/\\\/kuali.com.mx\\\/web\\\/2024\\\/10\\\/03\\\/padece-salamanca-pugnas-entre-csrl-y-cjng\\\/#article\",\"isPartOf\":{\"@id\":\"https:\\\/\\\/kuali.com.mx\\\/web\\\/2024\\\/10\\\/03\\\/padece-salamanca-pugnas-entre-csrl-y-cjng\\\/\"},\"author\":{\"name\":\"Kuali Staff\",\"@id\":\"https:\\\/\\\/kuali.com.mx\\\/web\\\/#\\\/schema\\\/person\\\/6f89ffa8ecba9dae50662357923c5289\"},\"headline\":\"PADECE SALAMANCA PUGNAS ENTRE CSRL Y CJNG\",\"datePublished\":\"2024-10-03T23:03:00+00:00\",\"dateModified\":\"2024-10-04T00:15:36+00:00\",\"mainEntityOfPage\":{\"@id\":\"https:\\\/\\\/kuali.com.mx\\\/web\\\/2024\\\/10\\\/03\\\/padece-salamanca-pugnas-entre-csrl-y-cjng\\\/\"},\"wordCount\":621,\"commentCount\":0,\"image\":{\"@id\":\"https:\\\/\\\/kuali.com.mx\\\/web\\\/2024\\\/10\\\/03\\\/padece-salamanca-pugnas-entre-csrl-y-cjng\\\/#primaryimage\"},\"thumbnailUrl\":\"https:\\\/\\\/kuali.com.mx\\\/web\\\/wp-content\\\/uploads\\\/2024\\\/10\\\/Jorge-Jimenez-Lona.jpg\",\"articleSection\":[\"Pol\u00edtica\",\"slider\"],\"inLanguage\":\"es\",\"potentialAction\":[{\"@type\":\"CommentAction\",\"name\":\"Comment\",\"target\":[\"https:\\\/\\\/kuali.com.mx\\\/web\\\/2024\\\/10\\\/03\\\/padece-salamanca-pugnas-entre-csrl-y-cjng\\\/#respond\"]}]},{\"@type\":\"WebPage\",\"@id\":\"https:\\\/\\\/kuali.com.mx\\\/web\\\/2024\\\/10\\\/03\\\/padece-salamanca-pugnas-entre-csrl-y-cjng\\\/\",\"url\":\"https:\\\/\\\/kuali.com.mx\\\/web\\\/2024\\\/10\\\/03\\\/padece-salamanca-pugnas-entre-csrl-y-cjng\\\/\",\"name\":\"PADECE SALAMANCA PUGNAS ENTRE CSRL Y CJNG - Kuali\",\"isPartOf\":{\"@id\":\"https:\\\/\\\/kuali.com.mx\\\/web\\\/#website\"},\"primaryImageOfPage\":{\"@id\":\"https:\\\/\\\/kuali.com.mx\\\/web\\\/2024\\\/10\\\/03\\\/padece-salamanca-pugnas-entre-csrl-y-cjng\\\/#primaryimage\"},\"image\":{\"@id\":\"https:\\\/\\\/kuali.com.mx\\\/web\\\/2024\\\/10\\\/03\\\/padece-salamanca-pugnas-entre-csrl-y-cjng\\\/#primaryimage\"},\"thumbnailUrl\":\"https:\\\/\\\/kuali.com.mx\\\/web\\\/wp-content\\\/uploads\\\/2024\\\/10\\\/Jorge-Jimenez-Lona.jpg\",\"datePublished\":\"2024-10-03T23:03:00+00:00\",\"dateModified\":\"2024-10-04T00:15:36+00:00\",\"author\":{\"@id\":\"https:\\\/\\\/kuali.com.mx\\\/web\\\/#\\\/schema\\\/person\\\/6f89ffa8ecba9dae50662357923c5289\"},\"breadcrumb\":{\"@id\":\"https:\\\/\\\/kuali.com.mx\\\/web\\\/2024\\\/10\\\/03\\\/padece-salamanca-pugnas-entre-csrl-y-cjng\\\/#breadcrumb\"},\"inLanguage\":\"es\",\"potentialAction\":[{\"@type\":\"ReadAction\",\"target\":[\"https:\\\/\\\/kuali.com.mx\\\/web\\\/2024\\\/10\\\/03\\\/padece-salamanca-pugnas-entre-csrl-y-cjng\\\/\"]}]},{\"@type\":\"ImageObject\",\"inLanguage\":\"es\",\"@id\":\"https:\\\/\\\/kuali.com.mx\\\/web\\\/2024\\\/10\\\/03\\\/padece-salamanca-pugnas-entre-csrl-y-cjng\\\/#primaryimage\",\"url\":\"https:\\\/\\\/kuali.com.mx\\\/web\\\/wp-content\\\/uploads\\\/2024\\\/10\\\/Jorge-Jimenez-Lona.jpg\",\"contentUrl\":\"https:\\\/\\\/kuali.com.mx\\\/web\\\/wp-content\\\/uploads\\\/2024\\\/10\\\/Jorge-Jimenez-Lona.jpg\",\"width\":1725,\"height\":750},{\"@type\":\"BreadcrumbList\",\"@id\":\"https:\\\/\\\/kuali.com.mx\\\/web\\\/2024\\\/10\\\/03\\\/padece-salamanca-pugnas-entre-csrl-y-cjng\\\/#breadcrumb\",\"itemListElement\":[{\"@type\":\"ListItem\",\"position\":1,\"name\":\"Inicio\",\"item\":\"https:\\\/\\\/kuali.com.mx\\\/web\\\/\"},{\"@type\":\"ListItem\",\"position\":2,\"name\":\"PADECE SALAMANCA PUGNAS ENTRE CSRL Y CJNG\"}]},{\"@type\":\"WebSite\",\"@id\":\"https:\\\/\\\/kuali.com.mx\\\/web\\\/#website\",\"url\":\"https:\\\/\\\/kuali.com.mx\\\/web\\\/\",\"name\":\"Kuali\",\"description\":\"\",\"potentialAction\":[{\"@type\":\"SearchAction\",\"target\":{\"@type\":\"EntryPoint\",\"urlTemplate\":\"https:\\\/\\\/kuali.com.mx\\\/web\\\/?s={search_term_string}\"},\"query-input\":{\"@type\":\"PropertyValueSpecification\",\"valueRequired\":true,\"valueName\":\"search_term_string\"}}],\"inLanguage\":\"es\"},{\"@type\":\"Person\",\"@id\":\"https:\\\/\\\/kuali.com.mx\\\/web\\\/#\\\/schema\\\/person\\\/6f89ffa8ecba9dae50662357923c5289\",\"name\":\"Kuali Staff\",\"image\":{\"@type\":\"ImageObject\",\"inLanguage\":\"es\",\"@id\":\"https:\\\/\\\/secure.gravatar.com\\\/avatar\\\/f917ad82e5ab71227a733c78b6e60715476f69ee6be59feee4eb5d9920c89e0f?s=96&d=mm&r=g\",\"url\":\"https:\\\/\\\/secure.gravatar.com\\\/avatar\\\/f917ad82e5ab71227a733c78b6e60715476f69ee6be59feee4eb5d9920c89e0f?s=96&d=mm&r=g\",\"contentUrl\":\"https:\\\/\\\/secure.gravatar.com\\\/avatar\\\/f917ad82e5ab71227a733c78b6e60715476f69ee6be59feee4eb5d9920c89e0f?s=96&d=mm&r=g\",\"caption\":\"Kuali Staff\"},\"url\":\"https:\\\/\\\/kuali.com.mx\\\/web\\\/author\\\/lagarto\\\/\"}]}<\/script>\n<!-- \/ Yoast SEO plugin. -->","yoast_head_json":{"title":"PADECE SALAMANCA PUGNAS ENTRE CSRL Y CJNG - Kuali","robots":{"index":"index","follow":"follow","max-snippet":"max-snippet:-1","max-image-preview":"max-image-preview:large","max-video-preview":"max-video-preview:-1"},"canonical":"https:\/\/kuali.com.mx\/web\/2024\/10\/03\/padece-salamanca-pugnas-entre-csrl-y-cjng\/","og_locale":"es_MX","og_type":"article","og_title":"PADECE SALAMANCA PUGNAS ENTRE CSRL Y CJNG - Kuali","og_description":"Carlos Garc\u00eda\/Salamanca, Gto.- Por la lucha entre el C\u00e1rtel Santa Rosa de Lima (CSRL) y el C\u00e1rtel Jalisco Nueva Generaci\u00f3n (CJNG) fueron asesinadas 12 personas en Salamanca, municipio que carece de una polic\u00eda consolidada. Ocho hombres y cuatro mujeres fueron asesinados, la ma\u00f1ana del jueves, en diferentes puntos del municipio, como en el libramiento a [&hellip;]","og_url":"https:\/\/kuali.com.mx\/web\/2024\/10\/03\/padece-salamanca-pugnas-entre-csrl-y-cjng\/","og_site_name":"Kuali","article_publisher":"https:\/\/kuali.com.mx\/web\/wp-content\/uploads\/2018\/04\/cropped-kuali_logo-1-1.png","article_published_time":"2024-10-03T23:03:00+00:00","article_modified_time":"2024-10-04T00:15:36+00:00","og_image":[{"width":1725,"height":750,"url":"https:\/\/kuali.com.mx\/web\/wp-content\/uploads\/2024\/10\/Jorge-Jimenez-Lona.jpg","type":"image\/jpeg"}],"author":"Kuali Staff","twitter_card":"summary_large_image","twitter_creator":"@kuali_noticias","twitter_site":"@kuali_noticias","twitter_misc":{"Escrito por":"Kuali Staff","Tiempo de lectura":"3 minutos"},"schema":{"@context":"https:\/\/schema.org","@graph":[{"@type":"Article","@id":"https:\/\/kuali.com.mx\/web\/2024\/10\/03\/padece-salamanca-pugnas-entre-csrl-y-cjng\/#article","isPartOf":{"@id":"https:\/\/kuali.com.mx\/web\/2024\/10\/03\/padece-salamanca-pugnas-entre-csrl-y-cjng\/"},"author":{"name":"Kuali Staff","@id":"https:\/\/kuali.com.mx\/web\/#\/schema\/person\/6f89ffa8ecba9dae50662357923c5289"},"headline":"PADECE SALAMANCA PUGNAS ENTRE CSRL Y CJNG","datePublished":"2024-10-03T23:03:00+00:00","dateModified":"2024-10-04T00:15:36+00:00","mainEntityOfPage":{"@id":"https:\/\/kuali.com.mx\/web\/2024\/10\/03\/padece-salamanca-pugnas-entre-csrl-y-cjng\/"},"wordCount":621,"commentCount":0,"image":{"@id":"https:\/\/kuali.com.mx\/web\/2024\/10\/03\/padece-salamanca-pugnas-entre-csrl-y-cjng\/#primaryimage"},"thumbnailUrl":"https:\/\/kuali.com.mx\/web\/wp-content\/uploads\/2024\/10\/Jorge-Jimenez-Lona.jpg","articleSection":["Pol\u00edtica","slider"],"inLanguage":"es","potentialAction":[{"@type":"CommentAction","name":"Comment","target":["https:\/\/kuali.com.mx\/web\/2024\/10\/03\/padece-salamanca-pugnas-entre-csrl-y-cjng\/#respond"]}]},{"@type":"WebPage","@id":"https:\/\/kuali.com.mx\/web\/2024\/10\/03\/padece-salamanca-pugnas-entre-csrl-y-cjng\/","url":"https:\/\/kuali.com.mx\/web\/2024\/10\/03\/padece-salamanca-pugnas-entre-csrl-y-cjng\/","name":"PADECE SALAMANCA PUGNAS ENTRE CSRL Y CJNG - Kuali","isPartOf":{"@id":"https:\/\/kuali.com.mx\/web\/#website"},"primaryImageOfPage":{"@id":"https:\/\/kuali.com.mx\/web\/2024\/10\/03\/padece-salamanca-pugnas-entre-csrl-y-cjng\/#primaryimage"},"image":{"@id":"https:\/\/kuali.com.mx\/web\/2024\/10\/03\/padece-salamanca-pugnas-entre-csrl-y-cjng\/#primaryimage"},"thumbnailUrl":"https:\/\/kuali.com.mx\/web\/wp-content\/uploads\/2024\/10\/Jorge-Jimenez-Lona.jpg","datePublished":"2024-10-03T23:03:00+00:00","dateModified":"2024-10-04T00:15:36+00:00","author":{"@id":"https:\/\/kuali.com.mx\/web\/#\/schema\/person\/6f89ffa8ecba9dae50662357923c5289"},"breadcrumb":{"@id":"https:\/\/kuali.com.mx\/web\/2024\/10\/03\/padece-salamanca-pugnas-entre-csrl-y-cjng\/#breadcrumb"},"inLanguage":"es","potentialAction":[{"@type":"ReadAction","target":["https:\/\/kuali.com.mx\/web\/2024\/10\/03\/padece-salamanca-pugnas-entre-csrl-y-cjng\/"]}]},{"@type":"ImageObject","inLanguage":"es","@id":"https:\/\/kuali.com.mx\/web\/2024\/10\/03\/padece-salamanca-pugnas-entre-csrl-y-cjng\/#primaryimage","url":"https:\/\/kuali.com.mx\/web\/wp-content\/uploads\/2024\/10\/Jorge-Jimenez-Lona.jpg","contentUrl":"https:\/\/kuali.com.mx\/web\/wp-content\/uploads\/2024\/10\/Jorge-Jimenez-Lona.jpg","width":1725,"height":750},{"@type":"BreadcrumbList","@id":"https:\/\/kuali.com.mx\/web\/2024\/10\/03\/padece-salamanca-pugnas-entre-csrl-y-cjng\/#breadcrumb","itemListElement":[{"@type":"ListItem","position":1,"name":"Inicio","item":"https:\/\/kuali.com.mx\/web\/"},{"@type":"ListItem","position":2,"name":"PADECE SALAMANCA PUGNAS ENTRE CSRL Y CJNG"}]},{"@type":"WebSite","@id":"https:\/\/kuali.com.mx\/web\/#website","url":"https:\/\/kuali.com.mx\/web\/","name":"Kuali","description":"","potentialAction":[{"@type":"SearchAction","target":{"@type":"EntryPoint","urlTemplate":"https:\/\/kuali.com.mx\/web\/?s={search_term_string}"},"query-input":{"@type":"PropertyValueSpecification","valueRequired":true,"valueName":"search_term_string"}}],"inLanguage":"es"},{"@type":"Person","@id":"https:\/\/kuali.com.mx\/web\/#\/schema\/person\/6f89ffa8ecba9dae50662357923c5289","name":"Kuali Staff","image":{"@type":"ImageObject","inLanguage":"es","@id":"https:\/\/secure.gravatar.com\/avatar\/f917ad82e5ab71227a733c78b6e60715476f69ee6be59feee4eb5d9920c89e0f?s=96&d=mm&r=g","url":"https:\/\/secure.gravatar.com\/avatar\/f917ad82e5ab71227a733c78b6e60715476f69ee6be59feee4eb5d9920c89e0f?s=96&d=mm&r=g","contentUrl":"https:\/\/secure.gravatar.com\/avatar\/f917ad82e5ab71227a733c78b6e60715476f69ee6be59feee4eb5d9920c89e0f?s=96&d=mm&r=g","caption":"Kuali Staff"},"url":"https:\/\/kuali.com.mx\/web\/author\/lagarto\/"}]}},"_links":{"self":[{"href":"https:\/\/kuali.com.mx\/web\/wp-json\/wp\/v2\/posts\/156102","targetHints":{"allow":["GET"]}}],"collection":[{"href":"https:\/\/kuali.com.mx\/web\/wp-json\/wp\/v2\/posts"}],"about":[{"href":"https:\/\/kuali.com.mx\/web\/wp-json\/wp\/v2\/types\/post"}],"author":[{"embeddable":true,"href":"https:\/\/kuali.com.mx\/web\/wp-json\/wp\/v2\/users\/2"}],"replies":[{"embeddable":true,"href":"https:\/\/kuali.com.mx\/web\/wp-json\/wp\/v2\/comments?post=156102"}],"version-history":[{"count":4,"href":"https:\/\/kuali.com.mx\/web\/wp-json\/wp\/v2\/posts\/156102\/revisions"}],"predecessor-version":[{"id":156122,"href":"https:\/\/kuali.com.mx\/web\/wp-json\/wp\/v2\/posts\/156102\/revisions\/156122"}],"wp:featuredmedia":[{"embeddable":true,"href":"https:\/\/kuali.com.mx\/web\/wp-json\/wp\/v2\/media\/156105"}],"wp:attachment":[{"href":"https:\/\/kuali.com.mx\/web\/wp-json\/wp\/v2\/media?parent=156102"}],"wp:term":[{"taxonomy":"category","embeddable":true,"href":"https:\/\/kuali.com.mx\/web\/wp-json\/wp\/v2\/categories?post=156102"},{"taxonomy":"post_tag","embeddable":true,"href":"https:\/\/kuali.com.mx\/web\/wp-json\/wp\/v2\/tags?post=156102"}],"curies":[{"name":"wp","href":"https:\/\/api.w.org\/{rel}","templated":true}]}}