{"id":155940,"date":"2024-09-30T12:15:23","date_gmt":"2024-09-30T18:15:23","guid":{"rendered":"https:\/\/kuali.com.mx\/web\/?p=155940"},"modified":"2024-10-01T08:04:18","modified_gmt":"2024-10-01T14:04:18","slug":"nicaragua-aumenta-violacion-a-derechos-humanos","status":"publish","type":"post","link":"https:\/\/kuali.com.mx\/web\/2024\/09\/30\/nicaragua-aumenta-violacion-a-derechos-humanos\/","title":{"rendered":"NICARAGUA: AUMENTA VIOLACI\u00d3N A DERECHOS HUMANOS"},"content":{"rendered":"\n<p><em><strong>ENCUENTRO CON GOROSITO\u2026<\/strong><\/em><\/p>\n\n\n\n<p>El Grupo de Expertos de la Organizaci\u00f3n de las Naciones Unidas (ONU), sobre la Rep\u00fablica de Nicaragua, comunic\u00f3 que la situaci\u00f3n de los derechos humanos en el pa\u00eds ha empeorado dr\u00e1sticamente. Hace unos d\u00edas el Gobierno que lidera Daniel Ortega despoj\u00f3 de su nacionalidad y bienes a 135 expresos pol\u00edticos.<\/p>\n\n\n\n<p>Jan- Michael Simon, jurista alem\u00e1n que preside el Grupo de Expertos, afirm\u00f3 que \u201clas continuas violaciones a los derechos humanos est\u00e1n dejando a sectores enteros de la poblaci\u00f3n en un estado de indefensi\u00f3n\u201d.<\/p>\n\n\n\n<p>\u201cNicaragua no cumple ni con el m\u00e1s m\u00ednimo est\u00e1ndar razonable de independencia judicial\u201d, dijo Simon en Ginebra (Suiza), sede del Consejo d&nbsp;<\/p>\n\n\n\n<p>Derechos Humanos de las Naciones Unidas, por cuyo mandato act\u00faa el Grupo de Expertos. La declaraci\u00f3n realizada considera que el poder se concentra cada vez m\u00e1s en manos del presidente Daniel Ortega y la vicepresidenta Rosario Murilllo, Y los ciudadanos no tiene a qui\u00e9n recurrir en busca de justicia y rendici\u00f3n de cuentas\u201d.<\/p>\n\n\n\n<p>Dicha situaci\u00f3n \u201cagrava el ya generalizado clima de impunidad\u201d, y el Gobierno \u201csigue facilitando, coordinando y ejecutando graves violaciones y abusos contra los derechos humanos\u201d. Seg\u00fan la declaraci\u00f3n \u201ccontin\u00faan las detenciones arbitrarias, torturas y los malos tratos, y la instrumentalizaci\u00f3n del derecho penal para eliminar cualquier oposici\u00f3n real, potencial o percibida como tal. Las v\u00edctimas se ven obligadas a elegir entre la c\u00e1rcel y la salida del pa\u00eds\u201d.<\/p>\n\n\n\n<p>Tengamos presente que el 5 de septiembre fueron excarcelados y expulsados hacia la vecina Guatemala 135 opositores que estaban tras las rejas, mediante un acuerdo generado entre los gobiernos de ese pa\u00eds y Estados Unidos de Am\u00e9rica con el de Nicaragua. En febrero del 2023 hubo otra expulsi\u00f3n masiva de presos pol\u00edticos, en esa ocasi\u00f3n fueron trasladados directamente a Washington.<\/p>\n\n\n\n<p>Los expulsados seg\u00fan el Tribunal de Apelaciones de Managua, argument\u00f3 que: \u201cson personas que \u201catentaron contra la soberan\u00eda, independencia y autodeterminaci\u00f3n\u201d y promovieron, \u201codio, violencia, terrorismo y desestabilizaci\u00f3n econ\u00f3mica\u201d.<\/p>\n\n\n\n<p>El comunicado divulgado por la Corte Suprema de Nicaragua, indic\u00f3 que adem\u00e1s se decidi\u00f3 \u201cel decomiso de todos los bienes de los condenados\u201d, en respuesta, \u201cpor los severos da\u00f1os materiales e inmateriales\u201d, que habr\u00edan causado.<\/p>\n\n\n\n<p>A su vez el Grupo de Expertos consider\u00f3 que \u201clos derechos civiles est\u00e1n bajo amenaza masiva\u201d, y record\u00f3 que en agosto de este a\u00f1o, el Estado oblig\u00f3 a cerrar a 1800 organizaciones sin fines de lucro y confisc\u00f3 arbitrariamente sus bienes.<\/p>\n\n\n\n<p>Expuso que la toma forzosa de las universidades por parte del Estado y las violaciones cometidas contra l\u00edderes estudiantiles y profesores han afectado inmensamente a la educaci\u00f3n superior de miles de estudiantes y sus proyectos de vida, con graves repercusiones en las perspectivas y el desarrollo del pa\u00eds.<\/p>\n\n\n\n<p>El jurista alem\u00e1n destac\u00f3&nbsp;&nbsp;que los pueblos ind\u00edgenas y las comunidades afrodescendientes \u201csufren continuas violaciones graves de los derechos de libre autodeterminaci\u00f3n y de los derechos territoriales. Sus l\u00edderes y activistas son perseguidos sistem\u00e1ticamente por el Estado por defender sus derechos\u201d.<\/p>\n\n\n\n<p>Afirm\u00f3 el experto en derechos humanos que: \u201cel Estado por falta de prevenci\u00f3n e investigaci\u00f3n, tambi\u00e9n es responsable de violaciones originadas por abusos graves de privados, particularmente, violencia de g\u00e9nero y asesinatos\u201d.<\/p>\n\n\n\n<p>Simon tambi\u00e9n dio a conocer \u201clas olas represivas que tambi\u00e9n implican violaciones del derecho de miles de personas de practicar libre y p\u00fablicamente su religi\u00f3n, y afectan el goce de otros derechos como las libertades de conciencia, expresi\u00f3n y opini\u00f3n\u201d. Lo anterior debido a que se ha documentado represi\u00f3n contra miembros de la Iglesia Cat\u00f3lica y de otras confesiones cristianas.<\/p>\n\n\n\n<p>Tengamos presente que el Grupo de Expertos Independientes sobre l tema Nicaragua fue establecido por mandato del Consejo en marzo del 2022, con la tarea de realizar investigaciones sobre todas las presuntas violaciones y abusos de derechos humanos cometidos en Nicaragua desde abril del a\u00f1o 2018.<\/p>\n\n\n\n<p>Lamentablemente como lo ha declarado el presidente del Grupo, Jan- Michael SImon, la dupla Ortega- Murillo en el poder, \u201csigue facilitando, coordinando y ejecutando graves violaciones y abusos contra los derechos humanos\u201d, en Nicaragua.<\/p>\n\n\n\n<p>&nbsp;&nbsp;&nbsp;&nbsp;&nbsp;&nbsp;&nbsp;&nbsp;&nbsp;\u00a1Hasta el pr\u00f3ximo encuentro\u2026!<\/p>\n\n\n\n<p>\u00a0\u00a0\u00a0\u00a0\u00a0\u00a0\u00a0\u00a0\u00a0\u00a0\u00a0\u00a0\u00a0\u00a0\u00a0\u00a0\u00a0\u00a0\u00a0\u00a0\u00a0\u00a0\u00a0\u00a0\u00a0\u00a0\u00a0\u00a0\u00a0\u00a0\u00a0\u00a0\u00a0\u00a0\u00a0\u00a0\u00a0\u00a0\u00a0\u00a0\u00a0\u00a0\u00a0\u00a0\u00a0\u00a0\u00a0\u00a0\u00a0\u00a0\u00a0\u00a0\u00a0\u00a0\u00a0\u00a0\u00a0\u00a0<em><strong>Dr.(c).Washington Daniel Gorosito P\u00e9rez<\/strong><\/em><\/p>\n","protected":false},"excerpt":{"rendered":"ENCUENTRO CON GOROSITO\u2026 El Grupo de Expertos de la Organizaci\u00f3n de las Naciones Unidas (ONU), sobre la Rep\u00fablica de Nicaragua, comunic\u00f3 que la situaci\u00f3n de los derechos humanos en el pa\u00eds ha empeorado dr\u00e1sticamente. Hace unos d\u00edas el Gobierno que lidera Daniel Ortega despoj\u00f3 de su nacionalidad y bienes a 135 expresos pol\u00edticos. Jan- Michael [&hellip;]","protected":false},"author":2,"featured_media":155942,"comment_status":"open","ping_status":"open","sticky":false,"template":"","format":"standard","meta":{"_seopress_robots_primary_cat":"none","_seopress_titles_title":"","_seopress_titles_desc":"","_seopress_robots_index":"","_monsterinsights_skip_tracking":false,"_monsterinsights_sitenote_active":false,"_monsterinsights_sitenote_note":"","_monsterinsights_sitenote_category":0,"footnotes":""},"categories":[3],"tags":[],"class_list":["post-155940","post","type-post","status-publish","format-standard","has-post-thumbnail","hentry","category-politica"],"yoast_head":"<!-- This site is optimized with the Yoast SEO plugin v27.4 - https:\/\/yoast.com\/product\/yoast-seo-wordpress\/ -->\n<title>NICARAGUA: AUMENTA VIOLACI\u00d3N A DERECHOS HUMANOS - Kuali<\/title>\n<meta name=\"robots\" content=\"index, follow, max-snippet:-1, max-image-preview:large, max-video-preview:-1\" \/>\n<link rel=\"canonical\" href=\"https:\/\/kuali.com.mx\/web\/2024\/09\/30\/nicaragua-aumenta-violacion-a-derechos-humanos\/\" \/>\n<meta property=\"og:locale\" content=\"es_MX\" \/>\n<meta property=\"og:type\" content=\"article\" \/>\n<meta property=\"og:title\" content=\"NICARAGUA: AUMENTA VIOLACI\u00d3N A DERECHOS HUMANOS - Kuali\" \/>\n<meta property=\"og:description\" content=\"ENCUENTRO CON GOROSITO\u2026 El Grupo de Expertos de la Organizaci\u00f3n de las Naciones Unidas (ONU), sobre la Rep\u00fablica de Nicaragua, comunic\u00f3 que la situaci\u00f3n de los derechos humanos en el pa\u00eds ha empeorado dr\u00e1sticamente. Hace unos d\u00edas el Gobierno que lidera Daniel Ortega despoj\u00f3 de su nacionalidad y bienes a 135 expresos pol\u00edticos. Jan- Michael [&hellip;]\" \/>\n<meta property=\"og:url\" content=\"https:\/\/kuali.com.mx\/web\/2024\/09\/30\/nicaragua-aumenta-violacion-a-derechos-humanos\/\" \/>\n<meta property=\"og:site_name\" content=\"Kuali\" \/>\n<meta property=\"article:publisher\" content=\"https:\/\/kuali.com.mx\/web\/wp-content\/uploads\/2018\/04\/cropped-kuali_logo-1-1.png\" \/>\n<meta property=\"article:published_time\" content=\"2024-09-30T18:15:23+00:00\" \/>\n<meta property=\"article:modified_time\" content=\"2024-10-01T14:04:18+00:00\" \/>\n<meta property=\"og:image\" content=\"https:\/\/kuali.com.mx\/web\/wp-content\/uploads\/2024\/09\/NICARAGUA-2.jpg\" \/>\n\t<meta property=\"og:image:width\" content=\"1424\" \/>\n\t<meta property=\"og:image:height\" content=\"750\" \/>\n\t<meta property=\"og:image:type\" content=\"image\/jpeg\" \/>\n<meta name=\"author\" content=\"Kuali Staff\" \/>\n<meta name=\"twitter:card\" content=\"summary_large_image\" \/>\n<meta name=\"twitter:creator\" content=\"@kuali_noticias\" \/>\n<meta name=\"twitter:site\" content=\"@kuali_noticias\" \/>\n<meta name=\"twitter:label1\" content=\"Escrito por\" \/>\n\t<meta name=\"twitter:data1\" content=\"Kuali Staff\" \/>\n\t<meta name=\"twitter:label2\" content=\"Tiempo de lectura\" \/>\n\t<meta name=\"twitter:data2\" content=\"4 minutos\" \/>\n<script type=\"application\/ld+json\" class=\"yoast-schema-graph\">{\"@context\":\"https:\\\/\\\/schema.org\",\"@graph\":[{\"@type\":\"Article\",\"@id\":\"https:\\\/\\\/kuali.com.mx\\\/web\\\/2024\\\/09\\\/30\\\/nicaragua-aumenta-violacion-a-derechos-humanos\\\/#article\",\"isPartOf\":{\"@id\":\"https:\\\/\\\/kuali.com.mx\\\/web\\\/2024\\\/09\\\/30\\\/nicaragua-aumenta-violacion-a-derechos-humanos\\\/\"},\"author\":{\"name\":\"Kuali Staff\",\"@id\":\"https:\\\/\\\/kuali.com.mx\\\/web\\\/#\\\/schema\\\/person\\\/6f89ffa8ecba9dae50662357923c5289\"},\"headline\":\"NICARAGUA: AUMENTA VIOLACI\u00d3N A DERECHOS HUMANOS\",\"datePublished\":\"2024-09-30T18:15:23+00:00\",\"dateModified\":\"2024-10-01T14:04:18+00:00\",\"mainEntityOfPage\":{\"@id\":\"https:\\\/\\\/kuali.com.mx\\\/web\\\/2024\\\/09\\\/30\\\/nicaragua-aumenta-violacion-a-derechos-humanos\\\/\"},\"wordCount\":743,\"commentCount\":0,\"image\":{\"@id\":\"https:\\\/\\\/kuali.com.mx\\\/web\\\/2024\\\/09\\\/30\\\/nicaragua-aumenta-violacion-a-derechos-humanos\\\/#primaryimage\"},\"thumbnailUrl\":\"https:\\\/\\\/kuali.com.mx\\\/web\\\/wp-content\\\/uploads\\\/2024\\\/09\\\/NICARAGUA-2.jpg\",\"articleSection\":[\"Pol\u00edtica\"],\"inLanguage\":\"es\",\"potentialAction\":[{\"@type\":\"CommentAction\",\"name\":\"Comment\",\"target\":[\"https:\\\/\\\/kuali.com.mx\\\/web\\\/2024\\\/09\\\/30\\\/nicaragua-aumenta-violacion-a-derechos-humanos\\\/#respond\"]}]},{\"@type\":\"WebPage\",\"@id\":\"https:\\\/\\\/kuali.com.mx\\\/web\\\/2024\\\/09\\\/30\\\/nicaragua-aumenta-violacion-a-derechos-humanos\\\/\",\"url\":\"https:\\\/\\\/kuali.com.mx\\\/web\\\/2024\\\/09\\\/30\\\/nicaragua-aumenta-violacion-a-derechos-humanos\\\/\",\"name\":\"NICARAGUA: AUMENTA VIOLACI\u00d3N A DERECHOS HUMANOS - Kuali\",\"isPartOf\":{\"@id\":\"https:\\\/\\\/kuali.com.mx\\\/web\\\/#website\"},\"primaryImageOfPage\":{\"@id\":\"https:\\\/\\\/kuali.com.mx\\\/web\\\/2024\\\/09\\\/30\\\/nicaragua-aumenta-violacion-a-derechos-humanos\\\/#primaryimage\"},\"image\":{\"@id\":\"https:\\\/\\\/kuali.com.mx\\\/web\\\/2024\\\/09\\\/30\\\/nicaragua-aumenta-violacion-a-derechos-humanos\\\/#primaryimage\"},\"thumbnailUrl\":\"https:\\\/\\\/kuali.com.mx\\\/web\\\/wp-content\\\/uploads\\\/2024\\\/09\\\/NICARAGUA-2.jpg\",\"datePublished\":\"2024-09-30T18:15:23+00:00\",\"dateModified\":\"2024-10-01T14:04:18+00:00\",\"author\":{\"@id\":\"https:\\\/\\\/kuali.com.mx\\\/web\\\/#\\\/schema\\\/person\\\/6f89ffa8ecba9dae50662357923c5289\"},\"breadcrumb\":{\"@id\":\"https:\\\/\\\/kuali.com.mx\\\/web\\\/2024\\\/09\\\/30\\\/nicaragua-aumenta-violacion-a-derechos-humanos\\\/#breadcrumb\"},\"inLanguage\":\"es\",\"potentialAction\":[{\"@type\":\"ReadAction\",\"target\":[\"https:\\\/\\\/kuali.com.mx\\\/web\\\/2024\\\/09\\\/30\\\/nicaragua-aumenta-violacion-a-derechos-humanos\\\/\"]}]},{\"@type\":\"ImageObject\",\"inLanguage\":\"es\",\"@id\":\"https:\\\/\\\/kuali.com.mx\\\/web\\\/2024\\\/09\\\/30\\\/nicaragua-aumenta-violacion-a-derechos-humanos\\\/#primaryimage\",\"url\":\"https:\\\/\\\/kuali.com.mx\\\/web\\\/wp-content\\\/uploads\\\/2024\\\/09\\\/NICARAGUA-2.jpg\",\"contentUrl\":\"https:\\\/\\\/kuali.com.mx\\\/web\\\/wp-content\\\/uploads\\\/2024\\\/09\\\/NICARAGUA-2.jpg\",\"width\":1424,\"height\":750},{\"@type\":\"BreadcrumbList\",\"@id\":\"https:\\\/\\\/kuali.com.mx\\\/web\\\/2024\\\/09\\\/30\\\/nicaragua-aumenta-violacion-a-derechos-humanos\\\/#breadcrumb\",\"itemListElement\":[{\"@type\":\"ListItem\",\"position\":1,\"name\":\"Inicio\",\"item\":\"https:\\\/\\\/kuali.com.mx\\\/web\\\/\"},{\"@type\":\"ListItem\",\"position\":2,\"name\":\"NICARAGUA: AUMENTA VIOLACI\u00d3N A DERECHOS HUMANOS\"}]},{\"@type\":\"WebSite\",\"@id\":\"https:\\\/\\\/kuali.com.mx\\\/web\\\/#website\",\"url\":\"https:\\\/\\\/kuali.com.mx\\\/web\\\/\",\"name\":\"Kuali\",\"description\":\"\",\"potentialAction\":[{\"@type\":\"SearchAction\",\"target\":{\"@type\":\"EntryPoint\",\"urlTemplate\":\"https:\\\/\\\/kuali.com.mx\\\/web\\\/?s={search_term_string}\"},\"query-input\":{\"@type\":\"PropertyValueSpecification\",\"valueRequired\":true,\"valueName\":\"search_term_string\"}}],\"inLanguage\":\"es\"},{\"@type\":\"Person\",\"@id\":\"https:\\\/\\\/kuali.com.mx\\\/web\\\/#\\\/schema\\\/person\\\/6f89ffa8ecba9dae50662357923c5289\",\"name\":\"Kuali Staff\",\"image\":{\"@type\":\"ImageObject\",\"inLanguage\":\"es\",\"@id\":\"https:\\\/\\\/secure.gravatar.com\\\/avatar\\\/f917ad82e5ab71227a733c78b6e60715476f69ee6be59feee4eb5d9920c89e0f?s=96&d=mm&r=g\",\"url\":\"https:\\\/\\\/secure.gravatar.com\\\/avatar\\\/f917ad82e5ab71227a733c78b6e60715476f69ee6be59feee4eb5d9920c89e0f?s=96&d=mm&r=g\",\"contentUrl\":\"https:\\\/\\\/secure.gravatar.com\\\/avatar\\\/f917ad82e5ab71227a733c78b6e60715476f69ee6be59feee4eb5d9920c89e0f?s=96&d=mm&r=g\",\"caption\":\"Kuali Staff\"},\"url\":\"https:\\\/\\\/kuali.com.mx\\\/web\\\/author\\\/lagarto\\\/\"}]}<\/script>\n<!-- \/ Yoast SEO plugin. -->","yoast_head_json":{"title":"NICARAGUA: AUMENTA VIOLACI\u00d3N A DERECHOS HUMANOS - Kuali","robots":{"index":"index","follow":"follow","max-snippet":"max-snippet:-1","max-image-preview":"max-image-preview:large","max-video-preview":"max-video-preview:-1"},"canonical":"https:\/\/kuali.com.mx\/web\/2024\/09\/30\/nicaragua-aumenta-violacion-a-derechos-humanos\/","og_locale":"es_MX","og_type":"article","og_title":"NICARAGUA: AUMENTA VIOLACI\u00d3N A DERECHOS HUMANOS - Kuali","og_description":"ENCUENTRO CON GOROSITO\u2026 El Grupo de Expertos de la Organizaci\u00f3n de las Naciones Unidas (ONU), sobre la Rep\u00fablica de Nicaragua, comunic\u00f3 que la situaci\u00f3n de los derechos humanos en el pa\u00eds ha empeorado dr\u00e1sticamente. Hace unos d\u00edas el Gobierno que lidera Daniel Ortega despoj\u00f3 de su nacionalidad y bienes a 135 expresos pol\u00edticos. Jan- Michael [&hellip;]","og_url":"https:\/\/kuali.com.mx\/web\/2024\/09\/30\/nicaragua-aumenta-violacion-a-derechos-humanos\/","og_site_name":"Kuali","article_publisher":"https:\/\/kuali.com.mx\/web\/wp-content\/uploads\/2018\/04\/cropped-kuali_logo-1-1.png","article_published_time":"2024-09-30T18:15:23+00:00","article_modified_time":"2024-10-01T14:04:18+00:00","og_image":[{"width":1424,"height":750,"url":"https:\/\/kuali.com.mx\/web\/wp-content\/uploads\/2024\/09\/NICARAGUA-2.jpg","type":"image\/jpeg"}],"author":"Kuali Staff","twitter_card":"summary_large_image","twitter_creator":"@kuali_noticias","twitter_site":"@kuali_noticias","twitter_misc":{"Escrito por":"Kuali Staff","Tiempo de lectura":"4 minutos"},"schema":{"@context":"https:\/\/schema.org","@graph":[{"@type":"Article","@id":"https:\/\/kuali.com.mx\/web\/2024\/09\/30\/nicaragua-aumenta-violacion-a-derechos-humanos\/#article","isPartOf":{"@id":"https:\/\/kuali.com.mx\/web\/2024\/09\/30\/nicaragua-aumenta-violacion-a-derechos-humanos\/"},"author":{"name":"Kuali Staff","@id":"https:\/\/kuali.com.mx\/web\/#\/schema\/person\/6f89ffa8ecba9dae50662357923c5289"},"headline":"NICARAGUA: AUMENTA VIOLACI\u00d3N A DERECHOS HUMANOS","datePublished":"2024-09-30T18:15:23+00:00","dateModified":"2024-10-01T14:04:18+00:00","mainEntityOfPage":{"@id":"https:\/\/kuali.com.mx\/web\/2024\/09\/30\/nicaragua-aumenta-violacion-a-derechos-humanos\/"},"wordCount":743,"commentCount":0,"image":{"@id":"https:\/\/kuali.com.mx\/web\/2024\/09\/30\/nicaragua-aumenta-violacion-a-derechos-humanos\/#primaryimage"},"thumbnailUrl":"https:\/\/kuali.com.mx\/web\/wp-content\/uploads\/2024\/09\/NICARAGUA-2.jpg","articleSection":["Pol\u00edtica"],"inLanguage":"es","potentialAction":[{"@type":"CommentAction","name":"Comment","target":["https:\/\/kuali.com.mx\/web\/2024\/09\/30\/nicaragua-aumenta-violacion-a-derechos-humanos\/#respond"]}]},{"@type":"WebPage","@id":"https:\/\/kuali.com.mx\/web\/2024\/09\/30\/nicaragua-aumenta-violacion-a-derechos-humanos\/","url":"https:\/\/kuali.com.mx\/web\/2024\/09\/30\/nicaragua-aumenta-violacion-a-derechos-humanos\/","name":"NICARAGUA: AUMENTA VIOLACI\u00d3N A DERECHOS HUMANOS - Kuali","isPartOf":{"@id":"https:\/\/kuali.com.mx\/web\/#website"},"primaryImageOfPage":{"@id":"https:\/\/kuali.com.mx\/web\/2024\/09\/30\/nicaragua-aumenta-violacion-a-derechos-humanos\/#primaryimage"},"image":{"@id":"https:\/\/kuali.com.mx\/web\/2024\/09\/30\/nicaragua-aumenta-violacion-a-derechos-humanos\/#primaryimage"},"thumbnailUrl":"https:\/\/kuali.com.mx\/web\/wp-content\/uploads\/2024\/09\/NICARAGUA-2.jpg","datePublished":"2024-09-30T18:15:23+00:00","dateModified":"2024-10-01T14:04:18+00:00","author":{"@id":"https:\/\/kuali.com.mx\/web\/#\/schema\/person\/6f89ffa8ecba9dae50662357923c5289"},"breadcrumb":{"@id":"https:\/\/kuali.com.mx\/web\/2024\/09\/30\/nicaragua-aumenta-violacion-a-derechos-humanos\/#breadcrumb"},"inLanguage":"es","potentialAction":[{"@type":"ReadAction","target":["https:\/\/kuali.com.mx\/web\/2024\/09\/30\/nicaragua-aumenta-violacion-a-derechos-humanos\/"]}]},{"@type":"ImageObject","inLanguage":"es","@id":"https:\/\/kuali.com.mx\/web\/2024\/09\/30\/nicaragua-aumenta-violacion-a-derechos-humanos\/#primaryimage","url":"https:\/\/kuali.com.mx\/web\/wp-content\/uploads\/2024\/09\/NICARAGUA-2.jpg","contentUrl":"https:\/\/kuali.com.mx\/web\/wp-content\/uploads\/2024\/09\/NICARAGUA-2.jpg","width":1424,"height":750},{"@type":"BreadcrumbList","@id":"https:\/\/kuali.com.mx\/web\/2024\/09\/30\/nicaragua-aumenta-violacion-a-derechos-humanos\/#breadcrumb","itemListElement":[{"@type":"ListItem","position":1,"name":"Inicio","item":"https:\/\/kuali.com.mx\/web\/"},{"@type":"ListItem","position":2,"name":"NICARAGUA: AUMENTA VIOLACI\u00d3N A DERECHOS HUMANOS"}]},{"@type":"WebSite","@id":"https:\/\/kuali.com.mx\/web\/#website","url":"https:\/\/kuali.com.mx\/web\/","name":"Kuali","description":"","potentialAction":[{"@type":"SearchAction","target":{"@type":"EntryPoint","urlTemplate":"https:\/\/kuali.com.mx\/web\/?s={search_term_string}"},"query-input":{"@type":"PropertyValueSpecification","valueRequired":true,"valueName":"search_term_string"}}],"inLanguage":"es"},{"@type":"Person","@id":"https:\/\/kuali.com.mx\/web\/#\/schema\/person\/6f89ffa8ecba9dae50662357923c5289","name":"Kuali Staff","image":{"@type":"ImageObject","inLanguage":"es","@id":"https:\/\/secure.gravatar.com\/avatar\/f917ad82e5ab71227a733c78b6e60715476f69ee6be59feee4eb5d9920c89e0f?s=96&d=mm&r=g","url":"https:\/\/secure.gravatar.com\/avatar\/f917ad82e5ab71227a733c78b6e60715476f69ee6be59feee4eb5d9920c89e0f?s=96&d=mm&r=g","contentUrl":"https:\/\/secure.gravatar.com\/avatar\/f917ad82e5ab71227a733c78b6e60715476f69ee6be59feee4eb5d9920c89e0f?s=96&d=mm&r=g","caption":"Kuali Staff"},"url":"https:\/\/kuali.com.mx\/web\/author\/lagarto\/"}]}},"_links":{"self":[{"href":"https:\/\/kuali.com.mx\/web\/wp-json\/wp\/v2\/posts\/155940","targetHints":{"allow":["GET"]}}],"collection":[{"href":"https:\/\/kuali.com.mx\/web\/wp-json\/wp\/v2\/posts"}],"about":[{"href":"https:\/\/kuali.com.mx\/web\/wp-json\/wp\/v2\/types\/post"}],"author":[{"embeddable":true,"href":"https:\/\/kuali.com.mx\/web\/wp-json\/wp\/v2\/users\/2"}],"replies":[{"embeddable":true,"href":"https:\/\/kuali.com.mx\/web\/wp-json\/wp\/v2\/comments?post=155940"}],"version-history":[{"count":1,"href":"https:\/\/kuali.com.mx\/web\/wp-json\/wp\/v2\/posts\/155940\/revisions"}],"predecessor-version":[{"id":155943,"href":"https:\/\/kuali.com.mx\/web\/wp-json\/wp\/v2\/posts\/155940\/revisions\/155943"}],"wp:featuredmedia":[{"embeddable":true,"href":"https:\/\/kuali.com.mx\/web\/wp-json\/wp\/v2\/media\/155942"}],"wp:attachment":[{"href":"https:\/\/kuali.com.mx\/web\/wp-json\/wp\/v2\/media?parent=155940"}],"wp:term":[{"taxonomy":"category","embeddable":true,"href":"https:\/\/kuali.com.mx\/web\/wp-json\/wp\/v2\/categories?post=155940"},{"taxonomy":"post_tag","embeddable":true,"href":"https:\/\/kuali.com.mx\/web\/wp-json\/wp\/v2\/tags?post=155940"}],"curies":[{"name":"wp","href":"https:\/\/api.w.org\/{rel}","templated":true}]}}