{"id":155926,"date":"2024-09-30T12:32:07","date_gmt":"2024-09-30T18:32:07","guid":{"rendered":"https:\/\/kuali.com.mx\/web\/?p=155926"},"modified":"2024-09-30T19:54:19","modified_gmt":"2024-10-01T01:54:19","slug":"organizan-congreso-de-educacion-artistica","status":"publish","type":"post","link":"https:\/\/kuali.com.mx\/web\/2024\/09\/30\/organizan-congreso-de-educacion-artistica\/","title":{"rendered":"ORGANIZAN CONGRESO DE EDUCACI\u00d3N ART\u00cdSTICA"},"content":{"rendered":"\n<p><strong>Kuali\/Le\u00f3n, Gto.- <\/strong>Del tres al cinco de octubre se llevar\u00e1 a cabo el IX Congreso de Educaci\u00f3n Art\u00edstica para el Desarrollo Humano (CEADH). Habr\u00e1 dos conferencias magistrales y nueve talleres, realizados bajo la tem\u00e1tica Fortaleciendo la Educaci\u00f3n Art\u00edstica: Cultura, Creatividad y Ciudadan\u00eda.<\/p>\n\n\n\n<p>La novena edici\u00f3n del congreso tendr\u00e1 diversas sedes del Instituto Cultural de Le\u00f3n (ICL), y la tem\u00e1tica propone explorar la intersecci\u00f3n entre la cultura, la creatividad y la ciudadan\u00eda para fortalecer el ejercicio de los derechos culturales en nuestra sociedad y nuestras comunidades, destacando tres ejes: Participaci\u00f3n ciudadana y manifestaciones culturales, Creatividad e innovaci\u00f3n cultural y Espacios habitables.<\/p>\n\n\n\n<p>Integrado por dos conferencias magistrales y nueve talleres, contar\u00e1 con la participaci\u00f3n de los especialistas: Niurka Ch\u00e1vez Soria (Red_esCultura), Myrna Ledesma Arvizu, Lisa Fernanda Moncada Mercado (Red_esCultura), Marcela Jim\u00e9nez, Pilar Quintero, Alan Lino, Juandaniel Osuna, Brasilia Hern\u00e1dez y Pauline Coryn de TERRA CROM\u00c1TICA, Cecilia Iglesias y Laura Elena Rom\u00e1n Garc\u00eda.<\/p>\n\n\n\n<p>El Teatro Mar\u00eda Grever, la Casa de la Cultura Diego Rivera y la Escuela de Artes Visuales Antonio Segoviano ser\u00e1n sedes del congreso. El registro se encuentra abierto y puede realizarse en el siguiente enlace: bit.ly\/RegistroIXCEADH.<\/p>\n\n\n\n<p>Este espacio busca promover la reflexi\u00f3n y el intercambio de experiencias sobre el papel de la educaci\u00f3n art\u00edstica en la promoci\u00f3n y protecci\u00f3n de los derechos culturales, identificar buenas pr\u00e1cticas y estrategias innovadoras a trav\u00e9s de nuevos formatos y pedagog\u00edas educativas, y fomentar la colaboraci\u00f3n interdisciplinaria entre educadores, artistas, activistas culturales e investigadores.<\/p>\n","protected":false},"excerpt":{"rendered":"Kuali\/Le\u00f3n, Gto.- Del tres al cinco de octubre se llevar\u00e1 a cabo el IX Congreso de Educaci\u00f3n Art\u00edstica para el Desarrollo Humano (CEADH). Habr\u00e1 dos conferencias magistrales y nueve talleres, realizados bajo la tem\u00e1tica Fortaleciendo la Educaci\u00f3n Art\u00edstica: Cultura, Creatividad y Ciudadan\u00eda. La novena edici\u00f3n del congreso tendr\u00e1 diversas sedes del Instituto Cultural de Le\u00f3n [&hellip;]","protected":false},"author":2,"featured_media":143208,"comment_status":"open","ping_status":"open","sticky":false,"template":"","format":"standard","meta":{"_seopress_robots_primary_cat":"none","_seopress_titles_title":"","_seopress_titles_desc":"","_seopress_robots_index":"","_monsterinsights_skip_tracking":false,"_monsterinsights_sitenote_active":false,"_monsterinsights_sitenote_note":"","_monsterinsights_sitenote_category":0,"footnotes":""},"categories":[8],"tags":[127,37,963,10],"class_list":["post-155926","post","type-post","status-publish","format-standard","has-post-thumbnail","hentry","category-espectaculos","tag-arte-y-cultura","tag-congreso","tag-educacion-artistica","tag-leon"],"yoast_head":"<!-- This site is optimized with the Yoast SEO plugin v27.4 - https:\/\/yoast.com\/product\/yoast-seo-wordpress\/ -->\n<title>ORGANIZAN CONGRESO DE EDUCACI\u00d3N ART\u00cdSTICA - Kuali<\/title>\n<meta name=\"robots\" content=\"index, follow, max-snippet:-1, max-image-preview:large, max-video-preview:-1\" \/>\n<link rel=\"canonical\" href=\"https:\/\/kuali.com.mx\/web\/2024\/09\/30\/organizan-congreso-de-educacion-artistica\/\" \/>\n<meta property=\"og:locale\" content=\"es_MX\" \/>\n<meta property=\"og:type\" content=\"article\" \/>\n<meta property=\"og:title\" content=\"ORGANIZAN CONGRESO DE EDUCACI\u00d3N ART\u00cdSTICA - Kuali\" \/>\n<meta property=\"og:description\" content=\"Kuali\/Le\u00f3n, Gto.- Del tres al cinco de octubre se llevar\u00e1 a cabo el IX Congreso de Educaci\u00f3n Art\u00edstica para el Desarrollo Humano (CEADH). Habr\u00e1 dos conferencias magistrales y nueve talleres, realizados bajo la tem\u00e1tica Fortaleciendo la Educaci\u00f3n Art\u00edstica: Cultura, Creatividad y Ciudadan\u00eda. La novena edici\u00f3n del congreso tendr\u00e1 diversas sedes del Instituto Cultural de Le\u00f3n [&hellip;]\" \/>\n<meta property=\"og:url\" content=\"https:\/\/kuali.com.mx\/web\/2024\/09\/30\/organizan-congreso-de-educacion-artistica\/\" \/>\n<meta property=\"og:site_name\" content=\"Kuali\" \/>\n<meta property=\"article:publisher\" content=\"https:\/\/kuali.com.mx\/web\/wp-content\/uploads\/2018\/04\/cropped-kuali_logo-1-1.png\" \/>\n<meta property=\"article:published_time\" content=\"2024-09-30T18:32:07+00:00\" \/>\n<meta property=\"article:modified_time\" content=\"2024-10-01T01:54:19+00:00\" \/>\n<meta property=\"og:image\" content=\"https:\/\/kuali.com.mx\/web\/wp-content\/uploads\/2024\/05\/PRESION-ARTERIAN.jpg\" \/>\n\t<meta property=\"og:image:width\" content=\"1080\" \/>\n\t<meta property=\"og:image:height\" content=\"608\" \/>\n\t<meta property=\"og:image:type\" content=\"image\/jpeg\" \/>\n<meta name=\"author\" content=\"Kuali Staff\" \/>\n<meta name=\"twitter:card\" content=\"summary_large_image\" \/>\n<meta name=\"twitter:creator\" content=\"@kuali_noticias\" \/>\n<meta name=\"twitter:site\" content=\"@kuali_noticias\" \/>\n<meta name=\"twitter:label1\" content=\"Escrito por\" \/>\n\t<meta name=\"twitter:data1\" content=\"Kuali Staff\" \/>\n\t<meta name=\"twitter:label2\" content=\"Tiempo de lectura\" \/>\n\t<meta name=\"twitter:data2\" content=\"1 minuto\" \/>\n<script type=\"application\/ld+json\" class=\"yoast-schema-graph\">{\"@context\":\"https:\\\/\\\/schema.org\",\"@graph\":[{\"@type\":\"Article\",\"@id\":\"https:\\\/\\\/kuali.com.mx\\\/web\\\/2024\\\/09\\\/30\\\/organizan-congreso-de-educacion-artistica\\\/#article\",\"isPartOf\":{\"@id\":\"https:\\\/\\\/kuali.com.mx\\\/web\\\/2024\\\/09\\\/30\\\/organizan-congreso-de-educacion-artistica\\\/\"},\"author\":{\"name\":\"Kuali Staff\",\"@id\":\"https:\\\/\\\/kuali.com.mx\\\/web\\\/#\\\/schema\\\/person\\\/6f89ffa8ecba9dae50662357923c5289\"},\"headline\":\"ORGANIZAN CONGRESO DE EDUCACI\u00d3N ART\u00cdSTICA\",\"datePublished\":\"2024-09-30T18:32:07+00:00\",\"dateModified\":\"2024-10-01T01:54:19+00:00\",\"mainEntityOfPage\":{\"@id\":\"https:\\\/\\\/kuali.com.mx\\\/web\\\/2024\\\/09\\\/30\\\/organizan-congreso-de-educacion-artistica\\\/\"},\"wordCount\":284,\"commentCount\":0,\"image\":{\"@id\":\"https:\\\/\\\/kuali.com.mx\\\/web\\\/2024\\\/09\\\/30\\\/organizan-congreso-de-educacion-artistica\\\/#primaryimage\"},\"thumbnailUrl\":\"https:\\\/\\\/kuali.com.mx\\\/web\\\/wp-content\\\/uploads\\\/2024\\\/05\\\/PRESION-ARTERIAN.jpg\",\"keywords\":[\"Arte y cultura\",\"Congreso\",\"Educaci\u00f3n art\u00edstica\",\"Le\u00f3n\"],\"articleSection\":[\"Cultura\"],\"inLanguage\":\"es\",\"potentialAction\":[{\"@type\":\"CommentAction\",\"name\":\"Comment\",\"target\":[\"https:\\\/\\\/kuali.com.mx\\\/web\\\/2024\\\/09\\\/30\\\/organizan-congreso-de-educacion-artistica\\\/#respond\"]}]},{\"@type\":\"WebPage\",\"@id\":\"https:\\\/\\\/kuali.com.mx\\\/web\\\/2024\\\/09\\\/30\\\/organizan-congreso-de-educacion-artistica\\\/\",\"url\":\"https:\\\/\\\/kuali.com.mx\\\/web\\\/2024\\\/09\\\/30\\\/organizan-congreso-de-educacion-artistica\\\/\",\"name\":\"ORGANIZAN CONGRESO DE EDUCACI\u00d3N ART\u00cdSTICA - Kuali\",\"isPartOf\":{\"@id\":\"https:\\\/\\\/kuali.com.mx\\\/web\\\/#website\"},\"primaryImageOfPage\":{\"@id\":\"https:\\\/\\\/kuali.com.mx\\\/web\\\/2024\\\/09\\\/30\\\/organizan-congreso-de-educacion-artistica\\\/#primaryimage\"},\"image\":{\"@id\":\"https:\\\/\\\/kuali.com.mx\\\/web\\\/2024\\\/09\\\/30\\\/organizan-congreso-de-educacion-artistica\\\/#primaryimage\"},\"thumbnailUrl\":\"https:\\\/\\\/kuali.com.mx\\\/web\\\/wp-content\\\/uploads\\\/2024\\\/05\\\/PRESION-ARTERIAN.jpg\",\"datePublished\":\"2024-09-30T18:32:07+00:00\",\"dateModified\":\"2024-10-01T01:54:19+00:00\",\"author\":{\"@id\":\"https:\\\/\\\/kuali.com.mx\\\/web\\\/#\\\/schema\\\/person\\\/6f89ffa8ecba9dae50662357923c5289\"},\"breadcrumb\":{\"@id\":\"https:\\\/\\\/kuali.com.mx\\\/web\\\/2024\\\/09\\\/30\\\/organizan-congreso-de-educacion-artistica\\\/#breadcrumb\"},\"inLanguage\":\"es\",\"potentialAction\":[{\"@type\":\"ReadAction\",\"target\":[\"https:\\\/\\\/kuali.com.mx\\\/web\\\/2024\\\/09\\\/30\\\/organizan-congreso-de-educacion-artistica\\\/\"]}]},{\"@type\":\"ImageObject\",\"inLanguage\":\"es\",\"@id\":\"https:\\\/\\\/kuali.com.mx\\\/web\\\/2024\\\/09\\\/30\\\/organizan-congreso-de-educacion-artistica\\\/#primaryimage\",\"url\":\"https:\\\/\\\/kuali.com.mx\\\/web\\\/wp-content\\\/uploads\\\/2024\\\/05\\\/PRESION-ARTERIAN.jpg\",\"contentUrl\":\"https:\\\/\\\/kuali.com.mx\\\/web\\\/wp-content\\\/uploads\\\/2024\\\/05\\\/PRESION-ARTERIAN.jpg\",\"width\":1080,\"height\":608},{\"@type\":\"BreadcrumbList\",\"@id\":\"https:\\\/\\\/kuali.com.mx\\\/web\\\/2024\\\/09\\\/30\\\/organizan-congreso-de-educacion-artistica\\\/#breadcrumb\",\"itemListElement\":[{\"@type\":\"ListItem\",\"position\":1,\"name\":\"Inicio\",\"item\":\"https:\\\/\\\/kuali.com.mx\\\/web\\\/\"},{\"@type\":\"ListItem\",\"position\":2,\"name\":\"ORGANIZAN CONGRESO DE EDUCACI\u00d3N ART\u00cdSTICA\"}]},{\"@type\":\"WebSite\",\"@id\":\"https:\\\/\\\/kuali.com.mx\\\/web\\\/#website\",\"url\":\"https:\\\/\\\/kuali.com.mx\\\/web\\\/\",\"name\":\"Kuali\",\"description\":\"\",\"potentialAction\":[{\"@type\":\"SearchAction\",\"target\":{\"@type\":\"EntryPoint\",\"urlTemplate\":\"https:\\\/\\\/kuali.com.mx\\\/web\\\/?s={search_term_string}\"},\"query-input\":{\"@type\":\"PropertyValueSpecification\",\"valueRequired\":true,\"valueName\":\"search_term_string\"}}],\"inLanguage\":\"es\"},{\"@type\":\"Person\",\"@id\":\"https:\\\/\\\/kuali.com.mx\\\/web\\\/#\\\/schema\\\/person\\\/6f89ffa8ecba9dae50662357923c5289\",\"name\":\"Kuali Staff\",\"image\":{\"@type\":\"ImageObject\",\"inLanguage\":\"es\",\"@id\":\"https:\\\/\\\/secure.gravatar.com\\\/avatar\\\/f917ad82e5ab71227a733c78b6e60715476f69ee6be59feee4eb5d9920c89e0f?s=96&d=mm&r=g\",\"url\":\"https:\\\/\\\/secure.gravatar.com\\\/avatar\\\/f917ad82e5ab71227a733c78b6e60715476f69ee6be59feee4eb5d9920c89e0f?s=96&d=mm&r=g\",\"contentUrl\":\"https:\\\/\\\/secure.gravatar.com\\\/avatar\\\/f917ad82e5ab71227a733c78b6e60715476f69ee6be59feee4eb5d9920c89e0f?s=96&d=mm&r=g\",\"caption\":\"Kuali Staff\"},\"url\":\"https:\\\/\\\/kuali.com.mx\\\/web\\\/author\\\/lagarto\\\/\"}]}<\/script>\n<!-- \/ Yoast SEO plugin. -->","yoast_head_json":{"title":"ORGANIZAN CONGRESO DE EDUCACI\u00d3N ART\u00cdSTICA - Kuali","robots":{"index":"index","follow":"follow","max-snippet":"max-snippet:-1","max-image-preview":"max-image-preview:large","max-video-preview":"max-video-preview:-1"},"canonical":"https:\/\/kuali.com.mx\/web\/2024\/09\/30\/organizan-congreso-de-educacion-artistica\/","og_locale":"es_MX","og_type":"article","og_title":"ORGANIZAN CONGRESO DE EDUCACI\u00d3N ART\u00cdSTICA - Kuali","og_description":"Kuali\/Le\u00f3n, Gto.- Del tres al cinco de octubre se llevar\u00e1 a cabo el IX Congreso de Educaci\u00f3n Art\u00edstica para el Desarrollo Humano (CEADH). Habr\u00e1 dos conferencias magistrales y nueve talleres, realizados bajo la tem\u00e1tica Fortaleciendo la Educaci\u00f3n Art\u00edstica: Cultura, Creatividad y Ciudadan\u00eda. La novena edici\u00f3n del congreso tendr\u00e1 diversas sedes del Instituto Cultural de Le\u00f3n [&hellip;]","og_url":"https:\/\/kuali.com.mx\/web\/2024\/09\/30\/organizan-congreso-de-educacion-artistica\/","og_site_name":"Kuali","article_publisher":"https:\/\/kuali.com.mx\/web\/wp-content\/uploads\/2018\/04\/cropped-kuali_logo-1-1.png","article_published_time":"2024-09-30T18:32:07+00:00","article_modified_time":"2024-10-01T01:54:19+00:00","og_image":[{"width":1080,"height":608,"url":"https:\/\/kuali.com.mx\/web\/wp-content\/uploads\/2024\/05\/PRESION-ARTERIAN.jpg","type":"image\/jpeg"}],"author":"Kuali Staff","twitter_card":"summary_large_image","twitter_creator":"@kuali_noticias","twitter_site":"@kuali_noticias","twitter_misc":{"Escrito por":"Kuali Staff","Tiempo de lectura":"1 minuto"},"schema":{"@context":"https:\/\/schema.org","@graph":[{"@type":"Article","@id":"https:\/\/kuali.com.mx\/web\/2024\/09\/30\/organizan-congreso-de-educacion-artistica\/#article","isPartOf":{"@id":"https:\/\/kuali.com.mx\/web\/2024\/09\/30\/organizan-congreso-de-educacion-artistica\/"},"author":{"name":"Kuali Staff","@id":"https:\/\/kuali.com.mx\/web\/#\/schema\/person\/6f89ffa8ecba9dae50662357923c5289"},"headline":"ORGANIZAN CONGRESO DE EDUCACI\u00d3N ART\u00cdSTICA","datePublished":"2024-09-30T18:32:07+00:00","dateModified":"2024-10-01T01:54:19+00:00","mainEntityOfPage":{"@id":"https:\/\/kuali.com.mx\/web\/2024\/09\/30\/organizan-congreso-de-educacion-artistica\/"},"wordCount":284,"commentCount":0,"image":{"@id":"https:\/\/kuali.com.mx\/web\/2024\/09\/30\/organizan-congreso-de-educacion-artistica\/#primaryimage"},"thumbnailUrl":"https:\/\/kuali.com.mx\/web\/wp-content\/uploads\/2024\/05\/PRESION-ARTERIAN.jpg","keywords":["Arte y cultura","Congreso","Educaci\u00f3n art\u00edstica","Le\u00f3n"],"articleSection":["Cultura"],"inLanguage":"es","potentialAction":[{"@type":"CommentAction","name":"Comment","target":["https:\/\/kuali.com.mx\/web\/2024\/09\/30\/organizan-congreso-de-educacion-artistica\/#respond"]}]},{"@type":"WebPage","@id":"https:\/\/kuali.com.mx\/web\/2024\/09\/30\/organizan-congreso-de-educacion-artistica\/","url":"https:\/\/kuali.com.mx\/web\/2024\/09\/30\/organizan-congreso-de-educacion-artistica\/","name":"ORGANIZAN CONGRESO DE EDUCACI\u00d3N ART\u00cdSTICA - Kuali","isPartOf":{"@id":"https:\/\/kuali.com.mx\/web\/#website"},"primaryImageOfPage":{"@id":"https:\/\/kuali.com.mx\/web\/2024\/09\/30\/organizan-congreso-de-educacion-artistica\/#primaryimage"},"image":{"@id":"https:\/\/kuali.com.mx\/web\/2024\/09\/30\/organizan-congreso-de-educacion-artistica\/#primaryimage"},"thumbnailUrl":"https:\/\/kuali.com.mx\/web\/wp-content\/uploads\/2024\/05\/PRESION-ARTERIAN.jpg","datePublished":"2024-09-30T18:32:07+00:00","dateModified":"2024-10-01T01:54:19+00:00","author":{"@id":"https:\/\/kuali.com.mx\/web\/#\/schema\/person\/6f89ffa8ecba9dae50662357923c5289"},"breadcrumb":{"@id":"https:\/\/kuali.com.mx\/web\/2024\/09\/30\/organizan-congreso-de-educacion-artistica\/#breadcrumb"},"inLanguage":"es","potentialAction":[{"@type":"ReadAction","target":["https:\/\/kuali.com.mx\/web\/2024\/09\/30\/organizan-congreso-de-educacion-artistica\/"]}]},{"@type":"ImageObject","inLanguage":"es","@id":"https:\/\/kuali.com.mx\/web\/2024\/09\/30\/organizan-congreso-de-educacion-artistica\/#primaryimage","url":"https:\/\/kuali.com.mx\/web\/wp-content\/uploads\/2024\/05\/PRESION-ARTERIAN.jpg","contentUrl":"https:\/\/kuali.com.mx\/web\/wp-content\/uploads\/2024\/05\/PRESION-ARTERIAN.jpg","width":1080,"height":608},{"@type":"BreadcrumbList","@id":"https:\/\/kuali.com.mx\/web\/2024\/09\/30\/organizan-congreso-de-educacion-artistica\/#breadcrumb","itemListElement":[{"@type":"ListItem","position":1,"name":"Inicio","item":"https:\/\/kuali.com.mx\/web\/"},{"@type":"ListItem","position":2,"name":"ORGANIZAN CONGRESO DE EDUCACI\u00d3N ART\u00cdSTICA"}]},{"@type":"WebSite","@id":"https:\/\/kuali.com.mx\/web\/#website","url":"https:\/\/kuali.com.mx\/web\/","name":"Kuali","description":"","potentialAction":[{"@type":"SearchAction","target":{"@type":"EntryPoint","urlTemplate":"https:\/\/kuali.com.mx\/web\/?s={search_term_string}"},"query-input":{"@type":"PropertyValueSpecification","valueRequired":true,"valueName":"search_term_string"}}],"inLanguage":"es"},{"@type":"Person","@id":"https:\/\/kuali.com.mx\/web\/#\/schema\/person\/6f89ffa8ecba9dae50662357923c5289","name":"Kuali Staff","image":{"@type":"ImageObject","inLanguage":"es","@id":"https:\/\/secure.gravatar.com\/avatar\/f917ad82e5ab71227a733c78b6e60715476f69ee6be59feee4eb5d9920c89e0f?s=96&d=mm&r=g","url":"https:\/\/secure.gravatar.com\/avatar\/f917ad82e5ab71227a733c78b6e60715476f69ee6be59feee4eb5d9920c89e0f?s=96&d=mm&r=g","contentUrl":"https:\/\/secure.gravatar.com\/avatar\/f917ad82e5ab71227a733c78b6e60715476f69ee6be59feee4eb5d9920c89e0f?s=96&d=mm&r=g","caption":"Kuali Staff"},"url":"https:\/\/kuali.com.mx\/web\/author\/lagarto\/"}]}},"_links":{"self":[{"href":"https:\/\/kuali.com.mx\/web\/wp-json\/wp\/v2\/posts\/155926","targetHints":{"allow":["GET"]}}],"collection":[{"href":"https:\/\/kuali.com.mx\/web\/wp-json\/wp\/v2\/posts"}],"about":[{"href":"https:\/\/kuali.com.mx\/web\/wp-json\/wp\/v2\/types\/post"}],"author":[{"embeddable":true,"href":"https:\/\/kuali.com.mx\/web\/wp-json\/wp\/v2\/users\/2"}],"replies":[{"embeddable":true,"href":"https:\/\/kuali.com.mx\/web\/wp-json\/wp\/v2\/comments?post=155926"}],"version-history":[{"count":3,"href":"https:\/\/kuali.com.mx\/web\/wp-json\/wp\/v2\/posts\/155926\/revisions"}],"predecessor-version":[{"id":155938,"href":"https:\/\/kuali.com.mx\/web\/wp-json\/wp\/v2\/posts\/155926\/revisions\/155938"}],"wp:featuredmedia":[{"embeddable":true,"href":"https:\/\/kuali.com.mx\/web\/wp-json\/wp\/v2\/media\/143208"}],"wp:attachment":[{"href":"https:\/\/kuali.com.mx\/web\/wp-json\/wp\/v2\/media?parent=155926"}],"wp:term":[{"taxonomy":"category","embeddable":true,"href":"https:\/\/kuali.com.mx\/web\/wp-json\/wp\/v2\/categories?post=155926"},{"taxonomy":"post_tag","embeddable":true,"href":"https:\/\/kuali.com.mx\/web\/wp-json\/wp\/v2\/tags?post=155926"}],"curies":[{"name":"wp","href":"https:\/\/api.w.org\/{rel}","templated":true}]}}