{"id":155920,"date":"2024-09-30T12:23:49","date_gmt":"2024-09-30T18:23:49","guid":{"rendered":"https:\/\/kuali.com.mx\/web\/?p=155920"},"modified":"2024-09-30T19:50:32","modified_gmt":"2024-10-01T01:50:32","slug":"celebra-onu-reforma-constitucional-a-favor-de-indigenas","status":"publish","type":"post","link":"https:\/\/kuali.com.mx\/web\/2024\/09\/30\/celebra-onu-reforma-constitucional-a-favor-de-indigenas\/","title":{"rendered":"CELEBRA ONU REFORMA CONSTITUCIONAL A\u00a0FAVOR DE IND\u00cdGENAS"},"content":{"rendered":"\n<p><strong>kuali\/Ciudad de M\u00e9xico, M\u00e9x.- <\/strong>Con motivo de la firma del decreto por parte del presidente de M\u00e9xico, Andr\u00e9s Manuel L\u00f3pez Obrador, la Oficina en M\u00e9xico del Alto Comisionado de las Naciones Unidas para los Derechos Humanos (ONU-DH) salud\u00f3 este lunes la aprobaci\u00f3n de la reforma constitucional del art\u00edculo 2, en favor de pueblos y comunidades ind\u00edgenas y afromexicanos.<\/p>\n\n\n\n<p>Naciones unidas calific\u00f3 la acci\u00f3n como un \u201csignificativo avance hacia la implementaci\u00f3n de la Declaraci\u00f3n de las Naciones Unidas sobre los Derechos de los Pueblos Ind\u00edgenas\u201d.<\/p>\n\n\n\n<p>\u201cEn el trascurso de la elaboraci\u00f3n y la adopci\u00f3n de dicha declaraci\u00f3n, M\u00e9xico desempe\u00f1\u00f3 un papel clave y asumi\u00f3 el compromiso de implementarla en el pa\u00eds. Con esta reforma constitucional, el Estado mexicano acerca su normativa nacional a las obligaciones internacionales\u201d, expres\u00f3 la ONU en un comunicado emitido este lunes.<\/p>\n\n\n\n<p>Durante la presente administraci\u00f3n se han impulsado diversas iniciativas, tanto en el Congreso de la Uni\u00f3n como por parte de las autoridades del ejecutivo federal, particularmente por el Instituto Nacional de los Pueblos Ind\u00edgenas (INPI), con el fin de establecer procesos participativos con los pueblos ind\u00edgenas de M\u00e9xico que permitieran construir propuestas de modificaciones legislativas para avanzar en el reconocimiento de sus derechos.<\/p>\n\n\n\n<p>\u201cEste proceso ha culminado con la presente reforma constitucional, que reconoce a los pueblos y comunidades ind\u00edgenas y afromexicanos como sujetos de derecho p\u00fablico, dando cumplimiento a una de las recomendaciones de 2018, derivadas de la visita oficial a M\u00e9xico de la Relator\u00eda Especial sobre los derechos de los pueblos ind\u00edgenas. Adem\u00e1s, dicha reforma toma en cuenta el criterio de la autoadscripci\u00f3n para reconocer a los pueblos y comunidades ind\u00edgenas, en l\u00ednea con el art\u00edculo 1.2 del Convenio 169 de la Organizaci\u00f3n Internacional del Trabajo (OIT) sobre pueblos ind\u00edgenas y tribales\u201d, destac\u00f3 la ONU.<\/p>\n\n\n\n<p>Con relaci\u00f3n al derecho a la libre determinaci\u00f3n, la reforma representa un avance en los t\u00e9rminos de los art\u00edculos 3 y 4 de la Declaraci\u00f3n de las Naciones Unidas sobre los Derechos de los Pueblos Ind\u00edgenas y del Convenio de la OIT, permitiendo que las comunidades y pueblos ind\u00edgenas y afromexicanos determinar sus condiciones pol\u00edticas y su desarrollo econ\u00f3mico, social y cultural. Tambi\u00e9n se destacan cambios positivos en relaci\u00f3n con el derecho a la consulta y al consentimiento previo.<\/p>\n\n\n\n<p>En cuanto al reconocimiento de los derechos econ\u00f3micos, sociales y culturales de los pueblos y las comunidades ind\u00edgenas y afromexicanos, la reforma contiene importantes avances en el reconocimiento de la medicina tradicional y el derecho a la alimentaci\u00f3n.<\/p>\n\n\n\n<p>Espec\u00edficamente, se reconoce el derecho de las mujeres ind\u00edgenas y afromexicanas a participar en el desarrollo integral, acceder a la educaci\u00f3n y ejercer su derecho a la propiedad y posesi\u00f3n de la tierra.<\/p>\n\n\n\n<p>En este sentido, la reforma incorpora algunas de las propuestas de la Recomendaci\u00f3n General 39 del Comit\u00e9 para la Eliminaci\u00f3n de la Discriminaci\u00f3n contra la Mujer con relaci\u00f3n a los derechos de las mujeres y ni\u00f1as ind\u00edgenas.<\/p>\n\n\n\n<p>\u201cLa ONU-DH reconoce los importantes avances de la Reforma Constitucional en materia de derechos ind\u00edgenas y afromexicanos y alienta a las autoridades mexicanas a continuar desarrollando un marco normativo que fortalezca estos derechos, de acuerdo con sus compromisos internacionales, incluyendo el principio de indivisibilidad de los derechos humanos y el derecho a la tierra y el territorio\u201d, asegura naciones unidas.<\/p>\n","protected":false},"excerpt":{"rendered":"kuali\/Ciudad de M\u00e9xico, M\u00e9x.- Con motivo de la firma del decreto por parte del presidente de M\u00e9xico, Andr\u00e9s Manuel L\u00f3pez Obrador, la Oficina en M\u00e9xico del Alto Comisionado de las Naciones Unidas para los Derechos Humanos (ONU-DH) salud\u00f3 este lunes la aprobaci\u00f3n de la reforma constitucional del art\u00edculo 2, en favor de pueblos y comunidades [&hellip;]","protected":false},"author":2,"featured_media":97988,"comment_status":"open","ping_status":"open","sticky":false,"template":"","format":"standard","meta":{"_seopress_robots_primary_cat":"none","_seopress_titles_title":"","_seopress_titles_desc":"","_seopress_robots_index":"","_monsterinsights_skip_tracking":false,"_monsterinsights_sitenote_active":false,"_monsterinsights_sitenote_note":"","_monsterinsights_sitenote_category":0,"footnotes":""},"categories":[14],"tags":[2283,100,86,171,4394],"class_list":["post-155920","post","type-post","status-publish","format-standard","has-post-thumbnail","hentry","category-derechos","tag-afromexicanos","tag-derechos-humanos","tag-indigenas","tag-mexico","tag-reforma-constitucional"],"yoast_head":"<!-- This site is optimized with the Yoast SEO plugin v27.4 - https:\/\/yoast.com\/product\/yoast-seo-wordpress\/ -->\n<title>CELEBRA ONU REFORMA CONSTITUCIONAL A\u00a0FAVOR DE IND\u00cdGENAS - Kuali<\/title>\n<meta name=\"robots\" content=\"index, follow, max-snippet:-1, max-image-preview:large, max-video-preview:-1\" \/>\n<link rel=\"canonical\" href=\"https:\/\/kuali.com.mx\/web\/2024\/09\/30\/celebra-onu-reforma-constitucional-a-favor-de-indigenas\/\" \/>\n<meta property=\"og:locale\" content=\"es_MX\" \/>\n<meta property=\"og:type\" content=\"article\" \/>\n<meta property=\"og:title\" content=\"CELEBRA ONU REFORMA CONSTITUCIONAL A\u00a0FAVOR DE IND\u00cdGENAS - Kuali\" \/>\n<meta property=\"og:description\" content=\"kuali\/Ciudad de M\u00e9xico, M\u00e9x.- Con motivo de la firma del decreto por parte del presidente de M\u00e9xico, Andr\u00e9s Manuel L\u00f3pez Obrador, la Oficina en M\u00e9xico del Alto Comisionado de las Naciones Unidas para los Derechos Humanos (ONU-DH) salud\u00f3 este lunes la aprobaci\u00f3n de la reforma constitucional del art\u00edculo 2, en favor de pueblos y comunidades [&hellip;]\" \/>\n<meta property=\"og:url\" content=\"https:\/\/kuali.com.mx\/web\/2024\/09\/30\/celebra-onu-reforma-constitucional-a-favor-de-indigenas\/\" \/>\n<meta property=\"og:site_name\" content=\"Kuali\" \/>\n<meta property=\"article:publisher\" content=\"https:\/\/kuali.com.mx\/web\/wp-content\/uploads\/2018\/04\/cropped-kuali_logo-1-1.png\" \/>\n<meta property=\"article:published_time\" content=\"2024-09-30T18:23:49+00:00\" \/>\n<meta property=\"article:modified_time\" content=\"2024-10-01T01:50:32+00:00\" \/>\n<meta property=\"og:image\" content=\"https:\/\/kuali.com.mx\/web\/wp-content\/uploads\/2022\/06\/Indigena.jpg\" \/>\n\t<meta property=\"og:image:width\" content=\"1225\" \/>\n\t<meta property=\"og:image:height\" content=\"750\" \/>\n\t<meta property=\"og:image:type\" content=\"image\/jpeg\" \/>\n<meta name=\"author\" content=\"Kuali Staff\" \/>\n<meta name=\"twitter:card\" content=\"summary_large_image\" \/>\n<meta name=\"twitter:creator\" content=\"@kuali_noticias\" \/>\n<meta name=\"twitter:site\" content=\"@kuali_noticias\" \/>\n<meta name=\"twitter:label1\" content=\"Escrito por\" \/>\n\t<meta name=\"twitter:data1\" content=\"Kuali Staff\" \/>\n\t<meta name=\"twitter:label2\" content=\"Tiempo de lectura\" \/>\n\t<meta name=\"twitter:data2\" content=\"3 minutos\" \/>\n<script type=\"application\/ld+json\" class=\"yoast-schema-graph\">{\"@context\":\"https:\\\/\\\/schema.org\",\"@graph\":[{\"@type\":\"Article\",\"@id\":\"https:\\\/\\\/kuali.com.mx\\\/web\\\/2024\\\/09\\\/30\\\/celebra-onu-reforma-constitucional-a-favor-de-indigenas\\\/#article\",\"isPartOf\":{\"@id\":\"https:\\\/\\\/kuali.com.mx\\\/web\\\/2024\\\/09\\\/30\\\/celebra-onu-reforma-constitucional-a-favor-de-indigenas\\\/\"},\"author\":{\"name\":\"Kuali Staff\",\"@id\":\"https:\\\/\\\/kuali.com.mx\\\/web\\\/#\\\/schema\\\/person\\\/6f89ffa8ecba9dae50662357923c5289\"},\"headline\":\"CELEBRA ONU REFORMA CONSTITUCIONAL A\u00a0FAVOR DE IND\u00cdGENAS\",\"datePublished\":\"2024-09-30T18:23:49+00:00\",\"dateModified\":\"2024-10-01T01:50:32+00:00\",\"mainEntityOfPage\":{\"@id\":\"https:\\\/\\\/kuali.com.mx\\\/web\\\/2024\\\/09\\\/30\\\/celebra-onu-reforma-constitucional-a-favor-de-indigenas\\\/\"},\"wordCount\":602,\"commentCount\":0,\"image\":{\"@id\":\"https:\\\/\\\/kuali.com.mx\\\/web\\\/2024\\\/09\\\/30\\\/celebra-onu-reforma-constitucional-a-favor-de-indigenas\\\/#primaryimage\"},\"thumbnailUrl\":\"https:\\\/\\\/kuali.com.mx\\\/web\\\/wp-content\\\/uploads\\\/2022\\\/06\\\/Indigena.jpg\",\"keywords\":[\"Afromexicanos\",\"Derechos Humanos\",\"indigenas\",\"M\u00e9xico\",\"Reforma constitucional\"],\"articleSection\":[\"Derechos Humanos\"],\"inLanguage\":\"es\",\"potentialAction\":[{\"@type\":\"CommentAction\",\"name\":\"Comment\",\"target\":[\"https:\\\/\\\/kuali.com.mx\\\/web\\\/2024\\\/09\\\/30\\\/celebra-onu-reforma-constitucional-a-favor-de-indigenas\\\/#respond\"]}]},{\"@type\":\"WebPage\",\"@id\":\"https:\\\/\\\/kuali.com.mx\\\/web\\\/2024\\\/09\\\/30\\\/celebra-onu-reforma-constitucional-a-favor-de-indigenas\\\/\",\"url\":\"https:\\\/\\\/kuali.com.mx\\\/web\\\/2024\\\/09\\\/30\\\/celebra-onu-reforma-constitucional-a-favor-de-indigenas\\\/\",\"name\":\"CELEBRA ONU REFORMA CONSTITUCIONAL A\u00a0FAVOR DE IND\u00cdGENAS - Kuali\",\"isPartOf\":{\"@id\":\"https:\\\/\\\/kuali.com.mx\\\/web\\\/#website\"},\"primaryImageOfPage\":{\"@id\":\"https:\\\/\\\/kuali.com.mx\\\/web\\\/2024\\\/09\\\/30\\\/celebra-onu-reforma-constitucional-a-favor-de-indigenas\\\/#primaryimage\"},\"image\":{\"@id\":\"https:\\\/\\\/kuali.com.mx\\\/web\\\/2024\\\/09\\\/30\\\/celebra-onu-reforma-constitucional-a-favor-de-indigenas\\\/#primaryimage\"},\"thumbnailUrl\":\"https:\\\/\\\/kuali.com.mx\\\/web\\\/wp-content\\\/uploads\\\/2022\\\/06\\\/Indigena.jpg\",\"datePublished\":\"2024-09-30T18:23:49+00:00\",\"dateModified\":\"2024-10-01T01:50:32+00:00\",\"author\":{\"@id\":\"https:\\\/\\\/kuali.com.mx\\\/web\\\/#\\\/schema\\\/person\\\/6f89ffa8ecba9dae50662357923c5289\"},\"breadcrumb\":{\"@id\":\"https:\\\/\\\/kuali.com.mx\\\/web\\\/2024\\\/09\\\/30\\\/celebra-onu-reforma-constitucional-a-favor-de-indigenas\\\/#breadcrumb\"},\"inLanguage\":\"es\",\"potentialAction\":[{\"@type\":\"ReadAction\",\"target\":[\"https:\\\/\\\/kuali.com.mx\\\/web\\\/2024\\\/09\\\/30\\\/celebra-onu-reforma-constitucional-a-favor-de-indigenas\\\/\"]}]},{\"@type\":\"ImageObject\",\"inLanguage\":\"es\",\"@id\":\"https:\\\/\\\/kuali.com.mx\\\/web\\\/2024\\\/09\\\/30\\\/celebra-onu-reforma-constitucional-a-favor-de-indigenas\\\/#primaryimage\",\"url\":\"https:\\\/\\\/kuali.com.mx\\\/web\\\/wp-content\\\/uploads\\\/2022\\\/06\\\/Indigena.jpg\",\"contentUrl\":\"https:\\\/\\\/kuali.com.mx\\\/web\\\/wp-content\\\/uploads\\\/2022\\\/06\\\/Indigena.jpg\",\"width\":1225,\"height\":750},{\"@type\":\"BreadcrumbList\",\"@id\":\"https:\\\/\\\/kuali.com.mx\\\/web\\\/2024\\\/09\\\/30\\\/celebra-onu-reforma-constitucional-a-favor-de-indigenas\\\/#breadcrumb\",\"itemListElement\":[{\"@type\":\"ListItem\",\"position\":1,\"name\":\"Inicio\",\"item\":\"https:\\\/\\\/kuali.com.mx\\\/web\\\/\"},{\"@type\":\"ListItem\",\"position\":2,\"name\":\"CELEBRA ONU REFORMA CONSTITUCIONAL A\u00a0FAVOR DE IND\u00cdGENAS\"}]},{\"@type\":\"WebSite\",\"@id\":\"https:\\\/\\\/kuali.com.mx\\\/web\\\/#website\",\"url\":\"https:\\\/\\\/kuali.com.mx\\\/web\\\/\",\"name\":\"Kuali\",\"description\":\"\",\"potentialAction\":[{\"@type\":\"SearchAction\",\"target\":{\"@type\":\"EntryPoint\",\"urlTemplate\":\"https:\\\/\\\/kuali.com.mx\\\/web\\\/?s={search_term_string}\"},\"query-input\":{\"@type\":\"PropertyValueSpecification\",\"valueRequired\":true,\"valueName\":\"search_term_string\"}}],\"inLanguage\":\"es\"},{\"@type\":\"Person\",\"@id\":\"https:\\\/\\\/kuali.com.mx\\\/web\\\/#\\\/schema\\\/person\\\/6f89ffa8ecba9dae50662357923c5289\",\"name\":\"Kuali Staff\",\"image\":{\"@type\":\"ImageObject\",\"inLanguage\":\"es\",\"@id\":\"https:\\\/\\\/secure.gravatar.com\\\/avatar\\\/f917ad82e5ab71227a733c78b6e60715476f69ee6be59feee4eb5d9920c89e0f?s=96&d=mm&r=g\",\"url\":\"https:\\\/\\\/secure.gravatar.com\\\/avatar\\\/f917ad82e5ab71227a733c78b6e60715476f69ee6be59feee4eb5d9920c89e0f?s=96&d=mm&r=g\",\"contentUrl\":\"https:\\\/\\\/secure.gravatar.com\\\/avatar\\\/f917ad82e5ab71227a733c78b6e60715476f69ee6be59feee4eb5d9920c89e0f?s=96&d=mm&r=g\",\"caption\":\"Kuali Staff\"},\"url\":\"https:\\\/\\\/kuali.com.mx\\\/web\\\/author\\\/lagarto\\\/\"}]}<\/script>\n<!-- \/ Yoast SEO plugin. -->","yoast_head_json":{"title":"CELEBRA ONU REFORMA CONSTITUCIONAL A\u00a0FAVOR DE IND\u00cdGENAS - Kuali","robots":{"index":"index","follow":"follow","max-snippet":"max-snippet:-1","max-image-preview":"max-image-preview:large","max-video-preview":"max-video-preview:-1"},"canonical":"https:\/\/kuali.com.mx\/web\/2024\/09\/30\/celebra-onu-reforma-constitucional-a-favor-de-indigenas\/","og_locale":"es_MX","og_type":"article","og_title":"CELEBRA ONU REFORMA CONSTITUCIONAL A\u00a0FAVOR DE IND\u00cdGENAS - Kuali","og_description":"kuali\/Ciudad de M\u00e9xico, M\u00e9x.- Con motivo de la firma del decreto por parte del presidente de M\u00e9xico, Andr\u00e9s Manuel L\u00f3pez Obrador, la Oficina en M\u00e9xico del Alto Comisionado de las Naciones Unidas para los Derechos Humanos (ONU-DH) salud\u00f3 este lunes la aprobaci\u00f3n de la reforma constitucional del art\u00edculo 2, en favor de pueblos y comunidades [&hellip;]","og_url":"https:\/\/kuali.com.mx\/web\/2024\/09\/30\/celebra-onu-reforma-constitucional-a-favor-de-indigenas\/","og_site_name":"Kuali","article_publisher":"https:\/\/kuali.com.mx\/web\/wp-content\/uploads\/2018\/04\/cropped-kuali_logo-1-1.png","article_published_time":"2024-09-30T18:23:49+00:00","article_modified_time":"2024-10-01T01:50:32+00:00","og_image":[{"width":1225,"height":750,"url":"https:\/\/kuali.com.mx\/web\/wp-content\/uploads\/2022\/06\/Indigena.jpg","type":"image\/jpeg"}],"author":"Kuali Staff","twitter_card":"summary_large_image","twitter_creator":"@kuali_noticias","twitter_site":"@kuali_noticias","twitter_misc":{"Escrito por":"Kuali Staff","Tiempo de lectura":"3 minutos"},"schema":{"@context":"https:\/\/schema.org","@graph":[{"@type":"Article","@id":"https:\/\/kuali.com.mx\/web\/2024\/09\/30\/celebra-onu-reforma-constitucional-a-favor-de-indigenas\/#article","isPartOf":{"@id":"https:\/\/kuali.com.mx\/web\/2024\/09\/30\/celebra-onu-reforma-constitucional-a-favor-de-indigenas\/"},"author":{"name":"Kuali Staff","@id":"https:\/\/kuali.com.mx\/web\/#\/schema\/person\/6f89ffa8ecba9dae50662357923c5289"},"headline":"CELEBRA ONU REFORMA CONSTITUCIONAL A\u00a0FAVOR DE IND\u00cdGENAS","datePublished":"2024-09-30T18:23:49+00:00","dateModified":"2024-10-01T01:50:32+00:00","mainEntityOfPage":{"@id":"https:\/\/kuali.com.mx\/web\/2024\/09\/30\/celebra-onu-reforma-constitucional-a-favor-de-indigenas\/"},"wordCount":602,"commentCount":0,"image":{"@id":"https:\/\/kuali.com.mx\/web\/2024\/09\/30\/celebra-onu-reforma-constitucional-a-favor-de-indigenas\/#primaryimage"},"thumbnailUrl":"https:\/\/kuali.com.mx\/web\/wp-content\/uploads\/2022\/06\/Indigena.jpg","keywords":["Afromexicanos","Derechos Humanos","indigenas","M\u00e9xico","Reforma constitucional"],"articleSection":["Derechos Humanos"],"inLanguage":"es","potentialAction":[{"@type":"CommentAction","name":"Comment","target":["https:\/\/kuali.com.mx\/web\/2024\/09\/30\/celebra-onu-reforma-constitucional-a-favor-de-indigenas\/#respond"]}]},{"@type":"WebPage","@id":"https:\/\/kuali.com.mx\/web\/2024\/09\/30\/celebra-onu-reforma-constitucional-a-favor-de-indigenas\/","url":"https:\/\/kuali.com.mx\/web\/2024\/09\/30\/celebra-onu-reforma-constitucional-a-favor-de-indigenas\/","name":"CELEBRA ONU REFORMA CONSTITUCIONAL A\u00a0FAVOR DE IND\u00cdGENAS - Kuali","isPartOf":{"@id":"https:\/\/kuali.com.mx\/web\/#website"},"primaryImageOfPage":{"@id":"https:\/\/kuali.com.mx\/web\/2024\/09\/30\/celebra-onu-reforma-constitucional-a-favor-de-indigenas\/#primaryimage"},"image":{"@id":"https:\/\/kuali.com.mx\/web\/2024\/09\/30\/celebra-onu-reforma-constitucional-a-favor-de-indigenas\/#primaryimage"},"thumbnailUrl":"https:\/\/kuali.com.mx\/web\/wp-content\/uploads\/2022\/06\/Indigena.jpg","datePublished":"2024-09-30T18:23:49+00:00","dateModified":"2024-10-01T01:50:32+00:00","author":{"@id":"https:\/\/kuali.com.mx\/web\/#\/schema\/person\/6f89ffa8ecba9dae50662357923c5289"},"breadcrumb":{"@id":"https:\/\/kuali.com.mx\/web\/2024\/09\/30\/celebra-onu-reforma-constitucional-a-favor-de-indigenas\/#breadcrumb"},"inLanguage":"es","potentialAction":[{"@type":"ReadAction","target":["https:\/\/kuali.com.mx\/web\/2024\/09\/30\/celebra-onu-reforma-constitucional-a-favor-de-indigenas\/"]}]},{"@type":"ImageObject","inLanguage":"es","@id":"https:\/\/kuali.com.mx\/web\/2024\/09\/30\/celebra-onu-reforma-constitucional-a-favor-de-indigenas\/#primaryimage","url":"https:\/\/kuali.com.mx\/web\/wp-content\/uploads\/2022\/06\/Indigena.jpg","contentUrl":"https:\/\/kuali.com.mx\/web\/wp-content\/uploads\/2022\/06\/Indigena.jpg","width":1225,"height":750},{"@type":"BreadcrumbList","@id":"https:\/\/kuali.com.mx\/web\/2024\/09\/30\/celebra-onu-reforma-constitucional-a-favor-de-indigenas\/#breadcrumb","itemListElement":[{"@type":"ListItem","position":1,"name":"Inicio","item":"https:\/\/kuali.com.mx\/web\/"},{"@type":"ListItem","position":2,"name":"CELEBRA ONU REFORMA CONSTITUCIONAL A\u00a0FAVOR DE IND\u00cdGENAS"}]},{"@type":"WebSite","@id":"https:\/\/kuali.com.mx\/web\/#website","url":"https:\/\/kuali.com.mx\/web\/","name":"Kuali","description":"","potentialAction":[{"@type":"SearchAction","target":{"@type":"EntryPoint","urlTemplate":"https:\/\/kuali.com.mx\/web\/?s={search_term_string}"},"query-input":{"@type":"PropertyValueSpecification","valueRequired":true,"valueName":"search_term_string"}}],"inLanguage":"es"},{"@type":"Person","@id":"https:\/\/kuali.com.mx\/web\/#\/schema\/person\/6f89ffa8ecba9dae50662357923c5289","name":"Kuali Staff","image":{"@type":"ImageObject","inLanguage":"es","@id":"https:\/\/secure.gravatar.com\/avatar\/f917ad82e5ab71227a733c78b6e60715476f69ee6be59feee4eb5d9920c89e0f?s=96&d=mm&r=g","url":"https:\/\/secure.gravatar.com\/avatar\/f917ad82e5ab71227a733c78b6e60715476f69ee6be59feee4eb5d9920c89e0f?s=96&d=mm&r=g","contentUrl":"https:\/\/secure.gravatar.com\/avatar\/f917ad82e5ab71227a733c78b6e60715476f69ee6be59feee4eb5d9920c89e0f?s=96&d=mm&r=g","caption":"Kuali Staff"},"url":"https:\/\/kuali.com.mx\/web\/author\/lagarto\/"}]}},"_links":{"self":[{"href":"https:\/\/kuali.com.mx\/web\/wp-json\/wp\/v2\/posts\/155920","targetHints":{"allow":["GET"]}}],"collection":[{"href":"https:\/\/kuali.com.mx\/web\/wp-json\/wp\/v2\/posts"}],"about":[{"href":"https:\/\/kuali.com.mx\/web\/wp-json\/wp\/v2\/types\/post"}],"author":[{"embeddable":true,"href":"https:\/\/kuali.com.mx\/web\/wp-json\/wp\/v2\/users\/2"}],"replies":[{"embeddable":true,"href":"https:\/\/kuali.com.mx\/web\/wp-json\/wp\/v2\/comments?post=155920"}],"version-history":[{"count":3,"href":"https:\/\/kuali.com.mx\/web\/wp-json\/wp\/v2\/posts\/155920\/revisions"}],"predecessor-version":[{"id":155937,"href":"https:\/\/kuali.com.mx\/web\/wp-json\/wp\/v2\/posts\/155920\/revisions\/155937"}],"wp:featuredmedia":[{"embeddable":true,"href":"https:\/\/kuali.com.mx\/web\/wp-json\/wp\/v2\/media\/97988"}],"wp:attachment":[{"href":"https:\/\/kuali.com.mx\/web\/wp-json\/wp\/v2\/media?parent=155920"}],"wp:term":[{"taxonomy":"category","embeddable":true,"href":"https:\/\/kuali.com.mx\/web\/wp-json\/wp\/v2\/categories?post=155920"},{"taxonomy":"post_tag","embeddable":true,"href":"https:\/\/kuali.com.mx\/web\/wp-json\/wp\/v2\/tags?post=155920"}],"curies":[{"name":"wp","href":"https:\/\/api.w.org\/{rel}","templated":true}]}}