{"id":155916,"date":"2024-09-30T14:40:22","date_gmt":"2024-09-30T20:40:22","guid":{"rendered":"https:\/\/kuali.com.mx\/web\/?p=155916"},"modified":"2024-09-30T18:52:49","modified_gmt":"2024-10-01T00:52:49","slug":"confian-mexicanos-en-guardia-nacional-amlo","status":"publish","type":"post","link":"https:\/\/kuali.com.mx\/web\/2024\/09\/30\/confian-mexicanos-en-guardia-nacional-amlo\/","title":{"rendered":"CONF\u00cdAN MEXICANOS EN GUARDIA NACIONAL: AMLO"},"content":{"rendered":"\n<p>En el \u00faltimo informe de los principales datos socioecon\u00f3micos de M\u00e9xico, el presidente Andr\u00e9s Manuel L\u00f3pez Obrador resalt\u00f3 la confianza de la poblaci\u00f3n en las autoridades y la disminuci\u00f3n de la incidencia delictiva por la atenci\u00f3n a las causas.<\/p>\n\n\n\n<p>De acuerdo con la Encuesta Nacional de Calidad e Impacto Gubernamental del Instituto Nacional de Estad\u00edstica y Geograf\u00eda (INEGI), en 2023 el 59.1 por ciento de la poblaci\u00f3n confi\u00f3 en las acciones de la Presidencia de la Rep\u00fablica y las secretar\u00edas del Estado mexicano. En 2017, a\u00f1o del sexenio de Enrique Pe\u00f1a Nieto, se encontraba en 25.5 por ciento.<\/p>\n\n\n\n<p>A cinco a\u00f1os de su creaci\u00f3n, el 77 por ciento de la poblaci\u00f3n adulta manifest\u00f3 confianza en la Guardia Nacional seg\u00fan el INEGI. Hasta junio, la nueva corporaci\u00f3n se ubica s\u00f3lo por debajo de la Secretar\u00eda de Marina, que tiene 88.7 por ciento; de la Fuerza A\u00e9rea Mexicana, con 86 por ciento y del Ej\u00e9rcito Mexicano, que alcanza 83.9 por ciento.<\/p>\n\n\n\n<p>El Gobierno de la Cuarta Transformaci\u00f3n disminuy\u00f3 19 por ciento el delito de homicidio doloso en comparaci\u00f3n con los dos sexenios anteriores debido a la atenci\u00f3n prioritaria al pueblo y al apoyo en materia de seguridad p\u00fablica de las secretar\u00edas de la Defensa Nacional y de Marina, as\u00ed como de la Guardia Nacional.<\/p>\n\n\n\n<p>En el sexenio de Felipe Calder\u00f3n (2006-2012) fue r\u00e9cord el aumento de 192.8 por ciento del homicidio doloso, mientras que la administraci\u00f3n de Enrique Pe\u00f1a Nieto (2012-2018) registr\u00f3 un incremento de 59 por ciento en la tendencia, de acuerdo con una comparativa de 1990 a 2023 basada en cifras del INEGI y del Secretariado Ejecutivo del Sistema Nacional de Seguridad P\u00fablica (SESNSP).<\/p>\n\n\n\n<p>La Estrategia Nacional de Seguridad redujo en agosto delitos del fuero federal en 29.4 por ciento; el homicidio doloso, en 19.7 por ciento; el robo general, 30.2 por ciento; el robo de veh\u00edculo automotor, 48.7 por ciento; el secuestro, 74.1 por ciento y el feminicidio, 41.6 por ciento.<\/p>\n\n\n\n<p>La percepci\u00f3n de inseguridad a nivel estatal baj\u00f3 a 73.62 puntos porcentuales. En diciembre de 2018, el 79.39 por ciento de la poblaci\u00f3n mayor de 18 a\u00f1os consideraba inseguro vivir en su estado.<\/p>\n\n\n\n<p>El robo de combustible ha bajado 94.2 por ciento, es decir, de 81 mil barriles sustra\u00eddos ilegalmente por d\u00eda en 2018 a 4.7 mil barriles en julio de 2024. El combate a este delito gener\u00f3 un ahorro estimado de 342 mil 932.3 millones de pesos en el sexenio.<\/p>\n","protected":false},"excerpt":{"rendered":"En el \u00faltimo informe de los principales datos socioecon\u00f3micos de M\u00e9xico, el presidente Andr\u00e9s Manuel L\u00f3pez Obrador resalt\u00f3 la confianza de la poblaci\u00f3n en las autoridades y la disminuci\u00f3n de la incidencia delictiva por la atenci\u00f3n a las causas. De acuerdo con la Encuesta Nacional de Calidad e Impacto Gubernamental del Instituto Nacional de Estad\u00edstica [&hellip;]","protected":false},"author":2,"featured_media":105828,"comment_status":"open","ping_status":"open","sticky":false,"template":"","format":"standard","meta":{"_seopress_robots_primary_cat":"none","_seopress_titles_title":"","_seopress_titles_desc":"","_seopress_robots_index":"","_monsterinsights_skip_tracking":false,"_monsterinsights_sitenote_active":false,"_monsterinsights_sitenote_note":"","_monsterinsights_sitenote_category":0,"footnotes":""},"categories":[3],"tags":[],"class_list":["post-155916","post","type-post","status-publish","format-standard","has-post-thumbnail","hentry","category-politica"],"yoast_head":"<!-- This site is optimized with the Yoast SEO plugin v27.4 - https:\/\/yoast.com\/product\/yoast-seo-wordpress\/ -->\n<title>CONF\u00cdAN MEXICANOS EN GUARDIA NACIONAL: AMLO - Kuali<\/title>\n<meta name=\"robots\" content=\"index, follow, max-snippet:-1, max-image-preview:large, max-video-preview:-1\" \/>\n<link rel=\"canonical\" href=\"https:\/\/kuali.com.mx\/web\/2024\/09\/30\/confian-mexicanos-en-guardia-nacional-amlo\/\" \/>\n<meta property=\"og:locale\" content=\"es_MX\" \/>\n<meta property=\"og:type\" content=\"article\" \/>\n<meta property=\"og:title\" content=\"CONF\u00cdAN MEXICANOS EN GUARDIA NACIONAL: AMLO - Kuali\" \/>\n<meta property=\"og:description\" content=\"En el \u00faltimo informe de los principales datos socioecon\u00f3micos de M\u00e9xico, el presidente Andr\u00e9s Manuel L\u00f3pez Obrador resalt\u00f3 la confianza de la poblaci\u00f3n en las autoridades y la disminuci\u00f3n de la incidencia delictiva por la atenci\u00f3n a las causas. De acuerdo con la Encuesta Nacional de Calidad e Impacto Gubernamental del Instituto Nacional de Estad\u00edstica [&hellip;]\" \/>\n<meta property=\"og:url\" content=\"https:\/\/kuali.com.mx\/web\/2024\/09\/30\/confian-mexicanos-en-guardia-nacional-amlo\/\" \/>\n<meta property=\"og:site_name\" content=\"Kuali\" \/>\n<meta property=\"article:publisher\" content=\"https:\/\/kuali.com.mx\/web\/wp-content\/uploads\/2018\/04\/cropped-kuali_logo-1-1.png\" \/>\n<meta property=\"article:published_time\" content=\"2024-09-30T20:40:22+00:00\" \/>\n<meta property=\"article:modified_time\" content=\"2024-10-01T00:52:49+00:00\" \/>\n<meta property=\"og:image\" content=\"https:\/\/kuali.com.mx\/web\/wp-content\/uploads\/2022\/10\/Guardia-Nacional-8.gif\" \/>\n\t<meta property=\"og:image:width\" content=\"1800\" \/>\n\t<meta property=\"og:image:height\" content=\"750\" \/>\n\t<meta property=\"og:image:type\" content=\"image\/gif\" \/>\n<meta name=\"author\" content=\"Kuali Staff\" \/>\n<meta name=\"twitter:card\" content=\"summary_large_image\" \/>\n<meta name=\"twitter:creator\" content=\"@kuali_noticias\" \/>\n<meta name=\"twitter:site\" content=\"@kuali_noticias\" \/>\n<meta name=\"twitter:label1\" content=\"Escrito por\" \/>\n\t<meta name=\"twitter:data1\" content=\"Kuali Staff\" \/>\n\t<meta name=\"twitter:label2\" content=\"Tiempo de lectura\" \/>\n\t<meta name=\"twitter:data2\" content=\"2 minutos\" \/>\n<script type=\"application\/ld+json\" class=\"yoast-schema-graph\">{\"@context\":\"https:\\\/\\\/schema.org\",\"@graph\":[{\"@type\":\"Article\",\"@id\":\"https:\\\/\\\/kuali.com.mx\\\/web\\\/2024\\\/09\\\/30\\\/confian-mexicanos-en-guardia-nacional-amlo\\\/#article\",\"isPartOf\":{\"@id\":\"https:\\\/\\\/kuali.com.mx\\\/web\\\/2024\\\/09\\\/30\\\/confian-mexicanos-en-guardia-nacional-amlo\\\/\"},\"author\":{\"name\":\"Kuali Staff\",\"@id\":\"https:\\\/\\\/kuali.com.mx\\\/web\\\/#\\\/schema\\\/person\\\/6f89ffa8ecba9dae50662357923c5289\"},\"headline\":\"CONF\u00cdAN MEXICANOS EN GUARDIA NACIONAL: AMLO\",\"datePublished\":\"2024-09-30T20:40:22+00:00\",\"dateModified\":\"2024-10-01T00:52:49+00:00\",\"mainEntityOfPage\":{\"@id\":\"https:\\\/\\\/kuali.com.mx\\\/web\\\/2024\\\/09\\\/30\\\/confian-mexicanos-en-guardia-nacional-amlo\\\/\"},\"wordCount\":419,\"commentCount\":0,\"image\":{\"@id\":\"https:\\\/\\\/kuali.com.mx\\\/web\\\/2024\\\/09\\\/30\\\/confian-mexicanos-en-guardia-nacional-amlo\\\/#primaryimage\"},\"thumbnailUrl\":\"https:\\\/\\\/kuali.com.mx\\\/web\\\/wp-content\\\/uploads\\\/2022\\\/10\\\/Guardia-Nacional-8.gif\",\"articleSection\":[\"Pol\u00edtica\"],\"inLanguage\":\"es\",\"potentialAction\":[{\"@type\":\"CommentAction\",\"name\":\"Comment\",\"target\":[\"https:\\\/\\\/kuali.com.mx\\\/web\\\/2024\\\/09\\\/30\\\/confian-mexicanos-en-guardia-nacional-amlo\\\/#respond\"]}]},{\"@type\":\"WebPage\",\"@id\":\"https:\\\/\\\/kuali.com.mx\\\/web\\\/2024\\\/09\\\/30\\\/confian-mexicanos-en-guardia-nacional-amlo\\\/\",\"url\":\"https:\\\/\\\/kuali.com.mx\\\/web\\\/2024\\\/09\\\/30\\\/confian-mexicanos-en-guardia-nacional-amlo\\\/\",\"name\":\"CONF\u00cdAN MEXICANOS EN GUARDIA NACIONAL: AMLO - Kuali\",\"isPartOf\":{\"@id\":\"https:\\\/\\\/kuali.com.mx\\\/web\\\/#website\"},\"primaryImageOfPage\":{\"@id\":\"https:\\\/\\\/kuali.com.mx\\\/web\\\/2024\\\/09\\\/30\\\/confian-mexicanos-en-guardia-nacional-amlo\\\/#primaryimage\"},\"image\":{\"@id\":\"https:\\\/\\\/kuali.com.mx\\\/web\\\/2024\\\/09\\\/30\\\/confian-mexicanos-en-guardia-nacional-amlo\\\/#primaryimage\"},\"thumbnailUrl\":\"https:\\\/\\\/kuali.com.mx\\\/web\\\/wp-content\\\/uploads\\\/2022\\\/10\\\/Guardia-Nacional-8.gif\",\"datePublished\":\"2024-09-30T20:40:22+00:00\",\"dateModified\":\"2024-10-01T00:52:49+00:00\",\"author\":{\"@id\":\"https:\\\/\\\/kuali.com.mx\\\/web\\\/#\\\/schema\\\/person\\\/6f89ffa8ecba9dae50662357923c5289\"},\"breadcrumb\":{\"@id\":\"https:\\\/\\\/kuali.com.mx\\\/web\\\/2024\\\/09\\\/30\\\/confian-mexicanos-en-guardia-nacional-amlo\\\/#breadcrumb\"},\"inLanguage\":\"es\",\"potentialAction\":[{\"@type\":\"ReadAction\",\"target\":[\"https:\\\/\\\/kuali.com.mx\\\/web\\\/2024\\\/09\\\/30\\\/confian-mexicanos-en-guardia-nacional-amlo\\\/\"]}]},{\"@type\":\"ImageObject\",\"inLanguage\":\"es\",\"@id\":\"https:\\\/\\\/kuali.com.mx\\\/web\\\/2024\\\/09\\\/30\\\/confian-mexicanos-en-guardia-nacional-amlo\\\/#primaryimage\",\"url\":\"https:\\\/\\\/kuali.com.mx\\\/web\\\/wp-content\\\/uploads\\\/2022\\\/10\\\/Guardia-Nacional-8.gif\",\"contentUrl\":\"https:\\\/\\\/kuali.com.mx\\\/web\\\/wp-content\\\/uploads\\\/2022\\\/10\\\/Guardia-Nacional-8.gif\",\"width\":1800,\"height\":750},{\"@type\":\"BreadcrumbList\",\"@id\":\"https:\\\/\\\/kuali.com.mx\\\/web\\\/2024\\\/09\\\/30\\\/confian-mexicanos-en-guardia-nacional-amlo\\\/#breadcrumb\",\"itemListElement\":[{\"@type\":\"ListItem\",\"position\":1,\"name\":\"Inicio\",\"item\":\"https:\\\/\\\/kuali.com.mx\\\/web\\\/\"},{\"@type\":\"ListItem\",\"position\":2,\"name\":\"CONF\u00cdAN MEXICANOS EN GUARDIA NACIONAL: AMLO\"}]},{\"@type\":\"WebSite\",\"@id\":\"https:\\\/\\\/kuali.com.mx\\\/web\\\/#website\",\"url\":\"https:\\\/\\\/kuali.com.mx\\\/web\\\/\",\"name\":\"Kuali\",\"description\":\"\",\"potentialAction\":[{\"@type\":\"SearchAction\",\"target\":{\"@type\":\"EntryPoint\",\"urlTemplate\":\"https:\\\/\\\/kuali.com.mx\\\/web\\\/?s={search_term_string}\"},\"query-input\":{\"@type\":\"PropertyValueSpecification\",\"valueRequired\":true,\"valueName\":\"search_term_string\"}}],\"inLanguage\":\"es\"},{\"@type\":\"Person\",\"@id\":\"https:\\\/\\\/kuali.com.mx\\\/web\\\/#\\\/schema\\\/person\\\/6f89ffa8ecba9dae50662357923c5289\",\"name\":\"Kuali Staff\",\"image\":{\"@type\":\"ImageObject\",\"inLanguage\":\"es\",\"@id\":\"https:\\\/\\\/secure.gravatar.com\\\/avatar\\\/f917ad82e5ab71227a733c78b6e60715476f69ee6be59feee4eb5d9920c89e0f?s=96&d=mm&r=g\",\"url\":\"https:\\\/\\\/secure.gravatar.com\\\/avatar\\\/f917ad82e5ab71227a733c78b6e60715476f69ee6be59feee4eb5d9920c89e0f?s=96&d=mm&r=g\",\"contentUrl\":\"https:\\\/\\\/secure.gravatar.com\\\/avatar\\\/f917ad82e5ab71227a733c78b6e60715476f69ee6be59feee4eb5d9920c89e0f?s=96&d=mm&r=g\",\"caption\":\"Kuali Staff\"},\"url\":\"https:\\\/\\\/kuali.com.mx\\\/web\\\/author\\\/lagarto\\\/\"}]}<\/script>\n<!-- \/ Yoast SEO plugin. -->","yoast_head_json":{"title":"CONF\u00cdAN MEXICANOS EN GUARDIA NACIONAL: AMLO - Kuali","robots":{"index":"index","follow":"follow","max-snippet":"max-snippet:-1","max-image-preview":"max-image-preview:large","max-video-preview":"max-video-preview:-1"},"canonical":"https:\/\/kuali.com.mx\/web\/2024\/09\/30\/confian-mexicanos-en-guardia-nacional-amlo\/","og_locale":"es_MX","og_type":"article","og_title":"CONF\u00cdAN MEXICANOS EN GUARDIA NACIONAL: AMLO - Kuali","og_description":"En el \u00faltimo informe de los principales datos socioecon\u00f3micos de M\u00e9xico, el presidente Andr\u00e9s Manuel L\u00f3pez Obrador resalt\u00f3 la confianza de la poblaci\u00f3n en las autoridades y la disminuci\u00f3n de la incidencia delictiva por la atenci\u00f3n a las causas. De acuerdo con la Encuesta Nacional de Calidad e Impacto Gubernamental del Instituto Nacional de Estad\u00edstica [&hellip;]","og_url":"https:\/\/kuali.com.mx\/web\/2024\/09\/30\/confian-mexicanos-en-guardia-nacional-amlo\/","og_site_name":"Kuali","article_publisher":"https:\/\/kuali.com.mx\/web\/wp-content\/uploads\/2018\/04\/cropped-kuali_logo-1-1.png","article_published_time":"2024-09-30T20:40:22+00:00","article_modified_time":"2024-10-01T00:52:49+00:00","og_image":[{"width":1800,"height":750,"url":"https:\/\/kuali.com.mx\/web\/wp-content\/uploads\/2022\/10\/Guardia-Nacional-8.gif","type":"image\/gif"}],"author":"Kuali Staff","twitter_card":"summary_large_image","twitter_creator":"@kuali_noticias","twitter_site":"@kuali_noticias","twitter_misc":{"Escrito por":"Kuali Staff","Tiempo de lectura":"2 minutos"},"schema":{"@context":"https:\/\/schema.org","@graph":[{"@type":"Article","@id":"https:\/\/kuali.com.mx\/web\/2024\/09\/30\/confian-mexicanos-en-guardia-nacional-amlo\/#article","isPartOf":{"@id":"https:\/\/kuali.com.mx\/web\/2024\/09\/30\/confian-mexicanos-en-guardia-nacional-amlo\/"},"author":{"name":"Kuali Staff","@id":"https:\/\/kuali.com.mx\/web\/#\/schema\/person\/6f89ffa8ecba9dae50662357923c5289"},"headline":"CONF\u00cdAN MEXICANOS EN GUARDIA NACIONAL: AMLO","datePublished":"2024-09-30T20:40:22+00:00","dateModified":"2024-10-01T00:52:49+00:00","mainEntityOfPage":{"@id":"https:\/\/kuali.com.mx\/web\/2024\/09\/30\/confian-mexicanos-en-guardia-nacional-amlo\/"},"wordCount":419,"commentCount":0,"image":{"@id":"https:\/\/kuali.com.mx\/web\/2024\/09\/30\/confian-mexicanos-en-guardia-nacional-amlo\/#primaryimage"},"thumbnailUrl":"https:\/\/kuali.com.mx\/web\/wp-content\/uploads\/2022\/10\/Guardia-Nacional-8.gif","articleSection":["Pol\u00edtica"],"inLanguage":"es","potentialAction":[{"@type":"CommentAction","name":"Comment","target":["https:\/\/kuali.com.mx\/web\/2024\/09\/30\/confian-mexicanos-en-guardia-nacional-amlo\/#respond"]}]},{"@type":"WebPage","@id":"https:\/\/kuali.com.mx\/web\/2024\/09\/30\/confian-mexicanos-en-guardia-nacional-amlo\/","url":"https:\/\/kuali.com.mx\/web\/2024\/09\/30\/confian-mexicanos-en-guardia-nacional-amlo\/","name":"CONF\u00cdAN MEXICANOS EN GUARDIA NACIONAL: AMLO - Kuali","isPartOf":{"@id":"https:\/\/kuali.com.mx\/web\/#website"},"primaryImageOfPage":{"@id":"https:\/\/kuali.com.mx\/web\/2024\/09\/30\/confian-mexicanos-en-guardia-nacional-amlo\/#primaryimage"},"image":{"@id":"https:\/\/kuali.com.mx\/web\/2024\/09\/30\/confian-mexicanos-en-guardia-nacional-amlo\/#primaryimage"},"thumbnailUrl":"https:\/\/kuali.com.mx\/web\/wp-content\/uploads\/2022\/10\/Guardia-Nacional-8.gif","datePublished":"2024-09-30T20:40:22+00:00","dateModified":"2024-10-01T00:52:49+00:00","author":{"@id":"https:\/\/kuali.com.mx\/web\/#\/schema\/person\/6f89ffa8ecba9dae50662357923c5289"},"breadcrumb":{"@id":"https:\/\/kuali.com.mx\/web\/2024\/09\/30\/confian-mexicanos-en-guardia-nacional-amlo\/#breadcrumb"},"inLanguage":"es","potentialAction":[{"@type":"ReadAction","target":["https:\/\/kuali.com.mx\/web\/2024\/09\/30\/confian-mexicanos-en-guardia-nacional-amlo\/"]}]},{"@type":"ImageObject","inLanguage":"es","@id":"https:\/\/kuali.com.mx\/web\/2024\/09\/30\/confian-mexicanos-en-guardia-nacional-amlo\/#primaryimage","url":"https:\/\/kuali.com.mx\/web\/wp-content\/uploads\/2022\/10\/Guardia-Nacional-8.gif","contentUrl":"https:\/\/kuali.com.mx\/web\/wp-content\/uploads\/2022\/10\/Guardia-Nacional-8.gif","width":1800,"height":750},{"@type":"BreadcrumbList","@id":"https:\/\/kuali.com.mx\/web\/2024\/09\/30\/confian-mexicanos-en-guardia-nacional-amlo\/#breadcrumb","itemListElement":[{"@type":"ListItem","position":1,"name":"Inicio","item":"https:\/\/kuali.com.mx\/web\/"},{"@type":"ListItem","position":2,"name":"CONF\u00cdAN MEXICANOS EN GUARDIA NACIONAL: AMLO"}]},{"@type":"WebSite","@id":"https:\/\/kuali.com.mx\/web\/#website","url":"https:\/\/kuali.com.mx\/web\/","name":"Kuali","description":"","potentialAction":[{"@type":"SearchAction","target":{"@type":"EntryPoint","urlTemplate":"https:\/\/kuali.com.mx\/web\/?s={search_term_string}"},"query-input":{"@type":"PropertyValueSpecification","valueRequired":true,"valueName":"search_term_string"}}],"inLanguage":"es"},{"@type":"Person","@id":"https:\/\/kuali.com.mx\/web\/#\/schema\/person\/6f89ffa8ecba9dae50662357923c5289","name":"Kuali Staff","image":{"@type":"ImageObject","inLanguage":"es","@id":"https:\/\/secure.gravatar.com\/avatar\/f917ad82e5ab71227a733c78b6e60715476f69ee6be59feee4eb5d9920c89e0f?s=96&d=mm&r=g","url":"https:\/\/secure.gravatar.com\/avatar\/f917ad82e5ab71227a733c78b6e60715476f69ee6be59feee4eb5d9920c89e0f?s=96&d=mm&r=g","contentUrl":"https:\/\/secure.gravatar.com\/avatar\/f917ad82e5ab71227a733c78b6e60715476f69ee6be59feee4eb5d9920c89e0f?s=96&d=mm&r=g","caption":"Kuali Staff"},"url":"https:\/\/kuali.com.mx\/web\/author\/lagarto\/"}]}},"_links":{"self":[{"href":"https:\/\/kuali.com.mx\/web\/wp-json\/wp\/v2\/posts\/155916","targetHints":{"allow":["GET"]}}],"collection":[{"href":"https:\/\/kuali.com.mx\/web\/wp-json\/wp\/v2\/posts"}],"about":[{"href":"https:\/\/kuali.com.mx\/web\/wp-json\/wp\/v2\/types\/post"}],"author":[{"embeddable":true,"href":"https:\/\/kuali.com.mx\/web\/wp-json\/wp\/v2\/users\/2"}],"replies":[{"embeddable":true,"href":"https:\/\/kuali.com.mx\/web\/wp-json\/wp\/v2\/comments?post=155916"}],"version-history":[{"count":1,"href":"https:\/\/kuali.com.mx\/web\/wp-json\/wp\/v2\/posts\/155916\/revisions"}],"predecessor-version":[{"id":155919,"href":"https:\/\/kuali.com.mx\/web\/wp-json\/wp\/v2\/posts\/155916\/revisions\/155919"}],"wp:featuredmedia":[{"embeddable":true,"href":"https:\/\/kuali.com.mx\/web\/wp-json\/wp\/v2\/media\/105828"}],"wp:attachment":[{"href":"https:\/\/kuali.com.mx\/web\/wp-json\/wp\/v2\/media?parent=155916"}],"wp:term":[{"taxonomy":"category","embeddable":true,"href":"https:\/\/kuali.com.mx\/web\/wp-json\/wp\/v2\/categories?post=155916"},{"taxonomy":"post_tag","embeddable":true,"href":"https:\/\/kuali.com.mx\/web\/wp-json\/wp\/v2\/tags?post=155916"}],"curies":[{"name":"wp","href":"https:\/\/api.w.org\/{rel}","templated":true}]}}