{"id":153696,"date":"2024-09-07T11:59:23","date_gmt":"2024-09-07T17:59:23","guid":{"rendered":"https:\/\/kuali.com.mx\/web\/?p=153696"},"modified":"2024-09-07T14:04:17","modified_gmt":"2024-09-07T20:04:17","slug":"traen-a-guanajuato-obra-los-olvidados-de-luis-bunuel","status":"publish","type":"post","link":"https:\/\/kuali.com.mx\/web\/2024\/09\/07\/traen-a-guanajuato-obra-los-olvidados-de-luis-bunuel\/","title":{"rendered":"TRAEN A GUANAJUATO OBRA \u201cLOS OLVIDADOS\u201d DE LUIS BU\u00d1UEL"},"content":{"rendered":"\n<p><strong>Alicia Arias\/Le\u00f3n, Gto.- <\/strong>Con una arriesgada y novedosa propuesta esc\u00e9nica, este s\u00e1bado y domingo se presenta en Celaya y Le\u00f3n la obra de teatro Los Olvidados, basada en la pel\u00edcula de Luis Bu\u00f1uel, declarada en el 2003 Patrimonio de la Humanidad por la UNESCO (Organizaci\u00f3n de las Naciones Unidas para la Educaci\u00f3n, la Ciencia y la Cultura, por sus siglas en ingl\u00e9s).<\/p>\n\n\n\n<p>En entrevista telef\u00f3nica con Kuali, la directora y actriz de la obra, Asur Z\u00e1gada, coment\u00f3 que la puesta en escena es una adaptaci\u00f3n de la obra de Luis Bu\u00f1uel hacia un espect\u00e1culo de m\u00e1scaras sin palabras. Esto significa que \u201cquien venga a ver la obra va a vivir una experiencia, sobre todo, sensorial y pl\u00e1stica\u201d, con lo que est\u00e1n intentando que llegue a la emotividad del mayor n\u00famero de personas posible.<\/p>\n\n\n<div class=\"wp-block-image\">\n<figure class=\"aligncenter size-large\"><img loading=\"lazy\" decoding=\"async\" width=\"683\" height=\"1024\" src=\"https:\/\/kuali.com.mx\/web\/wp-content\/uploads\/2024\/09\/Asur-Zagada-683x1024.jpg\" alt=\"\" class=\"wp-image-153717\" srcset=\"https:\/\/kuali.com.mx\/web\/wp-content\/uploads\/2024\/09\/Asur-Zagada-683x1024.jpg 683w, https:\/\/kuali.com.mx\/web\/wp-content\/uploads\/2024\/09\/Asur-Zagada-200x300.jpg 200w, https:\/\/kuali.com.mx\/web\/wp-content\/uploads\/2024\/09\/Asur-Zagada-768x1152.jpg 768w, https:\/\/kuali.com.mx\/web\/wp-content\/uploads\/2024\/09\/Asur-Zagada-1024x1536.jpg 1024w, https:\/\/kuali.com.mx\/web\/wp-content\/uploads\/2024\/09\/Asur-Zagada-1365x2048.jpg 1365w, https:\/\/kuali.com.mx\/web\/wp-content\/uploads\/2024\/09\/Asur-Zagada-77x116.jpg 77w, https:\/\/kuali.com.mx\/web\/wp-content\/uploads\/2024\/09\/Asur-Zagada-scaled.jpg 1707w\" sizes=\"auto, (max-width: 683px) 100vw, 683px\" \/><figcaption>Asur Z\u00e1gada. FOTO: CORTES\u00cdA<\/figcaption><\/figure>\n<\/div>\n\n\n<p>\u201cUtilizamos una especie de m\u00e1scara que se llama m\u00e1scara completa y que no permite al actor hablar sino expresar todo a trav\u00e9s de la gestualidad de su cuerpo y despojar, de cierta manera, del juico moral a la historia, que es tan compleja\u201d.<\/p>\n\n\n\n<p>Azur agradeci\u00f3 al Instituto Estatal de Cultura (IEC) por la coordinaci\u00f3n para la peque\u00f1a gira que realizan en el estado de Guanajuato. \u201cPeque\u00f1a y breve gira pero que para nosotros vale mucho la pena\u201d.<\/p>\n\n\n\n<p>El jueves se presentaron en Pur\u00edsima del Rinc\u00f3n, el viernes en Guanajuato capital, este s\u00e1bado en Celaya y el domingo estar\u00e1n en Le\u00f3n<\/p>\n\n\n\n<p>La obra se estren\u00f3 en P\u00e1tzcuaro, Michoac\u00e1n en el a\u00f1o 2019 con p\u00fablicos preescolares de comunidades ind\u00edgenas y ese fue el par\u00e1metro \u201cy nos dimos cuenta de que la historia es absolutamente comprensible para todas las edades a trav\u00e9s del gesto\u201d, expres\u00f3 Azur Z\u00e1gada.<\/p>\n\n\n\n<p>\u201cEs una historia en la que no hay ni buenos ni malos, sino un tejido social fracturado en el que los ni\u00f1os son los que sufren, por eso decidimos quitarle la palabra, quitarle nuestra&nbsp; opini\u00f3n, quitarle cualquier tipo de juicio que el espectador pudiera pensar&nbsp; que nosotros estamos imponiendo\u201d, narr\u00f3 la directora, al manifestar que se propone que el p\u00fablico acompa\u00f1e a los personajes en un recorrido emocional a trav\u00e9s de la pl\u00e1stica, las atm\u00f3sferas, la m\u00fasica y los cuerpos de los actores y empaticen a trav\u00e9s de la emoci\u00f3n.<\/p>\n\n\n\n<p>Record\u00f3 que fue m\u00e1s complicado el proceso de creaci\u00f3n de la puesta en escena porque este tipo de teatro \u201cexige pensar de otra manera todo: las estructuras, las escenograf\u00edas, las estructuras dram\u00e1ticas, los conflictos\u201d.<\/p>\n\n\n\n<blockquote class=\"wp-block-quote is-layout-flow wp-block-quote-is-layout-flow\"><p><strong><em>\u00a0\"Para nosotros, el mayor reto fue haber tomado la decisi\u00f3n de arriesgarnos a quitar el texto y realmente confiar en las herramientas que te otorgan la m\u00e1scara y la pl\u00e1stica\u201d.<\/em><\/strong><\/p><cite>Azur Z\u00e1gada<\/cite><\/blockquote>\n\n\n\n<p>Agreg\u00f3 que las m\u00e1scaras pueden llegar a ser impresionantes porque tienen una gestualidad muy expresiva; entonces, \u201cyo lo que siento es que la gente s\u00ed puede venir \u2013a ver la obra- esperando abrir su coraz\u00f3n, abrir su mente. Es una experiencia muy cortita pero muy sorpresiva\u201d.<\/p>\n\n\n\n<p>\u201cEs un trabajo que fue hecho a mano\u201d porque todos los actores estuvieron involucrados en la creaci\u00f3n de sus propias m\u00e1scaras y vestuarios, escenograf\u00eda\u2026\u201d.<\/p>\n\n\n\n<p>Llevar Los Olvidados al p\u00fablico \u201ces parte de nuestro patrimonio cultural y una de nuestras intenciones es que los m\u00e1s j\u00f3venes conozcan este patrimonio tan importante\u201d, expres\u00f3 la directora y actriz.<\/p>\n\n\n\n<p>El gui\u00f3n es una narraci\u00f3n de casos reales&nbsp; que fueron estudiados en los tribunales para menores en los a\u00f1o 50; entonces, son realidades muy crudas que hablan sobre las historias de los ni\u00f1os que tienen que crecer en los cinturones de pobreza y cuyo pasado familiar, determina en gran medida, sus decisiones a muy corta edad\u201d, relat\u00f3 Azur Z\u00e1gada.<\/p>\n\n\n\n<p>Los Olvidados se presenta este s\u00e1bado en el Teatro de la Ciudad de Celaya &nbsp;a las 07:0o de la noche y la entrada es libre. El domingo ocho de septiembre llega a Le\u00f3n con una funci\u00f3n gratuita a las 06:00 de la tarde en el Teatro Mar\u00eda Grever.<\/p>\n","protected":false},"excerpt":{"rendered":"Alicia Arias\/Le\u00f3n, Gto.- Con una arriesgada y novedosa propuesta esc\u00e9nica, este s\u00e1bado y domingo se presenta en Celaya y Le\u00f3n la obra de teatro Los Olvidados, basada en la pel\u00edcula de Luis Bu\u00f1uel, declarada en el 2003 Patrimonio de la Humanidad por la UNESCO (Organizaci\u00f3n de las Naciones Unidas para la Educaci\u00f3n, la Ciencia y [&hellip;]","protected":false},"author":2,"featured_media":153716,"comment_status":"open","ping_status":"open","sticky":false,"template":"","format":"standard","meta":{"_seopress_robots_primary_cat":"none","_seopress_titles_title":"","_seopress_titles_desc":"","_seopress_robots_index":"","_monsterinsights_skip_tracking":false,"_monsterinsights_sitenote_active":false,"_monsterinsights_sitenote_note":"","_monsterinsights_sitenote_category":0,"footnotes":""},"categories":[8],"tags":[127,488,10,4323,4325,4324,126],"class_list":["post-153696","post","type-post","status-publish","format-standard","has-post-thumbnail","hentry","category-espectaculos","tag-arte-y-cultura","tag-celaya","tag-leon","tag-los-olvidados","tag-luis-bunuel","tag-puestas-en-escena","tag-teatro"],"yoast_head":"<!-- This site is optimized with the Yoast SEO plugin v27.4 - https:\/\/yoast.com\/product\/yoast-seo-wordpress\/ -->\n<title>TRAEN A GUANAJUATO OBRA \u201cLOS OLVIDADOS\u201d DE LUIS BU\u00d1UEL - Kuali<\/title>\n<meta name=\"robots\" content=\"index, follow, max-snippet:-1, max-image-preview:large, max-video-preview:-1\" \/>\n<link rel=\"canonical\" href=\"https:\/\/kuali.com.mx\/web\/2024\/09\/07\/traen-a-guanajuato-obra-los-olvidados-de-luis-bunuel\/\" \/>\n<meta property=\"og:locale\" content=\"es_MX\" \/>\n<meta property=\"og:type\" content=\"article\" \/>\n<meta property=\"og:title\" content=\"TRAEN A GUANAJUATO OBRA \u201cLOS OLVIDADOS\u201d DE LUIS BU\u00d1UEL - Kuali\" \/>\n<meta property=\"og:description\" content=\"Alicia Arias\/Le\u00f3n, Gto.- Con una arriesgada y novedosa propuesta esc\u00e9nica, este s\u00e1bado y domingo se presenta en Celaya y Le\u00f3n la obra de teatro Los Olvidados, basada en la pel\u00edcula de Luis Bu\u00f1uel, declarada en el 2003 Patrimonio de la Humanidad por la UNESCO (Organizaci\u00f3n de las Naciones Unidas para la Educaci\u00f3n, la Ciencia y [&hellip;]\" \/>\n<meta property=\"og:url\" content=\"https:\/\/kuali.com.mx\/web\/2024\/09\/07\/traen-a-guanajuato-obra-los-olvidados-de-luis-bunuel\/\" \/>\n<meta property=\"og:site_name\" content=\"Kuali\" \/>\n<meta property=\"article:publisher\" content=\"https:\/\/kuali.com.mx\/web\/wp-content\/uploads\/2018\/04\/cropped-kuali_logo-1-1.png\" \/>\n<meta property=\"article:published_time\" content=\"2024-09-07T17:59:23+00:00\" \/>\n<meta property=\"article:modified_time\" content=\"2024-09-07T20:04:17+00:00\" \/>\n<meta property=\"og:image\" content=\"https:\/\/kuali.com.mx\/web\/wp-content\/uploads\/2024\/09\/Los-Olvidados-1.gif\" \/>\n\t<meta property=\"og:image:width\" content=\"1700\" \/>\n\t<meta property=\"og:image:height\" content=\"750\" \/>\n\t<meta property=\"og:image:type\" content=\"image\/gif\" \/>\n<meta name=\"author\" content=\"Kuali Staff\" \/>\n<meta name=\"twitter:card\" content=\"summary_large_image\" \/>\n<meta name=\"twitter:creator\" content=\"@kuali_noticias\" \/>\n<meta name=\"twitter:site\" content=\"@kuali_noticias\" \/>\n<meta name=\"twitter:label1\" content=\"Escrito por\" \/>\n\t<meta name=\"twitter:data1\" content=\"Kuali Staff\" \/>\n\t<meta name=\"twitter:label2\" content=\"Tiempo de lectura\" \/>\n\t<meta name=\"twitter:data2\" content=\"4 minutos\" \/>\n<script type=\"application\/ld+json\" class=\"yoast-schema-graph\">{\"@context\":\"https:\\\/\\\/schema.org\",\"@graph\":[{\"@type\":\"Article\",\"@id\":\"https:\\\/\\\/kuali.com.mx\\\/web\\\/2024\\\/09\\\/07\\\/traen-a-guanajuato-obra-los-olvidados-de-luis-bunuel\\\/#article\",\"isPartOf\":{\"@id\":\"https:\\\/\\\/kuali.com.mx\\\/web\\\/2024\\\/09\\\/07\\\/traen-a-guanajuato-obra-los-olvidados-de-luis-bunuel\\\/\"},\"author\":{\"name\":\"Kuali Staff\",\"@id\":\"https:\\\/\\\/kuali.com.mx\\\/web\\\/#\\\/schema\\\/person\\\/6f89ffa8ecba9dae50662357923c5289\"},\"headline\":\"TRAEN A GUANAJUATO OBRA \u201cLOS OLVIDADOS\u201d DE LUIS BU\u00d1UEL\",\"datePublished\":\"2024-09-07T17:59:23+00:00\",\"dateModified\":\"2024-09-07T20:04:17+00:00\",\"mainEntityOfPage\":{\"@id\":\"https:\\\/\\\/kuali.com.mx\\\/web\\\/2024\\\/09\\\/07\\\/traen-a-guanajuato-obra-los-olvidados-de-luis-bunuel\\\/\"},\"wordCount\":731,\"commentCount\":0,\"image\":{\"@id\":\"https:\\\/\\\/kuali.com.mx\\\/web\\\/2024\\\/09\\\/07\\\/traen-a-guanajuato-obra-los-olvidados-de-luis-bunuel\\\/#primaryimage\"},\"thumbnailUrl\":\"https:\\\/\\\/kuali.com.mx\\\/web\\\/wp-content\\\/uploads\\\/2024\\\/09\\\/Los-Olvidados-1.gif\",\"keywords\":[\"Arte y cultura\",\"Celaya\",\"Le\u00f3n\",\"Los Olvidados\",\"Luis Bu\u00f1uel\",\"Puestas en escena\",\"Teatro\"],\"articleSection\":[\"Cultura\"],\"inLanguage\":\"es\",\"potentialAction\":[{\"@type\":\"CommentAction\",\"name\":\"Comment\",\"target\":[\"https:\\\/\\\/kuali.com.mx\\\/web\\\/2024\\\/09\\\/07\\\/traen-a-guanajuato-obra-los-olvidados-de-luis-bunuel\\\/#respond\"]}]},{\"@type\":\"WebPage\",\"@id\":\"https:\\\/\\\/kuali.com.mx\\\/web\\\/2024\\\/09\\\/07\\\/traen-a-guanajuato-obra-los-olvidados-de-luis-bunuel\\\/\",\"url\":\"https:\\\/\\\/kuali.com.mx\\\/web\\\/2024\\\/09\\\/07\\\/traen-a-guanajuato-obra-los-olvidados-de-luis-bunuel\\\/\",\"name\":\"TRAEN A GUANAJUATO OBRA \u201cLOS OLVIDADOS\u201d DE LUIS BU\u00d1UEL - Kuali\",\"isPartOf\":{\"@id\":\"https:\\\/\\\/kuali.com.mx\\\/web\\\/#website\"},\"primaryImageOfPage\":{\"@id\":\"https:\\\/\\\/kuali.com.mx\\\/web\\\/2024\\\/09\\\/07\\\/traen-a-guanajuato-obra-los-olvidados-de-luis-bunuel\\\/#primaryimage\"},\"image\":{\"@id\":\"https:\\\/\\\/kuali.com.mx\\\/web\\\/2024\\\/09\\\/07\\\/traen-a-guanajuato-obra-los-olvidados-de-luis-bunuel\\\/#primaryimage\"},\"thumbnailUrl\":\"https:\\\/\\\/kuali.com.mx\\\/web\\\/wp-content\\\/uploads\\\/2024\\\/09\\\/Los-Olvidados-1.gif\",\"datePublished\":\"2024-09-07T17:59:23+00:00\",\"dateModified\":\"2024-09-07T20:04:17+00:00\",\"author\":{\"@id\":\"https:\\\/\\\/kuali.com.mx\\\/web\\\/#\\\/schema\\\/person\\\/6f89ffa8ecba9dae50662357923c5289\"},\"breadcrumb\":{\"@id\":\"https:\\\/\\\/kuali.com.mx\\\/web\\\/2024\\\/09\\\/07\\\/traen-a-guanajuato-obra-los-olvidados-de-luis-bunuel\\\/#breadcrumb\"},\"inLanguage\":\"es\",\"potentialAction\":[{\"@type\":\"ReadAction\",\"target\":[\"https:\\\/\\\/kuali.com.mx\\\/web\\\/2024\\\/09\\\/07\\\/traen-a-guanajuato-obra-los-olvidados-de-luis-bunuel\\\/\"]}]},{\"@type\":\"ImageObject\",\"inLanguage\":\"es\",\"@id\":\"https:\\\/\\\/kuali.com.mx\\\/web\\\/2024\\\/09\\\/07\\\/traen-a-guanajuato-obra-los-olvidados-de-luis-bunuel\\\/#primaryimage\",\"url\":\"https:\\\/\\\/kuali.com.mx\\\/web\\\/wp-content\\\/uploads\\\/2024\\\/09\\\/Los-Olvidados-1.gif\",\"contentUrl\":\"https:\\\/\\\/kuali.com.mx\\\/web\\\/wp-content\\\/uploads\\\/2024\\\/09\\\/Los-Olvidados-1.gif\",\"width\":1700,\"height\":750},{\"@type\":\"BreadcrumbList\",\"@id\":\"https:\\\/\\\/kuali.com.mx\\\/web\\\/2024\\\/09\\\/07\\\/traen-a-guanajuato-obra-los-olvidados-de-luis-bunuel\\\/#breadcrumb\",\"itemListElement\":[{\"@type\":\"ListItem\",\"position\":1,\"name\":\"Inicio\",\"item\":\"https:\\\/\\\/kuali.com.mx\\\/web\\\/\"},{\"@type\":\"ListItem\",\"position\":2,\"name\":\"TRAEN A GUANAJUATO OBRA \u201cLOS OLVIDADOS\u201d DE LUIS BU\u00d1UEL\"}]},{\"@type\":\"WebSite\",\"@id\":\"https:\\\/\\\/kuali.com.mx\\\/web\\\/#website\",\"url\":\"https:\\\/\\\/kuali.com.mx\\\/web\\\/\",\"name\":\"Kuali\",\"description\":\"\",\"potentialAction\":[{\"@type\":\"SearchAction\",\"target\":{\"@type\":\"EntryPoint\",\"urlTemplate\":\"https:\\\/\\\/kuali.com.mx\\\/web\\\/?s={search_term_string}\"},\"query-input\":{\"@type\":\"PropertyValueSpecification\",\"valueRequired\":true,\"valueName\":\"search_term_string\"}}],\"inLanguage\":\"es\"},{\"@type\":\"Person\",\"@id\":\"https:\\\/\\\/kuali.com.mx\\\/web\\\/#\\\/schema\\\/person\\\/6f89ffa8ecba9dae50662357923c5289\",\"name\":\"Kuali Staff\",\"image\":{\"@type\":\"ImageObject\",\"inLanguage\":\"es\",\"@id\":\"https:\\\/\\\/secure.gravatar.com\\\/avatar\\\/f917ad82e5ab71227a733c78b6e60715476f69ee6be59feee4eb5d9920c89e0f?s=96&d=mm&r=g\",\"url\":\"https:\\\/\\\/secure.gravatar.com\\\/avatar\\\/f917ad82e5ab71227a733c78b6e60715476f69ee6be59feee4eb5d9920c89e0f?s=96&d=mm&r=g\",\"contentUrl\":\"https:\\\/\\\/secure.gravatar.com\\\/avatar\\\/f917ad82e5ab71227a733c78b6e60715476f69ee6be59feee4eb5d9920c89e0f?s=96&d=mm&r=g\",\"caption\":\"Kuali Staff\"},\"url\":\"https:\\\/\\\/kuali.com.mx\\\/web\\\/author\\\/lagarto\\\/\"}]}<\/script>\n<!-- \/ Yoast SEO plugin. -->","yoast_head_json":{"title":"TRAEN A GUANAJUATO OBRA \u201cLOS OLVIDADOS\u201d DE LUIS BU\u00d1UEL - Kuali","robots":{"index":"index","follow":"follow","max-snippet":"max-snippet:-1","max-image-preview":"max-image-preview:large","max-video-preview":"max-video-preview:-1"},"canonical":"https:\/\/kuali.com.mx\/web\/2024\/09\/07\/traen-a-guanajuato-obra-los-olvidados-de-luis-bunuel\/","og_locale":"es_MX","og_type":"article","og_title":"TRAEN A GUANAJUATO OBRA \u201cLOS OLVIDADOS\u201d DE LUIS BU\u00d1UEL - Kuali","og_description":"Alicia Arias\/Le\u00f3n, Gto.- Con una arriesgada y novedosa propuesta esc\u00e9nica, este s\u00e1bado y domingo se presenta en Celaya y Le\u00f3n la obra de teatro Los Olvidados, basada en la pel\u00edcula de Luis Bu\u00f1uel, declarada en el 2003 Patrimonio de la Humanidad por la UNESCO (Organizaci\u00f3n de las Naciones Unidas para la Educaci\u00f3n, la Ciencia y [&hellip;]","og_url":"https:\/\/kuali.com.mx\/web\/2024\/09\/07\/traen-a-guanajuato-obra-los-olvidados-de-luis-bunuel\/","og_site_name":"Kuali","article_publisher":"https:\/\/kuali.com.mx\/web\/wp-content\/uploads\/2018\/04\/cropped-kuali_logo-1-1.png","article_published_time":"2024-09-07T17:59:23+00:00","article_modified_time":"2024-09-07T20:04:17+00:00","og_image":[{"width":1700,"height":750,"url":"https:\/\/kuali.com.mx\/web\/wp-content\/uploads\/2024\/09\/Los-Olvidados-1.gif","type":"image\/gif"}],"author":"Kuali Staff","twitter_card":"summary_large_image","twitter_creator":"@kuali_noticias","twitter_site":"@kuali_noticias","twitter_misc":{"Escrito por":"Kuali Staff","Tiempo de lectura":"4 minutos"},"schema":{"@context":"https:\/\/schema.org","@graph":[{"@type":"Article","@id":"https:\/\/kuali.com.mx\/web\/2024\/09\/07\/traen-a-guanajuato-obra-los-olvidados-de-luis-bunuel\/#article","isPartOf":{"@id":"https:\/\/kuali.com.mx\/web\/2024\/09\/07\/traen-a-guanajuato-obra-los-olvidados-de-luis-bunuel\/"},"author":{"name":"Kuali Staff","@id":"https:\/\/kuali.com.mx\/web\/#\/schema\/person\/6f89ffa8ecba9dae50662357923c5289"},"headline":"TRAEN A GUANAJUATO OBRA \u201cLOS OLVIDADOS\u201d DE LUIS BU\u00d1UEL","datePublished":"2024-09-07T17:59:23+00:00","dateModified":"2024-09-07T20:04:17+00:00","mainEntityOfPage":{"@id":"https:\/\/kuali.com.mx\/web\/2024\/09\/07\/traen-a-guanajuato-obra-los-olvidados-de-luis-bunuel\/"},"wordCount":731,"commentCount":0,"image":{"@id":"https:\/\/kuali.com.mx\/web\/2024\/09\/07\/traen-a-guanajuato-obra-los-olvidados-de-luis-bunuel\/#primaryimage"},"thumbnailUrl":"https:\/\/kuali.com.mx\/web\/wp-content\/uploads\/2024\/09\/Los-Olvidados-1.gif","keywords":["Arte y cultura","Celaya","Le\u00f3n","Los Olvidados","Luis Bu\u00f1uel","Puestas en escena","Teatro"],"articleSection":["Cultura"],"inLanguage":"es","potentialAction":[{"@type":"CommentAction","name":"Comment","target":["https:\/\/kuali.com.mx\/web\/2024\/09\/07\/traen-a-guanajuato-obra-los-olvidados-de-luis-bunuel\/#respond"]}]},{"@type":"WebPage","@id":"https:\/\/kuali.com.mx\/web\/2024\/09\/07\/traen-a-guanajuato-obra-los-olvidados-de-luis-bunuel\/","url":"https:\/\/kuali.com.mx\/web\/2024\/09\/07\/traen-a-guanajuato-obra-los-olvidados-de-luis-bunuel\/","name":"TRAEN A GUANAJUATO OBRA \u201cLOS OLVIDADOS\u201d DE LUIS BU\u00d1UEL - Kuali","isPartOf":{"@id":"https:\/\/kuali.com.mx\/web\/#website"},"primaryImageOfPage":{"@id":"https:\/\/kuali.com.mx\/web\/2024\/09\/07\/traen-a-guanajuato-obra-los-olvidados-de-luis-bunuel\/#primaryimage"},"image":{"@id":"https:\/\/kuali.com.mx\/web\/2024\/09\/07\/traen-a-guanajuato-obra-los-olvidados-de-luis-bunuel\/#primaryimage"},"thumbnailUrl":"https:\/\/kuali.com.mx\/web\/wp-content\/uploads\/2024\/09\/Los-Olvidados-1.gif","datePublished":"2024-09-07T17:59:23+00:00","dateModified":"2024-09-07T20:04:17+00:00","author":{"@id":"https:\/\/kuali.com.mx\/web\/#\/schema\/person\/6f89ffa8ecba9dae50662357923c5289"},"breadcrumb":{"@id":"https:\/\/kuali.com.mx\/web\/2024\/09\/07\/traen-a-guanajuato-obra-los-olvidados-de-luis-bunuel\/#breadcrumb"},"inLanguage":"es","potentialAction":[{"@type":"ReadAction","target":["https:\/\/kuali.com.mx\/web\/2024\/09\/07\/traen-a-guanajuato-obra-los-olvidados-de-luis-bunuel\/"]}]},{"@type":"ImageObject","inLanguage":"es","@id":"https:\/\/kuali.com.mx\/web\/2024\/09\/07\/traen-a-guanajuato-obra-los-olvidados-de-luis-bunuel\/#primaryimage","url":"https:\/\/kuali.com.mx\/web\/wp-content\/uploads\/2024\/09\/Los-Olvidados-1.gif","contentUrl":"https:\/\/kuali.com.mx\/web\/wp-content\/uploads\/2024\/09\/Los-Olvidados-1.gif","width":1700,"height":750},{"@type":"BreadcrumbList","@id":"https:\/\/kuali.com.mx\/web\/2024\/09\/07\/traen-a-guanajuato-obra-los-olvidados-de-luis-bunuel\/#breadcrumb","itemListElement":[{"@type":"ListItem","position":1,"name":"Inicio","item":"https:\/\/kuali.com.mx\/web\/"},{"@type":"ListItem","position":2,"name":"TRAEN A GUANAJUATO OBRA \u201cLOS OLVIDADOS\u201d DE LUIS BU\u00d1UEL"}]},{"@type":"WebSite","@id":"https:\/\/kuali.com.mx\/web\/#website","url":"https:\/\/kuali.com.mx\/web\/","name":"Kuali","description":"","potentialAction":[{"@type":"SearchAction","target":{"@type":"EntryPoint","urlTemplate":"https:\/\/kuali.com.mx\/web\/?s={search_term_string}"},"query-input":{"@type":"PropertyValueSpecification","valueRequired":true,"valueName":"search_term_string"}}],"inLanguage":"es"},{"@type":"Person","@id":"https:\/\/kuali.com.mx\/web\/#\/schema\/person\/6f89ffa8ecba9dae50662357923c5289","name":"Kuali Staff","image":{"@type":"ImageObject","inLanguage":"es","@id":"https:\/\/secure.gravatar.com\/avatar\/f917ad82e5ab71227a733c78b6e60715476f69ee6be59feee4eb5d9920c89e0f?s=96&d=mm&r=g","url":"https:\/\/secure.gravatar.com\/avatar\/f917ad82e5ab71227a733c78b6e60715476f69ee6be59feee4eb5d9920c89e0f?s=96&d=mm&r=g","contentUrl":"https:\/\/secure.gravatar.com\/avatar\/f917ad82e5ab71227a733c78b6e60715476f69ee6be59feee4eb5d9920c89e0f?s=96&d=mm&r=g","caption":"Kuali Staff"},"url":"https:\/\/kuali.com.mx\/web\/author\/lagarto\/"}]}},"_links":{"self":[{"href":"https:\/\/kuali.com.mx\/web\/wp-json\/wp\/v2\/posts\/153696","targetHints":{"allow":["GET"]}}],"collection":[{"href":"https:\/\/kuali.com.mx\/web\/wp-json\/wp\/v2\/posts"}],"about":[{"href":"https:\/\/kuali.com.mx\/web\/wp-json\/wp\/v2\/types\/post"}],"author":[{"embeddable":true,"href":"https:\/\/kuali.com.mx\/web\/wp-json\/wp\/v2\/users\/2"}],"replies":[{"embeddable":true,"href":"https:\/\/kuali.com.mx\/web\/wp-json\/wp\/v2\/comments?post=153696"}],"version-history":[{"count":2,"href":"https:\/\/kuali.com.mx\/web\/wp-json\/wp\/v2\/posts\/153696\/revisions"}],"predecessor-version":[{"id":153831,"href":"https:\/\/kuali.com.mx\/web\/wp-json\/wp\/v2\/posts\/153696\/revisions\/153831"}],"wp:featuredmedia":[{"embeddable":true,"href":"https:\/\/kuali.com.mx\/web\/wp-json\/wp\/v2\/media\/153716"}],"wp:attachment":[{"href":"https:\/\/kuali.com.mx\/web\/wp-json\/wp\/v2\/media?parent=153696"}],"wp:term":[{"taxonomy":"category","embeddable":true,"href":"https:\/\/kuali.com.mx\/web\/wp-json\/wp\/v2\/categories?post=153696"},{"taxonomy":"post_tag","embeddable":true,"href":"https:\/\/kuali.com.mx\/web\/wp-json\/wp\/v2\/tags?post=153696"}],"curies":[{"name":"wp","href":"https:\/\/api.w.org\/{rel}","templated":true}]}}