{"id":150378,"date":"2024-07-31T19:34:10","date_gmt":"2024-08-01T01:34:10","guid":{"rendered":"https:\/\/kuali.com.mx\/web\/?p=150378"},"modified":"2024-07-31T21:44:41","modified_gmt":"2024-08-01T03:44:41","slug":"anuncian-para-agosto-tour-rock-sinfonico","status":"publish","type":"post","link":"https:\/\/kuali.com.mx\/web\/2024\/07\/31\/anuncian-para-agosto-tour-rock-sinfonico\/","title":{"rendered":"ANUNCIAN PARA AGOSTO TOUR ROCK SINF\u00d3NICO"},"content":{"rendered":"\n<p><strong>Kuali\/Le\u00f3n, Gto.- <\/strong>M\u00e1s de 50 talentos j\u00f3venes participaran en la segunda edici\u00f3n de la serie de conciertos \u201cRevoluci\u00f3n del Rock Tour 2024\u201d que arrancar\u00e1 el tres de agosto y recorrer\u00e1 10 de los 46 municipios del estado de Guanajuato.<\/p>\n\n\n\n<p>Ser\u00e1 una selecci\u00f3n de obras del rock de las d\u00e9cadas de los a\u00f1os 60, 70, 80 y 90 que ser\u00e1 interpretada en escenarios de los municipios de San Felipe, Yuriria, Valle de Santiago, San Francisco del Rinc\u00f3n, Jer\u00e9cuaro, Irapuato, San Jos\u00e9 Iturbide, Apaseo el Alto, Silao y San Luis de la Paz, anunci\u00f3 Francisco Javier Valverde Polin, director general de Desarrollo Tur\u00edstico de la Secretar\u00eda de Turismo del Estado de Guanajuato (Sectur).<\/p>\n\n\n\n<p>El tel\u00f3n de la revoluci\u00f3n se abrir\u00e1 el tres de agosto en la comunidad de Jaral de Berrio, San Felipe, en el marco de la celebraci\u00f3n de la \u201csexta edici\u00f3n del Festival del Mezcal\u201d, y concluir\u00e1 en el municipio de San Luis de la Paz, el 14 de diciembre.<\/p>\n\n\n\n<p>Francisco Valverde se\u00f1al\u00f3 que \u201cel rock no solo es musical. Es una revoluci\u00f3n social. Nos da gusto que esta revoluci\u00f3n llegue a nuestros j\u00f3venes talentos. Este evento reunir\u00e1 a 50 vocalistas, bajistas, requintistas (\u2026), todos ellos -acompa\u00f1ados de m\u00fasicos sinf\u00f3nicos- crean una experiencia de concierto intensa e inolvidable con la mejor selecci\u00f3n de obras del rock de los 60, 70, 80 y 90\u201d.<\/p>\n\n\n\n<p>\u201cLa Revoluci\u00f3n del Rock\u201d es el primer espect\u00e1culo guanajuatense que incluye contenido visual con animaciones tridimensionales hiperrealistas. El coraz\u00f3n del rock sinf\u00f3nico late con banda sinf\u00f3nica, coro y grupo de rock, interpretando en versiones \u00fanicas temas de Queen, Pink Floyd, Metallica, Nirvana, Aerosmith, Caifanes, Soda Stereo, entre otros grandes del rock de todos los tiempos.<\/p>\n\n\n\n<p>Desde 2017 un selecto grupo de grandes voces y j\u00f3venes de las orquestas m\u00e1s sobresalientes del estado de Guanajuato reinventan el rock con una sonoridad \u00fanica. M\u00e1s de 50 m\u00fasicos en escena bajo la direcci\u00f3n musical del Maestro Jos\u00e9 Manuel Sandoval, pianista y director de orquesta que ha logrado fusionar dos mundos: la musicalidad de la banda sinf\u00f3nica y el rock, creando una sinergia sorprendente.<\/p>\n\n\n\n<p>El tour musical es considerado uno de los espect\u00e1culos con mayor trascendencia en la escena musical del Baj\u00edo y producido cuidadosamente con el fin de ofrecer un concierto m\u00e1gico y lleno de talento, coment\u00f3 Manuel Sandoval.<\/p>\n\n\n\n<p>\u201cEl rock ha ido modific\u00e1ndose en el p\u00fablico, se ha vuelto m\u00e1s familiar. Esta m\u00fasica lleg\u00f3 para quedarse y ahora en modalidad sinf\u00f3nico. Este trabajo abre puertas para continuar creciendo en la industria del entretenimiento de Guanajuato, apoyando al talento joven\u201d, agreg\u00f3 el director musical.<\/p>\n\n\n\n<p>A la pasada edici\u00f3n asistieron m\u00e1s de 30 mil personas, quienes adem\u00e1s de cantar \u00e9xitos del rock disfrutaron de festivales culturales y gastron\u00f3micos que llevan a cabo los municipios, promoviendo la convivencia familiar, la derrama econ\u00f3mica en el destino, que los asistentes descubran los paisajes naturales y los atractivos tur\u00edsticos de las ciudades.<\/p>\n\n\n\n<p><strong>Programa<\/strong><\/p>\n\n\n\n<p>Agosto- San Felipe (s\u00e1bado 03), Yuriria (s\u00e1bado 10), Silao (domingo 18), y Valle de Santiago (s\u00e1bado 31).<\/p>\n\n\n\n<p>Septiembre- San Francisco del Rinc\u00f3n (s\u00e1bado 07), Jer\u00e9cuaro (s\u00e1bado 21).<\/p>\n\n\n\n<p>Noviembre- Irapuato (viernes 08) y San Jos\u00e9 Iturbide (s\u00e1bado 30).<\/p>\n\n\n\n<p>Diciembre- Apaseo el Alto (s\u00e1bado 07) y San Luis de la Paz (s\u00e1bado 14).<\/p>\n","protected":false},"excerpt":{"rendered":"Kuali\/Le\u00f3n, Gto.- M\u00e1s de 50 talentos j\u00f3venes participaran en la segunda edici\u00f3n de la serie de conciertos \u201cRevoluci\u00f3n del Rock Tour 2024\u201d que arrancar\u00e1 el tres de agosto y recorrer\u00e1 10 de los 46 municipios del estado de Guanajuato. Ser\u00e1 una selecci\u00f3n de obras del rock de las d\u00e9cadas de los a\u00f1os 60, 70, 80 [&hellip;]","protected":false},"author":2,"featured_media":39277,"comment_status":"open","ping_status":"open","sticky":false,"template":"","format":"standard","meta":{"_seopress_robots_primary_cat":"none","_seopress_titles_title":"","_seopress_titles_desc":"","_seopress_robots_index":"","_monsterinsights_skip_tracking":false,"_monsterinsights_sitenote_active":false,"_monsterinsights_sitenote_note":"","_monsterinsights_sitenote_category":0,"footnotes":""},"categories":[8],"tags":[127,581,9,95,4205,93],"class_list":["post-150378","post","type-post","status-publish","format-standard","has-post-thumbnail","hentry","category-espectaculos","tag-arte-y-cultura","tag-conciertos","tag-guanajuato","tag-musica","tag-rock-sinfonico","tag-turismo"],"yoast_head":"<!-- This site is optimized with the Yoast SEO plugin v27.4 - https:\/\/yoast.com\/product\/yoast-seo-wordpress\/ -->\n<title>ANUNCIAN PARA AGOSTO TOUR ROCK SINF\u00d3NICO - Kuali<\/title>\n<meta name=\"robots\" content=\"index, follow, max-snippet:-1, max-image-preview:large, max-video-preview:-1\" \/>\n<link rel=\"canonical\" href=\"https:\/\/kuali.com.mx\/web\/2024\/07\/31\/anuncian-para-agosto-tour-rock-sinfonico\/\" \/>\n<meta property=\"og:locale\" content=\"es_MX\" \/>\n<meta property=\"og:type\" content=\"article\" \/>\n<meta property=\"og:title\" content=\"ANUNCIAN PARA AGOSTO TOUR ROCK SINF\u00d3NICO - Kuali\" \/>\n<meta property=\"og:description\" content=\"Kuali\/Le\u00f3n, Gto.- M\u00e1s de 50 talentos j\u00f3venes participaran en la segunda edici\u00f3n de la serie de conciertos \u201cRevoluci\u00f3n del Rock Tour 2024\u201d que arrancar\u00e1 el tres de agosto y recorrer\u00e1 10 de los 46 municipios del estado de Guanajuato. Ser\u00e1 una selecci\u00f3n de obras del rock de las d\u00e9cadas de los a\u00f1os 60, 70, 80 [&hellip;]\" \/>\n<meta property=\"og:url\" content=\"https:\/\/kuali.com.mx\/web\/2024\/07\/31\/anuncian-para-agosto-tour-rock-sinfonico\/\" \/>\n<meta property=\"og:site_name\" content=\"Kuali\" \/>\n<meta property=\"article:publisher\" content=\"https:\/\/kuali.com.mx\/web\/wp-content\/uploads\/2018\/04\/cropped-kuali_logo-1-1.png\" \/>\n<meta property=\"article:published_time\" content=\"2024-08-01T01:34:10+00:00\" \/>\n<meta property=\"article:modified_time\" content=\"2024-08-01T03:44:41+00:00\" \/>\n<meta property=\"og:image\" content=\"https:\/\/kuali.com.mx\/web\/wp-content\/uploads\/2018\/05\/Guitarra-rock.jpg\" \/>\n\t<meta property=\"og:image:width\" content=\"960\" \/>\n\t<meta property=\"og:image:height\" content=\"641\" \/>\n\t<meta property=\"og:image:type\" content=\"image\/jpeg\" \/>\n<meta name=\"author\" content=\"Kuali Staff\" \/>\n<meta name=\"twitter:card\" content=\"summary_large_image\" \/>\n<meta name=\"twitter:creator\" content=\"@kuali_noticias\" \/>\n<meta name=\"twitter:site\" content=\"@kuali_noticias\" \/>\n<meta name=\"twitter:label1\" content=\"Escrito por\" \/>\n\t<meta name=\"twitter:data1\" content=\"Kuali Staff\" \/>\n\t<meta name=\"twitter:label2\" content=\"Tiempo de lectura\" \/>\n\t<meta name=\"twitter:data2\" content=\"3 minutos\" \/>\n<script type=\"application\/ld+json\" class=\"yoast-schema-graph\">{\"@context\":\"https:\\\/\\\/schema.org\",\"@graph\":[{\"@type\":\"Article\",\"@id\":\"https:\\\/\\\/kuali.com.mx\\\/web\\\/2024\\\/07\\\/31\\\/anuncian-para-agosto-tour-rock-sinfonico\\\/#article\",\"isPartOf\":{\"@id\":\"https:\\\/\\\/kuali.com.mx\\\/web\\\/2024\\\/07\\\/31\\\/anuncian-para-agosto-tour-rock-sinfonico\\\/\"},\"author\":{\"name\":\"Kuali Staff\",\"@id\":\"https:\\\/\\\/kuali.com.mx\\\/web\\\/#\\\/schema\\\/person\\\/6f89ffa8ecba9dae50662357923c5289\"},\"headline\":\"ANUNCIAN PARA AGOSTO TOUR ROCK SINF\u00d3NICO\",\"datePublished\":\"2024-08-01T01:34:10+00:00\",\"dateModified\":\"2024-08-01T03:44:41+00:00\",\"mainEntityOfPage\":{\"@id\":\"https:\\\/\\\/kuali.com.mx\\\/web\\\/2024\\\/07\\\/31\\\/anuncian-para-agosto-tour-rock-sinfonico\\\/\"},\"wordCount\":569,\"commentCount\":0,\"image\":{\"@id\":\"https:\\\/\\\/kuali.com.mx\\\/web\\\/2024\\\/07\\\/31\\\/anuncian-para-agosto-tour-rock-sinfonico\\\/#primaryimage\"},\"thumbnailUrl\":\"https:\\\/\\\/kuali.com.mx\\\/web\\\/wp-content\\\/uploads\\\/2018\\\/05\\\/Guitarra-rock.jpg\",\"keywords\":[\"Arte y cultura\",\"Conciertos\",\"Guanajuato\",\"M\u00daSICA\",\"Rock sinf\u00f3nico\",\"turismo\"],\"articleSection\":[\"Cultura\"],\"inLanguage\":\"es\",\"potentialAction\":[{\"@type\":\"CommentAction\",\"name\":\"Comment\",\"target\":[\"https:\\\/\\\/kuali.com.mx\\\/web\\\/2024\\\/07\\\/31\\\/anuncian-para-agosto-tour-rock-sinfonico\\\/#respond\"]}]},{\"@type\":\"WebPage\",\"@id\":\"https:\\\/\\\/kuali.com.mx\\\/web\\\/2024\\\/07\\\/31\\\/anuncian-para-agosto-tour-rock-sinfonico\\\/\",\"url\":\"https:\\\/\\\/kuali.com.mx\\\/web\\\/2024\\\/07\\\/31\\\/anuncian-para-agosto-tour-rock-sinfonico\\\/\",\"name\":\"ANUNCIAN PARA AGOSTO TOUR ROCK SINF\u00d3NICO - Kuali\",\"isPartOf\":{\"@id\":\"https:\\\/\\\/kuali.com.mx\\\/web\\\/#website\"},\"primaryImageOfPage\":{\"@id\":\"https:\\\/\\\/kuali.com.mx\\\/web\\\/2024\\\/07\\\/31\\\/anuncian-para-agosto-tour-rock-sinfonico\\\/#primaryimage\"},\"image\":{\"@id\":\"https:\\\/\\\/kuali.com.mx\\\/web\\\/2024\\\/07\\\/31\\\/anuncian-para-agosto-tour-rock-sinfonico\\\/#primaryimage\"},\"thumbnailUrl\":\"https:\\\/\\\/kuali.com.mx\\\/web\\\/wp-content\\\/uploads\\\/2018\\\/05\\\/Guitarra-rock.jpg\",\"datePublished\":\"2024-08-01T01:34:10+00:00\",\"dateModified\":\"2024-08-01T03:44:41+00:00\",\"author\":{\"@id\":\"https:\\\/\\\/kuali.com.mx\\\/web\\\/#\\\/schema\\\/person\\\/6f89ffa8ecba9dae50662357923c5289\"},\"breadcrumb\":{\"@id\":\"https:\\\/\\\/kuali.com.mx\\\/web\\\/2024\\\/07\\\/31\\\/anuncian-para-agosto-tour-rock-sinfonico\\\/#breadcrumb\"},\"inLanguage\":\"es\",\"potentialAction\":[{\"@type\":\"ReadAction\",\"target\":[\"https:\\\/\\\/kuali.com.mx\\\/web\\\/2024\\\/07\\\/31\\\/anuncian-para-agosto-tour-rock-sinfonico\\\/\"]}]},{\"@type\":\"ImageObject\",\"inLanguage\":\"es\",\"@id\":\"https:\\\/\\\/kuali.com.mx\\\/web\\\/2024\\\/07\\\/31\\\/anuncian-para-agosto-tour-rock-sinfonico\\\/#primaryimage\",\"url\":\"https:\\\/\\\/kuali.com.mx\\\/web\\\/wp-content\\\/uploads\\\/2018\\\/05\\\/Guitarra-rock.jpg\",\"contentUrl\":\"https:\\\/\\\/kuali.com.mx\\\/web\\\/wp-content\\\/uploads\\\/2018\\\/05\\\/Guitarra-rock.jpg\",\"width\":960,\"height\":641},{\"@type\":\"BreadcrumbList\",\"@id\":\"https:\\\/\\\/kuali.com.mx\\\/web\\\/2024\\\/07\\\/31\\\/anuncian-para-agosto-tour-rock-sinfonico\\\/#breadcrumb\",\"itemListElement\":[{\"@type\":\"ListItem\",\"position\":1,\"name\":\"Inicio\",\"item\":\"https:\\\/\\\/kuali.com.mx\\\/web\\\/\"},{\"@type\":\"ListItem\",\"position\":2,\"name\":\"ANUNCIAN PARA AGOSTO TOUR ROCK SINF\u00d3NICO\"}]},{\"@type\":\"WebSite\",\"@id\":\"https:\\\/\\\/kuali.com.mx\\\/web\\\/#website\",\"url\":\"https:\\\/\\\/kuali.com.mx\\\/web\\\/\",\"name\":\"Kuali\",\"description\":\"\",\"potentialAction\":[{\"@type\":\"SearchAction\",\"target\":{\"@type\":\"EntryPoint\",\"urlTemplate\":\"https:\\\/\\\/kuali.com.mx\\\/web\\\/?s={search_term_string}\"},\"query-input\":{\"@type\":\"PropertyValueSpecification\",\"valueRequired\":true,\"valueName\":\"search_term_string\"}}],\"inLanguage\":\"es\"},{\"@type\":\"Person\",\"@id\":\"https:\\\/\\\/kuali.com.mx\\\/web\\\/#\\\/schema\\\/person\\\/6f89ffa8ecba9dae50662357923c5289\",\"name\":\"Kuali Staff\",\"image\":{\"@type\":\"ImageObject\",\"inLanguage\":\"es\",\"@id\":\"https:\\\/\\\/secure.gravatar.com\\\/avatar\\\/f917ad82e5ab71227a733c78b6e60715476f69ee6be59feee4eb5d9920c89e0f?s=96&d=mm&r=g\",\"url\":\"https:\\\/\\\/secure.gravatar.com\\\/avatar\\\/f917ad82e5ab71227a733c78b6e60715476f69ee6be59feee4eb5d9920c89e0f?s=96&d=mm&r=g\",\"contentUrl\":\"https:\\\/\\\/secure.gravatar.com\\\/avatar\\\/f917ad82e5ab71227a733c78b6e60715476f69ee6be59feee4eb5d9920c89e0f?s=96&d=mm&r=g\",\"caption\":\"Kuali Staff\"},\"url\":\"https:\\\/\\\/kuali.com.mx\\\/web\\\/author\\\/lagarto\\\/\"}]}<\/script>\n<!-- \/ Yoast SEO plugin. -->","yoast_head_json":{"title":"ANUNCIAN PARA AGOSTO TOUR ROCK SINF\u00d3NICO - Kuali","robots":{"index":"index","follow":"follow","max-snippet":"max-snippet:-1","max-image-preview":"max-image-preview:large","max-video-preview":"max-video-preview:-1"},"canonical":"https:\/\/kuali.com.mx\/web\/2024\/07\/31\/anuncian-para-agosto-tour-rock-sinfonico\/","og_locale":"es_MX","og_type":"article","og_title":"ANUNCIAN PARA AGOSTO TOUR ROCK SINF\u00d3NICO - Kuali","og_description":"Kuali\/Le\u00f3n, Gto.- M\u00e1s de 50 talentos j\u00f3venes participaran en la segunda edici\u00f3n de la serie de conciertos \u201cRevoluci\u00f3n del Rock Tour 2024\u201d que arrancar\u00e1 el tres de agosto y recorrer\u00e1 10 de los 46 municipios del estado de Guanajuato. Ser\u00e1 una selecci\u00f3n de obras del rock de las d\u00e9cadas de los a\u00f1os 60, 70, 80 [&hellip;]","og_url":"https:\/\/kuali.com.mx\/web\/2024\/07\/31\/anuncian-para-agosto-tour-rock-sinfonico\/","og_site_name":"Kuali","article_publisher":"https:\/\/kuali.com.mx\/web\/wp-content\/uploads\/2018\/04\/cropped-kuali_logo-1-1.png","article_published_time":"2024-08-01T01:34:10+00:00","article_modified_time":"2024-08-01T03:44:41+00:00","og_image":[{"width":960,"height":641,"url":"https:\/\/kuali.com.mx\/web\/wp-content\/uploads\/2018\/05\/Guitarra-rock.jpg","type":"image\/jpeg"}],"author":"Kuali Staff","twitter_card":"summary_large_image","twitter_creator":"@kuali_noticias","twitter_site":"@kuali_noticias","twitter_misc":{"Escrito por":"Kuali Staff","Tiempo de lectura":"3 minutos"},"schema":{"@context":"https:\/\/schema.org","@graph":[{"@type":"Article","@id":"https:\/\/kuali.com.mx\/web\/2024\/07\/31\/anuncian-para-agosto-tour-rock-sinfonico\/#article","isPartOf":{"@id":"https:\/\/kuali.com.mx\/web\/2024\/07\/31\/anuncian-para-agosto-tour-rock-sinfonico\/"},"author":{"name":"Kuali Staff","@id":"https:\/\/kuali.com.mx\/web\/#\/schema\/person\/6f89ffa8ecba9dae50662357923c5289"},"headline":"ANUNCIAN PARA AGOSTO TOUR ROCK SINF\u00d3NICO","datePublished":"2024-08-01T01:34:10+00:00","dateModified":"2024-08-01T03:44:41+00:00","mainEntityOfPage":{"@id":"https:\/\/kuali.com.mx\/web\/2024\/07\/31\/anuncian-para-agosto-tour-rock-sinfonico\/"},"wordCount":569,"commentCount":0,"image":{"@id":"https:\/\/kuali.com.mx\/web\/2024\/07\/31\/anuncian-para-agosto-tour-rock-sinfonico\/#primaryimage"},"thumbnailUrl":"https:\/\/kuali.com.mx\/web\/wp-content\/uploads\/2018\/05\/Guitarra-rock.jpg","keywords":["Arte y cultura","Conciertos","Guanajuato","M\u00daSICA","Rock sinf\u00f3nico","turismo"],"articleSection":["Cultura"],"inLanguage":"es","potentialAction":[{"@type":"CommentAction","name":"Comment","target":["https:\/\/kuali.com.mx\/web\/2024\/07\/31\/anuncian-para-agosto-tour-rock-sinfonico\/#respond"]}]},{"@type":"WebPage","@id":"https:\/\/kuali.com.mx\/web\/2024\/07\/31\/anuncian-para-agosto-tour-rock-sinfonico\/","url":"https:\/\/kuali.com.mx\/web\/2024\/07\/31\/anuncian-para-agosto-tour-rock-sinfonico\/","name":"ANUNCIAN PARA AGOSTO TOUR ROCK SINF\u00d3NICO - Kuali","isPartOf":{"@id":"https:\/\/kuali.com.mx\/web\/#website"},"primaryImageOfPage":{"@id":"https:\/\/kuali.com.mx\/web\/2024\/07\/31\/anuncian-para-agosto-tour-rock-sinfonico\/#primaryimage"},"image":{"@id":"https:\/\/kuali.com.mx\/web\/2024\/07\/31\/anuncian-para-agosto-tour-rock-sinfonico\/#primaryimage"},"thumbnailUrl":"https:\/\/kuali.com.mx\/web\/wp-content\/uploads\/2018\/05\/Guitarra-rock.jpg","datePublished":"2024-08-01T01:34:10+00:00","dateModified":"2024-08-01T03:44:41+00:00","author":{"@id":"https:\/\/kuali.com.mx\/web\/#\/schema\/person\/6f89ffa8ecba9dae50662357923c5289"},"breadcrumb":{"@id":"https:\/\/kuali.com.mx\/web\/2024\/07\/31\/anuncian-para-agosto-tour-rock-sinfonico\/#breadcrumb"},"inLanguage":"es","potentialAction":[{"@type":"ReadAction","target":["https:\/\/kuali.com.mx\/web\/2024\/07\/31\/anuncian-para-agosto-tour-rock-sinfonico\/"]}]},{"@type":"ImageObject","inLanguage":"es","@id":"https:\/\/kuali.com.mx\/web\/2024\/07\/31\/anuncian-para-agosto-tour-rock-sinfonico\/#primaryimage","url":"https:\/\/kuali.com.mx\/web\/wp-content\/uploads\/2018\/05\/Guitarra-rock.jpg","contentUrl":"https:\/\/kuali.com.mx\/web\/wp-content\/uploads\/2018\/05\/Guitarra-rock.jpg","width":960,"height":641},{"@type":"BreadcrumbList","@id":"https:\/\/kuali.com.mx\/web\/2024\/07\/31\/anuncian-para-agosto-tour-rock-sinfonico\/#breadcrumb","itemListElement":[{"@type":"ListItem","position":1,"name":"Inicio","item":"https:\/\/kuali.com.mx\/web\/"},{"@type":"ListItem","position":2,"name":"ANUNCIAN PARA AGOSTO TOUR ROCK SINF\u00d3NICO"}]},{"@type":"WebSite","@id":"https:\/\/kuali.com.mx\/web\/#website","url":"https:\/\/kuali.com.mx\/web\/","name":"Kuali","description":"","potentialAction":[{"@type":"SearchAction","target":{"@type":"EntryPoint","urlTemplate":"https:\/\/kuali.com.mx\/web\/?s={search_term_string}"},"query-input":{"@type":"PropertyValueSpecification","valueRequired":true,"valueName":"search_term_string"}}],"inLanguage":"es"},{"@type":"Person","@id":"https:\/\/kuali.com.mx\/web\/#\/schema\/person\/6f89ffa8ecba9dae50662357923c5289","name":"Kuali Staff","image":{"@type":"ImageObject","inLanguage":"es","@id":"https:\/\/secure.gravatar.com\/avatar\/f917ad82e5ab71227a733c78b6e60715476f69ee6be59feee4eb5d9920c89e0f?s=96&d=mm&r=g","url":"https:\/\/secure.gravatar.com\/avatar\/f917ad82e5ab71227a733c78b6e60715476f69ee6be59feee4eb5d9920c89e0f?s=96&d=mm&r=g","contentUrl":"https:\/\/secure.gravatar.com\/avatar\/f917ad82e5ab71227a733c78b6e60715476f69ee6be59feee4eb5d9920c89e0f?s=96&d=mm&r=g","caption":"Kuali Staff"},"url":"https:\/\/kuali.com.mx\/web\/author\/lagarto\/"}]}},"_links":{"self":[{"href":"https:\/\/kuali.com.mx\/web\/wp-json\/wp\/v2\/posts\/150378","targetHints":{"allow":["GET"]}}],"collection":[{"href":"https:\/\/kuali.com.mx\/web\/wp-json\/wp\/v2\/posts"}],"about":[{"href":"https:\/\/kuali.com.mx\/web\/wp-json\/wp\/v2\/types\/post"}],"author":[{"embeddable":true,"href":"https:\/\/kuali.com.mx\/web\/wp-json\/wp\/v2\/users\/2"}],"replies":[{"embeddable":true,"href":"https:\/\/kuali.com.mx\/web\/wp-json\/wp\/v2\/comments?post=150378"}],"version-history":[{"count":3,"href":"https:\/\/kuali.com.mx\/web\/wp-json\/wp\/v2\/posts\/150378\/revisions"}],"predecessor-version":[{"id":150442,"href":"https:\/\/kuali.com.mx\/web\/wp-json\/wp\/v2\/posts\/150378\/revisions\/150442"}],"wp:featuredmedia":[{"embeddable":true,"href":"https:\/\/kuali.com.mx\/web\/wp-json\/wp\/v2\/media\/39277"}],"wp:attachment":[{"href":"https:\/\/kuali.com.mx\/web\/wp-json\/wp\/v2\/media?parent=150378"}],"wp:term":[{"taxonomy":"category","embeddable":true,"href":"https:\/\/kuali.com.mx\/web\/wp-json\/wp\/v2\/categories?post=150378"},{"taxonomy":"post_tag","embeddable":true,"href":"https:\/\/kuali.com.mx\/web\/wp-json\/wp\/v2\/tags?post=150378"}],"curies":[{"name":"wp","href":"https:\/\/api.w.org\/{rel}","templated":true}]}}