{"id":149959,"date":"2024-07-27T17:45:23","date_gmt":"2024-07-27T23:45:23","guid":{"rendered":"https:\/\/kuali.com.mx\/web\/?p=149959"},"modified":"2024-07-27T17:45:25","modified_gmt":"2024-07-27T23:45:25","slug":"ana-claudia-talancon-vocera-de-campana-contra-violencia","status":"publish","type":"post","link":"https:\/\/kuali.com.mx\/web\/2024\/07\/27\/ana-claudia-talancon-vocera-de-campana-contra-violencia\/","title":{"rendered":"ANA CLAUDIA TALANC\u00d3N; VOCERA DE CAMPA\u00d1A CONTRA VIOLENCIA"},"content":{"rendered":"\n<p><strong>Kuali\/Irapato, Gto<\/strong>.- La actriz y productora Ana Claudia Talanc\u00f3n fue presentada como vocera de la campa\u00f1a \"En Guanajuato, Cero Violencia contra la Mujer\" en la edici\u00f3n 2024 del Festival Internacional de Cine Guanajuato (GIFF, por sus siglas en ingl\u00e9s).<\/p>\n\n\n\n<p>Ana Claudia Talanc\u00f3n aporta su voz e imagen para sensibilizar a la sociedad media te la campa\u00f1a que, a\u00f1o con a\u00f1o, lanzan la Secretar\u00eda de Salud de Guanajuato (SSG) y el GIF con la finalidad de prevenir y erradicar la violencia de g\u00e9nero en la entidad.<\/p>\n\n\n\n<p>En su discurso, Ana Claudia Talanc\u00f3n confes\u00f3 el miedo que le despierta hablar de la violencia, una situaci\u00f3n que ella misma ha vivido, por lo cual considera que si el mensaje llega a muchas mujeres, hombres y familias habr\u00e1 valido la valent\u00eda de haberse enfrentado a sus temores.<\/p>\n\n\n\n<p>Para ella, el cine juega un importante rol en la denuncia de la violencia hacia la mujer, por lo que mencion\u00f3 a algunos de los personajes que ha interpretado, como el de Cleotilde en Purgatorio, para ejemplificar los tipos de violencia que pueden padecer las mujeres en su contexto cotidiano mexicano. Por ello mismo, inst\u00f3 a transmitir un mensaje de amor porque \u201cla forma de combatir la violencia no es con m\u00e1s violencia\u201d.<\/p>\n\n\n\n<p>\u201cNo podemos quedarnos callados y permitir que ninguna mujer m\u00e1s sea v\u00edctima de violencia, de ning\u00fan tipo, mental, emocional, sexual, econ\u00f3mica; es nuestro deber colectivo erradicarla. Debemos construir un futuro en el que todas las mujeres nos podamos sentir seguras, sin miedo, con dignidad. Juntos debemos promover el amor, que es lo m\u00e1s importante para poder criar a las nuevas generaciones y tener compasi\u00f3n y empat\u00eda\u201d, expres\u00f3 en su mensaje la vocera.<\/p>\n","protected":false},"excerpt":{"rendered":"Kuali\/Irapato, Gto.- La actriz y productora Ana Claudia Talanc\u00f3n fue presentada como vocera de la campa\u00f1a \"En Guanajuato, Cero Violencia contra la Mujer\" en la edici\u00f3n 2024 del Festival Internacional de Cine Guanajuato (GIFF, por sus siglas en ingl\u00e9s). Ana Claudia Talanc\u00f3n aporta su voz e imagen para sensibilizar a la sociedad media te la [&hellip;]","protected":false},"author":2,"featured_media":149956,"comment_status":"open","ping_status":"open","sticky":false,"template":"","format":"standard","meta":{"_seopress_robots_primary_cat":"none","_seopress_titles_title":"","_seopress_titles_desc":"","_seopress_robots_index":"","_monsterinsights_skip_tracking":false,"_monsterinsights_sitenote_active":false,"_monsterinsights_sitenote_note":"","_monsterinsights_sitenote_category":0,"footnotes":""},"categories":[14],"tags":[4176,100,1973,1929],"class_list":["post-149959","post","type-post","status-publish","format-standard","has-post-thumbnail","hentry","category-derechos","tag-ana-claudia-talancon","tag-derechos-humanos","tag-giff","tag-violencia-contra-mujeres"],"yoast_head":"<!-- This site is optimized with the Yoast SEO plugin v27.4 - https:\/\/yoast.com\/product\/yoast-seo-wordpress\/ -->\n<title>ANA CLAUDIA TALANC\u00d3N; VOCERA DE CAMPA\u00d1A CONTRA VIOLENCIA - Kuali<\/title>\n<meta name=\"robots\" content=\"index, follow, max-snippet:-1, max-image-preview:large, max-video-preview:-1\" \/>\n<link rel=\"canonical\" href=\"https:\/\/kuali.com.mx\/web\/2024\/07\/27\/ana-claudia-talancon-vocera-de-campana-contra-violencia\/\" \/>\n<meta property=\"og:locale\" content=\"es_MX\" \/>\n<meta property=\"og:type\" content=\"article\" \/>\n<meta property=\"og:title\" content=\"ANA CLAUDIA TALANC\u00d3N; VOCERA DE CAMPA\u00d1A CONTRA VIOLENCIA - Kuali\" \/>\n<meta property=\"og:description\" content=\"Kuali\/Irapato, Gto.- La actriz y productora Ana Claudia Talanc\u00f3n fue presentada como vocera de la campa\u00f1a &quot;En Guanajuato, Cero Violencia contra la Mujer&quot; en la edici\u00f3n 2024 del Festival Internacional de Cine Guanajuato (GIFF, por sus siglas en ingl\u00e9s). Ana Claudia Talanc\u00f3n aporta su voz e imagen para sensibilizar a la sociedad media te la [&hellip;]\" \/>\n<meta property=\"og:url\" content=\"https:\/\/kuali.com.mx\/web\/2024\/07\/27\/ana-claudia-talancon-vocera-de-campana-contra-violencia\/\" \/>\n<meta property=\"og:site_name\" content=\"Kuali\" \/>\n<meta property=\"article:publisher\" content=\"https:\/\/kuali.com.mx\/web\/wp-content\/uploads\/2018\/04\/cropped-kuali_logo-1-1.png\" \/>\n<meta property=\"article:published_time\" content=\"2024-07-27T23:45:23+00:00\" \/>\n<meta property=\"article:modified_time\" content=\"2024-07-27T23:45:25+00:00\" \/>\n<meta property=\"og:image\" content=\"https:\/\/kuali.com.mx\/web\/wp-content\/uploads\/2024\/07\/Ana-Claudia-Talancon.gif\" \/>\n\t<meta property=\"og:image:width\" content=\"1700\" \/>\n\t<meta property=\"og:image:height\" content=\"750\" \/>\n\t<meta property=\"og:image:type\" content=\"image\/gif\" \/>\n<meta name=\"author\" content=\"Kuali Staff\" \/>\n<meta name=\"twitter:card\" content=\"summary_large_image\" \/>\n<meta name=\"twitter:creator\" content=\"@kuali_noticias\" \/>\n<meta name=\"twitter:site\" content=\"@kuali_noticias\" \/>\n<meta name=\"twitter:label1\" content=\"Escrito por\" \/>\n\t<meta name=\"twitter:data1\" content=\"Kuali Staff\" \/>\n\t<meta name=\"twitter:label2\" content=\"Tiempo de lectura\" \/>\n\t<meta name=\"twitter:data2\" content=\"2 minutos\" \/>\n<script type=\"application\/ld+json\" class=\"yoast-schema-graph\">{\"@context\":\"https:\\\/\\\/schema.org\",\"@graph\":[{\"@type\":\"Article\",\"@id\":\"https:\\\/\\\/kuali.com.mx\\\/web\\\/2024\\\/07\\\/27\\\/ana-claudia-talancon-vocera-de-campana-contra-violencia\\\/#article\",\"isPartOf\":{\"@id\":\"https:\\\/\\\/kuali.com.mx\\\/web\\\/2024\\\/07\\\/27\\\/ana-claudia-talancon-vocera-de-campana-contra-violencia\\\/\"},\"author\":{\"name\":\"Kuali Staff\",\"@id\":\"https:\\\/\\\/kuali.com.mx\\\/web\\\/#\\\/schema\\\/person\\\/6f89ffa8ecba9dae50662357923c5289\"},\"headline\":\"ANA CLAUDIA TALANC\u00d3N; VOCERA DE CAMPA\u00d1A CONTRA VIOLENCIA\",\"datePublished\":\"2024-07-27T23:45:23+00:00\",\"dateModified\":\"2024-07-27T23:45:25+00:00\",\"mainEntityOfPage\":{\"@id\":\"https:\\\/\\\/kuali.com.mx\\\/web\\\/2024\\\/07\\\/27\\\/ana-claudia-talancon-vocera-de-campana-contra-violencia\\\/\"},\"wordCount\":310,\"commentCount\":0,\"image\":{\"@id\":\"https:\\\/\\\/kuali.com.mx\\\/web\\\/2024\\\/07\\\/27\\\/ana-claudia-talancon-vocera-de-campana-contra-violencia\\\/#primaryimage\"},\"thumbnailUrl\":\"https:\\\/\\\/kuali.com.mx\\\/web\\\/wp-content\\\/uploads\\\/2024\\\/07\\\/Ana-Claudia-Talancon.gif\",\"keywords\":[\"Ana Claudia Talanc\u00f3n\",\"Derechos Humanos\",\"GIFF\",\"Violencia contra mujeres\"],\"articleSection\":[\"Derechos Humanos\"],\"inLanguage\":\"es\",\"potentialAction\":[{\"@type\":\"CommentAction\",\"name\":\"Comment\",\"target\":[\"https:\\\/\\\/kuali.com.mx\\\/web\\\/2024\\\/07\\\/27\\\/ana-claudia-talancon-vocera-de-campana-contra-violencia\\\/#respond\"]}]},{\"@type\":\"WebPage\",\"@id\":\"https:\\\/\\\/kuali.com.mx\\\/web\\\/2024\\\/07\\\/27\\\/ana-claudia-talancon-vocera-de-campana-contra-violencia\\\/\",\"url\":\"https:\\\/\\\/kuali.com.mx\\\/web\\\/2024\\\/07\\\/27\\\/ana-claudia-talancon-vocera-de-campana-contra-violencia\\\/\",\"name\":\"ANA CLAUDIA TALANC\u00d3N; VOCERA DE CAMPA\u00d1A CONTRA VIOLENCIA - Kuali\",\"isPartOf\":{\"@id\":\"https:\\\/\\\/kuali.com.mx\\\/web\\\/#website\"},\"primaryImageOfPage\":{\"@id\":\"https:\\\/\\\/kuali.com.mx\\\/web\\\/2024\\\/07\\\/27\\\/ana-claudia-talancon-vocera-de-campana-contra-violencia\\\/#primaryimage\"},\"image\":{\"@id\":\"https:\\\/\\\/kuali.com.mx\\\/web\\\/2024\\\/07\\\/27\\\/ana-claudia-talancon-vocera-de-campana-contra-violencia\\\/#primaryimage\"},\"thumbnailUrl\":\"https:\\\/\\\/kuali.com.mx\\\/web\\\/wp-content\\\/uploads\\\/2024\\\/07\\\/Ana-Claudia-Talancon.gif\",\"datePublished\":\"2024-07-27T23:45:23+00:00\",\"dateModified\":\"2024-07-27T23:45:25+00:00\",\"author\":{\"@id\":\"https:\\\/\\\/kuali.com.mx\\\/web\\\/#\\\/schema\\\/person\\\/6f89ffa8ecba9dae50662357923c5289\"},\"breadcrumb\":{\"@id\":\"https:\\\/\\\/kuali.com.mx\\\/web\\\/2024\\\/07\\\/27\\\/ana-claudia-talancon-vocera-de-campana-contra-violencia\\\/#breadcrumb\"},\"inLanguage\":\"es\",\"potentialAction\":[{\"@type\":\"ReadAction\",\"target\":[\"https:\\\/\\\/kuali.com.mx\\\/web\\\/2024\\\/07\\\/27\\\/ana-claudia-talancon-vocera-de-campana-contra-violencia\\\/\"]}]},{\"@type\":\"ImageObject\",\"inLanguage\":\"es\",\"@id\":\"https:\\\/\\\/kuali.com.mx\\\/web\\\/2024\\\/07\\\/27\\\/ana-claudia-talancon-vocera-de-campana-contra-violencia\\\/#primaryimage\",\"url\":\"https:\\\/\\\/kuali.com.mx\\\/web\\\/wp-content\\\/uploads\\\/2024\\\/07\\\/Ana-Claudia-Talancon.gif\",\"contentUrl\":\"https:\\\/\\\/kuali.com.mx\\\/web\\\/wp-content\\\/uploads\\\/2024\\\/07\\\/Ana-Claudia-Talancon.gif\",\"width\":1700,\"height\":750},{\"@type\":\"BreadcrumbList\",\"@id\":\"https:\\\/\\\/kuali.com.mx\\\/web\\\/2024\\\/07\\\/27\\\/ana-claudia-talancon-vocera-de-campana-contra-violencia\\\/#breadcrumb\",\"itemListElement\":[{\"@type\":\"ListItem\",\"position\":1,\"name\":\"Inicio\",\"item\":\"https:\\\/\\\/kuali.com.mx\\\/web\\\/\"},{\"@type\":\"ListItem\",\"position\":2,\"name\":\"ANA CLAUDIA TALANC\u00d3N; VOCERA DE CAMPA\u00d1A CONTRA VIOLENCIA\"}]},{\"@type\":\"WebSite\",\"@id\":\"https:\\\/\\\/kuali.com.mx\\\/web\\\/#website\",\"url\":\"https:\\\/\\\/kuali.com.mx\\\/web\\\/\",\"name\":\"Kuali\",\"description\":\"\",\"potentialAction\":[{\"@type\":\"SearchAction\",\"target\":{\"@type\":\"EntryPoint\",\"urlTemplate\":\"https:\\\/\\\/kuali.com.mx\\\/web\\\/?s={search_term_string}\"},\"query-input\":{\"@type\":\"PropertyValueSpecification\",\"valueRequired\":true,\"valueName\":\"search_term_string\"}}],\"inLanguage\":\"es\"},{\"@type\":\"Person\",\"@id\":\"https:\\\/\\\/kuali.com.mx\\\/web\\\/#\\\/schema\\\/person\\\/6f89ffa8ecba9dae50662357923c5289\",\"name\":\"Kuali Staff\",\"image\":{\"@type\":\"ImageObject\",\"inLanguage\":\"es\",\"@id\":\"https:\\\/\\\/secure.gravatar.com\\\/avatar\\\/f917ad82e5ab71227a733c78b6e60715476f69ee6be59feee4eb5d9920c89e0f?s=96&d=mm&r=g\",\"url\":\"https:\\\/\\\/secure.gravatar.com\\\/avatar\\\/f917ad82e5ab71227a733c78b6e60715476f69ee6be59feee4eb5d9920c89e0f?s=96&d=mm&r=g\",\"contentUrl\":\"https:\\\/\\\/secure.gravatar.com\\\/avatar\\\/f917ad82e5ab71227a733c78b6e60715476f69ee6be59feee4eb5d9920c89e0f?s=96&d=mm&r=g\",\"caption\":\"Kuali Staff\"},\"url\":\"https:\\\/\\\/kuali.com.mx\\\/web\\\/author\\\/lagarto\\\/\"}]}<\/script>\n<!-- \/ Yoast SEO plugin. -->","yoast_head_json":{"title":"ANA CLAUDIA TALANC\u00d3N; VOCERA DE CAMPA\u00d1A CONTRA VIOLENCIA - Kuali","robots":{"index":"index","follow":"follow","max-snippet":"max-snippet:-1","max-image-preview":"max-image-preview:large","max-video-preview":"max-video-preview:-1"},"canonical":"https:\/\/kuali.com.mx\/web\/2024\/07\/27\/ana-claudia-talancon-vocera-de-campana-contra-violencia\/","og_locale":"es_MX","og_type":"article","og_title":"ANA CLAUDIA TALANC\u00d3N; VOCERA DE CAMPA\u00d1A CONTRA VIOLENCIA - Kuali","og_description":"Kuali\/Irapato, Gto.- La actriz y productora Ana Claudia Talanc\u00f3n fue presentada como vocera de la campa\u00f1a \"En Guanajuato, Cero Violencia contra la Mujer\" en la edici\u00f3n 2024 del Festival Internacional de Cine Guanajuato (GIFF, por sus siglas en ingl\u00e9s). Ana Claudia Talanc\u00f3n aporta su voz e imagen para sensibilizar a la sociedad media te la [&hellip;]","og_url":"https:\/\/kuali.com.mx\/web\/2024\/07\/27\/ana-claudia-talancon-vocera-de-campana-contra-violencia\/","og_site_name":"Kuali","article_publisher":"https:\/\/kuali.com.mx\/web\/wp-content\/uploads\/2018\/04\/cropped-kuali_logo-1-1.png","article_published_time":"2024-07-27T23:45:23+00:00","article_modified_time":"2024-07-27T23:45:25+00:00","og_image":[{"width":1700,"height":750,"url":"https:\/\/kuali.com.mx\/web\/wp-content\/uploads\/2024\/07\/Ana-Claudia-Talancon.gif","type":"image\/gif"}],"author":"Kuali Staff","twitter_card":"summary_large_image","twitter_creator":"@kuali_noticias","twitter_site":"@kuali_noticias","twitter_misc":{"Escrito por":"Kuali Staff","Tiempo de lectura":"2 minutos"},"schema":{"@context":"https:\/\/schema.org","@graph":[{"@type":"Article","@id":"https:\/\/kuali.com.mx\/web\/2024\/07\/27\/ana-claudia-talancon-vocera-de-campana-contra-violencia\/#article","isPartOf":{"@id":"https:\/\/kuali.com.mx\/web\/2024\/07\/27\/ana-claudia-talancon-vocera-de-campana-contra-violencia\/"},"author":{"name":"Kuali Staff","@id":"https:\/\/kuali.com.mx\/web\/#\/schema\/person\/6f89ffa8ecba9dae50662357923c5289"},"headline":"ANA CLAUDIA TALANC\u00d3N; VOCERA DE CAMPA\u00d1A CONTRA VIOLENCIA","datePublished":"2024-07-27T23:45:23+00:00","dateModified":"2024-07-27T23:45:25+00:00","mainEntityOfPage":{"@id":"https:\/\/kuali.com.mx\/web\/2024\/07\/27\/ana-claudia-talancon-vocera-de-campana-contra-violencia\/"},"wordCount":310,"commentCount":0,"image":{"@id":"https:\/\/kuali.com.mx\/web\/2024\/07\/27\/ana-claudia-talancon-vocera-de-campana-contra-violencia\/#primaryimage"},"thumbnailUrl":"https:\/\/kuali.com.mx\/web\/wp-content\/uploads\/2024\/07\/Ana-Claudia-Talancon.gif","keywords":["Ana Claudia Talanc\u00f3n","Derechos Humanos","GIFF","Violencia contra mujeres"],"articleSection":["Derechos Humanos"],"inLanguage":"es","potentialAction":[{"@type":"CommentAction","name":"Comment","target":["https:\/\/kuali.com.mx\/web\/2024\/07\/27\/ana-claudia-talancon-vocera-de-campana-contra-violencia\/#respond"]}]},{"@type":"WebPage","@id":"https:\/\/kuali.com.mx\/web\/2024\/07\/27\/ana-claudia-talancon-vocera-de-campana-contra-violencia\/","url":"https:\/\/kuali.com.mx\/web\/2024\/07\/27\/ana-claudia-talancon-vocera-de-campana-contra-violencia\/","name":"ANA CLAUDIA TALANC\u00d3N; VOCERA DE CAMPA\u00d1A CONTRA VIOLENCIA - Kuali","isPartOf":{"@id":"https:\/\/kuali.com.mx\/web\/#website"},"primaryImageOfPage":{"@id":"https:\/\/kuali.com.mx\/web\/2024\/07\/27\/ana-claudia-talancon-vocera-de-campana-contra-violencia\/#primaryimage"},"image":{"@id":"https:\/\/kuali.com.mx\/web\/2024\/07\/27\/ana-claudia-talancon-vocera-de-campana-contra-violencia\/#primaryimage"},"thumbnailUrl":"https:\/\/kuali.com.mx\/web\/wp-content\/uploads\/2024\/07\/Ana-Claudia-Talancon.gif","datePublished":"2024-07-27T23:45:23+00:00","dateModified":"2024-07-27T23:45:25+00:00","author":{"@id":"https:\/\/kuali.com.mx\/web\/#\/schema\/person\/6f89ffa8ecba9dae50662357923c5289"},"breadcrumb":{"@id":"https:\/\/kuali.com.mx\/web\/2024\/07\/27\/ana-claudia-talancon-vocera-de-campana-contra-violencia\/#breadcrumb"},"inLanguage":"es","potentialAction":[{"@type":"ReadAction","target":["https:\/\/kuali.com.mx\/web\/2024\/07\/27\/ana-claudia-talancon-vocera-de-campana-contra-violencia\/"]}]},{"@type":"ImageObject","inLanguage":"es","@id":"https:\/\/kuali.com.mx\/web\/2024\/07\/27\/ana-claudia-talancon-vocera-de-campana-contra-violencia\/#primaryimage","url":"https:\/\/kuali.com.mx\/web\/wp-content\/uploads\/2024\/07\/Ana-Claudia-Talancon.gif","contentUrl":"https:\/\/kuali.com.mx\/web\/wp-content\/uploads\/2024\/07\/Ana-Claudia-Talancon.gif","width":1700,"height":750},{"@type":"BreadcrumbList","@id":"https:\/\/kuali.com.mx\/web\/2024\/07\/27\/ana-claudia-talancon-vocera-de-campana-contra-violencia\/#breadcrumb","itemListElement":[{"@type":"ListItem","position":1,"name":"Inicio","item":"https:\/\/kuali.com.mx\/web\/"},{"@type":"ListItem","position":2,"name":"ANA CLAUDIA TALANC\u00d3N; VOCERA DE CAMPA\u00d1A CONTRA VIOLENCIA"}]},{"@type":"WebSite","@id":"https:\/\/kuali.com.mx\/web\/#website","url":"https:\/\/kuali.com.mx\/web\/","name":"Kuali","description":"","potentialAction":[{"@type":"SearchAction","target":{"@type":"EntryPoint","urlTemplate":"https:\/\/kuali.com.mx\/web\/?s={search_term_string}"},"query-input":{"@type":"PropertyValueSpecification","valueRequired":true,"valueName":"search_term_string"}}],"inLanguage":"es"},{"@type":"Person","@id":"https:\/\/kuali.com.mx\/web\/#\/schema\/person\/6f89ffa8ecba9dae50662357923c5289","name":"Kuali Staff","image":{"@type":"ImageObject","inLanguage":"es","@id":"https:\/\/secure.gravatar.com\/avatar\/f917ad82e5ab71227a733c78b6e60715476f69ee6be59feee4eb5d9920c89e0f?s=96&d=mm&r=g","url":"https:\/\/secure.gravatar.com\/avatar\/f917ad82e5ab71227a733c78b6e60715476f69ee6be59feee4eb5d9920c89e0f?s=96&d=mm&r=g","contentUrl":"https:\/\/secure.gravatar.com\/avatar\/f917ad82e5ab71227a733c78b6e60715476f69ee6be59feee4eb5d9920c89e0f?s=96&d=mm&r=g","caption":"Kuali Staff"},"url":"https:\/\/kuali.com.mx\/web\/author\/lagarto\/"}]}},"_links":{"self":[{"href":"https:\/\/kuali.com.mx\/web\/wp-json\/wp\/v2\/posts\/149959","targetHints":{"allow":["GET"]}}],"collection":[{"href":"https:\/\/kuali.com.mx\/web\/wp-json\/wp\/v2\/posts"}],"about":[{"href":"https:\/\/kuali.com.mx\/web\/wp-json\/wp\/v2\/types\/post"}],"author":[{"embeddable":true,"href":"https:\/\/kuali.com.mx\/web\/wp-json\/wp\/v2\/users\/2"}],"replies":[{"embeddable":true,"href":"https:\/\/kuali.com.mx\/web\/wp-json\/wp\/v2\/comments?post=149959"}],"version-history":[{"count":1,"href":"https:\/\/kuali.com.mx\/web\/wp-json\/wp\/v2\/posts\/149959\/revisions"}],"predecessor-version":[{"id":149962,"href":"https:\/\/kuali.com.mx\/web\/wp-json\/wp\/v2\/posts\/149959\/revisions\/149962"}],"wp:featuredmedia":[{"embeddable":true,"href":"https:\/\/kuali.com.mx\/web\/wp-json\/wp\/v2\/media\/149956"}],"wp:attachment":[{"href":"https:\/\/kuali.com.mx\/web\/wp-json\/wp\/v2\/media?parent=149959"}],"wp:term":[{"taxonomy":"category","embeddable":true,"href":"https:\/\/kuali.com.mx\/web\/wp-json\/wp\/v2\/categories?post=149959"},{"taxonomy":"post_tag","embeddable":true,"href":"https:\/\/kuali.com.mx\/web\/wp-json\/wp\/v2\/tags?post=149959"}],"curies":[{"name":"wp","href":"https:\/\/api.w.org\/{rel}","templated":true}]}}