{"id":149836,"date":"2024-07-26T18:18:52","date_gmt":"2024-07-27T00:18:52","guid":{"rendered":"https:\/\/kuali.com.mx\/web\/?p=149836"},"modified":"2024-07-26T18:18:54","modified_gmt":"2024-07-27T00:18:54","slug":"mejoran-mercados-victoria-y-j-jesus-gonzalez-ortega-en-silao","status":"publish","type":"post","link":"https:\/\/kuali.com.mx\/web\/2024\/07\/26\/mejoran-mercados-victoria-y-j-jesus-gonzalez-ortega-en-silao\/","title":{"rendered":"MEJORAN MERCADOS VICTORIA Y J. JES\u00daS GONZ\u00c1LEZ ORTEGA EN SILAO"},"content":{"rendered":"\n<p>Kuali\/Silao de la Victoria, Gto.- En el marco de los 487 a\u00f1os de la fundaci\u00f3n de Silao de la Victoria, que se conmemora el 25 de julio, el gobierno municipal arranc\u00f3 las obras de rehabilitaci\u00f3n de la red el\u00e9ctrica del Mercado Victoria y la construcci\u00f3n de los sanitarios en el Mercado J. Jes\u00fas Gonz\u00e1lez Ortega.<\/p>\n\n\n\n<p>El l\u00edder de los comerciantes del mercado Gonz\u00e1lez Ortega, Juan Rocha, aprovech\u00f3 para agradecer la labor del presidente municipal, Carlos Garc\u00eda Villase\u00f1or, por preocuparse y atender las necesidades de los mercados m\u00e1s ic\u00f3nicos del municipio, ya que a lo largo de los a\u00f1os jam\u00e1s se hab\u00eda trabajado de esta manera por ellos.<\/p>\n\n\n\n<p>\u201cQuiero agradecerle mucho al presidente municipal Carlos Garc\u00eda por este trabajo, por venir aqu\u00ed a los mercados y rehabilitar esta red el\u00e9ctrica, estos ba\u00f1os. Jam\u00e1s hab\u00edamos pensado que necesit\u00e1ramos unos ba\u00f1os, pero la secretar\u00eda de salud nos dijo que deb\u00eda ser as\u00ed para tener un mercado digno, un mercado en las mejores condiciones y que le pudiera ofrecer lo mejor a la ciudadan\u00eda y hoy yo quiero agradecer much\u00edsimo este trabajo porque nunca antes lo hab\u00edamos visto\u201d, coment\u00f3 Juan Rocha.<\/p>\n\n\n\n<p>La Directora de Comercio y Abastos de la Secretar\u00eda de Desarrollo Econ\u00f3mico y Sustentable (SDES), Griselda Loana Vel\u00e1zquez Castillo, destac\u00f3 la manera en que se ha trabajado, mano a mano, con la direcci\u00f3n de mercados, de Desarrollo Econ\u00f3mico y Turismo para poder llevar a cabo estas acciones como parte del programa \u201cMi Plaza\u201d.<\/p>\n\n\n\n<p>Con una inversi\u00f3n entre Estado y Municipio de 6 millones 765 mil 098 pesos, se est\u00e1n llevando a cabo los trabajos para la electrificaci\u00f3n, que consisten en la instalaci\u00f3n de 480 metros de cable de cobre calibre 4\/0; colocaci\u00f3n 40 metros de charola de 20\" con tapa\u00b8colocaci\u00f3n de cable de cobre de calibres 8 y calibre 10 que ser\u00e1 la alimentaci\u00f3n a cada establecimiento del mercado, as\u00ed como la colocaci\u00f3n de 15 luminarias led de 250 watts en el interior del mercado y 30 luminarias led tipo campana.<\/p>\n\n\n\n<p>Para la construcci\u00f3n de los ba\u00f1os en el mercado Gonz\u00e1lez Ortega se realiz\u00f3&nbsp; una inversi\u00f3n 100% municipal de 188 mil 647 pesos. Este fue un requerimiento de la Secretar\u00eda de Salud de Guanajuato (SSG), ya que con los sanitarios el mercado fue certificado como un espacio salubre y seguro para la ciudadan\u00eda.<\/p>\n\n\n\n<p>Por \u00faltimo, el alcalde Carlos Garc\u00eda Villase\u00f1or destac\u00f3 la labor de los comerciantes de Silao y c\u00f3mo defienden a su municipio.<\/p>\n\n\n\n<p>\u201cLa gente que est\u00e1 aqu\u00ed defiende a Silao y los comerciantes est\u00e1n orgullosos de defender y trabajar para Silao. Aqu\u00ed todos debemos quitarnos las camisetas de colores y trabajar por el desarrollo de Silao.<\/p>\n\n\n\n<p>Es muy importante que s\u00ed pensemos que Silao merece mucho m\u00e1s porque s\u00ed podemos hacer las cosas. Yo creo que unidos podemos seguir defendiendo el comercio de Silao\u201d, concluy\u00f3.<\/p>\n","protected":false},"excerpt":{"rendered":"Kuali\/Silao de la Victoria, Gto.- En el marco de los 487 a\u00f1os de la fundaci\u00f3n de Silao de la Victoria, que se conmemora el 25 de julio, el gobierno municipal arranc\u00f3 las obras de rehabilitaci\u00f3n de la red el\u00e9ctrica del Mercado Victoria y la construcci\u00f3n de los sanitarios en el Mercado J. Jes\u00fas Gonz\u00e1lez Ortega. [&hellip;]","protected":false},"author":2,"featured_media":149839,"comment_status":"open","ping_status":"open","sticky":false,"template":"","format":"standard","meta":{"_seopress_robots_primary_cat":"none","_seopress_titles_title":"","_seopress_titles_desc":"","_seopress_robots_index":"","_monsterinsights_skip_tracking":false,"_monsterinsights_sitenote_active":false,"_monsterinsights_sitenote_note":"","_monsterinsights_sitenote_category":0,"footnotes":""},"categories":[3],"tags":[1841,2704,392,12],"class_list":["post-149836","post","type-post","status-publish","format-standard","has-post-thumbnail","hentry","category-politica","tag-carlos-garcia-villasenor","tag-mercados","tag-obra-publica","tag-silao"],"yoast_head":"<!-- This site is optimized with the Yoast SEO plugin v27.4 - https:\/\/yoast.com\/product\/yoast-seo-wordpress\/ -->\n<title>MEJORAN MERCADOS VICTORIA Y J. JES\u00daS GONZ\u00c1LEZ ORTEGA EN SILAO - Kuali<\/title>\n<meta name=\"robots\" content=\"index, follow, max-snippet:-1, max-image-preview:large, max-video-preview:-1\" \/>\n<link rel=\"canonical\" href=\"https:\/\/kuali.com.mx\/web\/2024\/07\/26\/mejoran-mercados-victoria-y-j-jesus-gonzalez-ortega-en-silao\/\" \/>\n<meta property=\"og:locale\" content=\"es_MX\" \/>\n<meta property=\"og:type\" content=\"article\" \/>\n<meta property=\"og:title\" content=\"MEJORAN MERCADOS VICTORIA Y J. JES\u00daS GONZ\u00c1LEZ ORTEGA EN SILAO - Kuali\" \/>\n<meta property=\"og:description\" content=\"Kuali\/Silao de la Victoria, Gto.- En el marco de los 487 a\u00f1os de la fundaci\u00f3n de Silao de la Victoria, que se conmemora el 25 de julio, el gobierno municipal arranc\u00f3 las obras de rehabilitaci\u00f3n de la red el\u00e9ctrica del Mercado Victoria y la construcci\u00f3n de los sanitarios en el Mercado J. Jes\u00fas Gonz\u00e1lez Ortega. [&hellip;]\" \/>\n<meta property=\"og:url\" content=\"https:\/\/kuali.com.mx\/web\/2024\/07\/26\/mejoran-mercados-victoria-y-j-jesus-gonzalez-ortega-en-silao\/\" \/>\n<meta property=\"og:site_name\" content=\"Kuali\" \/>\n<meta property=\"article:publisher\" content=\"https:\/\/kuali.com.mx\/web\/wp-content\/uploads\/2018\/04\/cropped-kuali_logo-1-1.png\" \/>\n<meta property=\"article:published_time\" content=\"2024-07-27T00:18:52+00:00\" \/>\n<meta property=\"article:modified_time\" content=\"2024-07-27T00:18:54+00:00\" \/>\n<meta property=\"og:image\" content=\"https:\/\/kuali.com.mx\/web\/wp-content\/uploads\/2024\/07\/Obras-mercado-Silao.gif\" \/>\n\t<meta property=\"og:image:width\" content=\"1700\" \/>\n\t<meta property=\"og:image:height\" content=\"750\" \/>\n\t<meta property=\"og:image:type\" content=\"image\/gif\" \/>\n<meta name=\"author\" content=\"Kuali Staff\" \/>\n<meta name=\"twitter:card\" content=\"summary_large_image\" \/>\n<meta name=\"twitter:creator\" content=\"@kuali_noticias\" \/>\n<meta name=\"twitter:site\" content=\"@kuali_noticias\" \/>\n<meta name=\"twitter:label1\" content=\"Escrito por\" \/>\n\t<meta name=\"twitter:data1\" content=\"Kuali Staff\" \/>\n\t<meta name=\"twitter:label2\" content=\"Tiempo de lectura\" \/>\n\t<meta name=\"twitter:data2\" content=\"3 minutos\" \/>\n<script type=\"application\/ld+json\" class=\"yoast-schema-graph\">{\"@context\":\"https:\\\/\\\/schema.org\",\"@graph\":[{\"@type\":\"Article\",\"@id\":\"https:\\\/\\\/kuali.com.mx\\\/web\\\/2024\\\/07\\\/26\\\/mejoran-mercados-victoria-y-j-jesus-gonzalez-ortega-en-silao\\\/#article\",\"isPartOf\":{\"@id\":\"https:\\\/\\\/kuali.com.mx\\\/web\\\/2024\\\/07\\\/26\\\/mejoran-mercados-victoria-y-j-jesus-gonzalez-ortega-en-silao\\\/\"},\"author\":{\"name\":\"Kuali Staff\",\"@id\":\"https:\\\/\\\/kuali.com.mx\\\/web\\\/#\\\/schema\\\/person\\\/6f89ffa8ecba9dae50662357923c5289\"},\"headline\":\"MEJORAN MERCADOS VICTORIA Y J. JES\u00daS GONZ\u00c1LEZ ORTEGA EN SILAO\",\"datePublished\":\"2024-07-27T00:18:52+00:00\",\"dateModified\":\"2024-07-27T00:18:54+00:00\",\"mainEntityOfPage\":{\"@id\":\"https:\\\/\\\/kuali.com.mx\\\/web\\\/2024\\\/07\\\/26\\\/mejoran-mercados-victoria-y-j-jesus-gonzalez-ortega-en-silao\\\/\"},\"wordCount\":515,\"commentCount\":0,\"image\":{\"@id\":\"https:\\\/\\\/kuali.com.mx\\\/web\\\/2024\\\/07\\\/26\\\/mejoran-mercados-victoria-y-j-jesus-gonzalez-ortega-en-silao\\\/#primaryimage\"},\"thumbnailUrl\":\"https:\\\/\\\/kuali.com.mx\\\/web\\\/wp-content\\\/uploads\\\/2024\\\/07\\\/Obras-mercado-Silao.gif\",\"keywords\":[\"Carlos Garc\u00eda Villase\u00f1or\",\"Mercados\",\"Obra p\u00fablica\",\"Silao\"],\"articleSection\":[\"Pol\u00edtica\"],\"inLanguage\":\"es\",\"potentialAction\":[{\"@type\":\"CommentAction\",\"name\":\"Comment\",\"target\":[\"https:\\\/\\\/kuali.com.mx\\\/web\\\/2024\\\/07\\\/26\\\/mejoran-mercados-victoria-y-j-jesus-gonzalez-ortega-en-silao\\\/#respond\"]}]},{\"@type\":\"WebPage\",\"@id\":\"https:\\\/\\\/kuali.com.mx\\\/web\\\/2024\\\/07\\\/26\\\/mejoran-mercados-victoria-y-j-jesus-gonzalez-ortega-en-silao\\\/\",\"url\":\"https:\\\/\\\/kuali.com.mx\\\/web\\\/2024\\\/07\\\/26\\\/mejoran-mercados-victoria-y-j-jesus-gonzalez-ortega-en-silao\\\/\",\"name\":\"MEJORAN MERCADOS VICTORIA Y J. JES\u00daS GONZ\u00c1LEZ ORTEGA EN SILAO - Kuali\",\"isPartOf\":{\"@id\":\"https:\\\/\\\/kuali.com.mx\\\/web\\\/#website\"},\"primaryImageOfPage\":{\"@id\":\"https:\\\/\\\/kuali.com.mx\\\/web\\\/2024\\\/07\\\/26\\\/mejoran-mercados-victoria-y-j-jesus-gonzalez-ortega-en-silao\\\/#primaryimage\"},\"image\":{\"@id\":\"https:\\\/\\\/kuali.com.mx\\\/web\\\/2024\\\/07\\\/26\\\/mejoran-mercados-victoria-y-j-jesus-gonzalez-ortega-en-silao\\\/#primaryimage\"},\"thumbnailUrl\":\"https:\\\/\\\/kuali.com.mx\\\/web\\\/wp-content\\\/uploads\\\/2024\\\/07\\\/Obras-mercado-Silao.gif\",\"datePublished\":\"2024-07-27T00:18:52+00:00\",\"dateModified\":\"2024-07-27T00:18:54+00:00\",\"author\":{\"@id\":\"https:\\\/\\\/kuali.com.mx\\\/web\\\/#\\\/schema\\\/person\\\/6f89ffa8ecba9dae50662357923c5289\"},\"breadcrumb\":{\"@id\":\"https:\\\/\\\/kuali.com.mx\\\/web\\\/2024\\\/07\\\/26\\\/mejoran-mercados-victoria-y-j-jesus-gonzalez-ortega-en-silao\\\/#breadcrumb\"},\"inLanguage\":\"es\",\"potentialAction\":[{\"@type\":\"ReadAction\",\"target\":[\"https:\\\/\\\/kuali.com.mx\\\/web\\\/2024\\\/07\\\/26\\\/mejoran-mercados-victoria-y-j-jesus-gonzalez-ortega-en-silao\\\/\"]}]},{\"@type\":\"ImageObject\",\"inLanguage\":\"es\",\"@id\":\"https:\\\/\\\/kuali.com.mx\\\/web\\\/2024\\\/07\\\/26\\\/mejoran-mercados-victoria-y-j-jesus-gonzalez-ortega-en-silao\\\/#primaryimage\",\"url\":\"https:\\\/\\\/kuali.com.mx\\\/web\\\/wp-content\\\/uploads\\\/2024\\\/07\\\/Obras-mercado-Silao.gif\",\"contentUrl\":\"https:\\\/\\\/kuali.com.mx\\\/web\\\/wp-content\\\/uploads\\\/2024\\\/07\\\/Obras-mercado-Silao.gif\",\"width\":1700,\"height\":750},{\"@type\":\"BreadcrumbList\",\"@id\":\"https:\\\/\\\/kuali.com.mx\\\/web\\\/2024\\\/07\\\/26\\\/mejoran-mercados-victoria-y-j-jesus-gonzalez-ortega-en-silao\\\/#breadcrumb\",\"itemListElement\":[{\"@type\":\"ListItem\",\"position\":1,\"name\":\"Inicio\",\"item\":\"https:\\\/\\\/kuali.com.mx\\\/web\\\/\"},{\"@type\":\"ListItem\",\"position\":2,\"name\":\"MEJORAN MERCADOS VICTORIA Y J. JES\u00daS GONZ\u00c1LEZ ORTEGA EN SILAO\"}]},{\"@type\":\"WebSite\",\"@id\":\"https:\\\/\\\/kuali.com.mx\\\/web\\\/#website\",\"url\":\"https:\\\/\\\/kuali.com.mx\\\/web\\\/\",\"name\":\"Kuali\",\"description\":\"\",\"potentialAction\":[{\"@type\":\"SearchAction\",\"target\":{\"@type\":\"EntryPoint\",\"urlTemplate\":\"https:\\\/\\\/kuali.com.mx\\\/web\\\/?s={search_term_string}\"},\"query-input\":{\"@type\":\"PropertyValueSpecification\",\"valueRequired\":true,\"valueName\":\"search_term_string\"}}],\"inLanguage\":\"es\"},{\"@type\":\"Person\",\"@id\":\"https:\\\/\\\/kuali.com.mx\\\/web\\\/#\\\/schema\\\/person\\\/6f89ffa8ecba9dae50662357923c5289\",\"name\":\"Kuali Staff\",\"image\":{\"@type\":\"ImageObject\",\"inLanguage\":\"es\",\"@id\":\"https:\\\/\\\/secure.gravatar.com\\\/avatar\\\/f917ad82e5ab71227a733c78b6e60715476f69ee6be59feee4eb5d9920c89e0f?s=96&d=mm&r=g\",\"url\":\"https:\\\/\\\/secure.gravatar.com\\\/avatar\\\/f917ad82e5ab71227a733c78b6e60715476f69ee6be59feee4eb5d9920c89e0f?s=96&d=mm&r=g\",\"contentUrl\":\"https:\\\/\\\/secure.gravatar.com\\\/avatar\\\/f917ad82e5ab71227a733c78b6e60715476f69ee6be59feee4eb5d9920c89e0f?s=96&d=mm&r=g\",\"caption\":\"Kuali Staff\"},\"url\":\"https:\\\/\\\/kuali.com.mx\\\/web\\\/author\\\/lagarto\\\/\"}]}<\/script>\n<!-- \/ Yoast SEO plugin. -->","yoast_head_json":{"title":"MEJORAN MERCADOS VICTORIA Y J. JES\u00daS GONZ\u00c1LEZ ORTEGA EN SILAO - Kuali","robots":{"index":"index","follow":"follow","max-snippet":"max-snippet:-1","max-image-preview":"max-image-preview:large","max-video-preview":"max-video-preview:-1"},"canonical":"https:\/\/kuali.com.mx\/web\/2024\/07\/26\/mejoran-mercados-victoria-y-j-jesus-gonzalez-ortega-en-silao\/","og_locale":"es_MX","og_type":"article","og_title":"MEJORAN MERCADOS VICTORIA Y J. JES\u00daS GONZ\u00c1LEZ ORTEGA EN SILAO - Kuali","og_description":"Kuali\/Silao de la Victoria, Gto.- En el marco de los 487 a\u00f1os de la fundaci\u00f3n de Silao de la Victoria, que se conmemora el 25 de julio, el gobierno municipal arranc\u00f3 las obras de rehabilitaci\u00f3n de la red el\u00e9ctrica del Mercado Victoria y la construcci\u00f3n de los sanitarios en el Mercado J. Jes\u00fas Gonz\u00e1lez Ortega. [&hellip;]","og_url":"https:\/\/kuali.com.mx\/web\/2024\/07\/26\/mejoran-mercados-victoria-y-j-jesus-gonzalez-ortega-en-silao\/","og_site_name":"Kuali","article_publisher":"https:\/\/kuali.com.mx\/web\/wp-content\/uploads\/2018\/04\/cropped-kuali_logo-1-1.png","article_published_time":"2024-07-27T00:18:52+00:00","article_modified_time":"2024-07-27T00:18:54+00:00","og_image":[{"width":1700,"height":750,"url":"https:\/\/kuali.com.mx\/web\/wp-content\/uploads\/2024\/07\/Obras-mercado-Silao.gif","type":"image\/gif"}],"author":"Kuali Staff","twitter_card":"summary_large_image","twitter_creator":"@kuali_noticias","twitter_site":"@kuali_noticias","twitter_misc":{"Escrito por":"Kuali Staff","Tiempo de lectura":"3 minutos"},"schema":{"@context":"https:\/\/schema.org","@graph":[{"@type":"Article","@id":"https:\/\/kuali.com.mx\/web\/2024\/07\/26\/mejoran-mercados-victoria-y-j-jesus-gonzalez-ortega-en-silao\/#article","isPartOf":{"@id":"https:\/\/kuali.com.mx\/web\/2024\/07\/26\/mejoran-mercados-victoria-y-j-jesus-gonzalez-ortega-en-silao\/"},"author":{"name":"Kuali Staff","@id":"https:\/\/kuali.com.mx\/web\/#\/schema\/person\/6f89ffa8ecba9dae50662357923c5289"},"headline":"MEJORAN MERCADOS VICTORIA Y J. JES\u00daS GONZ\u00c1LEZ ORTEGA EN SILAO","datePublished":"2024-07-27T00:18:52+00:00","dateModified":"2024-07-27T00:18:54+00:00","mainEntityOfPage":{"@id":"https:\/\/kuali.com.mx\/web\/2024\/07\/26\/mejoran-mercados-victoria-y-j-jesus-gonzalez-ortega-en-silao\/"},"wordCount":515,"commentCount":0,"image":{"@id":"https:\/\/kuali.com.mx\/web\/2024\/07\/26\/mejoran-mercados-victoria-y-j-jesus-gonzalez-ortega-en-silao\/#primaryimage"},"thumbnailUrl":"https:\/\/kuali.com.mx\/web\/wp-content\/uploads\/2024\/07\/Obras-mercado-Silao.gif","keywords":["Carlos Garc\u00eda Villase\u00f1or","Mercados","Obra p\u00fablica","Silao"],"articleSection":["Pol\u00edtica"],"inLanguage":"es","potentialAction":[{"@type":"CommentAction","name":"Comment","target":["https:\/\/kuali.com.mx\/web\/2024\/07\/26\/mejoran-mercados-victoria-y-j-jesus-gonzalez-ortega-en-silao\/#respond"]}]},{"@type":"WebPage","@id":"https:\/\/kuali.com.mx\/web\/2024\/07\/26\/mejoran-mercados-victoria-y-j-jesus-gonzalez-ortega-en-silao\/","url":"https:\/\/kuali.com.mx\/web\/2024\/07\/26\/mejoran-mercados-victoria-y-j-jesus-gonzalez-ortega-en-silao\/","name":"MEJORAN MERCADOS VICTORIA Y J. JES\u00daS GONZ\u00c1LEZ ORTEGA EN SILAO - Kuali","isPartOf":{"@id":"https:\/\/kuali.com.mx\/web\/#website"},"primaryImageOfPage":{"@id":"https:\/\/kuali.com.mx\/web\/2024\/07\/26\/mejoran-mercados-victoria-y-j-jesus-gonzalez-ortega-en-silao\/#primaryimage"},"image":{"@id":"https:\/\/kuali.com.mx\/web\/2024\/07\/26\/mejoran-mercados-victoria-y-j-jesus-gonzalez-ortega-en-silao\/#primaryimage"},"thumbnailUrl":"https:\/\/kuali.com.mx\/web\/wp-content\/uploads\/2024\/07\/Obras-mercado-Silao.gif","datePublished":"2024-07-27T00:18:52+00:00","dateModified":"2024-07-27T00:18:54+00:00","author":{"@id":"https:\/\/kuali.com.mx\/web\/#\/schema\/person\/6f89ffa8ecba9dae50662357923c5289"},"breadcrumb":{"@id":"https:\/\/kuali.com.mx\/web\/2024\/07\/26\/mejoran-mercados-victoria-y-j-jesus-gonzalez-ortega-en-silao\/#breadcrumb"},"inLanguage":"es","potentialAction":[{"@type":"ReadAction","target":["https:\/\/kuali.com.mx\/web\/2024\/07\/26\/mejoran-mercados-victoria-y-j-jesus-gonzalez-ortega-en-silao\/"]}]},{"@type":"ImageObject","inLanguage":"es","@id":"https:\/\/kuali.com.mx\/web\/2024\/07\/26\/mejoran-mercados-victoria-y-j-jesus-gonzalez-ortega-en-silao\/#primaryimage","url":"https:\/\/kuali.com.mx\/web\/wp-content\/uploads\/2024\/07\/Obras-mercado-Silao.gif","contentUrl":"https:\/\/kuali.com.mx\/web\/wp-content\/uploads\/2024\/07\/Obras-mercado-Silao.gif","width":1700,"height":750},{"@type":"BreadcrumbList","@id":"https:\/\/kuali.com.mx\/web\/2024\/07\/26\/mejoran-mercados-victoria-y-j-jesus-gonzalez-ortega-en-silao\/#breadcrumb","itemListElement":[{"@type":"ListItem","position":1,"name":"Inicio","item":"https:\/\/kuali.com.mx\/web\/"},{"@type":"ListItem","position":2,"name":"MEJORAN MERCADOS VICTORIA Y J. JES\u00daS GONZ\u00c1LEZ ORTEGA EN SILAO"}]},{"@type":"WebSite","@id":"https:\/\/kuali.com.mx\/web\/#website","url":"https:\/\/kuali.com.mx\/web\/","name":"Kuali","description":"","potentialAction":[{"@type":"SearchAction","target":{"@type":"EntryPoint","urlTemplate":"https:\/\/kuali.com.mx\/web\/?s={search_term_string}"},"query-input":{"@type":"PropertyValueSpecification","valueRequired":true,"valueName":"search_term_string"}}],"inLanguage":"es"},{"@type":"Person","@id":"https:\/\/kuali.com.mx\/web\/#\/schema\/person\/6f89ffa8ecba9dae50662357923c5289","name":"Kuali Staff","image":{"@type":"ImageObject","inLanguage":"es","@id":"https:\/\/secure.gravatar.com\/avatar\/f917ad82e5ab71227a733c78b6e60715476f69ee6be59feee4eb5d9920c89e0f?s=96&d=mm&r=g","url":"https:\/\/secure.gravatar.com\/avatar\/f917ad82e5ab71227a733c78b6e60715476f69ee6be59feee4eb5d9920c89e0f?s=96&d=mm&r=g","contentUrl":"https:\/\/secure.gravatar.com\/avatar\/f917ad82e5ab71227a733c78b6e60715476f69ee6be59feee4eb5d9920c89e0f?s=96&d=mm&r=g","caption":"Kuali Staff"},"url":"https:\/\/kuali.com.mx\/web\/author\/lagarto\/"}]}},"_links":{"self":[{"href":"https:\/\/kuali.com.mx\/web\/wp-json\/wp\/v2\/posts\/149836","targetHints":{"allow":["GET"]}}],"collection":[{"href":"https:\/\/kuali.com.mx\/web\/wp-json\/wp\/v2\/posts"}],"about":[{"href":"https:\/\/kuali.com.mx\/web\/wp-json\/wp\/v2\/types\/post"}],"author":[{"embeddable":true,"href":"https:\/\/kuali.com.mx\/web\/wp-json\/wp\/v2\/users\/2"}],"replies":[{"embeddable":true,"href":"https:\/\/kuali.com.mx\/web\/wp-json\/wp\/v2\/comments?post=149836"}],"version-history":[{"count":2,"href":"https:\/\/kuali.com.mx\/web\/wp-json\/wp\/v2\/posts\/149836\/revisions"}],"predecessor-version":[{"id":149842,"href":"https:\/\/kuali.com.mx\/web\/wp-json\/wp\/v2\/posts\/149836\/revisions\/149842"}],"wp:featuredmedia":[{"embeddable":true,"href":"https:\/\/kuali.com.mx\/web\/wp-json\/wp\/v2\/media\/149839"}],"wp:attachment":[{"href":"https:\/\/kuali.com.mx\/web\/wp-json\/wp\/v2\/media?parent=149836"}],"wp:term":[{"taxonomy":"category","embeddable":true,"href":"https:\/\/kuali.com.mx\/web\/wp-json\/wp\/v2\/categories?post=149836"},{"taxonomy":"post_tag","embeddable":true,"href":"https:\/\/kuali.com.mx\/web\/wp-json\/wp\/v2\/tags?post=149836"}],"curies":[{"name":"wp","href":"https:\/\/api.w.org\/{rel}","templated":true}]}}