{"id":149758,"date":"2024-07-25T12:32:41","date_gmt":"2024-07-25T18:32:41","guid":{"rendered":"https:\/\/kuali.com.mx\/web\/?p=149758"},"modified":"2024-07-25T14:20:33","modified_gmt":"2024-07-25T20:20:33","slug":"karol-guerrero-es-seleccionado-nacional-de-mexico-sub-13","status":"publish","type":"post","link":"https:\/\/kuali.com.mx\/web\/2024\/07\/25\/karol-guerrero-es-seleccionado-nacional-de-mexico-sub-13\/","title":{"rendered":"KAROL GUERRERO ES SELECCIONADO NACIONAL DE M\u00c9XICO SUB 13"},"content":{"rendered":"\n<p><strong>Kuali\/Pur\u00edsima del Rinc\u00f3n, Gto.-<\/strong> El joven Karol Josimar Guerrero Mesillas fue convocado a ser parte de la Selecci\u00f3n Nacional de M\u00e9xico Sub 13.<\/p>\n\n\n\n<p>El presidente municipal de Pur\u00edsima del Rinc\u00f3n, Roberto Garc\u00eda Urbano, entreg\u00f3 un reconocimiento al futbolista, a quien dijo conocer desde hace tiempo en el campo de juego pues han coincidido cuando lleva a jugar a su hijo. <\/p>\n\n\n\n<p>\"La disciplina de Karol, es igualmente de agradecerse a sus pap\u00e1s, quienes sin duda lo han apoyado y hoy est\u00e1 convertido en un talento que ha dado frutos\", dijo el alcalde.<\/p>\n\n\n\n<p>Karol Josimar, quien en un futuro desea verse en la cancha como Lionel Messi, ha jugado desde su infancia, ahora en la adolescencia, y ser convocado a la Sub13 representa ver cumplido uno de sus sue\u00f1os Gabriela, la mam\u00e1 de Karol, agradeci\u00f3 la atenci\u00f3n de Roberto Garc\u00eda Urbano, y pidi\u00f3 que la cercan\u00eda se mantenga presente, pues el respaldo, tanto del Presidente como de COMUDE a trav\u00e9s de Jacob Hern\u00e1ndez Coronado, director del \u00e1rea, son aportaci\u00f3n importante para lograr la formaci\u00f3n de su hijo, que ha implicado el poderle llevar a distintos lugares.<\/p>\n\n\n\n<p>El hecho que el Municipio, a trav\u00e9s de COMUDE, acerque la presencia de visores, ha sido fundamental para que los ni\u00f1os puedan presentar sus habilidades de manera m\u00e1s efectiva.<\/p>\n\n\n\n<p>\u201cLa educaci\u00f3n que Karol recibe en casa, la complementa en las aulas e instituciones que le han apoyado en su formaci\u00f3n. S\u00e9 que tu mejor reconocimiento es la carta de convocatoria a la Selecci\u00f3n Sub13, pero el Municipio igualmente te reconoce\u2026 tus ra\u00edces lo dicen todo. Has sido recio, guerrero para alcanzar cada sue\u00f1o. Tu concentraci\u00f3n muestra m\u00e1s que talento, disciplina, ejemplo y trayectoria\", destac\u00f3 el alcalde.<\/p>\n\n\n\n<p>\u201cFormado en los inicios con COMUDE Pur\u00edsima del Rinc\u00f3n, la escuela primera te reconoce y felicita. Estamos orgullosos de levantarte y decir que eres de Pur\u00edsima del Rinc\u00f3n y trasciendes al f\u00fatbol nacional e internacional\u201d, ley\u00f3 de su reconocimiento.<\/p>\n\n\n\n<p>Finalmente, Roberto Garc\u00eda coment\u00f3 que Karol ha hecho un buen papel y seguir\u00e1 poniendo ejemplo, \"as\u00ed que hay mucho para sentirse orgullosos, como el que el Municipio siga impulsando talentos\".<\/p>\n","protected":false},"excerpt":{"rendered":"Kuali\/Pur\u00edsima del Rinc\u00f3n, Gto.- El joven Karol Josimar Guerrero Mesillas fue convocado a ser parte de la Selecci\u00f3n Nacional de M\u00e9xico Sub 13. El presidente municipal de Pur\u00edsima del Rinc\u00f3n, Roberto Garc\u00eda Urbano, entreg\u00f3 un reconocimiento al futbolista, a quien dijo conocer desde hace tiempo en el campo de juego pues han coincidido cuando lleva [&hellip;]","protected":false},"author":2,"featured_media":149761,"comment_status":"open","ping_status":"open","sticky":false,"template":"","format":"standard","meta":{"_seopress_robots_primary_cat":"none","_seopress_titles_title":"","_seopress_titles_desc":"","_seopress_robots_index":"","_monsterinsights_skip_tracking":false,"_monsterinsights_sitenote_active":false,"_monsterinsights_sitenote_note":"","_monsterinsights_sitenote_category":0,"footnotes":""},"categories":[16],"tags":[175,172,4161,1115],"class_list":["post-149758","post","type-post","status-publish","format-standard","has-post-thumbnail","hentry","category-deportes","tag-deportes","tag-futbol","tag-karol-josimar-guerrero","tag-purisima-del-rincon"],"yoast_head":"<!-- This site is optimized with the Yoast SEO plugin v27.4 - https:\/\/yoast.com\/product\/yoast-seo-wordpress\/ -->\n<title>KAROL GUERRERO ES SELECCIONADO NACIONAL DE M\u00c9XICO SUB 13 - Kuali<\/title>\n<meta name=\"robots\" content=\"index, follow, max-snippet:-1, max-image-preview:large, max-video-preview:-1\" \/>\n<link rel=\"canonical\" href=\"https:\/\/kuali.com.mx\/web\/2024\/07\/25\/karol-guerrero-es-seleccionado-nacional-de-mexico-sub-13\/\" \/>\n<meta property=\"og:locale\" content=\"es_MX\" \/>\n<meta property=\"og:type\" content=\"article\" \/>\n<meta property=\"og:title\" content=\"KAROL GUERRERO ES SELECCIONADO NACIONAL DE M\u00c9XICO SUB 13 - Kuali\" \/>\n<meta property=\"og:description\" content=\"Kuali\/Pur\u00edsima del Rinc\u00f3n, Gto.- El joven Karol Josimar Guerrero Mesillas fue convocado a ser parte de la Selecci\u00f3n Nacional de M\u00e9xico Sub 13. El presidente municipal de Pur\u00edsima del Rinc\u00f3n, Roberto Garc\u00eda Urbano, entreg\u00f3 un reconocimiento al futbolista, a quien dijo conocer desde hace tiempo en el campo de juego pues han coincidido cuando lleva [&hellip;]\" \/>\n<meta property=\"og:url\" content=\"https:\/\/kuali.com.mx\/web\/2024\/07\/25\/karol-guerrero-es-seleccionado-nacional-de-mexico-sub-13\/\" \/>\n<meta property=\"og:site_name\" content=\"Kuali\" \/>\n<meta property=\"article:publisher\" content=\"https:\/\/kuali.com.mx\/web\/wp-content\/uploads\/2018\/04\/cropped-kuali_logo-1-1.png\" \/>\n<meta property=\"article:published_time\" content=\"2024-07-25T18:32:41+00:00\" \/>\n<meta property=\"article:modified_time\" content=\"2024-07-25T20:20:33+00:00\" \/>\n<meta property=\"og:image\" content=\"https:\/\/kuali.com.mx\/web\/wp-content\/uploads\/2024\/07\/Reconocimiento-Purisima.gif\" \/>\n\t<meta property=\"og:image:width\" content=\"1700\" \/>\n\t<meta property=\"og:image:height\" content=\"750\" \/>\n\t<meta property=\"og:image:type\" content=\"image\/gif\" \/>\n<meta name=\"author\" content=\"Kuali Staff\" \/>\n<meta name=\"twitter:card\" content=\"summary_large_image\" \/>\n<meta name=\"twitter:creator\" content=\"@kuali_noticias\" \/>\n<meta name=\"twitter:site\" content=\"@kuali_noticias\" \/>\n<meta name=\"twitter:label1\" content=\"Escrito por\" \/>\n\t<meta name=\"twitter:data1\" content=\"Kuali Staff\" \/>\n\t<meta name=\"twitter:label2\" content=\"Tiempo de lectura\" \/>\n\t<meta name=\"twitter:data2\" content=\"2 minutos\" \/>\n<script type=\"application\/ld+json\" class=\"yoast-schema-graph\">{\"@context\":\"https:\\\/\\\/schema.org\",\"@graph\":[{\"@type\":\"Article\",\"@id\":\"https:\\\/\\\/kuali.com.mx\\\/web\\\/2024\\\/07\\\/25\\\/karol-guerrero-es-seleccionado-nacional-de-mexico-sub-13\\\/#article\",\"isPartOf\":{\"@id\":\"https:\\\/\\\/kuali.com.mx\\\/web\\\/2024\\\/07\\\/25\\\/karol-guerrero-es-seleccionado-nacional-de-mexico-sub-13\\\/\"},\"author\":{\"name\":\"Kuali Staff\",\"@id\":\"https:\\\/\\\/kuali.com.mx\\\/web\\\/#\\\/schema\\\/person\\\/6f89ffa8ecba9dae50662357923c5289\"},\"headline\":\"KAROL GUERRERO ES SELECCIONADO NACIONAL DE M\u00c9XICO SUB 13\",\"datePublished\":\"2024-07-25T18:32:41+00:00\",\"dateModified\":\"2024-07-25T20:20:33+00:00\",\"mainEntityOfPage\":{\"@id\":\"https:\\\/\\\/kuali.com.mx\\\/web\\\/2024\\\/07\\\/25\\\/karol-guerrero-es-seleccionado-nacional-de-mexico-sub-13\\\/\"},\"wordCount\":391,\"commentCount\":0,\"image\":{\"@id\":\"https:\\\/\\\/kuali.com.mx\\\/web\\\/2024\\\/07\\\/25\\\/karol-guerrero-es-seleccionado-nacional-de-mexico-sub-13\\\/#primaryimage\"},\"thumbnailUrl\":\"https:\\\/\\\/kuali.com.mx\\\/web\\\/wp-content\\\/uploads\\\/2024\\\/07\\\/Reconocimiento-Purisima.gif\",\"keywords\":[\"Deportes\",\"Futbol\",\"Karol Josimar Guerrero\",\"Pur\u00edsima del Rinc\u00f3n\"],\"articleSection\":[\"Deportes\"],\"inLanguage\":\"es\",\"potentialAction\":[{\"@type\":\"CommentAction\",\"name\":\"Comment\",\"target\":[\"https:\\\/\\\/kuali.com.mx\\\/web\\\/2024\\\/07\\\/25\\\/karol-guerrero-es-seleccionado-nacional-de-mexico-sub-13\\\/#respond\"]}]},{\"@type\":\"WebPage\",\"@id\":\"https:\\\/\\\/kuali.com.mx\\\/web\\\/2024\\\/07\\\/25\\\/karol-guerrero-es-seleccionado-nacional-de-mexico-sub-13\\\/\",\"url\":\"https:\\\/\\\/kuali.com.mx\\\/web\\\/2024\\\/07\\\/25\\\/karol-guerrero-es-seleccionado-nacional-de-mexico-sub-13\\\/\",\"name\":\"KAROL GUERRERO ES SELECCIONADO NACIONAL DE M\u00c9XICO SUB 13 - Kuali\",\"isPartOf\":{\"@id\":\"https:\\\/\\\/kuali.com.mx\\\/web\\\/#website\"},\"primaryImageOfPage\":{\"@id\":\"https:\\\/\\\/kuali.com.mx\\\/web\\\/2024\\\/07\\\/25\\\/karol-guerrero-es-seleccionado-nacional-de-mexico-sub-13\\\/#primaryimage\"},\"image\":{\"@id\":\"https:\\\/\\\/kuali.com.mx\\\/web\\\/2024\\\/07\\\/25\\\/karol-guerrero-es-seleccionado-nacional-de-mexico-sub-13\\\/#primaryimage\"},\"thumbnailUrl\":\"https:\\\/\\\/kuali.com.mx\\\/web\\\/wp-content\\\/uploads\\\/2024\\\/07\\\/Reconocimiento-Purisima.gif\",\"datePublished\":\"2024-07-25T18:32:41+00:00\",\"dateModified\":\"2024-07-25T20:20:33+00:00\",\"author\":{\"@id\":\"https:\\\/\\\/kuali.com.mx\\\/web\\\/#\\\/schema\\\/person\\\/6f89ffa8ecba9dae50662357923c5289\"},\"breadcrumb\":{\"@id\":\"https:\\\/\\\/kuali.com.mx\\\/web\\\/2024\\\/07\\\/25\\\/karol-guerrero-es-seleccionado-nacional-de-mexico-sub-13\\\/#breadcrumb\"},\"inLanguage\":\"es\",\"potentialAction\":[{\"@type\":\"ReadAction\",\"target\":[\"https:\\\/\\\/kuali.com.mx\\\/web\\\/2024\\\/07\\\/25\\\/karol-guerrero-es-seleccionado-nacional-de-mexico-sub-13\\\/\"]}]},{\"@type\":\"ImageObject\",\"inLanguage\":\"es\",\"@id\":\"https:\\\/\\\/kuali.com.mx\\\/web\\\/2024\\\/07\\\/25\\\/karol-guerrero-es-seleccionado-nacional-de-mexico-sub-13\\\/#primaryimage\",\"url\":\"https:\\\/\\\/kuali.com.mx\\\/web\\\/wp-content\\\/uploads\\\/2024\\\/07\\\/Reconocimiento-Purisima.gif\",\"contentUrl\":\"https:\\\/\\\/kuali.com.mx\\\/web\\\/wp-content\\\/uploads\\\/2024\\\/07\\\/Reconocimiento-Purisima.gif\",\"width\":1700,\"height\":750},{\"@type\":\"BreadcrumbList\",\"@id\":\"https:\\\/\\\/kuali.com.mx\\\/web\\\/2024\\\/07\\\/25\\\/karol-guerrero-es-seleccionado-nacional-de-mexico-sub-13\\\/#breadcrumb\",\"itemListElement\":[{\"@type\":\"ListItem\",\"position\":1,\"name\":\"Inicio\",\"item\":\"https:\\\/\\\/kuali.com.mx\\\/web\\\/\"},{\"@type\":\"ListItem\",\"position\":2,\"name\":\"KAROL GUERRERO ES SELECCIONADO NACIONAL DE M\u00c9XICO SUB 13\"}]},{\"@type\":\"WebSite\",\"@id\":\"https:\\\/\\\/kuali.com.mx\\\/web\\\/#website\",\"url\":\"https:\\\/\\\/kuali.com.mx\\\/web\\\/\",\"name\":\"Kuali\",\"description\":\"\",\"potentialAction\":[{\"@type\":\"SearchAction\",\"target\":{\"@type\":\"EntryPoint\",\"urlTemplate\":\"https:\\\/\\\/kuali.com.mx\\\/web\\\/?s={search_term_string}\"},\"query-input\":{\"@type\":\"PropertyValueSpecification\",\"valueRequired\":true,\"valueName\":\"search_term_string\"}}],\"inLanguage\":\"es\"},{\"@type\":\"Person\",\"@id\":\"https:\\\/\\\/kuali.com.mx\\\/web\\\/#\\\/schema\\\/person\\\/6f89ffa8ecba9dae50662357923c5289\",\"name\":\"Kuali Staff\",\"image\":{\"@type\":\"ImageObject\",\"inLanguage\":\"es\",\"@id\":\"https:\\\/\\\/secure.gravatar.com\\\/avatar\\\/f917ad82e5ab71227a733c78b6e60715476f69ee6be59feee4eb5d9920c89e0f?s=96&d=mm&r=g\",\"url\":\"https:\\\/\\\/secure.gravatar.com\\\/avatar\\\/f917ad82e5ab71227a733c78b6e60715476f69ee6be59feee4eb5d9920c89e0f?s=96&d=mm&r=g\",\"contentUrl\":\"https:\\\/\\\/secure.gravatar.com\\\/avatar\\\/f917ad82e5ab71227a733c78b6e60715476f69ee6be59feee4eb5d9920c89e0f?s=96&d=mm&r=g\",\"caption\":\"Kuali Staff\"},\"url\":\"https:\\\/\\\/kuali.com.mx\\\/web\\\/author\\\/lagarto\\\/\"}]}<\/script>\n<!-- \/ Yoast SEO plugin. -->","yoast_head_json":{"title":"KAROL GUERRERO ES SELECCIONADO NACIONAL DE M\u00c9XICO SUB 13 - Kuali","robots":{"index":"index","follow":"follow","max-snippet":"max-snippet:-1","max-image-preview":"max-image-preview:large","max-video-preview":"max-video-preview:-1"},"canonical":"https:\/\/kuali.com.mx\/web\/2024\/07\/25\/karol-guerrero-es-seleccionado-nacional-de-mexico-sub-13\/","og_locale":"es_MX","og_type":"article","og_title":"KAROL GUERRERO ES SELECCIONADO NACIONAL DE M\u00c9XICO SUB 13 - Kuali","og_description":"Kuali\/Pur\u00edsima del Rinc\u00f3n, Gto.- El joven Karol Josimar Guerrero Mesillas fue convocado a ser parte de la Selecci\u00f3n Nacional de M\u00e9xico Sub 13. El presidente municipal de Pur\u00edsima del Rinc\u00f3n, Roberto Garc\u00eda Urbano, entreg\u00f3 un reconocimiento al futbolista, a quien dijo conocer desde hace tiempo en el campo de juego pues han coincidido cuando lleva [&hellip;]","og_url":"https:\/\/kuali.com.mx\/web\/2024\/07\/25\/karol-guerrero-es-seleccionado-nacional-de-mexico-sub-13\/","og_site_name":"Kuali","article_publisher":"https:\/\/kuali.com.mx\/web\/wp-content\/uploads\/2018\/04\/cropped-kuali_logo-1-1.png","article_published_time":"2024-07-25T18:32:41+00:00","article_modified_time":"2024-07-25T20:20:33+00:00","og_image":[{"width":1700,"height":750,"url":"https:\/\/kuali.com.mx\/web\/wp-content\/uploads\/2024\/07\/Reconocimiento-Purisima.gif","type":"image\/gif"}],"author":"Kuali Staff","twitter_card":"summary_large_image","twitter_creator":"@kuali_noticias","twitter_site":"@kuali_noticias","twitter_misc":{"Escrito por":"Kuali Staff","Tiempo de lectura":"2 minutos"},"schema":{"@context":"https:\/\/schema.org","@graph":[{"@type":"Article","@id":"https:\/\/kuali.com.mx\/web\/2024\/07\/25\/karol-guerrero-es-seleccionado-nacional-de-mexico-sub-13\/#article","isPartOf":{"@id":"https:\/\/kuali.com.mx\/web\/2024\/07\/25\/karol-guerrero-es-seleccionado-nacional-de-mexico-sub-13\/"},"author":{"name":"Kuali Staff","@id":"https:\/\/kuali.com.mx\/web\/#\/schema\/person\/6f89ffa8ecba9dae50662357923c5289"},"headline":"KAROL GUERRERO ES SELECCIONADO NACIONAL DE M\u00c9XICO SUB 13","datePublished":"2024-07-25T18:32:41+00:00","dateModified":"2024-07-25T20:20:33+00:00","mainEntityOfPage":{"@id":"https:\/\/kuali.com.mx\/web\/2024\/07\/25\/karol-guerrero-es-seleccionado-nacional-de-mexico-sub-13\/"},"wordCount":391,"commentCount":0,"image":{"@id":"https:\/\/kuali.com.mx\/web\/2024\/07\/25\/karol-guerrero-es-seleccionado-nacional-de-mexico-sub-13\/#primaryimage"},"thumbnailUrl":"https:\/\/kuali.com.mx\/web\/wp-content\/uploads\/2024\/07\/Reconocimiento-Purisima.gif","keywords":["Deportes","Futbol","Karol Josimar Guerrero","Pur\u00edsima del Rinc\u00f3n"],"articleSection":["Deportes"],"inLanguage":"es","potentialAction":[{"@type":"CommentAction","name":"Comment","target":["https:\/\/kuali.com.mx\/web\/2024\/07\/25\/karol-guerrero-es-seleccionado-nacional-de-mexico-sub-13\/#respond"]}]},{"@type":"WebPage","@id":"https:\/\/kuali.com.mx\/web\/2024\/07\/25\/karol-guerrero-es-seleccionado-nacional-de-mexico-sub-13\/","url":"https:\/\/kuali.com.mx\/web\/2024\/07\/25\/karol-guerrero-es-seleccionado-nacional-de-mexico-sub-13\/","name":"KAROL GUERRERO ES SELECCIONADO NACIONAL DE M\u00c9XICO SUB 13 - Kuali","isPartOf":{"@id":"https:\/\/kuali.com.mx\/web\/#website"},"primaryImageOfPage":{"@id":"https:\/\/kuali.com.mx\/web\/2024\/07\/25\/karol-guerrero-es-seleccionado-nacional-de-mexico-sub-13\/#primaryimage"},"image":{"@id":"https:\/\/kuali.com.mx\/web\/2024\/07\/25\/karol-guerrero-es-seleccionado-nacional-de-mexico-sub-13\/#primaryimage"},"thumbnailUrl":"https:\/\/kuali.com.mx\/web\/wp-content\/uploads\/2024\/07\/Reconocimiento-Purisima.gif","datePublished":"2024-07-25T18:32:41+00:00","dateModified":"2024-07-25T20:20:33+00:00","author":{"@id":"https:\/\/kuali.com.mx\/web\/#\/schema\/person\/6f89ffa8ecba9dae50662357923c5289"},"breadcrumb":{"@id":"https:\/\/kuali.com.mx\/web\/2024\/07\/25\/karol-guerrero-es-seleccionado-nacional-de-mexico-sub-13\/#breadcrumb"},"inLanguage":"es","potentialAction":[{"@type":"ReadAction","target":["https:\/\/kuali.com.mx\/web\/2024\/07\/25\/karol-guerrero-es-seleccionado-nacional-de-mexico-sub-13\/"]}]},{"@type":"ImageObject","inLanguage":"es","@id":"https:\/\/kuali.com.mx\/web\/2024\/07\/25\/karol-guerrero-es-seleccionado-nacional-de-mexico-sub-13\/#primaryimage","url":"https:\/\/kuali.com.mx\/web\/wp-content\/uploads\/2024\/07\/Reconocimiento-Purisima.gif","contentUrl":"https:\/\/kuali.com.mx\/web\/wp-content\/uploads\/2024\/07\/Reconocimiento-Purisima.gif","width":1700,"height":750},{"@type":"BreadcrumbList","@id":"https:\/\/kuali.com.mx\/web\/2024\/07\/25\/karol-guerrero-es-seleccionado-nacional-de-mexico-sub-13\/#breadcrumb","itemListElement":[{"@type":"ListItem","position":1,"name":"Inicio","item":"https:\/\/kuali.com.mx\/web\/"},{"@type":"ListItem","position":2,"name":"KAROL GUERRERO ES SELECCIONADO NACIONAL DE M\u00c9XICO SUB 13"}]},{"@type":"WebSite","@id":"https:\/\/kuali.com.mx\/web\/#website","url":"https:\/\/kuali.com.mx\/web\/","name":"Kuali","description":"","potentialAction":[{"@type":"SearchAction","target":{"@type":"EntryPoint","urlTemplate":"https:\/\/kuali.com.mx\/web\/?s={search_term_string}"},"query-input":{"@type":"PropertyValueSpecification","valueRequired":true,"valueName":"search_term_string"}}],"inLanguage":"es"},{"@type":"Person","@id":"https:\/\/kuali.com.mx\/web\/#\/schema\/person\/6f89ffa8ecba9dae50662357923c5289","name":"Kuali Staff","image":{"@type":"ImageObject","inLanguage":"es","@id":"https:\/\/secure.gravatar.com\/avatar\/f917ad82e5ab71227a733c78b6e60715476f69ee6be59feee4eb5d9920c89e0f?s=96&d=mm&r=g","url":"https:\/\/secure.gravatar.com\/avatar\/f917ad82e5ab71227a733c78b6e60715476f69ee6be59feee4eb5d9920c89e0f?s=96&d=mm&r=g","contentUrl":"https:\/\/secure.gravatar.com\/avatar\/f917ad82e5ab71227a733c78b6e60715476f69ee6be59feee4eb5d9920c89e0f?s=96&d=mm&r=g","caption":"Kuali Staff"},"url":"https:\/\/kuali.com.mx\/web\/author\/lagarto\/"}]}},"_links":{"self":[{"href":"https:\/\/kuali.com.mx\/web\/wp-json\/wp\/v2\/posts\/149758","targetHints":{"allow":["GET"]}}],"collection":[{"href":"https:\/\/kuali.com.mx\/web\/wp-json\/wp\/v2\/posts"}],"about":[{"href":"https:\/\/kuali.com.mx\/web\/wp-json\/wp\/v2\/types\/post"}],"author":[{"embeddable":true,"href":"https:\/\/kuali.com.mx\/web\/wp-json\/wp\/v2\/users\/2"}],"replies":[{"embeddable":true,"href":"https:\/\/kuali.com.mx\/web\/wp-json\/wp\/v2\/comments?post=149758"}],"version-history":[{"count":1,"href":"https:\/\/kuali.com.mx\/web\/wp-json\/wp\/v2\/posts\/149758\/revisions"}],"predecessor-version":[{"id":149762,"href":"https:\/\/kuali.com.mx\/web\/wp-json\/wp\/v2\/posts\/149758\/revisions\/149762"}],"wp:featuredmedia":[{"embeddable":true,"href":"https:\/\/kuali.com.mx\/web\/wp-json\/wp\/v2\/media\/149761"}],"wp:attachment":[{"href":"https:\/\/kuali.com.mx\/web\/wp-json\/wp\/v2\/media?parent=149758"}],"wp:term":[{"taxonomy":"category","embeddable":true,"href":"https:\/\/kuali.com.mx\/web\/wp-json\/wp\/v2\/categories?post=149758"},{"taxonomy":"post_tag","embeddable":true,"href":"https:\/\/kuali.com.mx\/web\/wp-json\/wp\/v2\/tags?post=149758"}],"curies":[{"name":"wp","href":"https:\/\/api.w.org\/{rel}","templated":true}]}}