{"id":149669,"date":"2024-07-24T20:16:37","date_gmt":"2024-07-25T02:16:37","guid":{"rendered":"https:\/\/kuali.com.mx\/web\/?p=149669"},"modified":"2024-07-24T20:16:38","modified_gmt":"2024-07-25T02:16:38","slug":"pescadores-de-la-presa-el-palote-tienen-la-esperanza-de-recuperar-su-trabajo","status":"publish","type":"post","link":"https:\/\/kuali.com.mx\/web\/2024\/07\/24\/pescadores-de-la-presa-el-palote-tienen-la-esperanza-de-recuperar-su-trabajo\/","title":{"rendered":"PESCADORES DE LA PRESA EL PALOTE TIENEN LA ESPERANZA DE RECUPERAR SU TRABAJO"},"content":{"rendered":"\n<p><strong>Milagros Tadeo\/Le\u00f3n, Gto.-\u00a0<\/strong>El presidente de la asociaci\u00f3n de Pescadores y Palaperos de la presa El Palote, Rafael Paniagua Almanza, se\u00f1al\u00f3 que esperan regresar a pescar en el corto plazo, ante el inicio de la temporada de lluvias y la captaci\u00f3n de agua en dicho sistema de captaci\u00f3n.<\/p>\n\n\n\n<p>Se\u00f1al\u00f3 que ya son m\u00e1s de dos meses de que se quedaron sin trabajo derivado de que la presa se qued\u00f3 sin agua, lo que los llev\u00f3 a tener que dedicarse a otra actividad para poder subsistir.<\/p>\n\n\n\n<p>\u201cAhorita es muy prematuro, ahorita lo que tenemos es que ya est\u00e1 lloviendo pero el nivel de la presa pues en realidad est\u00e1 muy por debajo en relaci\u00f3n de otros embalses que s\u00ed han captado m\u00e1s agua, aqu\u00ed el Palote est\u00e1 muy por debajo, entonces es un proceso; primero que capte el agua suficiente y despu\u00e9s el proceso de sembrarle porque se qued\u00f3 en cero\u201d, relat\u00f3.<\/p>\n\n\n\n<p>Detall\u00f3 que los 120 pescadores que se quedaron sin trabajo ante la sequ\u00eda siguen gan\u00e1ndose la vida a trav\u00e9s de los proyectos productivos que les ayud\u00f3 a impulsar el gobierno municipal.<\/p>\n\n\n\n<p>\u201cHubo compa\u00f1eros que solicitaron parrillas para elaborar hot dogs, hamburguesas, otros alitas, otros equipos de conservaci\u00f3n de alimentos, otros nos estamos dedicando a comprar pescado fresco de otros lugares y a conservarlo en el equipo que fue proporcionado, hay vamos al pacito\u201d, refiri\u00f3.<\/p>\n\n\n\n<p>Paniagua Almanza refiri\u00f3 que el dejar de pescar represent\u00f3 un gran da\u00f1o a las familias de los 120 pescadores.&nbsp;<\/p>\n","protected":false},"excerpt":{"rendered":"Milagros Tadeo\/Le\u00f3n, Gto.-\u00a0El presidente de la asociaci\u00f3n de Pescadores y Palaperos de la presa El Palote, Rafael Paniagua Almanza, se\u00f1al\u00f3 que esperan regresar a pescar en el corto plazo, ante el inicio de la temporada de lluvias y la captaci\u00f3n de agua en dicho sistema de captaci\u00f3n. Se\u00f1al\u00f3 que ya son m\u00e1s de dos meses [&hellip;]","protected":false},"author":2,"featured_media":148657,"comment_status":"open","ping_status":"open","sticky":false,"template":"","format":"standard","meta":{"_seopress_robots_primary_cat":"none","_seopress_titles_title":"","_seopress_titles_desc":"","_seopress_robots_index":"","_monsterinsights_skip_tracking":false,"_monsterinsights_sitenote_active":false,"_monsterinsights_sitenote_note":"","_monsterinsights_sitenote_category":0,"footnotes":""},"categories":[3],"tags":[4157,4155,4156,2471,190],"class_list":["post-149669","post","type-post","status-publish","format-standard","has-post-thumbnail","hentry","category-politica","tag-leon-4","tag-eonomia","tag-pescadores","tag-presa-el-palote","tag-sequia"],"yoast_head":"<!-- This site is optimized with the Yoast SEO plugin v27.4 - https:\/\/yoast.com\/product\/yoast-seo-wordpress\/ -->\n<title>PESCADORES DE LA PRESA EL PALOTE TIENEN LA ESPERANZA DE RECUPERAR SU TRABAJO - Kuali<\/title>\n<meta name=\"robots\" content=\"index, follow, max-snippet:-1, max-image-preview:large, max-video-preview:-1\" \/>\n<link rel=\"canonical\" href=\"https:\/\/kuali.com.mx\/web\/2024\/07\/24\/pescadores-de-la-presa-el-palote-tienen-la-esperanza-de-recuperar-su-trabajo\/\" \/>\n<meta property=\"og:locale\" content=\"es_MX\" \/>\n<meta property=\"og:type\" content=\"article\" \/>\n<meta property=\"og:title\" content=\"PESCADORES DE LA PRESA EL PALOTE TIENEN LA ESPERANZA DE RECUPERAR SU TRABAJO - Kuali\" \/>\n<meta property=\"og:description\" content=\"Milagros Tadeo\/Le\u00f3n, Gto.-\u00a0El presidente de la asociaci\u00f3n de Pescadores y Palaperos de la presa El Palote, Rafael Paniagua Almanza, se\u00f1al\u00f3 que esperan regresar a pescar en el corto plazo, ante el inicio de la temporada de lluvias y la captaci\u00f3n de agua en dicho sistema de captaci\u00f3n. Se\u00f1al\u00f3 que ya son m\u00e1s de dos meses [&hellip;]\" \/>\n<meta property=\"og:url\" content=\"https:\/\/kuali.com.mx\/web\/2024\/07\/24\/pescadores-de-la-presa-el-palote-tienen-la-esperanza-de-recuperar-su-trabajo\/\" \/>\n<meta property=\"og:site_name\" content=\"Kuali\" \/>\n<meta property=\"article:publisher\" content=\"https:\/\/kuali.com.mx\/web\/wp-content\/uploads\/2018\/04\/cropped-kuali_logo-1-1.png\" \/>\n<meta property=\"article:published_time\" content=\"2024-07-25T02:16:37+00:00\" \/>\n<meta property=\"article:modified_time\" content=\"2024-07-25T02:16:38+00:00\" \/>\n<meta property=\"og:image\" content=\"https:\/\/kuali.com.mx\/web\/wp-content\/uploads\/2024\/07\/Presa-Palote-3.jpg\" \/>\n\t<meta property=\"og:image:width\" content=\"1860\" \/>\n\t<meta property=\"og:image:height\" content=\"750\" \/>\n\t<meta property=\"og:image:type\" content=\"image\/jpeg\" \/>\n<meta name=\"author\" content=\"Kuali Staff\" \/>\n<meta name=\"twitter:card\" content=\"summary_large_image\" \/>\n<meta name=\"twitter:creator\" content=\"@kuali_noticias\" \/>\n<meta name=\"twitter:site\" content=\"@kuali_noticias\" \/>\n<meta name=\"twitter:label1\" content=\"Escrito por\" \/>\n\t<meta name=\"twitter:data1\" content=\"Kuali Staff\" \/>\n\t<meta name=\"twitter:label2\" content=\"Tiempo de lectura\" \/>\n\t<meta name=\"twitter:data2\" content=\"1 minuto\" \/>\n<script type=\"application\/ld+json\" class=\"yoast-schema-graph\">{\"@context\":\"https:\\\/\\\/schema.org\",\"@graph\":[{\"@type\":\"Article\",\"@id\":\"https:\\\/\\\/kuali.com.mx\\\/web\\\/2024\\\/07\\\/24\\\/pescadores-de-la-presa-el-palote-tienen-la-esperanza-de-recuperar-su-trabajo\\\/#article\",\"isPartOf\":{\"@id\":\"https:\\\/\\\/kuali.com.mx\\\/web\\\/2024\\\/07\\\/24\\\/pescadores-de-la-presa-el-palote-tienen-la-esperanza-de-recuperar-su-trabajo\\\/\"},\"author\":{\"name\":\"Kuali Staff\",\"@id\":\"https:\\\/\\\/kuali.com.mx\\\/web\\\/#\\\/schema\\\/person\\\/6f89ffa8ecba9dae50662357923c5289\"},\"headline\":\"PESCADORES DE LA PRESA EL PALOTE TIENEN LA ESPERANZA DE RECUPERAR SU TRABAJO\",\"datePublished\":\"2024-07-25T02:16:37+00:00\",\"dateModified\":\"2024-07-25T02:16:38+00:00\",\"mainEntityOfPage\":{\"@id\":\"https:\\\/\\\/kuali.com.mx\\\/web\\\/2024\\\/07\\\/24\\\/pescadores-de-la-presa-el-palote-tienen-la-esperanza-de-recuperar-su-trabajo\\\/\"},\"wordCount\":274,\"commentCount\":0,\"image\":{\"@id\":\"https:\\\/\\\/kuali.com.mx\\\/web\\\/2024\\\/07\\\/24\\\/pescadores-de-la-presa-el-palote-tienen-la-esperanza-de-recuperar-su-trabajo\\\/#primaryimage\"},\"thumbnailUrl\":\"https:\\\/\\\/kuali.com.mx\\\/web\\\/wp-content\\\/uploads\\\/2024\\\/07\\\/Presa-Palote-3.jpg\",\"keywords\":[\"&lt;le\u00f3n\",\"Eonom\u00eda\",\"Pescadores\",\"Presa El Palote\",\"Sequ\u00eda\"],\"articleSection\":[\"Pol\u00edtica\"],\"inLanguage\":\"es\",\"potentialAction\":[{\"@type\":\"CommentAction\",\"name\":\"Comment\",\"target\":[\"https:\\\/\\\/kuali.com.mx\\\/web\\\/2024\\\/07\\\/24\\\/pescadores-de-la-presa-el-palote-tienen-la-esperanza-de-recuperar-su-trabajo\\\/#respond\"]}]},{\"@type\":\"WebPage\",\"@id\":\"https:\\\/\\\/kuali.com.mx\\\/web\\\/2024\\\/07\\\/24\\\/pescadores-de-la-presa-el-palote-tienen-la-esperanza-de-recuperar-su-trabajo\\\/\",\"url\":\"https:\\\/\\\/kuali.com.mx\\\/web\\\/2024\\\/07\\\/24\\\/pescadores-de-la-presa-el-palote-tienen-la-esperanza-de-recuperar-su-trabajo\\\/\",\"name\":\"PESCADORES DE LA PRESA EL PALOTE TIENEN LA ESPERANZA DE RECUPERAR SU TRABAJO - Kuali\",\"isPartOf\":{\"@id\":\"https:\\\/\\\/kuali.com.mx\\\/web\\\/#website\"},\"primaryImageOfPage\":{\"@id\":\"https:\\\/\\\/kuali.com.mx\\\/web\\\/2024\\\/07\\\/24\\\/pescadores-de-la-presa-el-palote-tienen-la-esperanza-de-recuperar-su-trabajo\\\/#primaryimage\"},\"image\":{\"@id\":\"https:\\\/\\\/kuali.com.mx\\\/web\\\/2024\\\/07\\\/24\\\/pescadores-de-la-presa-el-palote-tienen-la-esperanza-de-recuperar-su-trabajo\\\/#primaryimage\"},\"thumbnailUrl\":\"https:\\\/\\\/kuali.com.mx\\\/web\\\/wp-content\\\/uploads\\\/2024\\\/07\\\/Presa-Palote-3.jpg\",\"datePublished\":\"2024-07-25T02:16:37+00:00\",\"dateModified\":\"2024-07-25T02:16:38+00:00\",\"author\":{\"@id\":\"https:\\\/\\\/kuali.com.mx\\\/web\\\/#\\\/schema\\\/person\\\/6f89ffa8ecba9dae50662357923c5289\"},\"breadcrumb\":{\"@id\":\"https:\\\/\\\/kuali.com.mx\\\/web\\\/2024\\\/07\\\/24\\\/pescadores-de-la-presa-el-palote-tienen-la-esperanza-de-recuperar-su-trabajo\\\/#breadcrumb\"},\"inLanguage\":\"es\",\"potentialAction\":[{\"@type\":\"ReadAction\",\"target\":[\"https:\\\/\\\/kuali.com.mx\\\/web\\\/2024\\\/07\\\/24\\\/pescadores-de-la-presa-el-palote-tienen-la-esperanza-de-recuperar-su-trabajo\\\/\"]}]},{\"@type\":\"ImageObject\",\"inLanguage\":\"es\",\"@id\":\"https:\\\/\\\/kuali.com.mx\\\/web\\\/2024\\\/07\\\/24\\\/pescadores-de-la-presa-el-palote-tienen-la-esperanza-de-recuperar-su-trabajo\\\/#primaryimage\",\"url\":\"https:\\\/\\\/kuali.com.mx\\\/web\\\/wp-content\\\/uploads\\\/2024\\\/07\\\/Presa-Palote-3.jpg\",\"contentUrl\":\"https:\\\/\\\/kuali.com.mx\\\/web\\\/wp-content\\\/uploads\\\/2024\\\/07\\\/Presa-Palote-3.jpg\",\"width\":1860,\"height\":750},{\"@type\":\"BreadcrumbList\",\"@id\":\"https:\\\/\\\/kuali.com.mx\\\/web\\\/2024\\\/07\\\/24\\\/pescadores-de-la-presa-el-palote-tienen-la-esperanza-de-recuperar-su-trabajo\\\/#breadcrumb\",\"itemListElement\":[{\"@type\":\"ListItem\",\"position\":1,\"name\":\"Inicio\",\"item\":\"https:\\\/\\\/kuali.com.mx\\\/web\\\/\"},{\"@type\":\"ListItem\",\"position\":2,\"name\":\"PESCADORES DE LA PRESA EL PALOTE TIENEN LA ESPERANZA DE RECUPERAR SU TRABAJO\"}]},{\"@type\":\"WebSite\",\"@id\":\"https:\\\/\\\/kuali.com.mx\\\/web\\\/#website\",\"url\":\"https:\\\/\\\/kuali.com.mx\\\/web\\\/\",\"name\":\"Kuali\",\"description\":\"\",\"potentialAction\":[{\"@type\":\"SearchAction\",\"target\":{\"@type\":\"EntryPoint\",\"urlTemplate\":\"https:\\\/\\\/kuali.com.mx\\\/web\\\/?s={search_term_string}\"},\"query-input\":{\"@type\":\"PropertyValueSpecification\",\"valueRequired\":true,\"valueName\":\"search_term_string\"}}],\"inLanguage\":\"es\"},{\"@type\":\"Person\",\"@id\":\"https:\\\/\\\/kuali.com.mx\\\/web\\\/#\\\/schema\\\/person\\\/6f89ffa8ecba9dae50662357923c5289\",\"name\":\"Kuali Staff\",\"image\":{\"@type\":\"ImageObject\",\"inLanguage\":\"es\",\"@id\":\"https:\\\/\\\/secure.gravatar.com\\\/avatar\\\/f917ad82e5ab71227a733c78b6e60715476f69ee6be59feee4eb5d9920c89e0f?s=96&d=mm&r=g\",\"url\":\"https:\\\/\\\/secure.gravatar.com\\\/avatar\\\/f917ad82e5ab71227a733c78b6e60715476f69ee6be59feee4eb5d9920c89e0f?s=96&d=mm&r=g\",\"contentUrl\":\"https:\\\/\\\/secure.gravatar.com\\\/avatar\\\/f917ad82e5ab71227a733c78b6e60715476f69ee6be59feee4eb5d9920c89e0f?s=96&d=mm&r=g\",\"caption\":\"Kuali Staff\"},\"url\":\"https:\\\/\\\/kuali.com.mx\\\/web\\\/author\\\/lagarto\\\/\"}]}<\/script>\n<!-- \/ Yoast SEO plugin. -->","yoast_head_json":{"title":"PESCADORES DE LA PRESA EL PALOTE TIENEN LA ESPERANZA DE RECUPERAR SU TRABAJO - Kuali","robots":{"index":"index","follow":"follow","max-snippet":"max-snippet:-1","max-image-preview":"max-image-preview:large","max-video-preview":"max-video-preview:-1"},"canonical":"https:\/\/kuali.com.mx\/web\/2024\/07\/24\/pescadores-de-la-presa-el-palote-tienen-la-esperanza-de-recuperar-su-trabajo\/","og_locale":"es_MX","og_type":"article","og_title":"PESCADORES DE LA PRESA EL PALOTE TIENEN LA ESPERANZA DE RECUPERAR SU TRABAJO - Kuali","og_description":"Milagros Tadeo\/Le\u00f3n, Gto.-\u00a0El presidente de la asociaci\u00f3n de Pescadores y Palaperos de la presa El Palote, Rafael Paniagua Almanza, se\u00f1al\u00f3 que esperan regresar a pescar en el corto plazo, ante el inicio de la temporada de lluvias y la captaci\u00f3n de agua en dicho sistema de captaci\u00f3n. Se\u00f1al\u00f3 que ya son m\u00e1s de dos meses [&hellip;]","og_url":"https:\/\/kuali.com.mx\/web\/2024\/07\/24\/pescadores-de-la-presa-el-palote-tienen-la-esperanza-de-recuperar-su-trabajo\/","og_site_name":"Kuali","article_publisher":"https:\/\/kuali.com.mx\/web\/wp-content\/uploads\/2018\/04\/cropped-kuali_logo-1-1.png","article_published_time":"2024-07-25T02:16:37+00:00","article_modified_time":"2024-07-25T02:16:38+00:00","og_image":[{"width":1860,"height":750,"url":"https:\/\/kuali.com.mx\/web\/wp-content\/uploads\/2024\/07\/Presa-Palote-3.jpg","type":"image\/jpeg"}],"author":"Kuali Staff","twitter_card":"summary_large_image","twitter_creator":"@kuali_noticias","twitter_site":"@kuali_noticias","twitter_misc":{"Escrito por":"Kuali Staff","Tiempo de lectura":"1 minuto"},"schema":{"@context":"https:\/\/schema.org","@graph":[{"@type":"Article","@id":"https:\/\/kuali.com.mx\/web\/2024\/07\/24\/pescadores-de-la-presa-el-palote-tienen-la-esperanza-de-recuperar-su-trabajo\/#article","isPartOf":{"@id":"https:\/\/kuali.com.mx\/web\/2024\/07\/24\/pescadores-de-la-presa-el-palote-tienen-la-esperanza-de-recuperar-su-trabajo\/"},"author":{"name":"Kuali Staff","@id":"https:\/\/kuali.com.mx\/web\/#\/schema\/person\/6f89ffa8ecba9dae50662357923c5289"},"headline":"PESCADORES DE LA PRESA EL PALOTE TIENEN LA ESPERANZA DE RECUPERAR SU TRABAJO","datePublished":"2024-07-25T02:16:37+00:00","dateModified":"2024-07-25T02:16:38+00:00","mainEntityOfPage":{"@id":"https:\/\/kuali.com.mx\/web\/2024\/07\/24\/pescadores-de-la-presa-el-palote-tienen-la-esperanza-de-recuperar-su-trabajo\/"},"wordCount":274,"commentCount":0,"image":{"@id":"https:\/\/kuali.com.mx\/web\/2024\/07\/24\/pescadores-de-la-presa-el-palote-tienen-la-esperanza-de-recuperar-su-trabajo\/#primaryimage"},"thumbnailUrl":"https:\/\/kuali.com.mx\/web\/wp-content\/uploads\/2024\/07\/Presa-Palote-3.jpg","keywords":["&lt;le\u00f3n","Eonom\u00eda","Pescadores","Presa El Palote","Sequ\u00eda"],"articleSection":["Pol\u00edtica"],"inLanguage":"es","potentialAction":[{"@type":"CommentAction","name":"Comment","target":["https:\/\/kuali.com.mx\/web\/2024\/07\/24\/pescadores-de-la-presa-el-palote-tienen-la-esperanza-de-recuperar-su-trabajo\/#respond"]}]},{"@type":"WebPage","@id":"https:\/\/kuali.com.mx\/web\/2024\/07\/24\/pescadores-de-la-presa-el-palote-tienen-la-esperanza-de-recuperar-su-trabajo\/","url":"https:\/\/kuali.com.mx\/web\/2024\/07\/24\/pescadores-de-la-presa-el-palote-tienen-la-esperanza-de-recuperar-su-trabajo\/","name":"PESCADORES DE LA PRESA EL PALOTE TIENEN LA ESPERANZA DE RECUPERAR SU TRABAJO - Kuali","isPartOf":{"@id":"https:\/\/kuali.com.mx\/web\/#website"},"primaryImageOfPage":{"@id":"https:\/\/kuali.com.mx\/web\/2024\/07\/24\/pescadores-de-la-presa-el-palote-tienen-la-esperanza-de-recuperar-su-trabajo\/#primaryimage"},"image":{"@id":"https:\/\/kuali.com.mx\/web\/2024\/07\/24\/pescadores-de-la-presa-el-palote-tienen-la-esperanza-de-recuperar-su-trabajo\/#primaryimage"},"thumbnailUrl":"https:\/\/kuali.com.mx\/web\/wp-content\/uploads\/2024\/07\/Presa-Palote-3.jpg","datePublished":"2024-07-25T02:16:37+00:00","dateModified":"2024-07-25T02:16:38+00:00","author":{"@id":"https:\/\/kuali.com.mx\/web\/#\/schema\/person\/6f89ffa8ecba9dae50662357923c5289"},"breadcrumb":{"@id":"https:\/\/kuali.com.mx\/web\/2024\/07\/24\/pescadores-de-la-presa-el-palote-tienen-la-esperanza-de-recuperar-su-trabajo\/#breadcrumb"},"inLanguage":"es","potentialAction":[{"@type":"ReadAction","target":["https:\/\/kuali.com.mx\/web\/2024\/07\/24\/pescadores-de-la-presa-el-palote-tienen-la-esperanza-de-recuperar-su-trabajo\/"]}]},{"@type":"ImageObject","inLanguage":"es","@id":"https:\/\/kuali.com.mx\/web\/2024\/07\/24\/pescadores-de-la-presa-el-palote-tienen-la-esperanza-de-recuperar-su-trabajo\/#primaryimage","url":"https:\/\/kuali.com.mx\/web\/wp-content\/uploads\/2024\/07\/Presa-Palote-3.jpg","contentUrl":"https:\/\/kuali.com.mx\/web\/wp-content\/uploads\/2024\/07\/Presa-Palote-3.jpg","width":1860,"height":750},{"@type":"BreadcrumbList","@id":"https:\/\/kuali.com.mx\/web\/2024\/07\/24\/pescadores-de-la-presa-el-palote-tienen-la-esperanza-de-recuperar-su-trabajo\/#breadcrumb","itemListElement":[{"@type":"ListItem","position":1,"name":"Inicio","item":"https:\/\/kuali.com.mx\/web\/"},{"@type":"ListItem","position":2,"name":"PESCADORES DE LA PRESA EL PALOTE TIENEN LA ESPERANZA DE RECUPERAR SU TRABAJO"}]},{"@type":"WebSite","@id":"https:\/\/kuali.com.mx\/web\/#website","url":"https:\/\/kuali.com.mx\/web\/","name":"Kuali","description":"","potentialAction":[{"@type":"SearchAction","target":{"@type":"EntryPoint","urlTemplate":"https:\/\/kuali.com.mx\/web\/?s={search_term_string}"},"query-input":{"@type":"PropertyValueSpecification","valueRequired":true,"valueName":"search_term_string"}}],"inLanguage":"es"},{"@type":"Person","@id":"https:\/\/kuali.com.mx\/web\/#\/schema\/person\/6f89ffa8ecba9dae50662357923c5289","name":"Kuali Staff","image":{"@type":"ImageObject","inLanguage":"es","@id":"https:\/\/secure.gravatar.com\/avatar\/f917ad82e5ab71227a733c78b6e60715476f69ee6be59feee4eb5d9920c89e0f?s=96&d=mm&r=g","url":"https:\/\/secure.gravatar.com\/avatar\/f917ad82e5ab71227a733c78b6e60715476f69ee6be59feee4eb5d9920c89e0f?s=96&d=mm&r=g","contentUrl":"https:\/\/secure.gravatar.com\/avatar\/f917ad82e5ab71227a733c78b6e60715476f69ee6be59feee4eb5d9920c89e0f?s=96&d=mm&r=g","caption":"Kuali Staff"},"url":"https:\/\/kuali.com.mx\/web\/author\/lagarto\/"}]}},"_links":{"self":[{"href":"https:\/\/kuali.com.mx\/web\/wp-json\/wp\/v2\/posts\/149669","targetHints":{"allow":["GET"]}}],"collection":[{"href":"https:\/\/kuali.com.mx\/web\/wp-json\/wp\/v2\/posts"}],"about":[{"href":"https:\/\/kuali.com.mx\/web\/wp-json\/wp\/v2\/types\/post"}],"author":[{"embeddable":true,"href":"https:\/\/kuali.com.mx\/web\/wp-json\/wp\/v2\/users\/2"}],"replies":[{"embeddable":true,"href":"https:\/\/kuali.com.mx\/web\/wp-json\/wp\/v2\/comments?post=149669"}],"version-history":[{"count":2,"href":"https:\/\/kuali.com.mx\/web\/wp-json\/wp\/v2\/posts\/149669\/revisions"}],"predecessor-version":[{"id":149673,"href":"https:\/\/kuali.com.mx\/web\/wp-json\/wp\/v2\/posts\/149669\/revisions\/149673"}],"wp:featuredmedia":[{"embeddable":true,"href":"https:\/\/kuali.com.mx\/web\/wp-json\/wp\/v2\/media\/148657"}],"wp:attachment":[{"href":"https:\/\/kuali.com.mx\/web\/wp-json\/wp\/v2\/media?parent=149669"}],"wp:term":[{"taxonomy":"category","embeddable":true,"href":"https:\/\/kuali.com.mx\/web\/wp-json\/wp\/v2\/categories?post=149669"},{"taxonomy":"post_tag","embeddable":true,"href":"https:\/\/kuali.com.mx\/web\/wp-json\/wp\/v2\/tags?post=149669"}],"curies":[{"name":"wp","href":"https:\/\/api.w.org\/{rel}","templated":true}]}}