{"id":149083,"date":"2024-07-21T11:03:12","date_gmt":"2024-07-21T17:03:12","guid":{"rendered":"https:\/\/kuali.com.mx\/web\/?p=149083"},"modified":"2024-07-21T17:21:35","modified_gmt":"2024-07-21T23:21:35","slug":"jefe-fdi-se-cometieron-errores-el-7-de-octubre-ante-hamas","status":"publish","type":"post","link":"https:\/\/kuali.com.mx\/web\/2024\/07\/21\/jefe-fdi-se-cometieron-errores-el-7-de-octubre-ante-hamas\/","title":{"rendered":"JEFE FDI: \u201cSE COMETIERON ERRORES EL 7 DE OCTUBRE ANTE HAM\u00c1S\u201d"},"content":{"rendered":"\n<p><em><strong>ENCUENTRO CON GOROSITO\u2026<\/strong><\/em><\/p>\n\n\n\n<p>La m\u00e1xima autoridad de las Fuerzas de Defensa de Israel (FDI), el Jefe de Estado Mayor, Herzi Halevi, en conferencia de prensa se refiri\u00f3 a la actuaci\u00f3n del ej\u00e9rcito israel\u00ed el 7 de octubre 2023 d\u00eda de los ataques de Ham\u00e1s y el ataque al comandante del ala militar de Ham\u00e1s, Mohamed Deif.<\/p>\n\n\n\n<p>Sobre el jefe militar de Ham\u00e1s, externo que se est\u00e1 decidido a perseguir y exterminar a los l\u00edderes de Ham\u00e1s, que planearon la masacre y dedicaron sus vidas a asesinar a inocentes. Deif ten\u00eda miedo de morir y por eso se escondi\u00f3 de una manera que perjudic\u00f3 su capacidad de mando. Se escondi\u00f3 y sacrific\u00f3 a su gente y a los civiles que estaban alrededor: algunos resultaron heridos.<\/p>\n\n\n\n<p>Estas eliminaciones dijo el jerarca militar israel\u00ed, forman parte de la presi\u00f3n que ejercen las FDI en todas partes de Gaza. Cada vez Ham\u00e1s tiene m\u00e1s muertos. Es vital crear las condiciones para un acuerdo que permita recuperar a los rehenes. El acuerdo, que es una orden moral y \u00e9tica, es urgente para salvar vidas. Sabremos c\u00f3mo hacer ante cualquier acuerdo que acuerde la c\u00fapula pol\u00edtica y volver a luchar con fuerza.<\/p>\n\n\n\n<p>Quien esto escribe el d\u00eda posterior al ataque de Ham\u00e1s, public\u00f3 un art\u00edculo en varios medios de M\u00e9xico y el mundo titulado: \u00bfQu\u00e9 pas\u00f3 en el pa\u00eds m\u00e1s seguro del mundo? Considerando que sin lugar a dudas hab\u00edan ocurrido fallas importantes en el aparato de defensa israel\u00ed.&nbsp;<\/p>\n\n\n\n<p>Halevi dijo: En este momento, estamos investigando los acontecimientos del 7 de octubre y lo que los llev\u00f3 a ellos. Es un proceso vital para aprender, corregir, y,&nbsp;&nbsp;lo m\u00e1s importante, garantizar el regreso seguro de los residentes del sur a sus hogares.<\/p>\n\n\n\n<p>La semana pasada, presentamos la investigaci\u00f3n sobre la batalla en el kibutz Beeri a la comunidad del kibutz y a las familias de las v\u00edctimas. Hubo razones por la que presentamos esta investigaci\u00f3n en primer lugar: los controvertidos acontecimientos durante esta batalla mantuvieron a muchas personas despiertas por la noche. Este es un paso vital para reconstruir la confianza de las comunidades del sur en las FDI, y pasa por una investigaci\u00f3n verdadera, profunda&nbsp;&nbsp;y profesional como la que hicimos.<\/p>\n\n\n\n<p>Los resultados de la investigaci\u00f3n fueron dif\u00edciles y dolorosos. Junto con eso, encontramos muchas manifestaciones&nbsp;&nbsp;de hero\u00edsmo y coraje por parte de muchos residentes, soldados y comandantes, que defendieron el kibutz con sus cuerpos mientras arriesgaban sus vidas sin l\u00edmites. Para los soldados que lucharon el 7 de octubre, no tengo m\u00e1s que un enorme aprecio. Les saludo,&nbsp;&nbsp;y el coraje que demostraron durante horas de lucha, en condiciones muy dif\u00edciles y frente a grandes desaf\u00edos.<\/p>\n\n\n\n<p>En una lucha tan compleja, se cometieron errores, se tomaron decisiones, algunas fat\u00eddicas, y aprendimos y aprenderemos de ellas. Es imposible actuar en una realidad as\u00ed sin cometer errores. Estoy muy orgulloso de estar al mando de estos soldados y comandantes, afirm\u00f3 el jefe de las FDI. Todos los actos heroicos que realizaron son suyos, en todos sus errores, tengo parte de ello.<\/p>\n\n\n\n<p>No hay ning\u00fan aspecto de la conducta militar que no haya sido investigado y compartiremos con el p\u00fablico, tanto como sea posible, esto incluye los conceptos de inteligencia, los conceptos operativos, la respuesta de defensa, la toma de decisiones la noche anterior al ataque y la conducta del personal superior de las Fuerzas de Defensa de Israel (FDI) y la m\u00eda.<\/p>\n\n\n\n<p>Todo esto est\u00e1 en proceso de una investigaci\u00f3n profunda y exhaustiva. Las declaraciones de que alguien en las FDI sab\u00eda qu\u00e9 suceder\u00eda esa ma\u00f1ana y atac\u00f3 no tienen fundamento. Desafortunadamente, no hab\u00eda un solo soldado o comandante en as FDI que supiera que suceder\u00eda el 7 de octubre. Estamos investigando a fondo las advertencias que exist\u00edan.<\/p>\n\n\n\n<p>Extern\u00f3 el Jefe de Estado Mayor que el objetivo de la investigaci\u00f3n operativa, era, en primer lugar, aprender y corregir, y no sustituye a un mecanismo de investigaci\u00f3n externo cuando se establezca. Huelga decir que cooperemos plenamente con dicho mecanismo y que las investigaciones operativas podr\u00edan contribuir en gran medida, como lo hicieron en guerras pasadas.&nbsp;<\/p>\n\n\n\n<p>Cuando concluyamos la investigaci\u00f3n, tendremos un panorama completo y podremos sacar todas las lecciones aprendidas y las conclusiones personales.<\/p>\n\n\n\n<p>Culmin\u00f3 el general Herzi Halavi diciendo: \u201cNunca me mantuve atado a mi puesto y nunca codici\u00e9 el poder. Tomar\u00e9 decisiones despu\u00e9s de las investigaciones\u201d.<\/p>\n\n\n\n<p>&nbsp;&nbsp;&nbsp;&nbsp;&nbsp;&nbsp;&nbsp;&nbsp;\u00a1Hasta el pr\u00f3ximo encuentro\u2026!<\/p>\n\n\n\n<p>\u00a0\u00a0\u00a0\u00a0\u00a0\u00a0\u00a0\u00a0\u00a0\u00a0\u00a0\u00a0\u00a0\u00a0\u00a0\u00a0\u00a0\u00a0\u00a0\u00a0\u00a0\u00a0\u00a0\u00a0\u00a0\u00a0\u00a0\u00a0\u00a0\u00a0\u00a0\u00a0\u00a0\u00a0\u00a0\u00a0\u00a0\u00a0\u00a0\u00a0\u00a0\u00a0\u00a0\u00a0\u00a0\u00a0\u00a0\u00a0\u00a0\u00a0\u00a0<em><strong>\u00a0\u00a0\u00a0\u00a0\u00a0\u00a0Dr.(c).Washington Daniel Gorosito P\u00e9rez<\/strong><\/em><\/p>\n","protected":false},"excerpt":{"rendered":"ENCUENTRO CON GOROSITO\u2026 La m\u00e1xima autoridad de las Fuerzas de Defensa de Israel (FDI), el Jefe de Estado Mayor, Herzi Halevi, en conferencia de prensa se refiri\u00f3 a la actuaci\u00f3n del ej\u00e9rcito israel\u00ed el 7 de octubre 2023 d\u00eda de los ataques de Ham\u00e1s y el ataque al comandante del ala militar de Ham\u00e1s, Mohamed [&hellip;]","protected":false},"author":2,"featured_media":149085,"comment_status":"open","ping_status":"open","sticky":false,"template":"","format":"standard","meta":{"_seopress_robots_primary_cat":"none","_seopress_titles_title":"","_seopress_titles_desc":"","_seopress_robots_index":"","_monsterinsights_skip_tracking":false,"_monsterinsights_sitenote_active":false,"_monsterinsights_sitenote_note":"","_monsterinsights_sitenote_category":0,"footnotes":""},"categories":[3],"tags":[],"class_list":["post-149083","post","type-post","status-publish","format-standard","has-post-thumbnail","hentry","category-politica"],"yoast_head":"<!-- This site is optimized with the Yoast SEO plugin v27.4 - https:\/\/yoast.com\/product\/yoast-seo-wordpress\/ -->\n<title>JEFE FDI: \u201cSE COMETIERON ERRORES EL 7 DE OCTUBRE ANTE HAM\u00c1S\u201d - Kuali<\/title>\n<meta name=\"robots\" content=\"index, follow, max-snippet:-1, max-image-preview:large, max-video-preview:-1\" \/>\n<link rel=\"canonical\" href=\"https:\/\/kuali.com.mx\/web\/2024\/07\/21\/jefe-fdi-se-cometieron-errores-el-7-de-octubre-ante-hamas\/\" \/>\n<meta property=\"og:locale\" content=\"es_MX\" \/>\n<meta property=\"og:type\" content=\"article\" \/>\n<meta property=\"og:title\" content=\"JEFE FDI: \u201cSE COMETIERON ERRORES EL 7 DE OCTUBRE ANTE HAM\u00c1S\u201d - Kuali\" \/>\n<meta property=\"og:description\" content=\"ENCUENTRO CON GOROSITO\u2026 La m\u00e1xima autoridad de las Fuerzas de Defensa de Israel (FDI), el Jefe de Estado Mayor, Herzi Halevi, en conferencia de prensa se refiri\u00f3 a la actuaci\u00f3n del ej\u00e9rcito israel\u00ed el 7 de octubre 2023 d\u00eda de los ataques de Ham\u00e1s y el ataque al comandante del ala militar de Ham\u00e1s, Mohamed [&hellip;]\" \/>\n<meta property=\"og:url\" content=\"https:\/\/kuali.com.mx\/web\/2024\/07\/21\/jefe-fdi-se-cometieron-errores-el-7-de-octubre-ante-hamas\/\" \/>\n<meta property=\"og:site_name\" content=\"Kuali\" \/>\n<meta property=\"article:publisher\" content=\"https:\/\/kuali.com.mx\/web\/wp-content\/uploads\/2018\/04\/cropped-kuali_logo-1-1.png\" \/>\n<meta property=\"article:published_time\" content=\"2024-07-21T17:03:12+00:00\" \/>\n<meta property=\"article:modified_time\" content=\"2024-07-21T23:21:35+00:00\" \/>\n<meta property=\"og:image\" content=\"https:\/\/kuali.com.mx\/web\/wp-content\/uploads\/2024\/07\/hamas.jpg\" \/>\n\t<meta property=\"og:image:width\" content=\"1764\" \/>\n\t<meta property=\"og:image:height\" content=\"750\" \/>\n\t<meta property=\"og:image:type\" content=\"image\/jpeg\" \/>\n<meta name=\"author\" content=\"Kuali Staff\" \/>\n<meta name=\"twitter:card\" content=\"summary_large_image\" \/>\n<meta name=\"twitter:creator\" content=\"@kuali_noticias\" \/>\n<meta name=\"twitter:site\" content=\"@kuali_noticias\" \/>\n<meta name=\"twitter:label1\" content=\"Escrito por\" \/>\n\t<meta name=\"twitter:data1\" content=\"Kuali Staff\" \/>\n\t<meta name=\"twitter:label2\" content=\"Tiempo de lectura\" \/>\n\t<meta name=\"twitter:data2\" content=\"4 minutos\" \/>\n<script type=\"application\/ld+json\" class=\"yoast-schema-graph\">{\"@context\":\"https:\\\/\\\/schema.org\",\"@graph\":[{\"@type\":\"Article\",\"@id\":\"https:\\\/\\\/kuali.com.mx\\\/web\\\/2024\\\/07\\\/21\\\/jefe-fdi-se-cometieron-errores-el-7-de-octubre-ante-hamas\\\/#article\",\"isPartOf\":{\"@id\":\"https:\\\/\\\/kuali.com.mx\\\/web\\\/2024\\\/07\\\/21\\\/jefe-fdi-se-cometieron-errores-el-7-de-octubre-ante-hamas\\\/\"},\"author\":{\"name\":\"Kuali Staff\",\"@id\":\"https:\\\/\\\/kuali.com.mx\\\/web\\\/#\\\/schema\\\/person\\\/6f89ffa8ecba9dae50662357923c5289\"},\"headline\":\"JEFE FDI: \u201cSE COMETIERON ERRORES EL 7 DE OCTUBRE ANTE HAM\u00c1S\u201d\",\"datePublished\":\"2024-07-21T17:03:12+00:00\",\"dateModified\":\"2024-07-21T23:21:35+00:00\",\"mainEntityOfPage\":{\"@id\":\"https:\\\/\\\/kuali.com.mx\\\/web\\\/2024\\\/07\\\/21\\\/jefe-fdi-se-cometieron-errores-el-7-de-octubre-ante-hamas\\\/\"},\"wordCount\":808,\"commentCount\":0,\"image\":{\"@id\":\"https:\\\/\\\/kuali.com.mx\\\/web\\\/2024\\\/07\\\/21\\\/jefe-fdi-se-cometieron-errores-el-7-de-octubre-ante-hamas\\\/#primaryimage\"},\"thumbnailUrl\":\"https:\\\/\\\/kuali.com.mx\\\/web\\\/wp-content\\\/uploads\\\/2024\\\/07\\\/hamas.jpg\",\"articleSection\":[\"Pol\u00edtica\"],\"inLanguage\":\"es\",\"potentialAction\":[{\"@type\":\"CommentAction\",\"name\":\"Comment\",\"target\":[\"https:\\\/\\\/kuali.com.mx\\\/web\\\/2024\\\/07\\\/21\\\/jefe-fdi-se-cometieron-errores-el-7-de-octubre-ante-hamas\\\/#respond\"]}]},{\"@type\":\"WebPage\",\"@id\":\"https:\\\/\\\/kuali.com.mx\\\/web\\\/2024\\\/07\\\/21\\\/jefe-fdi-se-cometieron-errores-el-7-de-octubre-ante-hamas\\\/\",\"url\":\"https:\\\/\\\/kuali.com.mx\\\/web\\\/2024\\\/07\\\/21\\\/jefe-fdi-se-cometieron-errores-el-7-de-octubre-ante-hamas\\\/\",\"name\":\"JEFE FDI: \u201cSE COMETIERON ERRORES EL 7 DE OCTUBRE ANTE HAM\u00c1S\u201d - Kuali\",\"isPartOf\":{\"@id\":\"https:\\\/\\\/kuali.com.mx\\\/web\\\/#website\"},\"primaryImageOfPage\":{\"@id\":\"https:\\\/\\\/kuali.com.mx\\\/web\\\/2024\\\/07\\\/21\\\/jefe-fdi-se-cometieron-errores-el-7-de-octubre-ante-hamas\\\/#primaryimage\"},\"image\":{\"@id\":\"https:\\\/\\\/kuali.com.mx\\\/web\\\/2024\\\/07\\\/21\\\/jefe-fdi-se-cometieron-errores-el-7-de-octubre-ante-hamas\\\/#primaryimage\"},\"thumbnailUrl\":\"https:\\\/\\\/kuali.com.mx\\\/web\\\/wp-content\\\/uploads\\\/2024\\\/07\\\/hamas.jpg\",\"datePublished\":\"2024-07-21T17:03:12+00:00\",\"dateModified\":\"2024-07-21T23:21:35+00:00\",\"author\":{\"@id\":\"https:\\\/\\\/kuali.com.mx\\\/web\\\/#\\\/schema\\\/person\\\/6f89ffa8ecba9dae50662357923c5289\"},\"breadcrumb\":{\"@id\":\"https:\\\/\\\/kuali.com.mx\\\/web\\\/2024\\\/07\\\/21\\\/jefe-fdi-se-cometieron-errores-el-7-de-octubre-ante-hamas\\\/#breadcrumb\"},\"inLanguage\":\"es\",\"potentialAction\":[{\"@type\":\"ReadAction\",\"target\":[\"https:\\\/\\\/kuali.com.mx\\\/web\\\/2024\\\/07\\\/21\\\/jefe-fdi-se-cometieron-errores-el-7-de-octubre-ante-hamas\\\/\"]}]},{\"@type\":\"ImageObject\",\"inLanguage\":\"es\",\"@id\":\"https:\\\/\\\/kuali.com.mx\\\/web\\\/2024\\\/07\\\/21\\\/jefe-fdi-se-cometieron-errores-el-7-de-octubre-ante-hamas\\\/#primaryimage\",\"url\":\"https:\\\/\\\/kuali.com.mx\\\/web\\\/wp-content\\\/uploads\\\/2024\\\/07\\\/hamas.jpg\",\"contentUrl\":\"https:\\\/\\\/kuali.com.mx\\\/web\\\/wp-content\\\/uploads\\\/2024\\\/07\\\/hamas.jpg\",\"width\":1764,\"height\":750},{\"@type\":\"BreadcrumbList\",\"@id\":\"https:\\\/\\\/kuali.com.mx\\\/web\\\/2024\\\/07\\\/21\\\/jefe-fdi-se-cometieron-errores-el-7-de-octubre-ante-hamas\\\/#breadcrumb\",\"itemListElement\":[{\"@type\":\"ListItem\",\"position\":1,\"name\":\"Inicio\",\"item\":\"https:\\\/\\\/kuali.com.mx\\\/web\\\/\"},{\"@type\":\"ListItem\",\"position\":2,\"name\":\"JEFE FDI: \u201cSE COMETIERON ERRORES EL 7 DE OCTUBRE ANTE HAM\u00c1S\u201d\"}]},{\"@type\":\"WebSite\",\"@id\":\"https:\\\/\\\/kuali.com.mx\\\/web\\\/#website\",\"url\":\"https:\\\/\\\/kuali.com.mx\\\/web\\\/\",\"name\":\"Kuali\",\"description\":\"\",\"potentialAction\":[{\"@type\":\"SearchAction\",\"target\":{\"@type\":\"EntryPoint\",\"urlTemplate\":\"https:\\\/\\\/kuali.com.mx\\\/web\\\/?s={search_term_string}\"},\"query-input\":{\"@type\":\"PropertyValueSpecification\",\"valueRequired\":true,\"valueName\":\"search_term_string\"}}],\"inLanguage\":\"es\"},{\"@type\":\"Person\",\"@id\":\"https:\\\/\\\/kuali.com.mx\\\/web\\\/#\\\/schema\\\/person\\\/6f89ffa8ecba9dae50662357923c5289\",\"name\":\"Kuali Staff\",\"image\":{\"@type\":\"ImageObject\",\"inLanguage\":\"es\",\"@id\":\"https:\\\/\\\/secure.gravatar.com\\\/avatar\\\/f917ad82e5ab71227a733c78b6e60715476f69ee6be59feee4eb5d9920c89e0f?s=96&d=mm&r=g\",\"url\":\"https:\\\/\\\/secure.gravatar.com\\\/avatar\\\/f917ad82e5ab71227a733c78b6e60715476f69ee6be59feee4eb5d9920c89e0f?s=96&d=mm&r=g\",\"contentUrl\":\"https:\\\/\\\/secure.gravatar.com\\\/avatar\\\/f917ad82e5ab71227a733c78b6e60715476f69ee6be59feee4eb5d9920c89e0f?s=96&d=mm&r=g\",\"caption\":\"Kuali Staff\"},\"url\":\"https:\\\/\\\/kuali.com.mx\\\/web\\\/author\\\/lagarto\\\/\"}]}<\/script>\n<!-- \/ Yoast SEO plugin. -->","yoast_head_json":{"title":"JEFE FDI: \u201cSE COMETIERON ERRORES EL 7 DE OCTUBRE ANTE HAM\u00c1S\u201d - Kuali","robots":{"index":"index","follow":"follow","max-snippet":"max-snippet:-1","max-image-preview":"max-image-preview:large","max-video-preview":"max-video-preview:-1"},"canonical":"https:\/\/kuali.com.mx\/web\/2024\/07\/21\/jefe-fdi-se-cometieron-errores-el-7-de-octubre-ante-hamas\/","og_locale":"es_MX","og_type":"article","og_title":"JEFE FDI: \u201cSE COMETIERON ERRORES EL 7 DE OCTUBRE ANTE HAM\u00c1S\u201d - Kuali","og_description":"ENCUENTRO CON GOROSITO\u2026 La m\u00e1xima autoridad de las Fuerzas de Defensa de Israel (FDI), el Jefe de Estado Mayor, Herzi Halevi, en conferencia de prensa se refiri\u00f3 a la actuaci\u00f3n del ej\u00e9rcito israel\u00ed el 7 de octubre 2023 d\u00eda de los ataques de Ham\u00e1s y el ataque al comandante del ala militar de Ham\u00e1s, Mohamed [&hellip;]","og_url":"https:\/\/kuali.com.mx\/web\/2024\/07\/21\/jefe-fdi-se-cometieron-errores-el-7-de-octubre-ante-hamas\/","og_site_name":"Kuali","article_publisher":"https:\/\/kuali.com.mx\/web\/wp-content\/uploads\/2018\/04\/cropped-kuali_logo-1-1.png","article_published_time":"2024-07-21T17:03:12+00:00","article_modified_time":"2024-07-21T23:21:35+00:00","og_image":[{"width":1764,"height":750,"url":"https:\/\/kuali.com.mx\/web\/wp-content\/uploads\/2024\/07\/hamas.jpg","type":"image\/jpeg"}],"author":"Kuali Staff","twitter_card":"summary_large_image","twitter_creator":"@kuali_noticias","twitter_site":"@kuali_noticias","twitter_misc":{"Escrito por":"Kuali Staff","Tiempo de lectura":"4 minutos"},"schema":{"@context":"https:\/\/schema.org","@graph":[{"@type":"Article","@id":"https:\/\/kuali.com.mx\/web\/2024\/07\/21\/jefe-fdi-se-cometieron-errores-el-7-de-octubre-ante-hamas\/#article","isPartOf":{"@id":"https:\/\/kuali.com.mx\/web\/2024\/07\/21\/jefe-fdi-se-cometieron-errores-el-7-de-octubre-ante-hamas\/"},"author":{"name":"Kuali Staff","@id":"https:\/\/kuali.com.mx\/web\/#\/schema\/person\/6f89ffa8ecba9dae50662357923c5289"},"headline":"JEFE FDI: \u201cSE COMETIERON ERRORES EL 7 DE OCTUBRE ANTE HAM\u00c1S\u201d","datePublished":"2024-07-21T17:03:12+00:00","dateModified":"2024-07-21T23:21:35+00:00","mainEntityOfPage":{"@id":"https:\/\/kuali.com.mx\/web\/2024\/07\/21\/jefe-fdi-se-cometieron-errores-el-7-de-octubre-ante-hamas\/"},"wordCount":808,"commentCount":0,"image":{"@id":"https:\/\/kuali.com.mx\/web\/2024\/07\/21\/jefe-fdi-se-cometieron-errores-el-7-de-octubre-ante-hamas\/#primaryimage"},"thumbnailUrl":"https:\/\/kuali.com.mx\/web\/wp-content\/uploads\/2024\/07\/hamas.jpg","articleSection":["Pol\u00edtica"],"inLanguage":"es","potentialAction":[{"@type":"CommentAction","name":"Comment","target":["https:\/\/kuali.com.mx\/web\/2024\/07\/21\/jefe-fdi-se-cometieron-errores-el-7-de-octubre-ante-hamas\/#respond"]}]},{"@type":"WebPage","@id":"https:\/\/kuali.com.mx\/web\/2024\/07\/21\/jefe-fdi-se-cometieron-errores-el-7-de-octubre-ante-hamas\/","url":"https:\/\/kuali.com.mx\/web\/2024\/07\/21\/jefe-fdi-se-cometieron-errores-el-7-de-octubre-ante-hamas\/","name":"JEFE FDI: \u201cSE COMETIERON ERRORES EL 7 DE OCTUBRE ANTE HAM\u00c1S\u201d - Kuali","isPartOf":{"@id":"https:\/\/kuali.com.mx\/web\/#website"},"primaryImageOfPage":{"@id":"https:\/\/kuali.com.mx\/web\/2024\/07\/21\/jefe-fdi-se-cometieron-errores-el-7-de-octubre-ante-hamas\/#primaryimage"},"image":{"@id":"https:\/\/kuali.com.mx\/web\/2024\/07\/21\/jefe-fdi-se-cometieron-errores-el-7-de-octubre-ante-hamas\/#primaryimage"},"thumbnailUrl":"https:\/\/kuali.com.mx\/web\/wp-content\/uploads\/2024\/07\/hamas.jpg","datePublished":"2024-07-21T17:03:12+00:00","dateModified":"2024-07-21T23:21:35+00:00","author":{"@id":"https:\/\/kuali.com.mx\/web\/#\/schema\/person\/6f89ffa8ecba9dae50662357923c5289"},"breadcrumb":{"@id":"https:\/\/kuali.com.mx\/web\/2024\/07\/21\/jefe-fdi-se-cometieron-errores-el-7-de-octubre-ante-hamas\/#breadcrumb"},"inLanguage":"es","potentialAction":[{"@type":"ReadAction","target":["https:\/\/kuali.com.mx\/web\/2024\/07\/21\/jefe-fdi-se-cometieron-errores-el-7-de-octubre-ante-hamas\/"]}]},{"@type":"ImageObject","inLanguage":"es","@id":"https:\/\/kuali.com.mx\/web\/2024\/07\/21\/jefe-fdi-se-cometieron-errores-el-7-de-octubre-ante-hamas\/#primaryimage","url":"https:\/\/kuali.com.mx\/web\/wp-content\/uploads\/2024\/07\/hamas.jpg","contentUrl":"https:\/\/kuali.com.mx\/web\/wp-content\/uploads\/2024\/07\/hamas.jpg","width":1764,"height":750},{"@type":"BreadcrumbList","@id":"https:\/\/kuali.com.mx\/web\/2024\/07\/21\/jefe-fdi-se-cometieron-errores-el-7-de-octubre-ante-hamas\/#breadcrumb","itemListElement":[{"@type":"ListItem","position":1,"name":"Inicio","item":"https:\/\/kuali.com.mx\/web\/"},{"@type":"ListItem","position":2,"name":"JEFE FDI: \u201cSE COMETIERON ERRORES EL 7 DE OCTUBRE ANTE HAM\u00c1S\u201d"}]},{"@type":"WebSite","@id":"https:\/\/kuali.com.mx\/web\/#website","url":"https:\/\/kuali.com.mx\/web\/","name":"Kuali","description":"","potentialAction":[{"@type":"SearchAction","target":{"@type":"EntryPoint","urlTemplate":"https:\/\/kuali.com.mx\/web\/?s={search_term_string}"},"query-input":{"@type":"PropertyValueSpecification","valueRequired":true,"valueName":"search_term_string"}}],"inLanguage":"es"},{"@type":"Person","@id":"https:\/\/kuali.com.mx\/web\/#\/schema\/person\/6f89ffa8ecba9dae50662357923c5289","name":"Kuali Staff","image":{"@type":"ImageObject","inLanguage":"es","@id":"https:\/\/secure.gravatar.com\/avatar\/f917ad82e5ab71227a733c78b6e60715476f69ee6be59feee4eb5d9920c89e0f?s=96&d=mm&r=g","url":"https:\/\/secure.gravatar.com\/avatar\/f917ad82e5ab71227a733c78b6e60715476f69ee6be59feee4eb5d9920c89e0f?s=96&d=mm&r=g","contentUrl":"https:\/\/secure.gravatar.com\/avatar\/f917ad82e5ab71227a733c78b6e60715476f69ee6be59feee4eb5d9920c89e0f?s=96&d=mm&r=g","caption":"Kuali Staff"},"url":"https:\/\/kuali.com.mx\/web\/author\/lagarto\/"}]}},"_links":{"self":[{"href":"https:\/\/kuali.com.mx\/web\/wp-json\/wp\/v2\/posts\/149083","targetHints":{"allow":["GET"]}}],"collection":[{"href":"https:\/\/kuali.com.mx\/web\/wp-json\/wp\/v2\/posts"}],"about":[{"href":"https:\/\/kuali.com.mx\/web\/wp-json\/wp\/v2\/types\/post"}],"author":[{"embeddable":true,"href":"https:\/\/kuali.com.mx\/web\/wp-json\/wp\/v2\/users\/2"}],"replies":[{"embeddable":true,"href":"https:\/\/kuali.com.mx\/web\/wp-json\/wp\/v2\/comments?post=149083"}],"version-history":[{"count":2,"href":"https:\/\/kuali.com.mx\/web\/wp-json\/wp\/v2\/posts\/149083\/revisions"}],"predecessor-version":[{"id":149091,"href":"https:\/\/kuali.com.mx\/web\/wp-json\/wp\/v2\/posts\/149083\/revisions\/149091"}],"wp:featuredmedia":[{"embeddable":true,"href":"https:\/\/kuali.com.mx\/web\/wp-json\/wp\/v2\/media\/149085"}],"wp:attachment":[{"href":"https:\/\/kuali.com.mx\/web\/wp-json\/wp\/v2\/media?parent=149083"}],"wp:term":[{"taxonomy":"category","embeddable":true,"href":"https:\/\/kuali.com.mx\/web\/wp-json\/wp\/v2\/categories?post=149083"},{"taxonomy":"post_tag","embeddable":true,"href":"https:\/\/kuali.com.mx\/web\/wp-json\/wp\/v2\/tags?post=149083"}],"curies":[{"name":"wp","href":"https:\/\/api.w.org\/{rel}","templated":true}]}}