{"id":149061,"date":"2024-07-21T07:33:25","date_gmt":"2024-07-21T13:33:25","guid":{"rendered":"https:\/\/kuali.com.mx\/web\/?p=149061"},"modified":"2024-07-21T07:34:11","modified_gmt":"2024-07-21T13:34:11","slug":"arturo-repstein-recibe-medalla-en-el-festival-internacional-de-cine-de-guanajuato","status":"publish","type":"post","link":"https:\/\/kuali.com.mx\/web\/2024\/07\/21\/arturo-repstein-recibe-medalla-en-el-festival-internacional-de-cine-de-guanajuato\/","title":{"rendered":"ARTURO REPSTEIN RECIBE MEDALLA EN EL GIFF"},"content":{"rendered":"\n<p><strong>Milagros Tadeo\/Le\u00f3n, Gto.-<\/strong>\u00a0En el marco del 27 Festival Internacional de Cine de Guanajuato, el cineasta y actor Arturo Ripstein\u00a0 recibi\u00f3 el galard\u00f3n de Plata M\u00e1s Cine y la Medalla Filmoteca de la UNAM, por su amplia filmograf\u00eda y trayectoria reconocida a nivel nacional e internacional.<\/p>\n\n\n\n<p>Por m\u00e1s de 50 a\u00f1os de carrera, 34 largometrajes y cerca de 20 participaciones en pel\u00edculas como actor, este s\u00e1bado se le hizo homenaje dentro del GIFF, en donde, Jorge David Mart\u00ednez Micher, subdirector de Difusi\u00f3n de la Direcci\u00f3n General de Actividades Cinematogr\u00e1ficas (Filmoteca) de la Universidad Nacional Aut\u00f3noma de M\u00e9xico y la directora del GIFF, Sara Hoch le entregaron dichos galardones.<\/p>\n\n\n<div class=\"wp-block-image\">\n<figure class=\"aligncenter size-large\"><img loading=\"lazy\" decoding=\"async\" width=\"830\" height=\"1024\" src=\"https:\/\/kuali.com.mx\/web\/wp-content\/uploads\/2024\/07\/Arturo-Ripstein-1-830x1024.jpg\" alt=\"\" class=\"wp-image-149065\" srcset=\"https:\/\/kuali.com.mx\/web\/wp-content\/uploads\/2024\/07\/Arturo-Ripstein-1-830x1024.jpg 830w, https:\/\/kuali.com.mx\/web\/wp-content\/uploads\/2024\/07\/Arturo-Ripstein-1-243x300.jpg 243w, https:\/\/kuali.com.mx\/web\/wp-content\/uploads\/2024\/07\/Arturo-Ripstein-1-768x948.jpg 768w, https:\/\/kuali.com.mx\/web\/wp-content\/uploads\/2024\/07\/Arturo-Ripstein-1-94x116.jpg 94w, https:\/\/kuali.com.mx\/web\/wp-content\/uploads\/2024\/07\/Arturo-Ripstein-1.jpg 1080w\" sizes=\"auto, (max-width: 830px) 100vw, 830px\" \/><figcaption>Arturo ipstein a su legada al GIFF. FOTO: ESPECIAL<\/figcaption><\/figure>\n<\/div>\n\n\n<p>En su mensaje y con un gran humor, el cineasta Arturo Ripstein y Rosen, dijo que su carrera ha sido exitosa gracias a la suma de grandes artistas y escritores; destacando la oportunidad que tuvo de trabajar con Garc\u00eda M\u00e1rquez, Fuentes, Juan Rulfo y Elena Navarro, a quienes catalog\u00f3 como \u201cgrandes hombres y mujeres de las letras nacionales\u201d.<\/p>\n\n\n\n<blockquote class=\"wp-block-quote is-layout-flow wp-block-quote-is-layout-flow\"><p><strong>\u201cSiempre he dicho que el fin de un director de cine consiste en rodearse de la mejor gente posible y dejarlos hacer lo que hacer; mover un poco los hilos y conducir un fuera de eje, una desmarginizaci\u00f3n, pero lo que ellos hacen lo hacen muy bien\u201d<\/strong>.<\/p><cite>Arturo Ripstein<\/cite><\/blockquote>\n\n\n\n<p><\/p>\n\n\n\n<p>Dijo estar orgulloso de que se le reconozca dentro del GIFF, y de recibir estos premios en el estado de Guanajuato.<\/p>\n\n\n\n<p>La primera actriz, Arcelia Ram\u00edrez y Silvia Pasquel, y el cineasta Roberto Fiesco, dirigieron unas palabras de reconocimiento ante la carrera realizada por Arturo Ripstein.<\/p>\n\n\n\n<p>\u201cUn placer para m\u00ed, estamos reunidos en el magn\u00edfico Teatro del Bicentenario (en Le\u00f3n) para rendir un m\u00e1s que merecido homenaje a la trascendencia y poder narrativo de Arturo Ripstein\u201d, dijo Arcelia Ram\u00edrez.<\/p>\n\n\n\n<p>\u201cArturo Ripstein es el director m\u00e1s importante del cine mexicano, sus pel\u00edculas en una carrera de m\u00e1s de 50 a\u00f1os; tiene s\u00f3lidas y opresivas, habitadas por personajes que siempre est\u00e1n bordeando la marginaci\u00f3n social, personal y emocional\u201d, destac\u00f3 Fiesco.<\/p>\n\n\n\n<p>Dentro del Teatro Bicentenario en donde se desarrolla el Festival Internacional de Cine, se defini\u00f3 a Arturo Ripstein como un hombre con un extraordinario talento dentro de la industria del cine mundial, quien se distingue por generar proyectos con un toque singular, profundo, inc\u00f3modo e impactante, al desmenuzar la complejidad de la condici\u00f3n humana.<\/p>\n","protected":false},"excerpt":{"rendered":"Milagros Tadeo\/Le\u00f3n, Gto.-\u00a0En el marco del 27 Festival Internacional de Cine de Guanajuato, el cineasta y actor Arturo Ripstein\u00a0 recibi\u00f3 el galard\u00f3n de Plata M\u00e1s Cine y la Medalla Filmoteca de la UNAM, por su amplia filmograf\u00eda y trayectoria reconocida a nivel nacional e internacional. Por m\u00e1s de 50 a\u00f1os de carrera, 34 largometrajes y [&hellip;]","protected":false},"author":2,"featured_media":149064,"comment_status":"open","ping_status":"open","sticky":false,"template":"","format":"standard","meta":{"_seopress_robots_primary_cat":"none","_seopress_titles_title":"","_seopress_titles_desc":"","_seopress_robots_index":"","_monsterinsights_skip_tracking":false,"_monsterinsights_sitenote_active":false,"_monsterinsights_sitenote_note":"","_monsterinsights_sitenote_category":0,"footnotes":""},"categories":[8,69],"tags":[127,4121,3476,4120,1973],"class_list":["post-149061","post","type-post","status-publish","format-standard","has-post-thumbnail","hentry","category-espectaculos","category-slider","tag-arte-y-cultura","tag-arturo-ripstein","tag-festival-de-cine","tag-galardones","tag-giff"],"yoast_head":"<!-- This site is optimized with the Yoast SEO plugin v27.4 - https:\/\/yoast.com\/product\/yoast-seo-wordpress\/ -->\n<title>ARTURO REPSTEIN RECIBE MEDALLA EN EL GIFF - Kuali<\/title>\n<meta name=\"robots\" content=\"index, follow, max-snippet:-1, max-image-preview:large, max-video-preview:-1\" \/>\n<link rel=\"canonical\" href=\"https:\/\/kuali.com.mx\/web\/2024\/07\/21\/arturo-repstein-recibe-medalla-en-el-festival-internacional-de-cine-de-guanajuato\/\" \/>\n<meta property=\"og:locale\" content=\"es_MX\" \/>\n<meta property=\"og:type\" content=\"article\" \/>\n<meta property=\"og:title\" content=\"ARTURO REPSTEIN RECIBE MEDALLA EN EL GIFF - Kuali\" \/>\n<meta property=\"og:description\" content=\"Milagros Tadeo\/Le\u00f3n, Gto.-\u00a0En el marco del 27 Festival Internacional de Cine de Guanajuato, el cineasta y actor Arturo Ripstein\u00a0 recibi\u00f3 el galard\u00f3n de Plata M\u00e1s Cine y la Medalla Filmoteca de la UNAM, por su amplia filmograf\u00eda y trayectoria reconocida a nivel nacional e internacional. Por m\u00e1s de 50 a\u00f1os de carrera, 34 largometrajes y [&hellip;]\" \/>\n<meta property=\"og:url\" content=\"https:\/\/kuali.com.mx\/web\/2024\/07\/21\/arturo-repstein-recibe-medalla-en-el-festival-internacional-de-cine-de-guanajuato\/\" \/>\n<meta property=\"og:site_name\" content=\"Kuali\" \/>\n<meta property=\"article:publisher\" content=\"https:\/\/kuali.com.mx\/web\/wp-content\/uploads\/2018\/04\/cropped-kuali_logo-1-1.png\" \/>\n<meta property=\"article:published_time\" content=\"2024-07-21T13:33:25+00:00\" \/>\n<meta property=\"article:modified_time\" content=\"2024-07-21T13:34:11+00:00\" \/>\n<meta property=\"og:image\" content=\"https:\/\/kuali.com.mx\/web\/wp-content\/uploads\/2024\/07\/Arturo-Ripstein2.gif\" \/>\n\t<meta property=\"og:image:width\" content=\"1700\" \/>\n\t<meta property=\"og:image:height\" content=\"750\" \/>\n\t<meta property=\"og:image:type\" content=\"image\/gif\" \/>\n<meta name=\"author\" content=\"Kuali Staff\" \/>\n<meta name=\"twitter:card\" content=\"summary_large_image\" \/>\n<meta name=\"twitter:creator\" content=\"@kuali_noticias\" \/>\n<meta name=\"twitter:site\" content=\"@kuali_noticias\" \/>\n<meta name=\"twitter:label1\" content=\"Escrito por\" \/>\n\t<meta name=\"twitter:data1\" content=\"Kuali Staff\" \/>\n\t<meta name=\"twitter:label2\" content=\"Tiempo de lectura\" \/>\n\t<meta name=\"twitter:data2\" content=\"2 minutos\" \/>\n<script type=\"application\/ld+json\" class=\"yoast-schema-graph\">{\"@context\":\"https:\\\/\\\/schema.org\",\"@graph\":[{\"@type\":\"Article\",\"@id\":\"https:\\\/\\\/kuali.com.mx\\\/web\\\/2024\\\/07\\\/21\\\/arturo-repstein-recibe-medalla-en-el-festival-internacional-de-cine-de-guanajuato\\\/#article\",\"isPartOf\":{\"@id\":\"https:\\\/\\\/kuali.com.mx\\\/web\\\/2024\\\/07\\\/21\\\/arturo-repstein-recibe-medalla-en-el-festival-internacional-de-cine-de-guanajuato\\\/\"},\"author\":{\"name\":\"Kuali Staff\",\"@id\":\"https:\\\/\\\/kuali.com.mx\\\/web\\\/#\\\/schema\\\/person\\\/6f89ffa8ecba9dae50662357923c5289\"},\"headline\":\"ARTURO REPSTEIN RECIBE MEDALLA EN EL GIFF\",\"datePublished\":\"2024-07-21T13:33:25+00:00\",\"dateModified\":\"2024-07-21T13:34:11+00:00\",\"mainEntityOfPage\":{\"@id\":\"https:\\\/\\\/kuali.com.mx\\\/web\\\/2024\\\/07\\\/21\\\/arturo-repstein-recibe-medalla-en-el-festival-internacional-de-cine-de-guanajuato\\\/\"},\"wordCount\":431,\"commentCount\":0,\"image\":{\"@id\":\"https:\\\/\\\/kuali.com.mx\\\/web\\\/2024\\\/07\\\/21\\\/arturo-repstein-recibe-medalla-en-el-festival-internacional-de-cine-de-guanajuato\\\/#primaryimage\"},\"thumbnailUrl\":\"https:\\\/\\\/kuali.com.mx\\\/web\\\/wp-content\\\/uploads\\\/2024\\\/07\\\/Arturo-Ripstein2.gif\",\"keywords\":[\"Arte y cultura\",\"Arturo Ripstein\",\"festival de cine\",\"Galardones\",\"GIFF\"],\"articleSection\":[\"Cultura\",\"slider\"],\"inLanguage\":\"es\",\"potentialAction\":[{\"@type\":\"CommentAction\",\"name\":\"Comment\",\"target\":[\"https:\\\/\\\/kuali.com.mx\\\/web\\\/2024\\\/07\\\/21\\\/arturo-repstein-recibe-medalla-en-el-festival-internacional-de-cine-de-guanajuato\\\/#respond\"]}]},{\"@type\":\"WebPage\",\"@id\":\"https:\\\/\\\/kuali.com.mx\\\/web\\\/2024\\\/07\\\/21\\\/arturo-repstein-recibe-medalla-en-el-festival-internacional-de-cine-de-guanajuato\\\/\",\"url\":\"https:\\\/\\\/kuali.com.mx\\\/web\\\/2024\\\/07\\\/21\\\/arturo-repstein-recibe-medalla-en-el-festival-internacional-de-cine-de-guanajuato\\\/\",\"name\":\"ARTURO REPSTEIN RECIBE MEDALLA EN EL GIFF - Kuali\",\"isPartOf\":{\"@id\":\"https:\\\/\\\/kuali.com.mx\\\/web\\\/#website\"},\"primaryImageOfPage\":{\"@id\":\"https:\\\/\\\/kuali.com.mx\\\/web\\\/2024\\\/07\\\/21\\\/arturo-repstein-recibe-medalla-en-el-festival-internacional-de-cine-de-guanajuato\\\/#primaryimage\"},\"image\":{\"@id\":\"https:\\\/\\\/kuali.com.mx\\\/web\\\/2024\\\/07\\\/21\\\/arturo-repstein-recibe-medalla-en-el-festival-internacional-de-cine-de-guanajuato\\\/#primaryimage\"},\"thumbnailUrl\":\"https:\\\/\\\/kuali.com.mx\\\/web\\\/wp-content\\\/uploads\\\/2024\\\/07\\\/Arturo-Ripstein2.gif\",\"datePublished\":\"2024-07-21T13:33:25+00:00\",\"dateModified\":\"2024-07-21T13:34:11+00:00\",\"author\":{\"@id\":\"https:\\\/\\\/kuali.com.mx\\\/web\\\/#\\\/schema\\\/person\\\/6f89ffa8ecba9dae50662357923c5289\"},\"breadcrumb\":{\"@id\":\"https:\\\/\\\/kuali.com.mx\\\/web\\\/2024\\\/07\\\/21\\\/arturo-repstein-recibe-medalla-en-el-festival-internacional-de-cine-de-guanajuato\\\/#breadcrumb\"},\"inLanguage\":\"es\",\"potentialAction\":[{\"@type\":\"ReadAction\",\"target\":[\"https:\\\/\\\/kuali.com.mx\\\/web\\\/2024\\\/07\\\/21\\\/arturo-repstein-recibe-medalla-en-el-festival-internacional-de-cine-de-guanajuato\\\/\"]}]},{\"@type\":\"ImageObject\",\"inLanguage\":\"es\",\"@id\":\"https:\\\/\\\/kuali.com.mx\\\/web\\\/2024\\\/07\\\/21\\\/arturo-repstein-recibe-medalla-en-el-festival-internacional-de-cine-de-guanajuato\\\/#primaryimage\",\"url\":\"https:\\\/\\\/kuali.com.mx\\\/web\\\/wp-content\\\/uploads\\\/2024\\\/07\\\/Arturo-Ripstein2.gif\",\"contentUrl\":\"https:\\\/\\\/kuali.com.mx\\\/web\\\/wp-content\\\/uploads\\\/2024\\\/07\\\/Arturo-Ripstein2.gif\",\"width\":1700,\"height\":750},{\"@type\":\"BreadcrumbList\",\"@id\":\"https:\\\/\\\/kuali.com.mx\\\/web\\\/2024\\\/07\\\/21\\\/arturo-repstein-recibe-medalla-en-el-festival-internacional-de-cine-de-guanajuato\\\/#breadcrumb\",\"itemListElement\":[{\"@type\":\"ListItem\",\"position\":1,\"name\":\"Inicio\",\"item\":\"https:\\\/\\\/kuali.com.mx\\\/web\\\/\"},{\"@type\":\"ListItem\",\"position\":2,\"name\":\"ARTURO REPSTEIN RECIBE MEDALLA EN EL GIFF\"}]},{\"@type\":\"WebSite\",\"@id\":\"https:\\\/\\\/kuali.com.mx\\\/web\\\/#website\",\"url\":\"https:\\\/\\\/kuali.com.mx\\\/web\\\/\",\"name\":\"Kuali\",\"description\":\"\",\"potentialAction\":[{\"@type\":\"SearchAction\",\"target\":{\"@type\":\"EntryPoint\",\"urlTemplate\":\"https:\\\/\\\/kuali.com.mx\\\/web\\\/?s={search_term_string}\"},\"query-input\":{\"@type\":\"PropertyValueSpecification\",\"valueRequired\":true,\"valueName\":\"search_term_string\"}}],\"inLanguage\":\"es\"},{\"@type\":\"Person\",\"@id\":\"https:\\\/\\\/kuali.com.mx\\\/web\\\/#\\\/schema\\\/person\\\/6f89ffa8ecba9dae50662357923c5289\",\"name\":\"Kuali Staff\",\"image\":{\"@type\":\"ImageObject\",\"inLanguage\":\"es\",\"@id\":\"https:\\\/\\\/secure.gravatar.com\\\/avatar\\\/f917ad82e5ab71227a733c78b6e60715476f69ee6be59feee4eb5d9920c89e0f?s=96&d=mm&r=g\",\"url\":\"https:\\\/\\\/secure.gravatar.com\\\/avatar\\\/f917ad82e5ab71227a733c78b6e60715476f69ee6be59feee4eb5d9920c89e0f?s=96&d=mm&r=g\",\"contentUrl\":\"https:\\\/\\\/secure.gravatar.com\\\/avatar\\\/f917ad82e5ab71227a733c78b6e60715476f69ee6be59feee4eb5d9920c89e0f?s=96&d=mm&r=g\",\"caption\":\"Kuali Staff\"},\"url\":\"https:\\\/\\\/kuali.com.mx\\\/web\\\/author\\\/lagarto\\\/\"}]}<\/script>\n<!-- \/ Yoast SEO plugin. -->","yoast_head_json":{"title":"ARTURO REPSTEIN RECIBE MEDALLA EN EL GIFF - Kuali","robots":{"index":"index","follow":"follow","max-snippet":"max-snippet:-1","max-image-preview":"max-image-preview:large","max-video-preview":"max-video-preview:-1"},"canonical":"https:\/\/kuali.com.mx\/web\/2024\/07\/21\/arturo-repstein-recibe-medalla-en-el-festival-internacional-de-cine-de-guanajuato\/","og_locale":"es_MX","og_type":"article","og_title":"ARTURO REPSTEIN RECIBE MEDALLA EN EL GIFF - Kuali","og_description":"Milagros Tadeo\/Le\u00f3n, Gto.-\u00a0En el marco del 27 Festival Internacional de Cine de Guanajuato, el cineasta y actor Arturo Ripstein\u00a0 recibi\u00f3 el galard\u00f3n de Plata M\u00e1s Cine y la Medalla Filmoteca de la UNAM, por su amplia filmograf\u00eda y trayectoria reconocida a nivel nacional e internacional. Por m\u00e1s de 50 a\u00f1os de carrera, 34 largometrajes y [&hellip;]","og_url":"https:\/\/kuali.com.mx\/web\/2024\/07\/21\/arturo-repstein-recibe-medalla-en-el-festival-internacional-de-cine-de-guanajuato\/","og_site_name":"Kuali","article_publisher":"https:\/\/kuali.com.mx\/web\/wp-content\/uploads\/2018\/04\/cropped-kuali_logo-1-1.png","article_published_time":"2024-07-21T13:33:25+00:00","article_modified_time":"2024-07-21T13:34:11+00:00","og_image":[{"width":1700,"height":750,"url":"https:\/\/kuali.com.mx\/web\/wp-content\/uploads\/2024\/07\/Arturo-Ripstein2.gif","type":"image\/gif"}],"author":"Kuali Staff","twitter_card":"summary_large_image","twitter_creator":"@kuali_noticias","twitter_site":"@kuali_noticias","twitter_misc":{"Escrito por":"Kuali Staff","Tiempo de lectura":"2 minutos"},"schema":{"@context":"https:\/\/schema.org","@graph":[{"@type":"Article","@id":"https:\/\/kuali.com.mx\/web\/2024\/07\/21\/arturo-repstein-recibe-medalla-en-el-festival-internacional-de-cine-de-guanajuato\/#article","isPartOf":{"@id":"https:\/\/kuali.com.mx\/web\/2024\/07\/21\/arturo-repstein-recibe-medalla-en-el-festival-internacional-de-cine-de-guanajuato\/"},"author":{"name":"Kuali Staff","@id":"https:\/\/kuali.com.mx\/web\/#\/schema\/person\/6f89ffa8ecba9dae50662357923c5289"},"headline":"ARTURO REPSTEIN RECIBE MEDALLA EN EL GIFF","datePublished":"2024-07-21T13:33:25+00:00","dateModified":"2024-07-21T13:34:11+00:00","mainEntityOfPage":{"@id":"https:\/\/kuali.com.mx\/web\/2024\/07\/21\/arturo-repstein-recibe-medalla-en-el-festival-internacional-de-cine-de-guanajuato\/"},"wordCount":431,"commentCount":0,"image":{"@id":"https:\/\/kuali.com.mx\/web\/2024\/07\/21\/arturo-repstein-recibe-medalla-en-el-festival-internacional-de-cine-de-guanajuato\/#primaryimage"},"thumbnailUrl":"https:\/\/kuali.com.mx\/web\/wp-content\/uploads\/2024\/07\/Arturo-Ripstein2.gif","keywords":["Arte y cultura","Arturo Ripstein","festival de cine","Galardones","GIFF"],"articleSection":["Cultura","slider"],"inLanguage":"es","potentialAction":[{"@type":"CommentAction","name":"Comment","target":["https:\/\/kuali.com.mx\/web\/2024\/07\/21\/arturo-repstein-recibe-medalla-en-el-festival-internacional-de-cine-de-guanajuato\/#respond"]}]},{"@type":"WebPage","@id":"https:\/\/kuali.com.mx\/web\/2024\/07\/21\/arturo-repstein-recibe-medalla-en-el-festival-internacional-de-cine-de-guanajuato\/","url":"https:\/\/kuali.com.mx\/web\/2024\/07\/21\/arturo-repstein-recibe-medalla-en-el-festival-internacional-de-cine-de-guanajuato\/","name":"ARTURO REPSTEIN RECIBE MEDALLA EN EL GIFF - Kuali","isPartOf":{"@id":"https:\/\/kuali.com.mx\/web\/#website"},"primaryImageOfPage":{"@id":"https:\/\/kuali.com.mx\/web\/2024\/07\/21\/arturo-repstein-recibe-medalla-en-el-festival-internacional-de-cine-de-guanajuato\/#primaryimage"},"image":{"@id":"https:\/\/kuali.com.mx\/web\/2024\/07\/21\/arturo-repstein-recibe-medalla-en-el-festival-internacional-de-cine-de-guanajuato\/#primaryimage"},"thumbnailUrl":"https:\/\/kuali.com.mx\/web\/wp-content\/uploads\/2024\/07\/Arturo-Ripstein2.gif","datePublished":"2024-07-21T13:33:25+00:00","dateModified":"2024-07-21T13:34:11+00:00","author":{"@id":"https:\/\/kuali.com.mx\/web\/#\/schema\/person\/6f89ffa8ecba9dae50662357923c5289"},"breadcrumb":{"@id":"https:\/\/kuali.com.mx\/web\/2024\/07\/21\/arturo-repstein-recibe-medalla-en-el-festival-internacional-de-cine-de-guanajuato\/#breadcrumb"},"inLanguage":"es","potentialAction":[{"@type":"ReadAction","target":["https:\/\/kuali.com.mx\/web\/2024\/07\/21\/arturo-repstein-recibe-medalla-en-el-festival-internacional-de-cine-de-guanajuato\/"]}]},{"@type":"ImageObject","inLanguage":"es","@id":"https:\/\/kuali.com.mx\/web\/2024\/07\/21\/arturo-repstein-recibe-medalla-en-el-festival-internacional-de-cine-de-guanajuato\/#primaryimage","url":"https:\/\/kuali.com.mx\/web\/wp-content\/uploads\/2024\/07\/Arturo-Ripstein2.gif","contentUrl":"https:\/\/kuali.com.mx\/web\/wp-content\/uploads\/2024\/07\/Arturo-Ripstein2.gif","width":1700,"height":750},{"@type":"BreadcrumbList","@id":"https:\/\/kuali.com.mx\/web\/2024\/07\/21\/arturo-repstein-recibe-medalla-en-el-festival-internacional-de-cine-de-guanajuato\/#breadcrumb","itemListElement":[{"@type":"ListItem","position":1,"name":"Inicio","item":"https:\/\/kuali.com.mx\/web\/"},{"@type":"ListItem","position":2,"name":"ARTURO REPSTEIN RECIBE MEDALLA EN EL GIFF"}]},{"@type":"WebSite","@id":"https:\/\/kuali.com.mx\/web\/#website","url":"https:\/\/kuali.com.mx\/web\/","name":"Kuali","description":"","potentialAction":[{"@type":"SearchAction","target":{"@type":"EntryPoint","urlTemplate":"https:\/\/kuali.com.mx\/web\/?s={search_term_string}"},"query-input":{"@type":"PropertyValueSpecification","valueRequired":true,"valueName":"search_term_string"}}],"inLanguage":"es"},{"@type":"Person","@id":"https:\/\/kuali.com.mx\/web\/#\/schema\/person\/6f89ffa8ecba9dae50662357923c5289","name":"Kuali Staff","image":{"@type":"ImageObject","inLanguage":"es","@id":"https:\/\/secure.gravatar.com\/avatar\/f917ad82e5ab71227a733c78b6e60715476f69ee6be59feee4eb5d9920c89e0f?s=96&d=mm&r=g","url":"https:\/\/secure.gravatar.com\/avatar\/f917ad82e5ab71227a733c78b6e60715476f69ee6be59feee4eb5d9920c89e0f?s=96&d=mm&r=g","contentUrl":"https:\/\/secure.gravatar.com\/avatar\/f917ad82e5ab71227a733c78b6e60715476f69ee6be59feee4eb5d9920c89e0f?s=96&d=mm&r=g","caption":"Kuali Staff"},"url":"https:\/\/kuali.com.mx\/web\/author\/lagarto\/"}]}},"_links":{"self":[{"href":"https:\/\/kuali.com.mx\/web\/wp-json\/wp\/v2\/posts\/149061","targetHints":{"allow":["GET"]}}],"collection":[{"href":"https:\/\/kuali.com.mx\/web\/wp-json\/wp\/v2\/posts"}],"about":[{"href":"https:\/\/kuali.com.mx\/web\/wp-json\/wp\/v2\/types\/post"}],"author":[{"embeddable":true,"href":"https:\/\/kuali.com.mx\/web\/wp-json\/wp\/v2\/users\/2"}],"replies":[{"embeddable":true,"href":"https:\/\/kuali.com.mx\/web\/wp-json\/wp\/v2\/comments?post=149061"}],"version-history":[{"count":3,"href":"https:\/\/kuali.com.mx\/web\/wp-json\/wp\/v2\/posts\/149061\/revisions"}],"predecessor-version":[{"id":149069,"href":"https:\/\/kuali.com.mx\/web\/wp-json\/wp\/v2\/posts\/149061\/revisions\/149069"}],"wp:featuredmedia":[{"embeddable":true,"href":"https:\/\/kuali.com.mx\/web\/wp-json\/wp\/v2\/media\/149064"}],"wp:attachment":[{"href":"https:\/\/kuali.com.mx\/web\/wp-json\/wp\/v2\/media?parent=149061"}],"wp:term":[{"taxonomy":"category","embeddable":true,"href":"https:\/\/kuali.com.mx\/web\/wp-json\/wp\/v2\/categories?post=149061"},{"taxonomy":"post_tag","embeddable":true,"href":"https:\/\/kuali.com.mx\/web\/wp-json\/wp\/v2\/tags?post=149061"}],"curies":[{"name":"wp","href":"https:\/\/api.w.org\/{rel}","templated":true}]}}