{"id":148592,"date":"2024-07-17T13:40:00","date_gmt":"2024-07-17T19:40:00","guid":{"rendered":"https:\/\/kuali.com.mx\/web\/?p=148592"},"modified":"2024-07-17T22:30:32","modified_gmt":"2024-07-18T04:30:32","slug":"nuevo-fiscal-no-debe-ser-allegado-al-pan-yulma","status":"publish","type":"post","link":"https:\/\/kuali.com.mx\/web\/2024\/07\/17\/nuevo-fiscal-no-debe-ser-allegado-al-pan-yulma\/","title":{"rendered":"NUEVO FISCAL NO DEBE SER ALLEGADO AL PAN: YULMA"},"content":{"rendered":"\n<p><strong>Milagros Tadeo\/Le\u00f3n, Gto.-<\/strong>&nbsp;La delegada Nacional de Movimiento Ciudadano (MC) en Guanajuato, Yulma Rocha Aguilar, advirti\u00f3 que el pr\u00f3ximo fiscal tendr\u00e1 que tener un perfil 100% t\u00e9cnico y lejano de cualquier afinidad pol\u00edtica al Partido Acci\u00f3n Nacional (PAN).<\/p>\n\n\n\n<p>Esto lo dijo al indicar que la conformaci\u00f3n del pr\u00f3ximo Congreso en donde el PAN ya no tendr\u00e1 la mayor\u00eda, permitir\u00e1 frenar las propuestas a modo de los panistas, quienes dijo no dudar, intentar\u00e1n volver a imponer a un fiscal carnal.<\/p>\n\n\n\n<p>\u201cEl riesgo siempre va a existir, pero por fortuna la pr\u00f3xima legislatura ser\u00e1 m\u00e1s representativa, m\u00e1s plural y con m\u00e1s contrapesos y eso va abonar a que se cumplan con los requisitos constitucionales que marca el perfil de la persona, pero s\u00ed debe tener antecedentes, planteamientos y estrategias y una visi\u00f3n o resultados previos ajenos a una l\u00ednea pol\u00edtica partidista, hay que recordar que la Fiscal\u00eda es un \u00f3rgano aut\u00f3nomo y debe estar alejado de cualquier cuesti\u00f3n ideol\u00f3gica o partidista\u201d, refiri\u00f3.<\/p>\n\n\n\n<p>Advirti\u00f3 que el gobierno panista, encabezado por Libia Denisse Garc\u00eda Mu\u00f1oz Ledo, &nbsp;deber\u00e1 garantizar una propuesta de alguien experimentado; que garantice los cambios en los procesos, estrategias y en los perfiles de quienes ocupan \u00e1reas estrat\u00e9gicas dentro de la Fiscal\u00eda General del Estado de Guanajuato.<\/p>\n\n\n\n<p>&nbsp;\u201cCuando se suman pol\u00edticamente otros agentes de contrapesos, el tamiz es diferente, el proceso de revisi\u00f3n es diferente, y se convierte en un tr\u00e1mite burocr\u00e1tico de oficial\u00eda de partes como lo ha sido el Congreso de Guanajuato durante las \u00faltimas d\u00e9cadas, el siguiente Congreso ser\u00e1 hist\u00f3rico y tiene que ser en beneficio de los guanajuatenses\u201d, manifest\u00f3.<\/p>\n\n\n\n<p>Advirti\u00f3 que Movimiento Ciudadano ser\u00e1 un partido que haga valer sus votos para que solamente se aprueben acciones que de verdad sean en beneficio de los guanajuatenses, sobre todo en materia de seguridad.<\/p>\n","protected":false},"excerpt":{"rendered":"Milagros Tadeo\/Le\u00f3n, Gto.-&nbsp;La delegada Nacional de Movimiento Ciudadano (MC) en Guanajuato, Yulma Rocha Aguilar, advirti\u00f3 que el pr\u00f3ximo fiscal tendr\u00e1 que tener un perfil 100% t\u00e9cnico y lejano de cualquier afinidad pol\u00edtica al Partido Acci\u00f3n Nacional (PAN). Esto lo dijo al indicar que la conformaci\u00f3n del pr\u00f3ximo Congreso en donde el PAN ya no tendr\u00e1 [&hellip;]","protected":false},"author":2,"featured_media":148595,"comment_status":"open","ping_status":"open","sticky":false,"template":"","format":"standard","meta":{"_seopress_robots_primary_cat":"none","_seopress_titles_title":"","_seopress_titles_desc":"","_seopress_robots_index":"","_monsterinsights_skip_tracking":false,"_monsterinsights_sitenote_active":false,"_monsterinsights_sitenote_note":"","_monsterinsights_sitenote_category":0,"footnotes":""},"categories":[3],"tags":[],"class_list":["post-148592","post","type-post","status-publish","format-standard","has-post-thumbnail","hentry","category-politica"],"yoast_head":"<!-- This site is optimized with the Yoast SEO plugin v27.4 - https:\/\/yoast.com\/product\/yoast-seo-wordpress\/ -->\n<title>NUEVO FISCAL NO DEBE SER ALLEGADO AL PAN: YULMA - Kuali<\/title>\n<meta name=\"robots\" content=\"index, follow, max-snippet:-1, max-image-preview:large, max-video-preview:-1\" \/>\n<link rel=\"canonical\" href=\"https:\/\/kuali.com.mx\/web\/2024\/07\/17\/nuevo-fiscal-no-debe-ser-allegado-al-pan-yulma\/\" \/>\n<meta property=\"og:locale\" content=\"es_MX\" \/>\n<meta property=\"og:type\" content=\"article\" \/>\n<meta property=\"og:title\" content=\"NUEVO FISCAL NO DEBE SER ALLEGADO AL PAN: YULMA - Kuali\" \/>\n<meta property=\"og:description\" content=\"Milagros Tadeo\/Le\u00f3n, Gto.-&nbsp;La delegada Nacional de Movimiento Ciudadano (MC) en Guanajuato, Yulma Rocha Aguilar, advirti\u00f3 que el pr\u00f3ximo fiscal tendr\u00e1 que tener un perfil 100% t\u00e9cnico y lejano de cualquier afinidad pol\u00edtica al Partido Acci\u00f3n Nacional (PAN). Esto lo dijo al indicar que la conformaci\u00f3n del pr\u00f3ximo Congreso en donde el PAN ya no tendr\u00e1 [&hellip;]\" \/>\n<meta property=\"og:url\" content=\"https:\/\/kuali.com.mx\/web\/2024\/07\/17\/nuevo-fiscal-no-debe-ser-allegado-al-pan-yulma\/\" \/>\n<meta property=\"og:site_name\" content=\"Kuali\" \/>\n<meta property=\"article:publisher\" content=\"https:\/\/kuali.com.mx\/web\/wp-content\/uploads\/2018\/04\/cropped-kuali_logo-1-1.png\" \/>\n<meta property=\"article:published_time\" content=\"2024-07-17T19:40:00+00:00\" \/>\n<meta property=\"article:modified_time\" content=\"2024-07-18T04:30:32+00:00\" \/>\n<meta property=\"og:image\" content=\"https:\/\/kuali.com.mx\/web\/wp-content\/uploads\/2024\/07\/Yulma-2.jpeg\" \/>\n\t<meta property=\"og:image:width\" content=\"1600\" \/>\n\t<meta property=\"og:image:height\" content=\"1200\" \/>\n\t<meta property=\"og:image:type\" content=\"image\/jpeg\" \/>\n<meta name=\"author\" content=\"Kuali Staff\" \/>\n<meta name=\"twitter:card\" content=\"summary_large_image\" \/>\n<meta name=\"twitter:creator\" content=\"@kuali_noticias\" \/>\n<meta name=\"twitter:site\" content=\"@kuali_noticias\" \/>\n<meta name=\"twitter:label1\" content=\"Escrito por\" \/>\n\t<meta name=\"twitter:data1\" content=\"Kuali Staff\" \/>\n\t<meta name=\"twitter:label2\" content=\"Tiempo de lectura\" \/>\n\t<meta name=\"twitter:data2\" content=\"2 minutos\" \/>\n<script type=\"application\/ld+json\" class=\"yoast-schema-graph\">{\"@context\":\"https:\\\/\\\/schema.org\",\"@graph\":[{\"@type\":\"Article\",\"@id\":\"https:\\\/\\\/kuali.com.mx\\\/web\\\/2024\\\/07\\\/17\\\/nuevo-fiscal-no-debe-ser-allegado-al-pan-yulma\\\/#article\",\"isPartOf\":{\"@id\":\"https:\\\/\\\/kuali.com.mx\\\/web\\\/2024\\\/07\\\/17\\\/nuevo-fiscal-no-debe-ser-allegado-al-pan-yulma\\\/\"},\"author\":{\"name\":\"Kuali Staff\",\"@id\":\"https:\\\/\\\/kuali.com.mx\\\/web\\\/#\\\/schema\\\/person\\\/6f89ffa8ecba9dae50662357923c5289\"},\"headline\":\"NUEVO FISCAL NO DEBE SER ALLEGADO AL PAN: YULMA\",\"datePublished\":\"2024-07-17T19:40:00+00:00\",\"dateModified\":\"2024-07-18T04:30:32+00:00\",\"mainEntityOfPage\":{\"@id\":\"https:\\\/\\\/kuali.com.mx\\\/web\\\/2024\\\/07\\\/17\\\/nuevo-fiscal-no-debe-ser-allegado-al-pan-yulma\\\/\"},\"wordCount\":338,\"commentCount\":0,\"image\":{\"@id\":\"https:\\\/\\\/kuali.com.mx\\\/web\\\/2024\\\/07\\\/17\\\/nuevo-fiscal-no-debe-ser-allegado-al-pan-yulma\\\/#primaryimage\"},\"thumbnailUrl\":\"https:\\\/\\\/kuali.com.mx\\\/web\\\/wp-content\\\/uploads\\\/2024\\\/07\\\/Yulma-2.jpeg\",\"articleSection\":[\"Pol\u00edtica\"],\"inLanguage\":\"es\",\"potentialAction\":[{\"@type\":\"CommentAction\",\"name\":\"Comment\",\"target\":[\"https:\\\/\\\/kuali.com.mx\\\/web\\\/2024\\\/07\\\/17\\\/nuevo-fiscal-no-debe-ser-allegado-al-pan-yulma\\\/#respond\"]}]},{\"@type\":\"WebPage\",\"@id\":\"https:\\\/\\\/kuali.com.mx\\\/web\\\/2024\\\/07\\\/17\\\/nuevo-fiscal-no-debe-ser-allegado-al-pan-yulma\\\/\",\"url\":\"https:\\\/\\\/kuali.com.mx\\\/web\\\/2024\\\/07\\\/17\\\/nuevo-fiscal-no-debe-ser-allegado-al-pan-yulma\\\/\",\"name\":\"NUEVO FISCAL NO DEBE SER ALLEGADO AL PAN: YULMA - Kuali\",\"isPartOf\":{\"@id\":\"https:\\\/\\\/kuali.com.mx\\\/web\\\/#website\"},\"primaryImageOfPage\":{\"@id\":\"https:\\\/\\\/kuali.com.mx\\\/web\\\/2024\\\/07\\\/17\\\/nuevo-fiscal-no-debe-ser-allegado-al-pan-yulma\\\/#primaryimage\"},\"image\":{\"@id\":\"https:\\\/\\\/kuali.com.mx\\\/web\\\/2024\\\/07\\\/17\\\/nuevo-fiscal-no-debe-ser-allegado-al-pan-yulma\\\/#primaryimage\"},\"thumbnailUrl\":\"https:\\\/\\\/kuali.com.mx\\\/web\\\/wp-content\\\/uploads\\\/2024\\\/07\\\/Yulma-2.jpeg\",\"datePublished\":\"2024-07-17T19:40:00+00:00\",\"dateModified\":\"2024-07-18T04:30:32+00:00\",\"author\":{\"@id\":\"https:\\\/\\\/kuali.com.mx\\\/web\\\/#\\\/schema\\\/person\\\/6f89ffa8ecba9dae50662357923c5289\"},\"breadcrumb\":{\"@id\":\"https:\\\/\\\/kuali.com.mx\\\/web\\\/2024\\\/07\\\/17\\\/nuevo-fiscal-no-debe-ser-allegado-al-pan-yulma\\\/#breadcrumb\"},\"inLanguage\":\"es\",\"potentialAction\":[{\"@type\":\"ReadAction\",\"target\":[\"https:\\\/\\\/kuali.com.mx\\\/web\\\/2024\\\/07\\\/17\\\/nuevo-fiscal-no-debe-ser-allegado-al-pan-yulma\\\/\"]}]},{\"@type\":\"ImageObject\",\"inLanguage\":\"es\",\"@id\":\"https:\\\/\\\/kuali.com.mx\\\/web\\\/2024\\\/07\\\/17\\\/nuevo-fiscal-no-debe-ser-allegado-al-pan-yulma\\\/#primaryimage\",\"url\":\"https:\\\/\\\/kuali.com.mx\\\/web\\\/wp-content\\\/uploads\\\/2024\\\/07\\\/Yulma-2.jpeg\",\"contentUrl\":\"https:\\\/\\\/kuali.com.mx\\\/web\\\/wp-content\\\/uploads\\\/2024\\\/07\\\/Yulma-2.jpeg\",\"width\":1600,\"height\":1200},{\"@type\":\"BreadcrumbList\",\"@id\":\"https:\\\/\\\/kuali.com.mx\\\/web\\\/2024\\\/07\\\/17\\\/nuevo-fiscal-no-debe-ser-allegado-al-pan-yulma\\\/#breadcrumb\",\"itemListElement\":[{\"@type\":\"ListItem\",\"position\":1,\"name\":\"Inicio\",\"item\":\"https:\\\/\\\/kuali.com.mx\\\/web\\\/\"},{\"@type\":\"ListItem\",\"position\":2,\"name\":\"NUEVO FISCAL NO DEBE SER ALLEGADO AL PAN: YULMA\"}]},{\"@type\":\"WebSite\",\"@id\":\"https:\\\/\\\/kuali.com.mx\\\/web\\\/#website\",\"url\":\"https:\\\/\\\/kuali.com.mx\\\/web\\\/\",\"name\":\"Kuali\",\"description\":\"\",\"potentialAction\":[{\"@type\":\"SearchAction\",\"target\":{\"@type\":\"EntryPoint\",\"urlTemplate\":\"https:\\\/\\\/kuali.com.mx\\\/web\\\/?s={search_term_string}\"},\"query-input\":{\"@type\":\"PropertyValueSpecification\",\"valueRequired\":true,\"valueName\":\"search_term_string\"}}],\"inLanguage\":\"es\"},{\"@type\":\"Person\",\"@id\":\"https:\\\/\\\/kuali.com.mx\\\/web\\\/#\\\/schema\\\/person\\\/6f89ffa8ecba9dae50662357923c5289\",\"name\":\"Kuali Staff\",\"image\":{\"@type\":\"ImageObject\",\"inLanguage\":\"es\",\"@id\":\"https:\\\/\\\/secure.gravatar.com\\\/avatar\\\/f917ad82e5ab71227a733c78b6e60715476f69ee6be59feee4eb5d9920c89e0f?s=96&d=mm&r=g\",\"url\":\"https:\\\/\\\/secure.gravatar.com\\\/avatar\\\/f917ad82e5ab71227a733c78b6e60715476f69ee6be59feee4eb5d9920c89e0f?s=96&d=mm&r=g\",\"contentUrl\":\"https:\\\/\\\/secure.gravatar.com\\\/avatar\\\/f917ad82e5ab71227a733c78b6e60715476f69ee6be59feee4eb5d9920c89e0f?s=96&d=mm&r=g\",\"caption\":\"Kuali Staff\"},\"url\":\"https:\\\/\\\/kuali.com.mx\\\/web\\\/author\\\/lagarto\\\/\"}]}<\/script>\n<!-- \/ Yoast SEO plugin. -->","yoast_head_json":{"title":"NUEVO FISCAL NO DEBE SER ALLEGADO AL PAN: YULMA - Kuali","robots":{"index":"index","follow":"follow","max-snippet":"max-snippet:-1","max-image-preview":"max-image-preview:large","max-video-preview":"max-video-preview:-1"},"canonical":"https:\/\/kuali.com.mx\/web\/2024\/07\/17\/nuevo-fiscal-no-debe-ser-allegado-al-pan-yulma\/","og_locale":"es_MX","og_type":"article","og_title":"NUEVO FISCAL NO DEBE SER ALLEGADO AL PAN: YULMA - Kuali","og_description":"Milagros Tadeo\/Le\u00f3n, Gto.-&nbsp;La delegada Nacional de Movimiento Ciudadano (MC) en Guanajuato, Yulma Rocha Aguilar, advirti\u00f3 que el pr\u00f3ximo fiscal tendr\u00e1 que tener un perfil 100% t\u00e9cnico y lejano de cualquier afinidad pol\u00edtica al Partido Acci\u00f3n Nacional (PAN). Esto lo dijo al indicar que la conformaci\u00f3n del pr\u00f3ximo Congreso en donde el PAN ya no tendr\u00e1 [&hellip;]","og_url":"https:\/\/kuali.com.mx\/web\/2024\/07\/17\/nuevo-fiscal-no-debe-ser-allegado-al-pan-yulma\/","og_site_name":"Kuali","article_publisher":"https:\/\/kuali.com.mx\/web\/wp-content\/uploads\/2018\/04\/cropped-kuali_logo-1-1.png","article_published_time":"2024-07-17T19:40:00+00:00","article_modified_time":"2024-07-18T04:30:32+00:00","og_image":[{"width":1600,"height":1200,"url":"https:\/\/kuali.com.mx\/web\/wp-content\/uploads\/2024\/07\/Yulma-2.jpeg","type":"image\/jpeg"}],"author":"Kuali Staff","twitter_card":"summary_large_image","twitter_creator":"@kuali_noticias","twitter_site":"@kuali_noticias","twitter_misc":{"Escrito por":"Kuali Staff","Tiempo de lectura":"2 minutos"},"schema":{"@context":"https:\/\/schema.org","@graph":[{"@type":"Article","@id":"https:\/\/kuali.com.mx\/web\/2024\/07\/17\/nuevo-fiscal-no-debe-ser-allegado-al-pan-yulma\/#article","isPartOf":{"@id":"https:\/\/kuali.com.mx\/web\/2024\/07\/17\/nuevo-fiscal-no-debe-ser-allegado-al-pan-yulma\/"},"author":{"name":"Kuali Staff","@id":"https:\/\/kuali.com.mx\/web\/#\/schema\/person\/6f89ffa8ecba9dae50662357923c5289"},"headline":"NUEVO FISCAL NO DEBE SER ALLEGADO AL PAN: YULMA","datePublished":"2024-07-17T19:40:00+00:00","dateModified":"2024-07-18T04:30:32+00:00","mainEntityOfPage":{"@id":"https:\/\/kuali.com.mx\/web\/2024\/07\/17\/nuevo-fiscal-no-debe-ser-allegado-al-pan-yulma\/"},"wordCount":338,"commentCount":0,"image":{"@id":"https:\/\/kuali.com.mx\/web\/2024\/07\/17\/nuevo-fiscal-no-debe-ser-allegado-al-pan-yulma\/#primaryimage"},"thumbnailUrl":"https:\/\/kuali.com.mx\/web\/wp-content\/uploads\/2024\/07\/Yulma-2.jpeg","articleSection":["Pol\u00edtica"],"inLanguage":"es","potentialAction":[{"@type":"CommentAction","name":"Comment","target":["https:\/\/kuali.com.mx\/web\/2024\/07\/17\/nuevo-fiscal-no-debe-ser-allegado-al-pan-yulma\/#respond"]}]},{"@type":"WebPage","@id":"https:\/\/kuali.com.mx\/web\/2024\/07\/17\/nuevo-fiscal-no-debe-ser-allegado-al-pan-yulma\/","url":"https:\/\/kuali.com.mx\/web\/2024\/07\/17\/nuevo-fiscal-no-debe-ser-allegado-al-pan-yulma\/","name":"NUEVO FISCAL NO DEBE SER ALLEGADO AL PAN: YULMA - Kuali","isPartOf":{"@id":"https:\/\/kuali.com.mx\/web\/#website"},"primaryImageOfPage":{"@id":"https:\/\/kuali.com.mx\/web\/2024\/07\/17\/nuevo-fiscal-no-debe-ser-allegado-al-pan-yulma\/#primaryimage"},"image":{"@id":"https:\/\/kuali.com.mx\/web\/2024\/07\/17\/nuevo-fiscal-no-debe-ser-allegado-al-pan-yulma\/#primaryimage"},"thumbnailUrl":"https:\/\/kuali.com.mx\/web\/wp-content\/uploads\/2024\/07\/Yulma-2.jpeg","datePublished":"2024-07-17T19:40:00+00:00","dateModified":"2024-07-18T04:30:32+00:00","author":{"@id":"https:\/\/kuali.com.mx\/web\/#\/schema\/person\/6f89ffa8ecba9dae50662357923c5289"},"breadcrumb":{"@id":"https:\/\/kuali.com.mx\/web\/2024\/07\/17\/nuevo-fiscal-no-debe-ser-allegado-al-pan-yulma\/#breadcrumb"},"inLanguage":"es","potentialAction":[{"@type":"ReadAction","target":["https:\/\/kuali.com.mx\/web\/2024\/07\/17\/nuevo-fiscal-no-debe-ser-allegado-al-pan-yulma\/"]}]},{"@type":"ImageObject","inLanguage":"es","@id":"https:\/\/kuali.com.mx\/web\/2024\/07\/17\/nuevo-fiscal-no-debe-ser-allegado-al-pan-yulma\/#primaryimage","url":"https:\/\/kuali.com.mx\/web\/wp-content\/uploads\/2024\/07\/Yulma-2.jpeg","contentUrl":"https:\/\/kuali.com.mx\/web\/wp-content\/uploads\/2024\/07\/Yulma-2.jpeg","width":1600,"height":1200},{"@type":"BreadcrumbList","@id":"https:\/\/kuali.com.mx\/web\/2024\/07\/17\/nuevo-fiscal-no-debe-ser-allegado-al-pan-yulma\/#breadcrumb","itemListElement":[{"@type":"ListItem","position":1,"name":"Inicio","item":"https:\/\/kuali.com.mx\/web\/"},{"@type":"ListItem","position":2,"name":"NUEVO FISCAL NO DEBE SER ALLEGADO AL PAN: YULMA"}]},{"@type":"WebSite","@id":"https:\/\/kuali.com.mx\/web\/#website","url":"https:\/\/kuali.com.mx\/web\/","name":"Kuali","description":"","potentialAction":[{"@type":"SearchAction","target":{"@type":"EntryPoint","urlTemplate":"https:\/\/kuali.com.mx\/web\/?s={search_term_string}"},"query-input":{"@type":"PropertyValueSpecification","valueRequired":true,"valueName":"search_term_string"}}],"inLanguage":"es"},{"@type":"Person","@id":"https:\/\/kuali.com.mx\/web\/#\/schema\/person\/6f89ffa8ecba9dae50662357923c5289","name":"Kuali Staff","image":{"@type":"ImageObject","inLanguage":"es","@id":"https:\/\/secure.gravatar.com\/avatar\/f917ad82e5ab71227a733c78b6e60715476f69ee6be59feee4eb5d9920c89e0f?s=96&d=mm&r=g","url":"https:\/\/secure.gravatar.com\/avatar\/f917ad82e5ab71227a733c78b6e60715476f69ee6be59feee4eb5d9920c89e0f?s=96&d=mm&r=g","contentUrl":"https:\/\/secure.gravatar.com\/avatar\/f917ad82e5ab71227a733c78b6e60715476f69ee6be59feee4eb5d9920c89e0f?s=96&d=mm&r=g","caption":"Kuali Staff"},"url":"https:\/\/kuali.com.mx\/web\/author\/lagarto\/"}]}},"_links":{"self":[{"href":"https:\/\/kuali.com.mx\/web\/wp-json\/wp\/v2\/posts\/148592","targetHints":{"allow":["GET"]}}],"collection":[{"href":"https:\/\/kuali.com.mx\/web\/wp-json\/wp\/v2\/posts"}],"about":[{"href":"https:\/\/kuali.com.mx\/web\/wp-json\/wp\/v2\/types\/post"}],"author":[{"embeddable":true,"href":"https:\/\/kuali.com.mx\/web\/wp-json\/wp\/v2\/users\/2"}],"replies":[{"embeddable":true,"href":"https:\/\/kuali.com.mx\/web\/wp-json\/wp\/v2\/comments?post=148592"}],"version-history":[{"count":1,"href":"https:\/\/kuali.com.mx\/web\/wp-json\/wp\/v2\/posts\/148592\/revisions"}],"predecessor-version":[{"id":148596,"href":"https:\/\/kuali.com.mx\/web\/wp-json\/wp\/v2\/posts\/148592\/revisions\/148596"}],"wp:featuredmedia":[{"embeddable":true,"href":"https:\/\/kuali.com.mx\/web\/wp-json\/wp\/v2\/media\/148595"}],"wp:attachment":[{"href":"https:\/\/kuali.com.mx\/web\/wp-json\/wp\/v2\/media?parent=148592"}],"wp:term":[{"taxonomy":"category","embeddable":true,"href":"https:\/\/kuali.com.mx\/web\/wp-json\/wp\/v2\/categories?post=148592"},{"taxonomy":"post_tag","embeddable":true,"href":"https:\/\/kuali.com.mx\/web\/wp-json\/wp\/v2\/tags?post=148592"}],"curies":[{"name":"wp","href":"https:\/\/api.w.org\/{rel}","templated":true}]}}