{"id":148585,"date":"2024-07-17T13:50:55","date_gmt":"2024-07-17T19:50:55","guid":{"rendered":"https:\/\/kuali.com.mx\/web\/?p=148585"},"modified":"2024-07-17T22:28:34","modified_gmt":"2024-07-18T04:28:34","slug":"denuncia-estefania-que-es-amenazado-por-el-crimen","status":"publish","type":"post","link":"https:\/\/kuali.com.mx\/web\/2024\/07\/17\/denuncia-estefania-que-es-amenazado-por-el-crimen\/","title":{"rendered":"DENUNCIA ESTEFAN\u00cdA QUE ES AMENAZADO POR EL CRIMEN"},"content":{"rendered":"\n<p><strong>Milagros Tadeo\/Le\u00f3n, Gto.-<\/strong>&nbsp;El alcalde electo de Cortazar por Movimiento Ciudadano (MC), Mauricio Estefan\u00eda Torres, revel\u00f3 que interpuso una denuncia ante la Fiscal\u00eda del Estado de Guanajuato por amenazas y persecuci\u00f3n por parte de la delincuencia.<\/p>\n\n\n\n<p>En rueda de prensa, dijo que estos actos no provocar\u00e1n que decline a su encomienda, pues al contrario lo alientan para convertirse en un agente que contribuya con la regeneraci\u00f3n del tejido social.<\/p>\n\n\n\n<p>&nbsp;\u201cSiguen las amenazas, las persecuciones, el d\u00eda de ayer una camioneta nos estaba siguiendo, es preocupante, mi equipo de seguridad pues dio el apoyo. Pero m\u00e1s que nada me gustar\u00eda ser un presidente que est\u00e9 presente, que cuando exista un problema yo d\u00e9 la cara, entonces me gustar\u00eda demostrar que s\u00ed se puede y que podemos avanzar de la mano de la ciudadan\u00eda\u201d, dijo.<\/p>\n\n\n\n<p>Refiri\u00f3 que incluso algunos de los integrantes del pr\u00f3ximo Ayuntamiento tambi\u00e9n est\u00e1n siendo v\u00edctimas de persecuci\u00f3n, por lo que ya pidieron protecci\u00f3n, aunque no han tenido una respuesta favorable.<\/p>\n\n\n\n<p>Agreg\u00f3 que, en su caso, contin\u00faa bajo resguardo de la Guardia Nacional, quien lo acompa\u00f1a en sus actividades, sobre todo, en los actos p\u00fablicos que est\u00e1&nbsp;realizando&nbsp;como parte de la gira de agradecimiento.<\/p>\n\n\n\n<p>&nbsp;\u201cS\u00ed hemos levantado las denuncias, pero m\u00e1s que nada necesitan placas, y manejo o voy sacando fotos, es muy complicado, la mayor\u00eda de los veh\u00edculos son polarizados (\u2026) dos, tres, carros y camionetas, es muy frecuente (\u2026) estamos haciendo la gira de agradecimiento y pues por fortuna uno no le debe nada a nadie y nosotros estamos trabajando por Cortazar\u201d, concluy\u00f3.<\/p>\n","protected":false},"excerpt":{"rendered":"Milagros Tadeo\/Le\u00f3n, Gto.-&nbsp;El alcalde electo de Cortazar por Movimiento Ciudadano (MC), Mauricio Estefan\u00eda Torres, revel\u00f3 que interpuso una denuncia ante la Fiscal\u00eda del Estado de Guanajuato por amenazas y persecuci\u00f3n por parte de la delincuencia. En rueda de prensa, dijo que estos actos no provocar\u00e1n que decline a su encomienda, pues al contrario lo alientan [&hellip;]","protected":false},"author":2,"featured_media":148590,"comment_status":"open","ping_status":"open","sticky":false,"template":"","format":"standard","meta":{"_seopress_robots_primary_cat":"none","_seopress_titles_title":"","_seopress_titles_desc":"","_seopress_robots_index":"","_monsterinsights_skip_tracking":false,"_monsterinsights_sitenote_active":false,"_monsterinsights_sitenote_note":"","_monsterinsights_sitenote_category":0,"footnotes":""},"categories":[3,69],"tags":[],"class_list":["post-148585","post","type-post","status-publish","format-standard","has-post-thumbnail","hentry","category-politica","category-slider"],"yoast_head":"<!-- This site is optimized with the Yoast SEO plugin v27.4 - https:\/\/yoast.com\/product\/yoast-seo-wordpress\/ -->\n<title>DENUNCIA ESTEFAN\u00cdA QUE ES AMENAZADO POR EL CRIMEN - Kuali<\/title>\n<meta name=\"robots\" content=\"index, follow, max-snippet:-1, max-image-preview:large, max-video-preview:-1\" \/>\n<link rel=\"canonical\" href=\"https:\/\/kuali.com.mx\/web\/2024\/07\/17\/denuncia-estefania-que-es-amenazado-por-el-crimen\/\" \/>\n<meta property=\"og:locale\" content=\"es_MX\" \/>\n<meta property=\"og:type\" content=\"article\" \/>\n<meta property=\"og:title\" content=\"DENUNCIA ESTEFAN\u00cdA QUE ES AMENAZADO POR EL CRIMEN - Kuali\" \/>\n<meta property=\"og:description\" content=\"Milagros Tadeo\/Le\u00f3n, Gto.-&nbsp;El alcalde electo de Cortazar por Movimiento Ciudadano (MC), Mauricio Estefan\u00eda Torres, revel\u00f3 que interpuso una denuncia ante la Fiscal\u00eda del Estado de Guanajuato por amenazas y persecuci\u00f3n por parte de la delincuencia. En rueda de prensa, dijo que estos actos no provocar\u00e1n que decline a su encomienda, pues al contrario lo alientan [&hellip;]\" \/>\n<meta property=\"og:url\" content=\"https:\/\/kuali.com.mx\/web\/2024\/07\/17\/denuncia-estefania-que-es-amenazado-por-el-crimen\/\" \/>\n<meta property=\"og:site_name\" content=\"Kuali\" \/>\n<meta property=\"article:publisher\" content=\"https:\/\/kuali.com.mx\/web\/wp-content\/uploads\/2018\/04\/cropped-kuali_logo-1-1.png\" \/>\n<meta property=\"article:published_time\" content=\"2024-07-17T19:50:55+00:00\" \/>\n<meta property=\"article:modified_time\" content=\"2024-07-18T04:28:34+00:00\" \/>\n<meta property=\"og:image\" content=\"https:\/\/kuali.com.mx\/web\/wp-content\/uploads\/2024\/07\/Mauricio-Estefania.jpeg\" \/>\n\t<meta property=\"og:image:width\" content=\"1787\" \/>\n\t<meta property=\"og:image:height\" content=\"750\" \/>\n\t<meta property=\"og:image:type\" content=\"image\/jpeg\" \/>\n<meta name=\"author\" content=\"Kuali Staff\" \/>\n<meta name=\"twitter:card\" content=\"summary_large_image\" \/>\n<meta name=\"twitter:creator\" content=\"@kuali_noticias\" \/>\n<meta name=\"twitter:site\" content=\"@kuali_noticias\" \/>\n<meta name=\"twitter:label1\" content=\"Escrito por\" \/>\n\t<meta name=\"twitter:data1\" content=\"Kuali Staff\" \/>\n\t<meta name=\"twitter:label2\" content=\"Tiempo de lectura\" \/>\n\t<meta name=\"twitter:data2\" content=\"1 minuto\" \/>\n<script type=\"application\/ld+json\" class=\"yoast-schema-graph\">{\"@context\":\"https:\\\/\\\/schema.org\",\"@graph\":[{\"@type\":\"Article\",\"@id\":\"https:\\\/\\\/kuali.com.mx\\\/web\\\/2024\\\/07\\\/17\\\/denuncia-estefania-que-es-amenazado-por-el-crimen\\\/#article\",\"isPartOf\":{\"@id\":\"https:\\\/\\\/kuali.com.mx\\\/web\\\/2024\\\/07\\\/17\\\/denuncia-estefania-que-es-amenazado-por-el-crimen\\\/\"},\"author\":{\"name\":\"Kuali Staff\",\"@id\":\"https:\\\/\\\/kuali.com.mx\\\/web\\\/#\\\/schema\\\/person\\\/6f89ffa8ecba9dae50662357923c5289\"},\"headline\":\"DENUNCIA ESTEFAN\u00cdA QUE ES AMENAZADO POR EL CRIMEN\",\"datePublished\":\"2024-07-17T19:50:55+00:00\",\"dateModified\":\"2024-07-18T04:28:34+00:00\",\"mainEntityOfPage\":{\"@id\":\"https:\\\/\\\/kuali.com.mx\\\/web\\\/2024\\\/07\\\/17\\\/denuncia-estefania-que-es-amenazado-por-el-crimen\\\/\"},\"wordCount\":294,\"commentCount\":0,\"image\":{\"@id\":\"https:\\\/\\\/kuali.com.mx\\\/web\\\/2024\\\/07\\\/17\\\/denuncia-estefania-que-es-amenazado-por-el-crimen\\\/#primaryimage\"},\"thumbnailUrl\":\"https:\\\/\\\/kuali.com.mx\\\/web\\\/wp-content\\\/uploads\\\/2024\\\/07\\\/Mauricio-Estefania.jpeg\",\"articleSection\":[\"Pol\u00edtica\",\"slider\"],\"inLanguage\":\"es\",\"potentialAction\":[{\"@type\":\"CommentAction\",\"name\":\"Comment\",\"target\":[\"https:\\\/\\\/kuali.com.mx\\\/web\\\/2024\\\/07\\\/17\\\/denuncia-estefania-que-es-amenazado-por-el-crimen\\\/#respond\"]}]},{\"@type\":\"WebPage\",\"@id\":\"https:\\\/\\\/kuali.com.mx\\\/web\\\/2024\\\/07\\\/17\\\/denuncia-estefania-que-es-amenazado-por-el-crimen\\\/\",\"url\":\"https:\\\/\\\/kuali.com.mx\\\/web\\\/2024\\\/07\\\/17\\\/denuncia-estefania-que-es-amenazado-por-el-crimen\\\/\",\"name\":\"DENUNCIA ESTEFAN\u00cdA QUE ES AMENAZADO POR EL CRIMEN - Kuali\",\"isPartOf\":{\"@id\":\"https:\\\/\\\/kuali.com.mx\\\/web\\\/#website\"},\"primaryImageOfPage\":{\"@id\":\"https:\\\/\\\/kuali.com.mx\\\/web\\\/2024\\\/07\\\/17\\\/denuncia-estefania-que-es-amenazado-por-el-crimen\\\/#primaryimage\"},\"image\":{\"@id\":\"https:\\\/\\\/kuali.com.mx\\\/web\\\/2024\\\/07\\\/17\\\/denuncia-estefania-que-es-amenazado-por-el-crimen\\\/#primaryimage\"},\"thumbnailUrl\":\"https:\\\/\\\/kuali.com.mx\\\/web\\\/wp-content\\\/uploads\\\/2024\\\/07\\\/Mauricio-Estefania.jpeg\",\"datePublished\":\"2024-07-17T19:50:55+00:00\",\"dateModified\":\"2024-07-18T04:28:34+00:00\",\"author\":{\"@id\":\"https:\\\/\\\/kuali.com.mx\\\/web\\\/#\\\/schema\\\/person\\\/6f89ffa8ecba9dae50662357923c5289\"},\"breadcrumb\":{\"@id\":\"https:\\\/\\\/kuali.com.mx\\\/web\\\/2024\\\/07\\\/17\\\/denuncia-estefania-que-es-amenazado-por-el-crimen\\\/#breadcrumb\"},\"inLanguage\":\"es\",\"potentialAction\":[{\"@type\":\"ReadAction\",\"target\":[\"https:\\\/\\\/kuali.com.mx\\\/web\\\/2024\\\/07\\\/17\\\/denuncia-estefania-que-es-amenazado-por-el-crimen\\\/\"]}]},{\"@type\":\"ImageObject\",\"inLanguage\":\"es\",\"@id\":\"https:\\\/\\\/kuali.com.mx\\\/web\\\/2024\\\/07\\\/17\\\/denuncia-estefania-que-es-amenazado-por-el-crimen\\\/#primaryimage\",\"url\":\"https:\\\/\\\/kuali.com.mx\\\/web\\\/wp-content\\\/uploads\\\/2024\\\/07\\\/Mauricio-Estefania.jpeg\",\"contentUrl\":\"https:\\\/\\\/kuali.com.mx\\\/web\\\/wp-content\\\/uploads\\\/2024\\\/07\\\/Mauricio-Estefania.jpeg\",\"width\":1787,\"height\":750},{\"@type\":\"BreadcrumbList\",\"@id\":\"https:\\\/\\\/kuali.com.mx\\\/web\\\/2024\\\/07\\\/17\\\/denuncia-estefania-que-es-amenazado-por-el-crimen\\\/#breadcrumb\",\"itemListElement\":[{\"@type\":\"ListItem\",\"position\":1,\"name\":\"Inicio\",\"item\":\"https:\\\/\\\/kuali.com.mx\\\/web\\\/\"},{\"@type\":\"ListItem\",\"position\":2,\"name\":\"DENUNCIA ESTEFAN\u00cdA QUE ES AMENAZADO POR EL CRIMEN\"}]},{\"@type\":\"WebSite\",\"@id\":\"https:\\\/\\\/kuali.com.mx\\\/web\\\/#website\",\"url\":\"https:\\\/\\\/kuali.com.mx\\\/web\\\/\",\"name\":\"Kuali\",\"description\":\"\",\"potentialAction\":[{\"@type\":\"SearchAction\",\"target\":{\"@type\":\"EntryPoint\",\"urlTemplate\":\"https:\\\/\\\/kuali.com.mx\\\/web\\\/?s={search_term_string}\"},\"query-input\":{\"@type\":\"PropertyValueSpecification\",\"valueRequired\":true,\"valueName\":\"search_term_string\"}}],\"inLanguage\":\"es\"},{\"@type\":\"Person\",\"@id\":\"https:\\\/\\\/kuali.com.mx\\\/web\\\/#\\\/schema\\\/person\\\/6f89ffa8ecba9dae50662357923c5289\",\"name\":\"Kuali Staff\",\"image\":{\"@type\":\"ImageObject\",\"inLanguage\":\"es\",\"@id\":\"https:\\\/\\\/secure.gravatar.com\\\/avatar\\\/f917ad82e5ab71227a733c78b6e60715476f69ee6be59feee4eb5d9920c89e0f?s=96&d=mm&r=g\",\"url\":\"https:\\\/\\\/secure.gravatar.com\\\/avatar\\\/f917ad82e5ab71227a733c78b6e60715476f69ee6be59feee4eb5d9920c89e0f?s=96&d=mm&r=g\",\"contentUrl\":\"https:\\\/\\\/secure.gravatar.com\\\/avatar\\\/f917ad82e5ab71227a733c78b6e60715476f69ee6be59feee4eb5d9920c89e0f?s=96&d=mm&r=g\",\"caption\":\"Kuali Staff\"},\"url\":\"https:\\\/\\\/kuali.com.mx\\\/web\\\/author\\\/lagarto\\\/\"}]}<\/script>\n<!-- \/ Yoast SEO plugin. -->","yoast_head_json":{"title":"DENUNCIA ESTEFAN\u00cdA QUE ES AMENAZADO POR EL CRIMEN - Kuali","robots":{"index":"index","follow":"follow","max-snippet":"max-snippet:-1","max-image-preview":"max-image-preview:large","max-video-preview":"max-video-preview:-1"},"canonical":"https:\/\/kuali.com.mx\/web\/2024\/07\/17\/denuncia-estefania-que-es-amenazado-por-el-crimen\/","og_locale":"es_MX","og_type":"article","og_title":"DENUNCIA ESTEFAN\u00cdA QUE ES AMENAZADO POR EL CRIMEN - Kuali","og_description":"Milagros Tadeo\/Le\u00f3n, Gto.-&nbsp;El alcalde electo de Cortazar por Movimiento Ciudadano (MC), Mauricio Estefan\u00eda Torres, revel\u00f3 que interpuso una denuncia ante la Fiscal\u00eda del Estado de Guanajuato por amenazas y persecuci\u00f3n por parte de la delincuencia. En rueda de prensa, dijo que estos actos no provocar\u00e1n que decline a su encomienda, pues al contrario lo alientan [&hellip;]","og_url":"https:\/\/kuali.com.mx\/web\/2024\/07\/17\/denuncia-estefania-que-es-amenazado-por-el-crimen\/","og_site_name":"Kuali","article_publisher":"https:\/\/kuali.com.mx\/web\/wp-content\/uploads\/2018\/04\/cropped-kuali_logo-1-1.png","article_published_time":"2024-07-17T19:50:55+00:00","article_modified_time":"2024-07-18T04:28:34+00:00","og_image":[{"width":1787,"height":750,"url":"https:\/\/kuali.com.mx\/web\/wp-content\/uploads\/2024\/07\/Mauricio-Estefania.jpeg","type":"image\/jpeg"}],"author":"Kuali Staff","twitter_card":"summary_large_image","twitter_creator":"@kuali_noticias","twitter_site":"@kuali_noticias","twitter_misc":{"Escrito por":"Kuali Staff","Tiempo de lectura":"1 minuto"},"schema":{"@context":"https:\/\/schema.org","@graph":[{"@type":"Article","@id":"https:\/\/kuali.com.mx\/web\/2024\/07\/17\/denuncia-estefania-que-es-amenazado-por-el-crimen\/#article","isPartOf":{"@id":"https:\/\/kuali.com.mx\/web\/2024\/07\/17\/denuncia-estefania-que-es-amenazado-por-el-crimen\/"},"author":{"name":"Kuali Staff","@id":"https:\/\/kuali.com.mx\/web\/#\/schema\/person\/6f89ffa8ecba9dae50662357923c5289"},"headline":"DENUNCIA ESTEFAN\u00cdA QUE ES AMENAZADO POR EL CRIMEN","datePublished":"2024-07-17T19:50:55+00:00","dateModified":"2024-07-18T04:28:34+00:00","mainEntityOfPage":{"@id":"https:\/\/kuali.com.mx\/web\/2024\/07\/17\/denuncia-estefania-que-es-amenazado-por-el-crimen\/"},"wordCount":294,"commentCount":0,"image":{"@id":"https:\/\/kuali.com.mx\/web\/2024\/07\/17\/denuncia-estefania-que-es-amenazado-por-el-crimen\/#primaryimage"},"thumbnailUrl":"https:\/\/kuali.com.mx\/web\/wp-content\/uploads\/2024\/07\/Mauricio-Estefania.jpeg","articleSection":["Pol\u00edtica","slider"],"inLanguage":"es","potentialAction":[{"@type":"CommentAction","name":"Comment","target":["https:\/\/kuali.com.mx\/web\/2024\/07\/17\/denuncia-estefania-que-es-amenazado-por-el-crimen\/#respond"]}]},{"@type":"WebPage","@id":"https:\/\/kuali.com.mx\/web\/2024\/07\/17\/denuncia-estefania-que-es-amenazado-por-el-crimen\/","url":"https:\/\/kuali.com.mx\/web\/2024\/07\/17\/denuncia-estefania-que-es-amenazado-por-el-crimen\/","name":"DENUNCIA ESTEFAN\u00cdA QUE ES AMENAZADO POR EL CRIMEN - Kuali","isPartOf":{"@id":"https:\/\/kuali.com.mx\/web\/#website"},"primaryImageOfPage":{"@id":"https:\/\/kuali.com.mx\/web\/2024\/07\/17\/denuncia-estefania-que-es-amenazado-por-el-crimen\/#primaryimage"},"image":{"@id":"https:\/\/kuali.com.mx\/web\/2024\/07\/17\/denuncia-estefania-que-es-amenazado-por-el-crimen\/#primaryimage"},"thumbnailUrl":"https:\/\/kuali.com.mx\/web\/wp-content\/uploads\/2024\/07\/Mauricio-Estefania.jpeg","datePublished":"2024-07-17T19:50:55+00:00","dateModified":"2024-07-18T04:28:34+00:00","author":{"@id":"https:\/\/kuali.com.mx\/web\/#\/schema\/person\/6f89ffa8ecba9dae50662357923c5289"},"breadcrumb":{"@id":"https:\/\/kuali.com.mx\/web\/2024\/07\/17\/denuncia-estefania-que-es-amenazado-por-el-crimen\/#breadcrumb"},"inLanguage":"es","potentialAction":[{"@type":"ReadAction","target":["https:\/\/kuali.com.mx\/web\/2024\/07\/17\/denuncia-estefania-que-es-amenazado-por-el-crimen\/"]}]},{"@type":"ImageObject","inLanguage":"es","@id":"https:\/\/kuali.com.mx\/web\/2024\/07\/17\/denuncia-estefania-que-es-amenazado-por-el-crimen\/#primaryimage","url":"https:\/\/kuali.com.mx\/web\/wp-content\/uploads\/2024\/07\/Mauricio-Estefania.jpeg","contentUrl":"https:\/\/kuali.com.mx\/web\/wp-content\/uploads\/2024\/07\/Mauricio-Estefania.jpeg","width":1787,"height":750},{"@type":"BreadcrumbList","@id":"https:\/\/kuali.com.mx\/web\/2024\/07\/17\/denuncia-estefania-que-es-amenazado-por-el-crimen\/#breadcrumb","itemListElement":[{"@type":"ListItem","position":1,"name":"Inicio","item":"https:\/\/kuali.com.mx\/web\/"},{"@type":"ListItem","position":2,"name":"DENUNCIA ESTEFAN\u00cdA QUE ES AMENAZADO POR EL CRIMEN"}]},{"@type":"WebSite","@id":"https:\/\/kuali.com.mx\/web\/#website","url":"https:\/\/kuali.com.mx\/web\/","name":"Kuali","description":"","potentialAction":[{"@type":"SearchAction","target":{"@type":"EntryPoint","urlTemplate":"https:\/\/kuali.com.mx\/web\/?s={search_term_string}"},"query-input":{"@type":"PropertyValueSpecification","valueRequired":true,"valueName":"search_term_string"}}],"inLanguage":"es"},{"@type":"Person","@id":"https:\/\/kuali.com.mx\/web\/#\/schema\/person\/6f89ffa8ecba9dae50662357923c5289","name":"Kuali Staff","image":{"@type":"ImageObject","inLanguage":"es","@id":"https:\/\/secure.gravatar.com\/avatar\/f917ad82e5ab71227a733c78b6e60715476f69ee6be59feee4eb5d9920c89e0f?s=96&d=mm&r=g","url":"https:\/\/secure.gravatar.com\/avatar\/f917ad82e5ab71227a733c78b6e60715476f69ee6be59feee4eb5d9920c89e0f?s=96&d=mm&r=g","contentUrl":"https:\/\/secure.gravatar.com\/avatar\/f917ad82e5ab71227a733c78b6e60715476f69ee6be59feee4eb5d9920c89e0f?s=96&d=mm&r=g","caption":"Kuali Staff"},"url":"https:\/\/kuali.com.mx\/web\/author\/lagarto\/"}]}},"_links":{"self":[{"href":"https:\/\/kuali.com.mx\/web\/wp-json\/wp\/v2\/posts\/148585","targetHints":{"allow":["GET"]}}],"collection":[{"href":"https:\/\/kuali.com.mx\/web\/wp-json\/wp\/v2\/posts"}],"about":[{"href":"https:\/\/kuali.com.mx\/web\/wp-json\/wp\/v2\/types\/post"}],"author":[{"embeddable":true,"href":"https:\/\/kuali.com.mx\/web\/wp-json\/wp\/v2\/users\/2"}],"replies":[{"embeddable":true,"href":"https:\/\/kuali.com.mx\/web\/wp-json\/wp\/v2\/comments?post=148585"}],"version-history":[{"count":1,"href":"https:\/\/kuali.com.mx\/web\/wp-json\/wp\/v2\/posts\/148585\/revisions"}],"predecessor-version":[{"id":148591,"href":"https:\/\/kuali.com.mx\/web\/wp-json\/wp\/v2\/posts\/148585\/revisions\/148591"}],"wp:featuredmedia":[{"embeddable":true,"href":"https:\/\/kuali.com.mx\/web\/wp-json\/wp\/v2\/media\/148590"}],"wp:attachment":[{"href":"https:\/\/kuali.com.mx\/web\/wp-json\/wp\/v2\/media?parent=148585"}],"wp:term":[{"taxonomy":"category","embeddable":true,"href":"https:\/\/kuali.com.mx\/web\/wp-json\/wp\/v2\/categories?post=148585"},{"taxonomy":"post_tag","embeddable":true,"href":"https:\/\/kuali.com.mx\/web\/wp-json\/wp\/v2\/tags?post=148585"}],"curies":[{"name":"wp","href":"https:\/\/api.w.org\/{rel}","templated":true}]}}