{"id":148555,"date":"2024-07-17T13:59:45","date_gmt":"2024-07-17T19:59:45","guid":{"rendered":"https:\/\/kuali.com.mx\/web\/?p=148555"},"modified":"2024-07-18T07:52:13","modified_gmt":"2024-07-18T13:52:13","slug":"declara-ieeg-improcedente-medida-cautelar-contra-medios-de-comunicacion","status":"publish","type":"post","link":"https:\/\/kuali.com.mx\/web\/2024\/07\/17\/declara-ieeg-improcedente-medida-cautelar-contra-medios-de-comunicacion\/","title":{"rendered":"DECLARA IEEG IMPROCEDENTE MEDIDA CAUTELAR CONTRA MEDIOS DE COMUNICACI\u00d3N"},"content":{"rendered":"\n<p><strong><em>Carlos Garc\u00eda\/ Guanajuato, Gto.-<\/em><\/strong> El Instituto Electoral del Estado de Guanajuato (IEEG) declar\u00f3 improcedente la medida cautelar contra dos medios de comunicaci\u00f3n a los que oblig\u00f3 a retirar notas de internet, derivado de una denuncia por violencia pol\u00edtica de g\u00e9nero promovida por la alcaldesa de Le\u00f3n, Alejandra Guti\u00e9rrez Campos; contra el diputado local del PVEM, Gerardo Fern\u00e1ndez Gonz\u00e1lez.<\/p>\n\n\n\n<p>A ra\u00edz de la denuncia de la presidenta municipal, el IEEG emiti\u00f3 una medida cautelar para que los medios Kuali, C\u00f3digos, Zona Franca, P\u00e1gina Central y Quadrat\u00edn bajaran las notas donde consignaban las declaraciones del legislador.<\/p>\n\n\n\n<p>La medida fue impugnada por los portales Kuali y C\u00f3digos. El Tribunal Electoral del Estado de Guanajuato (TEEG) revoc\u00f3 la medida cautelar y orden\u00f3 a la Comisi\u00f3n de Quejas y Denuncias a que emita una nueva determinaci\u00f3n, inform\u00f3 el abogado Gerardo Arzola Silva.<\/p>\n\n\n\n<p>El TEEG determin\u00f3 que la Comisi\u00f3n de Quejas y Denuncias del IEEG realiz\u00f3 un an\u00e1lisis incorrecto de los hechos, sin revisar de manera exhaustiva c\u00f3mo hab\u00edan presentado los hechos y cu\u00e1l era el contexto informativo que atendieron, record\u00f3.<\/p>\n\n\n\n<p>Gerardo Arzola ventil\u00f3 que a ra\u00edz del Juicio Electoral TEEG-JE-14\/2024, la Comisi\u00f3n de Quejas y Denuncias del IEEG decret\u00f3 improcedente la medida cautelar contra los portales Kuali y C\u00f3digos.<\/p>\n\n\n\n<p>\u201cEs importante que los medios de comunicaci\u00f3n y los periodistas acudan a los \u00f3rganos jurisdiccionales correspondientes cuando una autoridad atente contra la libertad de expresi\u00f3n\u201d, coment\u00f3 el tambi\u00e9n ex presidente del Tribunal Electoral.<\/p>\n\n\n\n<p>La Comisi\u00f3n de Quejas decret\u00f3 improcedente la medida cautelar porque reconoci\u00f3 que las notas period\u00edsticas est\u00e1n amparadas por la libertad de expresi\u00f3n, informaban de la intenci\u00f3n de la alcaldesa de denunciar por violencia pol\u00edtica y consignaban textualmente las declaraciones del diputado, explic\u00f3 Gerardo Arzola.<\/p>\n\n\n\n<p>El seis de febrero del 2024, Kuali inform\u00f3 que la alcaldesa panista de Le\u00f3n, Alejandra Guti\u00e9rrez Campos, anunci\u00f3 que demandar\u00e1 al diputado del Partido Verde y candidato a presidente municipal, Gerardo Fern\u00e1ndez Gonz\u00e1lez; y a su asesor Humberto Guti\u00e9rrez, por atacarla en redes sociales con temas personales y familiares.<\/p>\n\n\n\n<p>\u201cEs lamentable que haya acosadores digitales, sobre todo ha sido sistem\u00e1tico que lo hagan con mujeres, eso es lamentable, es lamentable que en una red social puedas mentir denostar y tratar de acabar a las personas\u201d, declar\u00f3 en ese momento.<\/p>\n\n\n\n<p>Gerardo Fern\u00e1ndez hab\u00eda declarado que Alejandra estaba muy deprimida porque no pudo ser candidata a la gubernatura y se nota en las fotograf\u00edas que sube a redes sociales. <\/p>\n\n\n\n<p>Humberto Guti\u00e9rrez, asesor del candidato del Partido Verde, difundi\u00f3 en redes que la alcaldesa se estaba divorciando de su marido Eduardo Ram\u00edrez, que fue el encargado de pedir dinero para \u201cel sue\u00f1o h\u00famedo de Ale, el de ser candidata del PAN a la gubernatura\u201d.<\/p>\n\n\n\n<p>Clausura<\/p>\n\n\n\n<p>El 22 de abril, reporteros clausuraron simb\u00f3licamente al IEEG por coartar la libertad de expresi\u00f3n al ordenar a medios de comunicaci\u00f3n bajar notas period\u00edsticas que plasman declaraciones de pol\u00edticos que han sido denunciados por violencia pol\u00edtica.<\/p>\n\n\n\n<p>La Comisi\u00f3n de Quejas y Denuncias del IEEG ha emitido dos medidas cautelares donde orden\u00f3 bajar notas a El Sol de Le\u00f3n, al peri\u00f3dico AM, a Nuestras Noticias Baj\u00edo; al comunicador, Alejandro Ram\u00edrez Ramblas,&nbsp;a Kuali, a C\u00f3digos, a P\u00e1gina Central, a Quadrat\u00edn y a Zona Franca.<\/p>\n\n\n\n<p>\u201cEl Instituto Electoral del Estado de Guanajuato atenta contra la libertad de expresi\u00f3n de periodistas y medios de comunicaci\u00f3n, as\u00ed como al derecho que tienen los guanajuatenses de estar informados\u201d, manifestaron los integrantes del Consejo Estatal de Protecci\u00f3n a Defensores de Derechos Humanos y Periodistas, Sofia Negrete Cu\u00e9llar y Jos\u00e9 Meza Tapia.<\/p>\n\n\n\n<p>No es funci\u00f3n de los medios de comunicaci\u00f3n corregirle la \u201cplana\u201d a los pol\u00edticos, la ciudadan\u00eda tiene el derecho a saber c\u00f3mo piensan los pol\u00edticos, gobernantes y candidatos, mencionaron durante la clausura, resaltaron en la clausura.<\/p>\n","protected":false},"excerpt":{"rendered":"Carlos Garc\u00eda\/ Guanajuato, Gto.- El Instituto Electoral del Estado de Guanajuato (IEEG) declar\u00f3 improcedente la medida cautelar contra dos medios de comunicaci\u00f3n a los que oblig\u00f3 a retirar notas de internet, derivado de una denuncia por violencia pol\u00edtica de g\u00e9nero promovida por la alcaldesa de Le\u00f3n, Alejandra Guti\u00e9rrez Campos; contra el diputado local del PVEM, [&hellip;]","protected":false},"author":2,"featured_media":141445,"comment_status":"open","ping_status":"open","sticky":false,"template":"","format":"standard","meta":{"_seopress_robots_primary_cat":"none","_seopress_titles_title":"","_seopress_titles_desc":"","_seopress_robots_index":"","_monsterinsights_skip_tracking":false,"_monsterinsights_sitenote_active":false,"_monsterinsights_sitenote_note":"","_monsterinsights_sitenote_category":0,"footnotes":""},"categories":[3,69],"tags":[],"class_list":["post-148555","post","type-post","status-publish","format-standard","has-post-thumbnail","hentry","category-politica","category-slider"],"yoast_head":"<!-- This site is optimized with the Yoast SEO plugin v27.4 - https:\/\/yoast.com\/product\/yoast-seo-wordpress\/ -->\n<title>DECLARA IEEG IMPROCEDENTE MEDIDA CAUTELAR CONTRA MEDIOS DE COMUNICACI\u00d3N - Kuali<\/title>\n<meta name=\"robots\" content=\"index, follow, max-snippet:-1, max-image-preview:large, max-video-preview:-1\" \/>\n<link rel=\"canonical\" href=\"https:\/\/kuali.com.mx\/web\/2024\/07\/17\/declara-ieeg-improcedente-medida-cautelar-contra-medios-de-comunicacion\/\" \/>\n<meta property=\"og:locale\" content=\"es_MX\" \/>\n<meta property=\"og:type\" content=\"article\" \/>\n<meta property=\"og:title\" content=\"DECLARA IEEG IMPROCEDENTE MEDIDA CAUTELAR CONTRA MEDIOS DE COMUNICACI\u00d3N - Kuali\" \/>\n<meta property=\"og:description\" content=\"Carlos Garc\u00eda\/ Guanajuato, Gto.- El Instituto Electoral del Estado de Guanajuato (IEEG) declar\u00f3 improcedente la medida cautelar contra dos medios de comunicaci\u00f3n a los que oblig\u00f3 a retirar notas de internet, derivado de una denuncia por violencia pol\u00edtica de g\u00e9nero promovida por la alcaldesa de Le\u00f3n, Alejandra Guti\u00e9rrez Campos; contra el diputado local del PVEM, [&hellip;]\" \/>\n<meta property=\"og:url\" content=\"https:\/\/kuali.com.mx\/web\/2024\/07\/17\/declara-ieeg-improcedente-medida-cautelar-contra-medios-de-comunicacion\/\" \/>\n<meta property=\"og:site_name\" content=\"Kuali\" \/>\n<meta property=\"article:publisher\" content=\"https:\/\/kuali.com.mx\/web\/wp-content\/uploads\/2018\/04\/cropped-kuali_logo-1-1.png\" \/>\n<meta property=\"article:published_time\" content=\"2024-07-17T19:59:45+00:00\" \/>\n<meta property=\"article:modified_time\" content=\"2024-07-18T13:52:13+00:00\" \/>\n<meta property=\"og:image\" content=\"https:\/\/kuali.com.mx\/web\/wp-content\/uploads\/2024\/04\/Periodistas-clausuran-al-IEEG.jpg\" \/>\n\t<meta property=\"og:image:width\" content=\"1765\" \/>\n\t<meta property=\"og:image:height\" content=\"750\" \/>\n\t<meta property=\"og:image:type\" content=\"image\/jpeg\" \/>\n<meta name=\"author\" content=\"Kuali Staff\" \/>\n<meta name=\"twitter:card\" content=\"summary_large_image\" \/>\n<meta name=\"twitter:creator\" content=\"@kuali_noticias\" \/>\n<meta name=\"twitter:site\" content=\"@kuali_noticias\" \/>\n<meta name=\"twitter:label1\" content=\"Escrito por\" \/>\n\t<meta name=\"twitter:data1\" content=\"Kuali Staff\" \/>\n\t<meta name=\"twitter:label2\" content=\"Tiempo de lectura\" \/>\n\t<meta name=\"twitter:data2\" content=\"3 minutos\" \/>\n<script type=\"application\/ld+json\" class=\"yoast-schema-graph\">{\"@context\":\"https:\\\/\\\/schema.org\",\"@graph\":[{\"@type\":\"Article\",\"@id\":\"https:\\\/\\\/kuali.com.mx\\\/web\\\/2024\\\/07\\\/17\\\/declara-ieeg-improcedente-medida-cautelar-contra-medios-de-comunicacion\\\/#article\",\"isPartOf\":{\"@id\":\"https:\\\/\\\/kuali.com.mx\\\/web\\\/2024\\\/07\\\/17\\\/declara-ieeg-improcedente-medida-cautelar-contra-medios-de-comunicacion\\\/\"},\"author\":{\"name\":\"Kuali Staff\",\"@id\":\"https:\\\/\\\/kuali.com.mx\\\/web\\\/#\\\/schema\\\/person\\\/6f89ffa8ecba9dae50662357923c5289\"},\"headline\":\"DECLARA IEEG IMPROCEDENTE MEDIDA CAUTELAR CONTRA MEDIOS DE COMUNICACI\u00d3N\",\"datePublished\":\"2024-07-17T19:59:45+00:00\",\"dateModified\":\"2024-07-18T13:52:13+00:00\",\"mainEntityOfPage\":{\"@id\":\"https:\\\/\\\/kuali.com.mx\\\/web\\\/2024\\\/07\\\/17\\\/declara-ieeg-improcedente-medida-cautelar-contra-medios-de-comunicacion\\\/\"},\"wordCount\":693,\"commentCount\":0,\"image\":{\"@id\":\"https:\\\/\\\/kuali.com.mx\\\/web\\\/2024\\\/07\\\/17\\\/declara-ieeg-improcedente-medida-cautelar-contra-medios-de-comunicacion\\\/#primaryimage\"},\"thumbnailUrl\":\"https:\\\/\\\/kuali.com.mx\\\/web\\\/wp-content\\\/uploads\\\/2024\\\/04\\\/Periodistas-clausuran-al-IEEG.jpg\",\"articleSection\":[\"Pol\u00edtica\",\"slider\"],\"inLanguage\":\"es\",\"potentialAction\":[{\"@type\":\"CommentAction\",\"name\":\"Comment\",\"target\":[\"https:\\\/\\\/kuali.com.mx\\\/web\\\/2024\\\/07\\\/17\\\/declara-ieeg-improcedente-medida-cautelar-contra-medios-de-comunicacion\\\/#respond\"]}]},{\"@type\":\"WebPage\",\"@id\":\"https:\\\/\\\/kuali.com.mx\\\/web\\\/2024\\\/07\\\/17\\\/declara-ieeg-improcedente-medida-cautelar-contra-medios-de-comunicacion\\\/\",\"url\":\"https:\\\/\\\/kuali.com.mx\\\/web\\\/2024\\\/07\\\/17\\\/declara-ieeg-improcedente-medida-cautelar-contra-medios-de-comunicacion\\\/\",\"name\":\"DECLARA IEEG IMPROCEDENTE MEDIDA CAUTELAR CONTRA MEDIOS DE COMUNICACI\u00d3N - Kuali\",\"isPartOf\":{\"@id\":\"https:\\\/\\\/kuali.com.mx\\\/web\\\/#website\"},\"primaryImageOfPage\":{\"@id\":\"https:\\\/\\\/kuali.com.mx\\\/web\\\/2024\\\/07\\\/17\\\/declara-ieeg-improcedente-medida-cautelar-contra-medios-de-comunicacion\\\/#primaryimage\"},\"image\":{\"@id\":\"https:\\\/\\\/kuali.com.mx\\\/web\\\/2024\\\/07\\\/17\\\/declara-ieeg-improcedente-medida-cautelar-contra-medios-de-comunicacion\\\/#primaryimage\"},\"thumbnailUrl\":\"https:\\\/\\\/kuali.com.mx\\\/web\\\/wp-content\\\/uploads\\\/2024\\\/04\\\/Periodistas-clausuran-al-IEEG.jpg\",\"datePublished\":\"2024-07-17T19:59:45+00:00\",\"dateModified\":\"2024-07-18T13:52:13+00:00\",\"author\":{\"@id\":\"https:\\\/\\\/kuali.com.mx\\\/web\\\/#\\\/schema\\\/person\\\/6f89ffa8ecba9dae50662357923c5289\"},\"breadcrumb\":{\"@id\":\"https:\\\/\\\/kuali.com.mx\\\/web\\\/2024\\\/07\\\/17\\\/declara-ieeg-improcedente-medida-cautelar-contra-medios-de-comunicacion\\\/#breadcrumb\"},\"inLanguage\":\"es\",\"potentialAction\":[{\"@type\":\"ReadAction\",\"target\":[\"https:\\\/\\\/kuali.com.mx\\\/web\\\/2024\\\/07\\\/17\\\/declara-ieeg-improcedente-medida-cautelar-contra-medios-de-comunicacion\\\/\"]}]},{\"@type\":\"ImageObject\",\"inLanguage\":\"es\",\"@id\":\"https:\\\/\\\/kuali.com.mx\\\/web\\\/2024\\\/07\\\/17\\\/declara-ieeg-improcedente-medida-cautelar-contra-medios-de-comunicacion\\\/#primaryimage\",\"url\":\"https:\\\/\\\/kuali.com.mx\\\/web\\\/wp-content\\\/uploads\\\/2024\\\/04\\\/Periodistas-clausuran-al-IEEG.jpg\",\"contentUrl\":\"https:\\\/\\\/kuali.com.mx\\\/web\\\/wp-content\\\/uploads\\\/2024\\\/04\\\/Periodistas-clausuran-al-IEEG.jpg\",\"width\":1765,\"height\":750},{\"@type\":\"BreadcrumbList\",\"@id\":\"https:\\\/\\\/kuali.com.mx\\\/web\\\/2024\\\/07\\\/17\\\/declara-ieeg-improcedente-medida-cautelar-contra-medios-de-comunicacion\\\/#breadcrumb\",\"itemListElement\":[{\"@type\":\"ListItem\",\"position\":1,\"name\":\"Inicio\",\"item\":\"https:\\\/\\\/kuali.com.mx\\\/web\\\/\"},{\"@type\":\"ListItem\",\"position\":2,\"name\":\"DECLARA IEEG IMPROCEDENTE MEDIDA CAUTELAR CONTRA MEDIOS DE COMUNICACI\u00d3N\"}]},{\"@type\":\"WebSite\",\"@id\":\"https:\\\/\\\/kuali.com.mx\\\/web\\\/#website\",\"url\":\"https:\\\/\\\/kuali.com.mx\\\/web\\\/\",\"name\":\"Kuali\",\"description\":\"\",\"potentialAction\":[{\"@type\":\"SearchAction\",\"target\":{\"@type\":\"EntryPoint\",\"urlTemplate\":\"https:\\\/\\\/kuali.com.mx\\\/web\\\/?s={search_term_string}\"},\"query-input\":{\"@type\":\"PropertyValueSpecification\",\"valueRequired\":true,\"valueName\":\"search_term_string\"}}],\"inLanguage\":\"es\"},{\"@type\":\"Person\",\"@id\":\"https:\\\/\\\/kuali.com.mx\\\/web\\\/#\\\/schema\\\/person\\\/6f89ffa8ecba9dae50662357923c5289\",\"name\":\"Kuali Staff\",\"image\":{\"@type\":\"ImageObject\",\"inLanguage\":\"es\",\"@id\":\"https:\\\/\\\/secure.gravatar.com\\\/avatar\\\/f917ad82e5ab71227a733c78b6e60715476f69ee6be59feee4eb5d9920c89e0f?s=96&d=mm&r=g\",\"url\":\"https:\\\/\\\/secure.gravatar.com\\\/avatar\\\/f917ad82e5ab71227a733c78b6e60715476f69ee6be59feee4eb5d9920c89e0f?s=96&d=mm&r=g\",\"contentUrl\":\"https:\\\/\\\/secure.gravatar.com\\\/avatar\\\/f917ad82e5ab71227a733c78b6e60715476f69ee6be59feee4eb5d9920c89e0f?s=96&d=mm&r=g\",\"caption\":\"Kuali Staff\"},\"url\":\"https:\\\/\\\/kuali.com.mx\\\/web\\\/author\\\/lagarto\\\/\"}]}<\/script>\n<!-- \/ Yoast SEO plugin. -->","yoast_head_json":{"title":"DECLARA IEEG IMPROCEDENTE MEDIDA CAUTELAR CONTRA MEDIOS DE COMUNICACI\u00d3N - Kuali","robots":{"index":"index","follow":"follow","max-snippet":"max-snippet:-1","max-image-preview":"max-image-preview:large","max-video-preview":"max-video-preview:-1"},"canonical":"https:\/\/kuali.com.mx\/web\/2024\/07\/17\/declara-ieeg-improcedente-medida-cautelar-contra-medios-de-comunicacion\/","og_locale":"es_MX","og_type":"article","og_title":"DECLARA IEEG IMPROCEDENTE MEDIDA CAUTELAR CONTRA MEDIOS DE COMUNICACI\u00d3N - Kuali","og_description":"Carlos Garc\u00eda\/ Guanajuato, Gto.- El Instituto Electoral del Estado de Guanajuato (IEEG) declar\u00f3 improcedente la medida cautelar contra dos medios de comunicaci\u00f3n a los que oblig\u00f3 a retirar notas de internet, derivado de una denuncia por violencia pol\u00edtica de g\u00e9nero promovida por la alcaldesa de Le\u00f3n, Alejandra Guti\u00e9rrez Campos; contra el diputado local del PVEM, [&hellip;]","og_url":"https:\/\/kuali.com.mx\/web\/2024\/07\/17\/declara-ieeg-improcedente-medida-cautelar-contra-medios-de-comunicacion\/","og_site_name":"Kuali","article_publisher":"https:\/\/kuali.com.mx\/web\/wp-content\/uploads\/2018\/04\/cropped-kuali_logo-1-1.png","article_published_time":"2024-07-17T19:59:45+00:00","article_modified_time":"2024-07-18T13:52:13+00:00","og_image":[{"width":1765,"height":750,"url":"https:\/\/kuali.com.mx\/web\/wp-content\/uploads\/2024\/04\/Periodistas-clausuran-al-IEEG.jpg","type":"image\/jpeg"}],"author":"Kuali Staff","twitter_card":"summary_large_image","twitter_creator":"@kuali_noticias","twitter_site":"@kuali_noticias","twitter_misc":{"Escrito por":"Kuali Staff","Tiempo de lectura":"3 minutos"},"schema":{"@context":"https:\/\/schema.org","@graph":[{"@type":"Article","@id":"https:\/\/kuali.com.mx\/web\/2024\/07\/17\/declara-ieeg-improcedente-medida-cautelar-contra-medios-de-comunicacion\/#article","isPartOf":{"@id":"https:\/\/kuali.com.mx\/web\/2024\/07\/17\/declara-ieeg-improcedente-medida-cautelar-contra-medios-de-comunicacion\/"},"author":{"name":"Kuali Staff","@id":"https:\/\/kuali.com.mx\/web\/#\/schema\/person\/6f89ffa8ecba9dae50662357923c5289"},"headline":"DECLARA IEEG IMPROCEDENTE MEDIDA CAUTELAR CONTRA MEDIOS DE COMUNICACI\u00d3N","datePublished":"2024-07-17T19:59:45+00:00","dateModified":"2024-07-18T13:52:13+00:00","mainEntityOfPage":{"@id":"https:\/\/kuali.com.mx\/web\/2024\/07\/17\/declara-ieeg-improcedente-medida-cautelar-contra-medios-de-comunicacion\/"},"wordCount":693,"commentCount":0,"image":{"@id":"https:\/\/kuali.com.mx\/web\/2024\/07\/17\/declara-ieeg-improcedente-medida-cautelar-contra-medios-de-comunicacion\/#primaryimage"},"thumbnailUrl":"https:\/\/kuali.com.mx\/web\/wp-content\/uploads\/2024\/04\/Periodistas-clausuran-al-IEEG.jpg","articleSection":["Pol\u00edtica","slider"],"inLanguage":"es","potentialAction":[{"@type":"CommentAction","name":"Comment","target":["https:\/\/kuali.com.mx\/web\/2024\/07\/17\/declara-ieeg-improcedente-medida-cautelar-contra-medios-de-comunicacion\/#respond"]}]},{"@type":"WebPage","@id":"https:\/\/kuali.com.mx\/web\/2024\/07\/17\/declara-ieeg-improcedente-medida-cautelar-contra-medios-de-comunicacion\/","url":"https:\/\/kuali.com.mx\/web\/2024\/07\/17\/declara-ieeg-improcedente-medida-cautelar-contra-medios-de-comunicacion\/","name":"DECLARA IEEG IMPROCEDENTE MEDIDA CAUTELAR CONTRA MEDIOS DE COMUNICACI\u00d3N - Kuali","isPartOf":{"@id":"https:\/\/kuali.com.mx\/web\/#website"},"primaryImageOfPage":{"@id":"https:\/\/kuali.com.mx\/web\/2024\/07\/17\/declara-ieeg-improcedente-medida-cautelar-contra-medios-de-comunicacion\/#primaryimage"},"image":{"@id":"https:\/\/kuali.com.mx\/web\/2024\/07\/17\/declara-ieeg-improcedente-medida-cautelar-contra-medios-de-comunicacion\/#primaryimage"},"thumbnailUrl":"https:\/\/kuali.com.mx\/web\/wp-content\/uploads\/2024\/04\/Periodistas-clausuran-al-IEEG.jpg","datePublished":"2024-07-17T19:59:45+00:00","dateModified":"2024-07-18T13:52:13+00:00","author":{"@id":"https:\/\/kuali.com.mx\/web\/#\/schema\/person\/6f89ffa8ecba9dae50662357923c5289"},"breadcrumb":{"@id":"https:\/\/kuali.com.mx\/web\/2024\/07\/17\/declara-ieeg-improcedente-medida-cautelar-contra-medios-de-comunicacion\/#breadcrumb"},"inLanguage":"es","potentialAction":[{"@type":"ReadAction","target":["https:\/\/kuali.com.mx\/web\/2024\/07\/17\/declara-ieeg-improcedente-medida-cautelar-contra-medios-de-comunicacion\/"]}]},{"@type":"ImageObject","inLanguage":"es","@id":"https:\/\/kuali.com.mx\/web\/2024\/07\/17\/declara-ieeg-improcedente-medida-cautelar-contra-medios-de-comunicacion\/#primaryimage","url":"https:\/\/kuali.com.mx\/web\/wp-content\/uploads\/2024\/04\/Periodistas-clausuran-al-IEEG.jpg","contentUrl":"https:\/\/kuali.com.mx\/web\/wp-content\/uploads\/2024\/04\/Periodistas-clausuran-al-IEEG.jpg","width":1765,"height":750},{"@type":"BreadcrumbList","@id":"https:\/\/kuali.com.mx\/web\/2024\/07\/17\/declara-ieeg-improcedente-medida-cautelar-contra-medios-de-comunicacion\/#breadcrumb","itemListElement":[{"@type":"ListItem","position":1,"name":"Inicio","item":"https:\/\/kuali.com.mx\/web\/"},{"@type":"ListItem","position":2,"name":"DECLARA IEEG IMPROCEDENTE MEDIDA CAUTELAR CONTRA MEDIOS DE COMUNICACI\u00d3N"}]},{"@type":"WebSite","@id":"https:\/\/kuali.com.mx\/web\/#website","url":"https:\/\/kuali.com.mx\/web\/","name":"Kuali","description":"","potentialAction":[{"@type":"SearchAction","target":{"@type":"EntryPoint","urlTemplate":"https:\/\/kuali.com.mx\/web\/?s={search_term_string}"},"query-input":{"@type":"PropertyValueSpecification","valueRequired":true,"valueName":"search_term_string"}}],"inLanguage":"es"},{"@type":"Person","@id":"https:\/\/kuali.com.mx\/web\/#\/schema\/person\/6f89ffa8ecba9dae50662357923c5289","name":"Kuali Staff","image":{"@type":"ImageObject","inLanguage":"es","@id":"https:\/\/secure.gravatar.com\/avatar\/f917ad82e5ab71227a733c78b6e60715476f69ee6be59feee4eb5d9920c89e0f?s=96&d=mm&r=g","url":"https:\/\/secure.gravatar.com\/avatar\/f917ad82e5ab71227a733c78b6e60715476f69ee6be59feee4eb5d9920c89e0f?s=96&d=mm&r=g","contentUrl":"https:\/\/secure.gravatar.com\/avatar\/f917ad82e5ab71227a733c78b6e60715476f69ee6be59feee4eb5d9920c89e0f?s=96&d=mm&r=g","caption":"Kuali Staff"},"url":"https:\/\/kuali.com.mx\/web\/author\/lagarto\/"}]}},"_links":{"self":[{"href":"https:\/\/kuali.com.mx\/web\/wp-json\/wp\/v2\/posts\/148555","targetHints":{"allow":["GET"]}}],"collection":[{"href":"https:\/\/kuali.com.mx\/web\/wp-json\/wp\/v2\/posts"}],"about":[{"href":"https:\/\/kuali.com.mx\/web\/wp-json\/wp\/v2\/types\/post"}],"author":[{"embeddable":true,"href":"https:\/\/kuali.com.mx\/web\/wp-json\/wp\/v2\/users\/2"}],"replies":[{"embeddable":true,"href":"https:\/\/kuali.com.mx\/web\/wp-json\/wp\/v2\/comments?post=148555"}],"version-history":[{"count":3,"href":"https:\/\/kuali.com.mx\/web\/wp-json\/wp\/v2\/posts\/148555\/revisions"}],"predecessor-version":[{"id":148612,"href":"https:\/\/kuali.com.mx\/web\/wp-json\/wp\/v2\/posts\/148555\/revisions\/148612"}],"wp:featuredmedia":[{"embeddable":true,"href":"https:\/\/kuali.com.mx\/web\/wp-json\/wp\/v2\/media\/141445"}],"wp:attachment":[{"href":"https:\/\/kuali.com.mx\/web\/wp-json\/wp\/v2\/media?parent=148555"}],"wp:term":[{"taxonomy":"category","embeddable":true,"href":"https:\/\/kuali.com.mx\/web\/wp-json\/wp\/v2\/categories?post=148555"},{"taxonomy":"post_tag","embeddable":true,"href":"https:\/\/kuali.com.mx\/web\/wp-json\/wp\/v2\/tags?post=148555"}],"curies":[{"name":"wp","href":"https:\/\/api.w.org\/{rel}","templated":true}]}}