{"id":148535,"date":"2024-07-16T20:06:00","date_gmt":"2024-07-17T02:06:00","guid":{"rendered":"https:\/\/kuali.com.mx\/web\/?p=148535"},"modified":"2024-07-16T21:43:39","modified_gmt":"2024-07-17T03:43:39","slug":"participara-celayense-en-competencia-internacional-de-matematicas","status":"publish","type":"post","link":"https:\/\/kuali.com.mx\/web\/2024\/07\/16\/participara-celayense-en-competencia-internacional-de-matematicas\/","title":{"rendered":"PARTICIPAR\u00c1 CELAYENSE EN COMPETENCIA INTERNACIONAL DE MATEM\u00c1TICAS"},"content":{"rendered":"\n<p><strong><em>Kuali\/Celaya, Gto.-<\/em><\/strong> Ander Alonso Albores Ram\u00edrez, alumno de sexto grado de primaria del Colegio Nuevo Continente Celaya, viajar\u00e1 a Lucknow, India, para representar al estado de Guanajuato, en la Competencia Internacional de Matem\u00e1ticas (IMC), inform\u00f3 la Secretar\u00eda de Educaci\u00f3n.<\/p>\n\n\n\n<p>Luego de obtener la medalla de oro en el concurso nacional de la Olimpiada Mexicana de Matem\u00e1ticas para Educaci\u00f3n B\u00e1sica (OMMEB) ahora representar\u00e1 al estado de Guanajuato en el evento internacional.<\/p>\n\n\n\n<p>El camino de Ander hacia la selecci\u00f3n nacional incluy\u00f3 cuatro rigurosos entrenamientos a nivel nacional, donde se someti\u00f3 a evaluaciones y pruebas selectivas. Sus habilidades matem\u00e1ticas sobresalientes lo llevaron a ser parte del grupo \u00e9lite de j\u00f3venes talentos que representar\u00e1n a M\u00e9xico en la competencia internacional.<\/p>\n\n\n\n<p>Es importante destacar que la participaci\u00f3n de Guanajuato en la OMMEB no hab\u00eda tenido representaci\u00f3n desde el a\u00f1o 2017, haciendo de esta victoria un logro significativo para el estado y una inspiraci\u00f3n para futuras generaciones de estudiantes de matem\u00e1ticas.<\/p>\n\n\n\n<p>Ander Alonso Albores Ram\u00edrez, expres\u00f3: \u201cYo invito a todos mis compa\u00f1eros y amigos que tienen la misma pasi\u00f3n que yo, que Intenten echarle m\u00e1s ganitas, para lograr hacer m\u00e1s cosas. Que lo disfruten y no lo sientan como un tipo de castigo u obligaci\u00f3n, sino m\u00e1s bien como una oportunidad\u201d.<\/p>\n","protected":false},"excerpt":{"rendered":"Kuali\/Celaya, Gto.- Ander Alonso Albores Ram\u00edrez, alumno de sexto grado de primaria del Colegio Nuevo Continente Celaya, viajar\u00e1 a Lucknow, India, para representar al estado de Guanajuato, en la Competencia Internacional de Matem\u00e1ticas (IMC), inform\u00f3 la Secretar\u00eda de Educaci\u00f3n. Luego de obtener la medalla de oro en el concurso nacional de la Olimpiada Mexicana de [&hellip;]","protected":false},"author":2,"featured_media":148538,"comment_status":"open","ping_status":"open","sticky":false,"template":"","format":"standard","meta":{"_seopress_robots_primary_cat":"none","_seopress_titles_title":"","_seopress_titles_desc":"","_seopress_robots_index":"","_monsterinsights_skip_tracking":false,"_monsterinsights_sitenote_active":false,"_monsterinsights_sitenote_note":"","_monsterinsights_sitenote_category":0,"footnotes":""},"categories":[4],"tags":[],"class_list":["post-148535","post","type-post","status-publish","format-standard","has-post-thumbnail","hentry","category-educacion"],"yoast_head":"<!-- This site is optimized with the Yoast SEO plugin v27.4 - https:\/\/yoast.com\/product\/yoast-seo-wordpress\/ -->\n<title>PARTICIPAR\u00c1 CELAYENSE EN COMPETENCIA INTERNACIONAL DE MATEM\u00c1TICAS - Kuali<\/title>\n<meta name=\"robots\" content=\"index, follow, max-snippet:-1, max-image-preview:large, max-video-preview:-1\" \/>\n<link rel=\"canonical\" href=\"https:\/\/kuali.com.mx\/web\/2024\/07\/16\/participara-celayense-en-competencia-internacional-de-matematicas\/\" \/>\n<meta property=\"og:locale\" content=\"es_MX\" \/>\n<meta property=\"og:type\" content=\"article\" \/>\n<meta property=\"og:title\" content=\"PARTICIPAR\u00c1 CELAYENSE EN COMPETENCIA INTERNACIONAL DE MATEM\u00c1TICAS - Kuali\" \/>\n<meta property=\"og:description\" content=\"Kuali\/Celaya, Gto.- Ander Alonso Albores Ram\u00edrez, alumno de sexto grado de primaria del Colegio Nuevo Continente Celaya, viajar\u00e1 a Lucknow, India, para representar al estado de Guanajuato, en la Competencia Internacional de Matem\u00e1ticas (IMC), inform\u00f3 la Secretar\u00eda de Educaci\u00f3n. Luego de obtener la medalla de oro en el concurso nacional de la Olimpiada Mexicana de [&hellip;]\" \/>\n<meta property=\"og:url\" content=\"https:\/\/kuali.com.mx\/web\/2024\/07\/16\/participara-celayense-en-competencia-internacional-de-matematicas\/\" \/>\n<meta property=\"og:site_name\" content=\"Kuali\" \/>\n<meta property=\"article:publisher\" content=\"https:\/\/kuali.com.mx\/web\/wp-content\/uploads\/2018\/04\/cropped-kuali_logo-1-1.png\" \/>\n<meta property=\"article:published_time\" content=\"2024-07-17T02:06:00+00:00\" \/>\n<meta property=\"article:modified_time\" content=\"2024-07-17T03:43:39+00:00\" \/>\n<meta property=\"og:image\" content=\"https:\/\/kuali.com.mx\/web\/wp-content\/uploads\/2024\/07\/Ander-Alonso-Albores-Ramirez.jpeg\" \/>\n\t<meta property=\"og:image:width\" content=\"1600\" \/>\n\t<meta property=\"og:image:height\" content=\"1200\" \/>\n\t<meta property=\"og:image:type\" content=\"image\/jpeg\" \/>\n<meta name=\"author\" content=\"Kuali Staff\" \/>\n<meta name=\"twitter:card\" content=\"summary_large_image\" \/>\n<meta name=\"twitter:creator\" content=\"@kuali_noticias\" \/>\n<meta name=\"twitter:site\" content=\"@kuali_noticias\" \/>\n<meta name=\"twitter:label1\" content=\"Escrito por\" \/>\n\t<meta name=\"twitter:data1\" content=\"Kuali Staff\" \/>\n\t<meta name=\"twitter:label2\" content=\"Tiempo de lectura\" \/>\n\t<meta name=\"twitter:data2\" content=\"1 minuto\" \/>\n<script type=\"application\/ld+json\" class=\"yoast-schema-graph\">{\"@context\":\"https:\\\/\\\/schema.org\",\"@graph\":[{\"@type\":\"Article\",\"@id\":\"https:\\\/\\\/kuali.com.mx\\\/web\\\/2024\\\/07\\\/16\\\/participara-celayense-en-competencia-internacional-de-matematicas\\\/#article\",\"isPartOf\":{\"@id\":\"https:\\\/\\\/kuali.com.mx\\\/web\\\/2024\\\/07\\\/16\\\/participara-celayense-en-competencia-internacional-de-matematicas\\\/\"},\"author\":{\"name\":\"Kuali Staff\",\"@id\":\"https:\\\/\\\/kuali.com.mx\\\/web\\\/#\\\/schema\\\/person\\\/6f89ffa8ecba9dae50662357923c5289\"},\"headline\":\"PARTICIPAR\u00c1 CELAYENSE EN COMPETENCIA INTERNACIONAL DE MATEM\u00c1TICAS\",\"datePublished\":\"2024-07-17T02:06:00+00:00\",\"dateModified\":\"2024-07-17T03:43:39+00:00\",\"mainEntityOfPage\":{\"@id\":\"https:\\\/\\\/kuali.com.mx\\\/web\\\/2024\\\/07\\\/16\\\/participara-celayense-en-competencia-internacional-de-matematicas\\\/\"},\"wordCount\":239,\"commentCount\":0,\"image\":{\"@id\":\"https:\\\/\\\/kuali.com.mx\\\/web\\\/2024\\\/07\\\/16\\\/participara-celayense-en-competencia-internacional-de-matematicas\\\/#primaryimage\"},\"thumbnailUrl\":\"https:\\\/\\\/kuali.com.mx\\\/web\\\/wp-content\\\/uploads\\\/2024\\\/07\\\/Ander-Alonso-Albores-Ramirez.jpeg\",\"articleSection\":[\"Educaci\u00f3n\"],\"inLanguage\":\"es\",\"potentialAction\":[{\"@type\":\"CommentAction\",\"name\":\"Comment\",\"target\":[\"https:\\\/\\\/kuali.com.mx\\\/web\\\/2024\\\/07\\\/16\\\/participara-celayense-en-competencia-internacional-de-matematicas\\\/#respond\"]}]},{\"@type\":\"WebPage\",\"@id\":\"https:\\\/\\\/kuali.com.mx\\\/web\\\/2024\\\/07\\\/16\\\/participara-celayense-en-competencia-internacional-de-matematicas\\\/\",\"url\":\"https:\\\/\\\/kuali.com.mx\\\/web\\\/2024\\\/07\\\/16\\\/participara-celayense-en-competencia-internacional-de-matematicas\\\/\",\"name\":\"PARTICIPAR\u00c1 CELAYENSE EN COMPETENCIA INTERNACIONAL DE MATEM\u00c1TICAS - Kuali\",\"isPartOf\":{\"@id\":\"https:\\\/\\\/kuali.com.mx\\\/web\\\/#website\"},\"primaryImageOfPage\":{\"@id\":\"https:\\\/\\\/kuali.com.mx\\\/web\\\/2024\\\/07\\\/16\\\/participara-celayense-en-competencia-internacional-de-matematicas\\\/#primaryimage\"},\"image\":{\"@id\":\"https:\\\/\\\/kuali.com.mx\\\/web\\\/2024\\\/07\\\/16\\\/participara-celayense-en-competencia-internacional-de-matematicas\\\/#primaryimage\"},\"thumbnailUrl\":\"https:\\\/\\\/kuali.com.mx\\\/web\\\/wp-content\\\/uploads\\\/2024\\\/07\\\/Ander-Alonso-Albores-Ramirez.jpeg\",\"datePublished\":\"2024-07-17T02:06:00+00:00\",\"dateModified\":\"2024-07-17T03:43:39+00:00\",\"author\":{\"@id\":\"https:\\\/\\\/kuali.com.mx\\\/web\\\/#\\\/schema\\\/person\\\/6f89ffa8ecba9dae50662357923c5289\"},\"breadcrumb\":{\"@id\":\"https:\\\/\\\/kuali.com.mx\\\/web\\\/2024\\\/07\\\/16\\\/participara-celayense-en-competencia-internacional-de-matematicas\\\/#breadcrumb\"},\"inLanguage\":\"es\",\"potentialAction\":[{\"@type\":\"ReadAction\",\"target\":[\"https:\\\/\\\/kuali.com.mx\\\/web\\\/2024\\\/07\\\/16\\\/participara-celayense-en-competencia-internacional-de-matematicas\\\/\"]}]},{\"@type\":\"ImageObject\",\"inLanguage\":\"es\",\"@id\":\"https:\\\/\\\/kuali.com.mx\\\/web\\\/2024\\\/07\\\/16\\\/participara-celayense-en-competencia-internacional-de-matematicas\\\/#primaryimage\",\"url\":\"https:\\\/\\\/kuali.com.mx\\\/web\\\/wp-content\\\/uploads\\\/2024\\\/07\\\/Ander-Alonso-Albores-Ramirez.jpeg\",\"contentUrl\":\"https:\\\/\\\/kuali.com.mx\\\/web\\\/wp-content\\\/uploads\\\/2024\\\/07\\\/Ander-Alonso-Albores-Ramirez.jpeg\",\"width\":1600,\"height\":1200},{\"@type\":\"BreadcrumbList\",\"@id\":\"https:\\\/\\\/kuali.com.mx\\\/web\\\/2024\\\/07\\\/16\\\/participara-celayense-en-competencia-internacional-de-matematicas\\\/#breadcrumb\",\"itemListElement\":[{\"@type\":\"ListItem\",\"position\":1,\"name\":\"Inicio\",\"item\":\"https:\\\/\\\/kuali.com.mx\\\/web\\\/\"},{\"@type\":\"ListItem\",\"position\":2,\"name\":\"PARTICIPAR\u00c1 CELAYENSE EN COMPETENCIA INTERNACIONAL DE MATEM\u00c1TICAS\"}]},{\"@type\":\"WebSite\",\"@id\":\"https:\\\/\\\/kuali.com.mx\\\/web\\\/#website\",\"url\":\"https:\\\/\\\/kuali.com.mx\\\/web\\\/\",\"name\":\"Kuali\",\"description\":\"\",\"potentialAction\":[{\"@type\":\"SearchAction\",\"target\":{\"@type\":\"EntryPoint\",\"urlTemplate\":\"https:\\\/\\\/kuali.com.mx\\\/web\\\/?s={search_term_string}\"},\"query-input\":{\"@type\":\"PropertyValueSpecification\",\"valueRequired\":true,\"valueName\":\"search_term_string\"}}],\"inLanguage\":\"es\"},{\"@type\":\"Person\",\"@id\":\"https:\\\/\\\/kuali.com.mx\\\/web\\\/#\\\/schema\\\/person\\\/6f89ffa8ecba9dae50662357923c5289\",\"name\":\"Kuali Staff\",\"image\":{\"@type\":\"ImageObject\",\"inLanguage\":\"es\",\"@id\":\"https:\\\/\\\/secure.gravatar.com\\\/avatar\\\/f917ad82e5ab71227a733c78b6e60715476f69ee6be59feee4eb5d9920c89e0f?s=96&d=mm&r=g\",\"url\":\"https:\\\/\\\/secure.gravatar.com\\\/avatar\\\/f917ad82e5ab71227a733c78b6e60715476f69ee6be59feee4eb5d9920c89e0f?s=96&d=mm&r=g\",\"contentUrl\":\"https:\\\/\\\/secure.gravatar.com\\\/avatar\\\/f917ad82e5ab71227a733c78b6e60715476f69ee6be59feee4eb5d9920c89e0f?s=96&d=mm&r=g\",\"caption\":\"Kuali Staff\"},\"url\":\"https:\\\/\\\/kuali.com.mx\\\/web\\\/author\\\/lagarto\\\/\"}]}<\/script>\n<!-- \/ Yoast SEO plugin. -->","yoast_head_json":{"title":"PARTICIPAR\u00c1 CELAYENSE EN COMPETENCIA INTERNACIONAL DE MATEM\u00c1TICAS - Kuali","robots":{"index":"index","follow":"follow","max-snippet":"max-snippet:-1","max-image-preview":"max-image-preview:large","max-video-preview":"max-video-preview:-1"},"canonical":"https:\/\/kuali.com.mx\/web\/2024\/07\/16\/participara-celayense-en-competencia-internacional-de-matematicas\/","og_locale":"es_MX","og_type":"article","og_title":"PARTICIPAR\u00c1 CELAYENSE EN COMPETENCIA INTERNACIONAL DE MATEM\u00c1TICAS - Kuali","og_description":"Kuali\/Celaya, Gto.- Ander Alonso Albores Ram\u00edrez, alumno de sexto grado de primaria del Colegio Nuevo Continente Celaya, viajar\u00e1 a Lucknow, India, para representar al estado de Guanajuato, en la Competencia Internacional de Matem\u00e1ticas (IMC), inform\u00f3 la Secretar\u00eda de Educaci\u00f3n. Luego de obtener la medalla de oro en el concurso nacional de la Olimpiada Mexicana de [&hellip;]","og_url":"https:\/\/kuali.com.mx\/web\/2024\/07\/16\/participara-celayense-en-competencia-internacional-de-matematicas\/","og_site_name":"Kuali","article_publisher":"https:\/\/kuali.com.mx\/web\/wp-content\/uploads\/2018\/04\/cropped-kuali_logo-1-1.png","article_published_time":"2024-07-17T02:06:00+00:00","article_modified_time":"2024-07-17T03:43:39+00:00","og_image":[{"width":1600,"height":1200,"url":"https:\/\/kuali.com.mx\/web\/wp-content\/uploads\/2024\/07\/Ander-Alonso-Albores-Ramirez.jpeg","type":"image\/jpeg"}],"author":"Kuali Staff","twitter_card":"summary_large_image","twitter_creator":"@kuali_noticias","twitter_site":"@kuali_noticias","twitter_misc":{"Escrito por":"Kuali Staff","Tiempo de lectura":"1 minuto"},"schema":{"@context":"https:\/\/schema.org","@graph":[{"@type":"Article","@id":"https:\/\/kuali.com.mx\/web\/2024\/07\/16\/participara-celayense-en-competencia-internacional-de-matematicas\/#article","isPartOf":{"@id":"https:\/\/kuali.com.mx\/web\/2024\/07\/16\/participara-celayense-en-competencia-internacional-de-matematicas\/"},"author":{"name":"Kuali Staff","@id":"https:\/\/kuali.com.mx\/web\/#\/schema\/person\/6f89ffa8ecba9dae50662357923c5289"},"headline":"PARTICIPAR\u00c1 CELAYENSE EN COMPETENCIA INTERNACIONAL DE MATEM\u00c1TICAS","datePublished":"2024-07-17T02:06:00+00:00","dateModified":"2024-07-17T03:43:39+00:00","mainEntityOfPage":{"@id":"https:\/\/kuali.com.mx\/web\/2024\/07\/16\/participara-celayense-en-competencia-internacional-de-matematicas\/"},"wordCount":239,"commentCount":0,"image":{"@id":"https:\/\/kuali.com.mx\/web\/2024\/07\/16\/participara-celayense-en-competencia-internacional-de-matematicas\/#primaryimage"},"thumbnailUrl":"https:\/\/kuali.com.mx\/web\/wp-content\/uploads\/2024\/07\/Ander-Alonso-Albores-Ramirez.jpeg","articleSection":["Educaci\u00f3n"],"inLanguage":"es","potentialAction":[{"@type":"CommentAction","name":"Comment","target":["https:\/\/kuali.com.mx\/web\/2024\/07\/16\/participara-celayense-en-competencia-internacional-de-matematicas\/#respond"]}]},{"@type":"WebPage","@id":"https:\/\/kuali.com.mx\/web\/2024\/07\/16\/participara-celayense-en-competencia-internacional-de-matematicas\/","url":"https:\/\/kuali.com.mx\/web\/2024\/07\/16\/participara-celayense-en-competencia-internacional-de-matematicas\/","name":"PARTICIPAR\u00c1 CELAYENSE EN COMPETENCIA INTERNACIONAL DE MATEM\u00c1TICAS - Kuali","isPartOf":{"@id":"https:\/\/kuali.com.mx\/web\/#website"},"primaryImageOfPage":{"@id":"https:\/\/kuali.com.mx\/web\/2024\/07\/16\/participara-celayense-en-competencia-internacional-de-matematicas\/#primaryimage"},"image":{"@id":"https:\/\/kuali.com.mx\/web\/2024\/07\/16\/participara-celayense-en-competencia-internacional-de-matematicas\/#primaryimage"},"thumbnailUrl":"https:\/\/kuali.com.mx\/web\/wp-content\/uploads\/2024\/07\/Ander-Alonso-Albores-Ramirez.jpeg","datePublished":"2024-07-17T02:06:00+00:00","dateModified":"2024-07-17T03:43:39+00:00","author":{"@id":"https:\/\/kuali.com.mx\/web\/#\/schema\/person\/6f89ffa8ecba9dae50662357923c5289"},"breadcrumb":{"@id":"https:\/\/kuali.com.mx\/web\/2024\/07\/16\/participara-celayense-en-competencia-internacional-de-matematicas\/#breadcrumb"},"inLanguage":"es","potentialAction":[{"@type":"ReadAction","target":["https:\/\/kuali.com.mx\/web\/2024\/07\/16\/participara-celayense-en-competencia-internacional-de-matematicas\/"]}]},{"@type":"ImageObject","inLanguage":"es","@id":"https:\/\/kuali.com.mx\/web\/2024\/07\/16\/participara-celayense-en-competencia-internacional-de-matematicas\/#primaryimage","url":"https:\/\/kuali.com.mx\/web\/wp-content\/uploads\/2024\/07\/Ander-Alonso-Albores-Ramirez.jpeg","contentUrl":"https:\/\/kuali.com.mx\/web\/wp-content\/uploads\/2024\/07\/Ander-Alonso-Albores-Ramirez.jpeg","width":1600,"height":1200},{"@type":"BreadcrumbList","@id":"https:\/\/kuali.com.mx\/web\/2024\/07\/16\/participara-celayense-en-competencia-internacional-de-matematicas\/#breadcrumb","itemListElement":[{"@type":"ListItem","position":1,"name":"Inicio","item":"https:\/\/kuali.com.mx\/web\/"},{"@type":"ListItem","position":2,"name":"PARTICIPAR\u00c1 CELAYENSE EN COMPETENCIA INTERNACIONAL DE MATEM\u00c1TICAS"}]},{"@type":"WebSite","@id":"https:\/\/kuali.com.mx\/web\/#website","url":"https:\/\/kuali.com.mx\/web\/","name":"Kuali","description":"","potentialAction":[{"@type":"SearchAction","target":{"@type":"EntryPoint","urlTemplate":"https:\/\/kuali.com.mx\/web\/?s={search_term_string}"},"query-input":{"@type":"PropertyValueSpecification","valueRequired":true,"valueName":"search_term_string"}}],"inLanguage":"es"},{"@type":"Person","@id":"https:\/\/kuali.com.mx\/web\/#\/schema\/person\/6f89ffa8ecba9dae50662357923c5289","name":"Kuali Staff","image":{"@type":"ImageObject","inLanguage":"es","@id":"https:\/\/secure.gravatar.com\/avatar\/f917ad82e5ab71227a733c78b6e60715476f69ee6be59feee4eb5d9920c89e0f?s=96&d=mm&r=g","url":"https:\/\/secure.gravatar.com\/avatar\/f917ad82e5ab71227a733c78b6e60715476f69ee6be59feee4eb5d9920c89e0f?s=96&d=mm&r=g","contentUrl":"https:\/\/secure.gravatar.com\/avatar\/f917ad82e5ab71227a733c78b6e60715476f69ee6be59feee4eb5d9920c89e0f?s=96&d=mm&r=g","caption":"Kuali Staff"},"url":"https:\/\/kuali.com.mx\/web\/author\/lagarto\/"}]}},"_links":{"self":[{"href":"https:\/\/kuali.com.mx\/web\/wp-json\/wp\/v2\/posts\/148535","targetHints":{"allow":["GET"]}}],"collection":[{"href":"https:\/\/kuali.com.mx\/web\/wp-json\/wp\/v2\/posts"}],"about":[{"href":"https:\/\/kuali.com.mx\/web\/wp-json\/wp\/v2\/types\/post"}],"author":[{"embeddable":true,"href":"https:\/\/kuali.com.mx\/web\/wp-json\/wp\/v2\/users\/2"}],"replies":[{"embeddable":true,"href":"https:\/\/kuali.com.mx\/web\/wp-json\/wp\/v2\/comments?post=148535"}],"version-history":[{"count":1,"href":"https:\/\/kuali.com.mx\/web\/wp-json\/wp\/v2\/posts\/148535\/revisions"}],"predecessor-version":[{"id":148539,"href":"https:\/\/kuali.com.mx\/web\/wp-json\/wp\/v2\/posts\/148535\/revisions\/148539"}],"wp:featuredmedia":[{"embeddable":true,"href":"https:\/\/kuali.com.mx\/web\/wp-json\/wp\/v2\/media\/148538"}],"wp:attachment":[{"href":"https:\/\/kuali.com.mx\/web\/wp-json\/wp\/v2\/media?parent=148535"}],"wp:term":[{"taxonomy":"category","embeddable":true,"href":"https:\/\/kuali.com.mx\/web\/wp-json\/wp\/v2\/categories?post=148535"},{"taxonomy":"post_tag","embeddable":true,"href":"https:\/\/kuali.com.mx\/web\/wp-json\/wp\/v2\/tags?post=148535"}],"curies":[{"name":"wp","href":"https:\/\/api.w.org\/{rel}","templated":true}]}}