{"id":148159,"date":"2024-07-12T17:57:49","date_gmt":"2024-07-12T23:57:49","guid":{"rendered":"https:\/\/kuali.com.mx\/web\/?p=148159"},"modified":"2024-07-12T17:57:53","modified_gmt":"2024-07-12T23:57:53","slug":"salen-de-vacaciones-1-2-millones-de-estudiantes","status":"publish","type":"post","link":"https:\/\/kuali.com.mx\/web\/2024\/07\/12\/salen-de-vacaciones-1-2-millones-de-estudiantes\/","title":{"rendered":"SALEN DE VACACIONES  1.2 MILLONES DE ESTUDIANTES"},"content":{"rendered":"\n<p><strong><em>Kuali\/Guanajuato, Gto.-<\/em><\/strong>El lunes 15 de julio termina el ciclo escolar para los niveles de educaci\u00f3n b\u00e1sica y salen de vacaciones un mill\u00f3n 228 mil 357 estudiantes  y 55 mil 870 maestros de 10 mil 523 planteles, inform\u00f3 la Secretar\u00eda de<br>Educaci\u00f3n de Guanajuato.<\/p>\n\n\n\n<p>Para las escuelas formadoras de docentes en Educaci\u00f3n Normal del Estado de Guanajuato, el fin del ciclo escolar actual ser\u00e1 el 18 de julio.<\/p>\n\n\n\n<p>Una vez que concluya el ciclo escolar del 19 al 23 de julio del presente a\u00f1o, maestras y maestros participar\u00e1n en la Fase Intensiva de Consejo T\u00e9cnico Escolar en el que se abordar\u00e1n el camino recorrido en la implementaci\u00f3n del Plan y programas de estudio 2022 y la concreci\u00f3n del curr\u00edculo para el ciclo escolar 2024-2025, principalmente.<\/p>\n\n\n\n<p>Durante los d\u00edas de esta Fase Intensiva, se estudiar\u00e1n adem\u00e1s temas sobre el diagn\u00f3stico socioeducativo para la mejora educativa, pr\u00e1cticas de atenci\u00f3n a la diversidad para la sana convivencia y el aprendizaje y el Programa de Mejora Continua y Organizaci\u00f3n Escolar.<\/p>\n\n\n\n<p>El pr\u00f3ximo ciclo escolar 2024-2025 iniciar\u00e1 el lunes 26 de agosto del 2024 y terminar\u00e1 el 15 de julio 2025. Una de las acciones que mayor impulso tendr\u00e1 durante este ciclo escolar ser\u00e1 la generalizaci\u00f3n de la pol\u00edtica de aprendizajes fundamentales con \u00e9nfasis en la lectura y escritura en todas las escuelas primarias<br>de Guanajuato.<\/p>\n","protected":false},"excerpt":{"rendered":"Kuali\/Guanajuato, Gto.-El lunes 15 de julio termina el ciclo escolar para los niveles de educaci\u00f3n b\u00e1sica y salen de vacaciones un mill\u00f3n 228 mil 357 estudiantes y 55 mil 870 maestros de 10 mil 523 planteles, inform\u00f3 la Secretar\u00eda deEducaci\u00f3n de Guanajuato. Para las escuelas formadoras de docentes en Educaci\u00f3n Normal del Estado de Guanajuato, [&hellip;]","protected":false},"author":2,"featured_media":74249,"comment_status":"open","ping_status":"open","sticky":false,"template":"","format":"standard","meta":{"_seopress_robots_primary_cat":"none","_seopress_titles_title":"","_seopress_titles_desc":"","_seopress_robots_index":"","_monsterinsights_skip_tracking":false,"_monsterinsights_sitenote_active":false,"_monsterinsights_sitenote_note":"","_monsterinsights_sitenote_category":0,"footnotes":""},"categories":[4],"tags":[],"class_list":["post-148159","post","type-post","status-publish","format-standard","has-post-thumbnail","hentry","category-educacion"],"yoast_head":"<!-- This site is optimized with the Yoast SEO plugin v27.5 - https:\/\/yoast.com\/product\/yoast-seo-wordpress\/ -->\n<title>SALEN DE VACACIONES 1.2 MILLONES DE ESTUDIANTES - Kuali<\/title>\n<meta name=\"robots\" content=\"index, follow, max-snippet:-1, max-image-preview:large, max-video-preview:-1\" \/>\n<link rel=\"canonical\" href=\"https:\/\/kuali.com.mx\/web\/2024\/07\/12\/salen-de-vacaciones-1-2-millones-de-estudiantes\/\" \/>\n<meta property=\"og:locale\" content=\"es_MX\" \/>\n<meta property=\"og:type\" content=\"article\" \/>\n<meta property=\"og:title\" content=\"SALEN DE VACACIONES 1.2 MILLONES DE ESTUDIANTES - Kuali\" \/>\n<meta property=\"og:description\" content=\"Kuali\/Guanajuato, Gto.-El lunes 15 de julio termina el ciclo escolar para los niveles de educaci\u00f3n b\u00e1sica y salen de vacaciones un mill\u00f3n 228 mil 357 estudiantes y 55 mil 870 maestros de 10 mil 523 planteles, inform\u00f3 la Secretar\u00eda deEducaci\u00f3n de Guanajuato. Para las escuelas formadoras de docentes en Educaci\u00f3n Normal del Estado de Guanajuato, [&hellip;]\" \/>\n<meta property=\"og:url\" content=\"https:\/\/kuali.com.mx\/web\/2024\/07\/12\/salen-de-vacaciones-1-2-millones-de-estudiantes\/\" \/>\n<meta property=\"og:site_name\" content=\"Kuali\" \/>\n<meta property=\"article:publisher\" content=\"https:\/\/kuali.com.mx\/web\/wp-content\/uploads\/2018\/04\/cropped-kuali_logo-1-1.png\" \/>\n<meta property=\"article:published_time\" content=\"2024-07-12T23:57:49+00:00\" \/>\n<meta property=\"article:modified_time\" content=\"2024-07-12T23:57:53+00:00\" \/>\n<meta property=\"og:image\" content=\"https:\/\/kuali.com.mx\/web\/wp-content\/uploads\/2020\/09\/ESTUDIANTES-ESCUELA-ALUMNOS.jpg\" \/>\n\t<meta property=\"og:image:width\" content=\"1811\" \/>\n\t<meta property=\"og:image:height\" content=\"750\" \/>\n\t<meta property=\"og:image:type\" content=\"image\/jpeg\" \/>\n<meta name=\"author\" content=\"Kuali Staff\" \/>\n<meta name=\"twitter:card\" content=\"summary_large_image\" \/>\n<meta name=\"twitter:creator\" content=\"@kuali_noticias\" \/>\n<meta name=\"twitter:site\" content=\"@kuali_noticias\" \/>\n<meta name=\"twitter:label1\" content=\"Escrito por\" \/>\n\t<meta name=\"twitter:data1\" content=\"Kuali Staff\" \/>\n\t<meta name=\"twitter:label2\" content=\"Tiempo de lectura\" \/>\n\t<meta name=\"twitter:data2\" content=\"1 minuto\" \/>\n<script type=\"application\/ld+json\" class=\"yoast-schema-graph\">{\"@context\":\"https:\\\/\\\/schema.org\",\"@graph\":[{\"@type\":\"Article\",\"@id\":\"https:\\\/\\\/kuali.com.mx\\\/web\\\/2024\\\/07\\\/12\\\/salen-de-vacaciones-1-2-millones-de-estudiantes\\\/#article\",\"isPartOf\":{\"@id\":\"https:\\\/\\\/kuali.com.mx\\\/web\\\/2024\\\/07\\\/12\\\/salen-de-vacaciones-1-2-millones-de-estudiantes\\\/\"},\"author\":{\"name\":\"Kuali Staff\",\"@id\":\"https:\\\/\\\/kuali.com.mx\\\/web\\\/#\\\/schema\\\/person\\\/6f89ffa8ecba9dae50662357923c5289\"},\"headline\":\"SALEN DE VACACIONES 1.2 MILLONES DE ESTUDIANTES\",\"datePublished\":\"2024-07-12T23:57:49+00:00\",\"dateModified\":\"2024-07-12T23:57:53+00:00\",\"mainEntityOfPage\":{\"@id\":\"https:\\\/\\\/kuali.com.mx\\\/web\\\/2024\\\/07\\\/12\\\/salen-de-vacaciones-1-2-millones-de-estudiantes\\\/\"},\"wordCount\":235,\"commentCount\":0,\"image\":{\"@id\":\"https:\\\/\\\/kuali.com.mx\\\/web\\\/2024\\\/07\\\/12\\\/salen-de-vacaciones-1-2-millones-de-estudiantes\\\/#primaryimage\"},\"thumbnailUrl\":\"https:\\\/\\\/kuali.com.mx\\\/web\\\/wp-content\\\/uploads\\\/2020\\\/09\\\/ESTUDIANTES-ESCUELA-ALUMNOS.jpg\",\"articleSection\":[\"Educaci\u00f3n\"],\"inLanguage\":\"es\",\"potentialAction\":[{\"@type\":\"CommentAction\",\"name\":\"Comment\",\"target\":[\"https:\\\/\\\/kuali.com.mx\\\/web\\\/2024\\\/07\\\/12\\\/salen-de-vacaciones-1-2-millones-de-estudiantes\\\/#respond\"]}]},{\"@type\":\"WebPage\",\"@id\":\"https:\\\/\\\/kuali.com.mx\\\/web\\\/2024\\\/07\\\/12\\\/salen-de-vacaciones-1-2-millones-de-estudiantes\\\/\",\"url\":\"https:\\\/\\\/kuali.com.mx\\\/web\\\/2024\\\/07\\\/12\\\/salen-de-vacaciones-1-2-millones-de-estudiantes\\\/\",\"name\":\"SALEN DE VACACIONES 1.2 MILLONES DE ESTUDIANTES - Kuali\",\"isPartOf\":{\"@id\":\"https:\\\/\\\/kuali.com.mx\\\/web\\\/#website\"},\"primaryImageOfPage\":{\"@id\":\"https:\\\/\\\/kuali.com.mx\\\/web\\\/2024\\\/07\\\/12\\\/salen-de-vacaciones-1-2-millones-de-estudiantes\\\/#primaryimage\"},\"image\":{\"@id\":\"https:\\\/\\\/kuali.com.mx\\\/web\\\/2024\\\/07\\\/12\\\/salen-de-vacaciones-1-2-millones-de-estudiantes\\\/#primaryimage\"},\"thumbnailUrl\":\"https:\\\/\\\/kuali.com.mx\\\/web\\\/wp-content\\\/uploads\\\/2020\\\/09\\\/ESTUDIANTES-ESCUELA-ALUMNOS.jpg\",\"datePublished\":\"2024-07-12T23:57:49+00:00\",\"dateModified\":\"2024-07-12T23:57:53+00:00\",\"author\":{\"@id\":\"https:\\\/\\\/kuali.com.mx\\\/web\\\/#\\\/schema\\\/person\\\/6f89ffa8ecba9dae50662357923c5289\"},\"breadcrumb\":{\"@id\":\"https:\\\/\\\/kuali.com.mx\\\/web\\\/2024\\\/07\\\/12\\\/salen-de-vacaciones-1-2-millones-de-estudiantes\\\/#breadcrumb\"},\"inLanguage\":\"es\",\"potentialAction\":[{\"@type\":\"ReadAction\",\"target\":[\"https:\\\/\\\/kuali.com.mx\\\/web\\\/2024\\\/07\\\/12\\\/salen-de-vacaciones-1-2-millones-de-estudiantes\\\/\"]}]},{\"@type\":\"ImageObject\",\"inLanguage\":\"es\",\"@id\":\"https:\\\/\\\/kuali.com.mx\\\/web\\\/2024\\\/07\\\/12\\\/salen-de-vacaciones-1-2-millones-de-estudiantes\\\/#primaryimage\",\"url\":\"https:\\\/\\\/kuali.com.mx\\\/web\\\/wp-content\\\/uploads\\\/2020\\\/09\\\/ESTUDIANTES-ESCUELA-ALUMNOS.jpg\",\"contentUrl\":\"https:\\\/\\\/kuali.com.mx\\\/web\\\/wp-content\\\/uploads\\\/2020\\\/09\\\/ESTUDIANTES-ESCUELA-ALUMNOS.jpg\",\"width\":1811,\"height\":750},{\"@type\":\"BreadcrumbList\",\"@id\":\"https:\\\/\\\/kuali.com.mx\\\/web\\\/2024\\\/07\\\/12\\\/salen-de-vacaciones-1-2-millones-de-estudiantes\\\/#breadcrumb\",\"itemListElement\":[{\"@type\":\"ListItem\",\"position\":1,\"name\":\"Inicio\",\"item\":\"https:\\\/\\\/kuali.com.mx\\\/web\\\/\"},{\"@type\":\"ListItem\",\"position\":2,\"name\":\"SALEN DE VACACIONES 1.2 MILLONES DE ESTUDIANTES\"}]},{\"@type\":\"WebSite\",\"@id\":\"https:\\\/\\\/kuali.com.mx\\\/web\\\/#website\",\"url\":\"https:\\\/\\\/kuali.com.mx\\\/web\\\/\",\"name\":\"Kuali\",\"description\":\"\",\"potentialAction\":[{\"@type\":\"SearchAction\",\"target\":{\"@type\":\"EntryPoint\",\"urlTemplate\":\"https:\\\/\\\/kuali.com.mx\\\/web\\\/?s={search_term_string}\"},\"query-input\":{\"@type\":\"PropertyValueSpecification\",\"valueRequired\":true,\"valueName\":\"search_term_string\"}}],\"inLanguage\":\"es\"},{\"@type\":\"Person\",\"@id\":\"https:\\\/\\\/kuali.com.mx\\\/web\\\/#\\\/schema\\\/person\\\/6f89ffa8ecba9dae50662357923c5289\",\"name\":\"Kuali Staff\",\"image\":{\"@type\":\"ImageObject\",\"inLanguage\":\"es\",\"@id\":\"https:\\\/\\\/secure.gravatar.com\\\/avatar\\\/f917ad82e5ab71227a733c78b6e60715476f69ee6be59feee4eb5d9920c89e0f?s=96&d=mm&r=g\",\"url\":\"https:\\\/\\\/secure.gravatar.com\\\/avatar\\\/f917ad82e5ab71227a733c78b6e60715476f69ee6be59feee4eb5d9920c89e0f?s=96&d=mm&r=g\",\"contentUrl\":\"https:\\\/\\\/secure.gravatar.com\\\/avatar\\\/f917ad82e5ab71227a733c78b6e60715476f69ee6be59feee4eb5d9920c89e0f?s=96&d=mm&r=g\",\"caption\":\"Kuali Staff\"},\"url\":\"https:\\\/\\\/kuali.com.mx\\\/web\\\/author\\\/lagarto\\\/\"}]}<\/script>\n<!-- \/ Yoast SEO plugin. -->","yoast_head_json":{"title":"SALEN DE VACACIONES 1.2 MILLONES DE ESTUDIANTES - Kuali","robots":{"index":"index","follow":"follow","max-snippet":"max-snippet:-1","max-image-preview":"max-image-preview:large","max-video-preview":"max-video-preview:-1"},"canonical":"https:\/\/kuali.com.mx\/web\/2024\/07\/12\/salen-de-vacaciones-1-2-millones-de-estudiantes\/","og_locale":"es_MX","og_type":"article","og_title":"SALEN DE VACACIONES 1.2 MILLONES DE ESTUDIANTES - Kuali","og_description":"Kuali\/Guanajuato, Gto.-El lunes 15 de julio termina el ciclo escolar para los niveles de educaci\u00f3n b\u00e1sica y salen de vacaciones un mill\u00f3n 228 mil 357 estudiantes y 55 mil 870 maestros de 10 mil 523 planteles, inform\u00f3 la Secretar\u00eda deEducaci\u00f3n de Guanajuato. Para las escuelas formadoras de docentes en Educaci\u00f3n Normal del Estado de Guanajuato, [&hellip;]","og_url":"https:\/\/kuali.com.mx\/web\/2024\/07\/12\/salen-de-vacaciones-1-2-millones-de-estudiantes\/","og_site_name":"Kuali","article_publisher":"https:\/\/kuali.com.mx\/web\/wp-content\/uploads\/2018\/04\/cropped-kuali_logo-1-1.png","article_published_time":"2024-07-12T23:57:49+00:00","article_modified_time":"2024-07-12T23:57:53+00:00","og_image":[{"width":1811,"height":750,"url":"https:\/\/kuali.com.mx\/web\/wp-content\/uploads\/2020\/09\/ESTUDIANTES-ESCUELA-ALUMNOS.jpg","type":"image\/jpeg"}],"author":"Kuali Staff","twitter_card":"summary_large_image","twitter_creator":"@kuali_noticias","twitter_site":"@kuali_noticias","twitter_misc":{"Escrito por":"Kuali Staff","Tiempo de lectura":"1 minuto"},"schema":{"@context":"https:\/\/schema.org","@graph":[{"@type":"Article","@id":"https:\/\/kuali.com.mx\/web\/2024\/07\/12\/salen-de-vacaciones-1-2-millones-de-estudiantes\/#article","isPartOf":{"@id":"https:\/\/kuali.com.mx\/web\/2024\/07\/12\/salen-de-vacaciones-1-2-millones-de-estudiantes\/"},"author":{"name":"Kuali Staff","@id":"https:\/\/kuali.com.mx\/web\/#\/schema\/person\/6f89ffa8ecba9dae50662357923c5289"},"headline":"SALEN DE VACACIONES 1.2 MILLONES DE ESTUDIANTES","datePublished":"2024-07-12T23:57:49+00:00","dateModified":"2024-07-12T23:57:53+00:00","mainEntityOfPage":{"@id":"https:\/\/kuali.com.mx\/web\/2024\/07\/12\/salen-de-vacaciones-1-2-millones-de-estudiantes\/"},"wordCount":235,"commentCount":0,"image":{"@id":"https:\/\/kuali.com.mx\/web\/2024\/07\/12\/salen-de-vacaciones-1-2-millones-de-estudiantes\/#primaryimage"},"thumbnailUrl":"https:\/\/kuali.com.mx\/web\/wp-content\/uploads\/2020\/09\/ESTUDIANTES-ESCUELA-ALUMNOS.jpg","articleSection":["Educaci\u00f3n"],"inLanguage":"es","potentialAction":[{"@type":"CommentAction","name":"Comment","target":["https:\/\/kuali.com.mx\/web\/2024\/07\/12\/salen-de-vacaciones-1-2-millones-de-estudiantes\/#respond"]}]},{"@type":"WebPage","@id":"https:\/\/kuali.com.mx\/web\/2024\/07\/12\/salen-de-vacaciones-1-2-millones-de-estudiantes\/","url":"https:\/\/kuali.com.mx\/web\/2024\/07\/12\/salen-de-vacaciones-1-2-millones-de-estudiantes\/","name":"SALEN DE VACACIONES 1.2 MILLONES DE ESTUDIANTES - Kuali","isPartOf":{"@id":"https:\/\/kuali.com.mx\/web\/#website"},"primaryImageOfPage":{"@id":"https:\/\/kuali.com.mx\/web\/2024\/07\/12\/salen-de-vacaciones-1-2-millones-de-estudiantes\/#primaryimage"},"image":{"@id":"https:\/\/kuali.com.mx\/web\/2024\/07\/12\/salen-de-vacaciones-1-2-millones-de-estudiantes\/#primaryimage"},"thumbnailUrl":"https:\/\/kuali.com.mx\/web\/wp-content\/uploads\/2020\/09\/ESTUDIANTES-ESCUELA-ALUMNOS.jpg","datePublished":"2024-07-12T23:57:49+00:00","dateModified":"2024-07-12T23:57:53+00:00","author":{"@id":"https:\/\/kuali.com.mx\/web\/#\/schema\/person\/6f89ffa8ecba9dae50662357923c5289"},"breadcrumb":{"@id":"https:\/\/kuali.com.mx\/web\/2024\/07\/12\/salen-de-vacaciones-1-2-millones-de-estudiantes\/#breadcrumb"},"inLanguage":"es","potentialAction":[{"@type":"ReadAction","target":["https:\/\/kuali.com.mx\/web\/2024\/07\/12\/salen-de-vacaciones-1-2-millones-de-estudiantes\/"]}]},{"@type":"ImageObject","inLanguage":"es","@id":"https:\/\/kuali.com.mx\/web\/2024\/07\/12\/salen-de-vacaciones-1-2-millones-de-estudiantes\/#primaryimage","url":"https:\/\/kuali.com.mx\/web\/wp-content\/uploads\/2020\/09\/ESTUDIANTES-ESCUELA-ALUMNOS.jpg","contentUrl":"https:\/\/kuali.com.mx\/web\/wp-content\/uploads\/2020\/09\/ESTUDIANTES-ESCUELA-ALUMNOS.jpg","width":1811,"height":750},{"@type":"BreadcrumbList","@id":"https:\/\/kuali.com.mx\/web\/2024\/07\/12\/salen-de-vacaciones-1-2-millones-de-estudiantes\/#breadcrumb","itemListElement":[{"@type":"ListItem","position":1,"name":"Inicio","item":"https:\/\/kuali.com.mx\/web\/"},{"@type":"ListItem","position":2,"name":"SALEN DE VACACIONES 1.2 MILLONES DE ESTUDIANTES"}]},{"@type":"WebSite","@id":"https:\/\/kuali.com.mx\/web\/#website","url":"https:\/\/kuali.com.mx\/web\/","name":"Kuali","description":"","potentialAction":[{"@type":"SearchAction","target":{"@type":"EntryPoint","urlTemplate":"https:\/\/kuali.com.mx\/web\/?s={search_term_string}"},"query-input":{"@type":"PropertyValueSpecification","valueRequired":true,"valueName":"search_term_string"}}],"inLanguage":"es"},{"@type":"Person","@id":"https:\/\/kuali.com.mx\/web\/#\/schema\/person\/6f89ffa8ecba9dae50662357923c5289","name":"Kuali Staff","image":{"@type":"ImageObject","inLanguage":"es","@id":"https:\/\/secure.gravatar.com\/avatar\/f917ad82e5ab71227a733c78b6e60715476f69ee6be59feee4eb5d9920c89e0f?s=96&d=mm&r=g","url":"https:\/\/secure.gravatar.com\/avatar\/f917ad82e5ab71227a733c78b6e60715476f69ee6be59feee4eb5d9920c89e0f?s=96&d=mm&r=g","contentUrl":"https:\/\/secure.gravatar.com\/avatar\/f917ad82e5ab71227a733c78b6e60715476f69ee6be59feee4eb5d9920c89e0f?s=96&d=mm&r=g","caption":"Kuali Staff"},"url":"https:\/\/kuali.com.mx\/web\/author\/lagarto\/"}]}},"_links":{"self":[{"href":"https:\/\/kuali.com.mx\/web\/wp-json\/wp\/v2\/posts\/148159","targetHints":{"allow":["GET"]}}],"collection":[{"href":"https:\/\/kuali.com.mx\/web\/wp-json\/wp\/v2\/posts"}],"about":[{"href":"https:\/\/kuali.com.mx\/web\/wp-json\/wp\/v2\/types\/post"}],"author":[{"embeddable":true,"href":"https:\/\/kuali.com.mx\/web\/wp-json\/wp\/v2\/users\/2"}],"replies":[{"embeddable":true,"href":"https:\/\/kuali.com.mx\/web\/wp-json\/wp\/v2\/comments?post=148159"}],"version-history":[{"count":1,"href":"https:\/\/kuali.com.mx\/web\/wp-json\/wp\/v2\/posts\/148159\/revisions"}],"predecessor-version":[{"id":148162,"href":"https:\/\/kuali.com.mx\/web\/wp-json\/wp\/v2\/posts\/148159\/revisions\/148162"}],"wp:featuredmedia":[{"embeddable":true,"href":"https:\/\/kuali.com.mx\/web\/wp-json\/wp\/v2\/media\/74249"}],"wp:attachment":[{"href":"https:\/\/kuali.com.mx\/web\/wp-json\/wp\/v2\/media?parent=148159"}],"wp:term":[{"taxonomy":"category","embeddable":true,"href":"https:\/\/kuali.com.mx\/web\/wp-json\/wp\/v2\/categories?post=148159"},{"taxonomy":"post_tag","embeddable":true,"href":"https:\/\/kuali.com.mx\/web\/wp-json\/wp\/v2\/tags?post=148159"}],"curies":[{"name":"wp","href":"https:\/\/api.w.org\/{rel}","templated":true}]}}