{"id":148146,"date":"2024-07-12T17:43:53","date_gmt":"2024-07-12T23:43:53","guid":{"rendered":"https:\/\/kuali.com.mx\/web\/?p=148146"},"modified":"2024-07-12T17:43:57","modified_gmt":"2024-07-12T23:43:57","slug":"aplicar-protocolo-de-proteccion-pide-alvar-a-municipios","status":"publish","type":"post","link":"https:\/\/kuali.com.mx\/web\/2024\/07\/12\/aplicar-protocolo-de-proteccion-pide-alvar-a-municipios\/","title":{"rendered":"APLICAR PROTOCOLO DE PROTECCI\u00d3N, PIDE ALVAR A MUNICIPIOS"},"content":{"rendered":"\n<p><strong>Milagros Tadeo\/Le\u00f3n, Gto.-<\/strong>&nbsp;El secretario de Seguridad P\u00fablica de Guanajuato, Alvar Cabeza de Vaca Appendini, &nbsp;dijo que los gobiernos municipales deber\u00edan de implementar el protocolo estatal de protecci\u00f3n a polic\u00edas para tratar de protegerlos de la delincuencia.<\/p>\n\n\n\n<p>Al cuestionarlo sobre el ataque que dej\u00f3 como saldo a dos polic\u00edas viales en Celaya y a uno m\u00e1s lesionado, el funcionario estatal dijo que desde hace tiempo se pidi\u00f3 a los Municipios que adoptaran el modelo estatal de protecci\u00f3n a polic\u00edas y tr\u00e1nsitos.<\/p>\n\n\n\n<p>&nbsp;\u201cEs un tema que recurrentemente hemos hablado con los secretarios y directores de seguridad p\u00fablica municipales, en su momento, tambi\u00e9n nosotros tuvimos ataques y p\u00e9rdida de compa\u00f1eros de las FSPE y logramos tener todo un esquema por parte del gobernador, de cambios de domicilio de manera gratuita para los elementos, operativamente tenemos una conformaci\u00f3n de operativos que protegen a los elementos o tratamos de protegerlos en sus turnos y momentos francos\u201d, indic\u00f3.<\/p>\n\n\n\n<p>Cabeza de Vaca dijo que los gobiernos municipales deber\u00edan de contemplar la implementaci\u00f3n de cualquier acci\u00f3n de protecci\u00f3n a sus elementos, recordando que cuando registraron un repunte en ataques y asesinados de elementos de las FSPE, de inmediato se actu\u00f3.<\/p>\n\n\n\n<p>\u201cNosotros hemos compartido con los municipios para que adopten el modelo, pero no podemos obligarlos a que adopten el modelo, cada muerte de cada compa\u00f1ero de seguridad p\u00fablica es lamentable y dolorosa para nosotros y nos quedan m\u00e1s que seguir insistiendo con los titulares de seguridad p\u00fablica municipales que tomen las medidas, no es una cuesti\u00f3n f\u00e1cil, pero hay que tomar medidas si queremos una poblaci\u00f3n segura, debemos tener elementos seguros\u201d, destac\u00f3.<\/p>\n\n\n\n<p>Adem\u00e1s, sobre el la versi\u00f3n del presidente, Andr\u00e9s Manuel L\u00f3pez Obrador, quien revel\u00f3 que el asesinato de los polic\u00edas viales en Celaya estaba relacionado con la liberaci\u00f3n del hijo de \u201cEl Marro\u201d, al indicar que es la Fiscal\u00eda de Guanajuato quien lleva la investigaci\u00f3n, dijo que en la Fiscal\u00eda General del Estado quien est\u00e1 investigando.<\/p>\n","protected":false},"excerpt":{"rendered":"Milagros Tadeo\/Le\u00f3n, Gto.-&nbsp;El secretario de Seguridad P\u00fablica de Guanajuato, Alvar Cabeza de Vaca Appendini, &nbsp;dijo que los gobiernos municipales deber\u00edan de implementar el protocolo estatal de protecci\u00f3n a polic\u00edas para tratar de protegerlos de la delincuencia. Al cuestionarlo sobre el ataque que dej\u00f3 como saldo a dos polic\u00edas viales en Celaya y a uno m\u00e1s [&hellip;]","protected":false},"author":2,"featured_media":147999,"comment_status":"open","ping_status":"open","sticky":false,"template":"","format":"standard","meta":{"_seopress_robots_primary_cat":"none","_seopress_titles_title":"","_seopress_titles_desc":"","_seopress_robots_index":"","_monsterinsights_skip_tracking":false,"_monsterinsights_sitenote_active":false,"_monsterinsights_sitenote_note":"","_monsterinsights_sitenote_category":0,"footnotes":""},"categories":[3,69],"tags":[],"class_list":["post-148146","post","type-post","status-publish","format-standard","has-post-thumbnail","hentry","category-politica","category-slider"],"yoast_head":"<!-- This site is optimized with the Yoast SEO plugin v27.5 - https:\/\/yoast.com\/product\/yoast-seo-wordpress\/ -->\n<title>APLICAR PROTOCOLO DE PROTECCI\u00d3N, PIDE ALVAR A MUNICIPIOS - Kuali<\/title>\n<meta name=\"robots\" content=\"index, follow, max-snippet:-1, max-image-preview:large, max-video-preview:-1\" \/>\n<link rel=\"canonical\" href=\"https:\/\/kuali.com.mx\/web\/2024\/07\/12\/aplicar-protocolo-de-proteccion-pide-alvar-a-municipios\/\" \/>\n<meta property=\"og:locale\" content=\"es_MX\" \/>\n<meta property=\"og:type\" content=\"article\" \/>\n<meta property=\"og:title\" content=\"APLICAR PROTOCOLO DE PROTECCI\u00d3N, PIDE ALVAR A MUNICIPIOS - Kuali\" \/>\n<meta property=\"og:description\" content=\"Milagros Tadeo\/Le\u00f3n, Gto.-&nbsp;El secretario de Seguridad P\u00fablica de Guanajuato, Alvar Cabeza de Vaca Appendini, &nbsp;dijo que los gobiernos municipales deber\u00edan de implementar el protocolo estatal de protecci\u00f3n a polic\u00edas para tratar de protegerlos de la delincuencia. Al cuestionarlo sobre el ataque que dej\u00f3 como saldo a dos polic\u00edas viales en Celaya y a uno m\u00e1s [&hellip;]\" \/>\n<meta property=\"og:url\" content=\"https:\/\/kuali.com.mx\/web\/2024\/07\/12\/aplicar-protocolo-de-proteccion-pide-alvar-a-municipios\/\" \/>\n<meta property=\"og:site_name\" content=\"Kuali\" \/>\n<meta property=\"article:publisher\" content=\"https:\/\/kuali.com.mx\/web\/wp-content\/uploads\/2018\/04\/cropped-kuali_logo-1-1.png\" \/>\n<meta property=\"article:published_time\" content=\"2024-07-12T23:43:53+00:00\" \/>\n<meta property=\"article:modified_time\" content=\"2024-07-12T23:43:57+00:00\" \/>\n<meta property=\"og:image\" content=\"https:\/\/kuali.com.mx\/web\/wp-content\/uploads\/2024\/07\/Ataque-transito-Celaya.png\" \/>\n\t<meta property=\"og:image:width\" content=\"1827\" \/>\n\t<meta property=\"og:image:height\" content=\"750\" \/>\n\t<meta property=\"og:image:type\" content=\"image\/png\" \/>\n<meta name=\"author\" content=\"Kuali Staff\" \/>\n<meta name=\"twitter:card\" content=\"summary_large_image\" \/>\n<meta name=\"twitter:creator\" content=\"@kuali_noticias\" \/>\n<meta name=\"twitter:site\" content=\"@kuali_noticias\" \/>\n<meta name=\"twitter:label1\" content=\"Escrito por\" \/>\n\t<meta name=\"twitter:data1\" content=\"Kuali Staff\" \/>\n\t<meta name=\"twitter:label2\" content=\"Tiempo de lectura\" \/>\n\t<meta name=\"twitter:data2\" content=\"2 minutos\" \/>\n<script type=\"application\/ld+json\" class=\"yoast-schema-graph\">{\"@context\":\"https:\\\/\\\/schema.org\",\"@graph\":[{\"@type\":\"Article\",\"@id\":\"https:\\\/\\\/kuali.com.mx\\\/web\\\/2024\\\/07\\\/12\\\/aplicar-protocolo-de-proteccion-pide-alvar-a-municipios\\\/#article\",\"isPartOf\":{\"@id\":\"https:\\\/\\\/kuali.com.mx\\\/web\\\/2024\\\/07\\\/12\\\/aplicar-protocolo-de-proteccion-pide-alvar-a-municipios\\\/\"},\"author\":{\"name\":\"Kuali Staff\",\"@id\":\"https:\\\/\\\/kuali.com.mx\\\/web\\\/#\\\/schema\\\/person\\\/6f89ffa8ecba9dae50662357923c5289\"},\"headline\":\"APLICAR PROTOCOLO DE PROTECCI\u00d3N, PIDE ALVAR A MUNICIPIOS\",\"datePublished\":\"2024-07-12T23:43:53+00:00\",\"dateModified\":\"2024-07-12T23:43:57+00:00\",\"mainEntityOfPage\":{\"@id\":\"https:\\\/\\\/kuali.com.mx\\\/web\\\/2024\\\/07\\\/12\\\/aplicar-protocolo-de-proteccion-pide-alvar-a-municipios\\\/\"},\"wordCount\":369,\"commentCount\":0,\"image\":{\"@id\":\"https:\\\/\\\/kuali.com.mx\\\/web\\\/2024\\\/07\\\/12\\\/aplicar-protocolo-de-proteccion-pide-alvar-a-municipios\\\/#primaryimage\"},\"thumbnailUrl\":\"https:\\\/\\\/kuali.com.mx\\\/web\\\/wp-content\\\/uploads\\\/2024\\\/07\\\/Ataque-transito-Celaya.png\",\"articleSection\":[\"Pol\u00edtica\",\"slider\"],\"inLanguage\":\"es\",\"potentialAction\":[{\"@type\":\"CommentAction\",\"name\":\"Comment\",\"target\":[\"https:\\\/\\\/kuali.com.mx\\\/web\\\/2024\\\/07\\\/12\\\/aplicar-protocolo-de-proteccion-pide-alvar-a-municipios\\\/#respond\"]}]},{\"@type\":\"WebPage\",\"@id\":\"https:\\\/\\\/kuali.com.mx\\\/web\\\/2024\\\/07\\\/12\\\/aplicar-protocolo-de-proteccion-pide-alvar-a-municipios\\\/\",\"url\":\"https:\\\/\\\/kuali.com.mx\\\/web\\\/2024\\\/07\\\/12\\\/aplicar-protocolo-de-proteccion-pide-alvar-a-municipios\\\/\",\"name\":\"APLICAR PROTOCOLO DE PROTECCI\u00d3N, PIDE ALVAR A MUNICIPIOS - Kuali\",\"isPartOf\":{\"@id\":\"https:\\\/\\\/kuali.com.mx\\\/web\\\/#website\"},\"primaryImageOfPage\":{\"@id\":\"https:\\\/\\\/kuali.com.mx\\\/web\\\/2024\\\/07\\\/12\\\/aplicar-protocolo-de-proteccion-pide-alvar-a-municipios\\\/#primaryimage\"},\"image\":{\"@id\":\"https:\\\/\\\/kuali.com.mx\\\/web\\\/2024\\\/07\\\/12\\\/aplicar-protocolo-de-proteccion-pide-alvar-a-municipios\\\/#primaryimage\"},\"thumbnailUrl\":\"https:\\\/\\\/kuali.com.mx\\\/web\\\/wp-content\\\/uploads\\\/2024\\\/07\\\/Ataque-transito-Celaya.png\",\"datePublished\":\"2024-07-12T23:43:53+00:00\",\"dateModified\":\"2024-07-12T23:43:57+00:00\",\"author\":{\"@id\":\"https:\\\/\\\/kuali.com.mx\\\/web\\\/#\\\/schema\\\/person\\\/6f89ffa8ecba9dae50662357923c5289\"},\"breadcrumb\":{\"@id\":\"https:\\\/\\\/kuali.com.mx\\\/web\\\/2024\\\/07\\\/12\\\/aplicar-protocolo-de-proteccion-pide-alvar-a-municipios\\\/#breadcrumb\"},\"inLanguage\":\"es\",\"potentialAction\":[{\"@type\":\"ReadAction\",\"target\":[\"https:\\\/\\\/kuali.com.mx\\\/web\\\/2024\\\/07\\\/12\\\/aplicar-protocolo-de-proteccion-pide-alvar-a-municipios\\\/\"]}]},{\"@type\":\"ImageObject\",\"inLanguage\":\"es\",\"@id\":\"https:\\\/\\\/kuali.com.mx\\\/web\\\/2024\\\/07\\\/12\\\/aplicar-protocolo-de-proteccion-pide-alvar-a-municipios\\\/#primaryimage\",\"url\":\"https:\\\/\\\/kuali.com.mx\\\/web\\\/wp-content\\\/uploads\\\/2024\\\/07\\\/Ataque-transito-Celaya.png\",\"contentUrl\":\"https:\\\/\\\/kuali.com.mx\\\/web\\\/wp-content\\\/uploads\\\/2024\\\/07\\\/Ataque-transito-Celaya.png\",\"width\":1827,\"height\":750},{\"@type\":\"BreadcrumbList\",\"@id\":\"https:\\\/\\\/kuali.com.mx\\\/web\\\/2024\\\/07\\\/12\\\/aplicar-protocolo-de-proteccion-pide-alvar-a-municipios\\\/#breadcrumb\",\"itemListElement\":[{\"@type\":\"ListItem\",\"position\":1,\"name\":\"Inicio\",\"item\":\"https:\\\/\\\/kuali.com.mx\\\/web\\\/\"},{\"@type\":\"ListItem\",\"position\":2,\"name\":\"APLICAR PROTOCOLO DE PROTECCI\u00d3N, PIDE ALVAR A MUNICIPIOS\"}]},{\"@type\":\"WebSite\",\"@id\":\"https:\\\/\\\/kuali.com.mx\\\/web\\\/#website\",\"url\":\"https:\\\/\\\/kuali.com.mx\\\/web\\\/\",\"name\":\"Kuali\",\"description\":\"\",\"potentialAction\":[{\"@type\":\"SearchAction\",\"target\":{\"@type\":\"EntryPoint\",\"urlTemplate\":\"https:\\\/\\\/kuali.com.mx\\\/web\\\/?s={search_term_string}\"},\"query-input\":{\"@type\":\"PropertyValueSpecification\",\"valueRequired\":true,\"valueName\":\"search_term_string\"}}],\"inLanguage\":\"es\"},{\"@type\":\"Person\",\"@id\":\"https:\\\/\\\/kuali.com.mx\\\/web\\\/#\\\/schema\\\/person\\\/6f89ffa8ecba9dae50662357923c5289\",\"name\":\"Kuali Staff\",\"image\":{\"@type\":\"ImageObject\",\"inLanguage\":\"es\",\"@id\":\"https:\\\/\\\/secure.gravatar.com\\\/avatar\\\/f917ad82e5ab71227a733c78b6e60715476f69ee6be59feee4eb5d9920c89e0f?s=96&d=mm&r=g\",\"url\":\"https:\\\/\\\/secure.gravatar.com\\\/avatar\\\/f917ad82e5ab71227a733c78b6e60715476f69ee6be59feee4eb5d9920c89e0f?s=96&d=mm&r=g\",\"contentUrl\":\"https:\\\/\\\/secure.gravatar.com\\\/avatar\\\/f917ad82e5ab71227a733c78b6e60715476f69ee6be59feee4eb5d9920c89e0f?s=96&d=mm&r=g\",\"caption\":\"Kuali Staff\"},\"url\":\"https:\\\/\\\/kuali.com.mx\\\/web\\\/author\\\/lagarto\\\/\"}]}<\/script>\n<!-- \/ Yoast SEO plugin. -->","yoast_head_json":{"title":"APLICAR PROTOCOLO DE PROTECCI\u00d3N, PIDE ALVAR A MUNICIPIOS - Kuali","robots":{"index":"index","follow":"follow","max-snippet":"max-snippet:-1","max-image-preview":"max-image-preview:large","max-video-preview":"max-video-preview:-1"},"canonical":"https:\/\/kuali.com.mx\/web\/2024\/07\/12\/aplicar-protocolo-de-proteccion-pide-alvar-a-municipios\/","og_locale":"es_MX","og_type":"article","og_title":"APLICAR PROTOCOLO DE PROTECCI\u00d3N, PIDE ALVAR A MUNICIPIOS - Kuali","og_description":"Milagros Tadeo\/Le\u00f3n, Gto.-&nbsp;El secretario de Seguridad P\u00fablica de Guanajuato, Alvar Cabeza de Vaca Appendini, &nbsp;dijo que los gobiernos municipales deber\u00edan de implementar el protocolo estatal de protecci\u00f3n a polic\u00edas para tratar de protegerlos de la delincuencia. Al cuestionarlo sobre el ataque que dej\u00f3 como saldo a dos polic\u00edas viales en Celaya y a uno m\u00e1s [&hellip;]","og_url":"https:\/\/kuali.com.mx\/web\/2024\/07\/12\/aplicar-protocolo-de-proteccion-pide-alvar-a-municipios\/","og_site_name":"Kuali","article_publisher":"https:\/\/kuali.com.mx\/web\/wp-content\/uploads\/2018\/04\/cropped-kuali_logo-1-1.png","article_published_time":"2024-07-12T23:43:53+00:00","article_modified_time":"2024-07-12T23:43:57+00:00","og_image":[{"width":1827,"height":750,"url":"https:\/\/kuali.com.mx\/web\/wp-content\/uploads\/2024\/07\/Ataque-transito-Celaya.png","type":"image\/png"}],"author":"Kuali Staff","twitter_card":"summary_large_image","twitter_creator":"@kuali_noticias","twitter_site":"@kuali_noticias","twitter_misc":{"Escrito por":"Kuali Staff","Tiempo de lectura":"2 minutos"},"schema":{"@context":"https:\/\/schema.org","@graph":[{"@type":"Article","@id":"https:\/\/kuali.com.mx\/web\/2024\/07\/12\/aplicar-protocolo-de-proteccion-pide-alvar-a-municipios\/#article","isPartOf":{"@id":"https:\/\/kuali.com.mx\/web\/2024\/07\/12\/aplicar-protocolo-de-proteccion-pide-alvar-a-municipios\/"},"author":{"name":"Kuali Staff","@id":"https:\/\/kuali.com.mx\/web\/#\/schema\/person\/6f89ffa8ecba9dae50662357923c5289"},"headline":"APLICAR PROTOCOLO DE PROTECCI\u00d3N, PIDE ALVAR A MUNICIPIOS","datePublished":"2024-07-12T23:43:53+00:00","dateModified":"2024-07-12T23:43:57+00:00","mainEntityOfPage":{"@id":"https:\/\/kuali.com.mx\/web\/2024\/07\/12\/aplicar-protocolo-de-proteccion-pide-alvar-a-municipios\/"},"wordCount":369,"commentCount":0,"image":{"@id":"https:\/\/kuali.com.mx\/web\/2024\/07\/12\/aplicar-protocolo-de-proteccion-pide-alvar-a-municipios\/#primaryimage"},"thumbnailUrl":"https:\/\/kuali.com.mx\/web\/wp-content\/uploads\/2024\/07\/Ataque-transito-Celaya.png","articleSection":["Pol\u00edtica","slider"],"inLanguage":"es","potentialAction":[{"@type":"CommentAction","name":"Comment","target":["https:\/\/kuali.com.mx\/web\/2024\/07\/12\/aplicar-protocolo-de-proteccion-pide-alvar-a-municipios\/#respond"]}]},{"@type":"WebPage","@id":"https:\/\/kuali.com.mx\/web\/2024\/07\/12\/aplicar-protocolo-de-proteccion-pide-alvar-a-municipios\/","url":"https:\/\/kuali.com.mx\/web\/2024\/07\/12\/aplicar-protocolo-de-proteccion-pide-alvar-a-municipios\/","name":"APLICAR PROTOCOLO DE PROTECCI\u00d3N, PIDE ALVAR A MUNICIPIOS - Kuali","isPartOf":{"@id":"https:\/\/kuali.com.mx\/web\/#website"},"primaryImageOfPage":{"@id":"https:\/\/kuali.com.mx\/web\/2024\/07\/12\/aplicar-protocolo-de-proteccion-pide-alvar-a-municipios\/#primaryimage"},"image":{"@id":"https:\/\/kuali.com.mx\/web\/2024\/07\/12\/aplicar-protocolo-de-proteccion-pide-alvar-a-municipios\/#primaryimage"},"thumbnailUrl":"https:\/\/kuali.com.mx\/web\/wp-content\/uploads\/2024\/07\/Ataque-transito-Celaya.png","datePublished":"2024-07-12T23:43:53+00:00","dateModified":"2024-07-12T23:43:57+00:00","author":{"@id":"https:\/\/kuali.com.mx\/web\/#\/schema\/person\/6f89ffa8ecba9dae50662357923c5289"},"breadcrumb":{"@id":"https:\/\/kuali.com.mx\/web\/2024\/07\/12\/aplicar-protocolo-de-proteccion-pide-alvar-a-municipios\/#breadcrumb"},"inLanguage":"es","potentialAction":[{"@type":"ReadAction","target":["https:\/\/kuali.com.mx\/web\/2024\/07\/12\/aplicar-protocolo-de-proteccion-pide-alvar-a-municipios\/"]}]},{"@type":"ImageObject","inLanguage":"es","@id":"https:\/\/kuali.com.mx\/web\/2024\/07\/12\/aplicar-protocolo-de-proteccion-pide-alvar-a-municipios\/#primaryimage","url":"https:\/\/kuali.com.mx\/web\/wp-content\/uploads\/2024\/07\/Ataque-transito-Celaya.png","contentUrl":"https:\/\/kuali.com.mx\/web\/wp-content\/uploads\/2024\/07\/Ataque-transito-Celaya.png","width":1827,"height":750},{"@type":"BreadcrumbList","@id":"https:\/\/kuali.com.mx\/web\/2024\/07\/12\/aplicar-protocolo-de-proteccion-pide-alvar-a-municipios\/#breadcrumb","itemListElement":[{"@type":"ListItem","position":1,"name":"Inicio","item":"https:\/\/kuali.com.mx\/web\/"},{"@type":"ListItem","position":2,"name":"APLICAR PROTOCOLO DE PROTECCI\u00d3N, PIDE ALVAR A MUNICIPIOS"}]},{"@type":"WebSite","@id":"https:\/\/kuali.com.mx\/web\/#website","url":"https:\/\/kuali.com.mx\/web\/","name":"Kuali","description":"","potentialAction":[{"@type":"SearchAction","target":{"@type":"EntryPoint","urlTemplate":"https:\/\/kuali.com.mx\/web\/?s={search_term_string}"},"query-input":{"@type":"PropertyValueSpecification","valueRequired":true,"valueName":"search_term_string"}}],"inLanguage":"es"},{"@type":"Person","@id":"https:\/\/kuali.com.mx\/web\/#\/schema\/person\/6f89ffa8ecba9dae50662357923c5289","name":"Kuali Staff","image":{"@type":"ImageObject","inLanguage":"es","@id":"https:\/\/secure.gravatar.com\/avatar\/f917ad82e5ab71227a733c78b6e60715476f69ee6be59feee4eb5d9920c89e0f?s=96&d=mm&r=g","url":"https:\/\/secure.gravatar.com\/avatar\/f917ad82e5ab71227a733c78b6e60715476f69ee6be59feee4eb5d9920c89e0f?s=96&d=mm&r=g","contentUrl":"https:\/\/secure.gravatar.com\/avatar\/f917ad82e5ab71227a733c78b6e60715476f69ee6be59feee4eb5d9920c89e0f?s=96&d=mm&r=g","caption":"Kuali Staff"},"url":"https:\/\/kuali.com.mx\/web\/author\/lagarto\/"}]}},"_links":{"self":[{"href":"https:\/\/kuali.com.mx\/web\/wp-json\/wp\/v2\/posts\/148146","targetHints":{"allow":["GET"]}}],"collection":[{"href":"https:\/\/kuali.com.mx\/web\/wp-json\/wp\/v2\/posts"}],"about":[{"href":"https:\/\/kuali.com.mx\/web\/wp-json\/wp\/v2\/types\/post"}],"author":[{"embeddable":true,"href":"https:\/\/kuali.com.mx\/web\/wp-json\/wp\/v2\/users\/2"}],"replies":[{"embeddable":true,"href":"https:\/\/kuali.com.mx\/web\/wp-json\/wp\/v2\/comments?post=148146"}],"version-history":[{"count":1,"href":"https:\/\/kuali.com.mx\/web\/wp-json\/wp\/v2\/posts\/148146\/revisions"}],"predecessor-version":[{"id":148149,"href":"https:\/\/kuali.com.mx\/web\/wp-json\/wp\/v2\/posts\/148146\/revisions\/148149"}],"wp:featuredmedia":[{"embeddable":true,"href":"https:\/\/kuali.com.mx\/web\/wp-json\/wp\/v2\/media\/147999"}],"wp:attachment":[{"href":"https:\/\/kuali.com.mx\/web\/wp-json\/wp\/v2\/media?parent=148146"}],"wp:term":[{"taxonomy":"category","embeddable":true,"href":"https:\/\/kuali.com.mx\/web\/wp-json\/wp\/v2\/categories?post=148146"},{"taxonomy":"post_tag","embeddable":true,"href":"https:\/\/kuali.com.mx\/web\/wp-json\/wp\/v2\/tags?post=148146"}],"curies":[{"name":"wp","href":"https:\/\/api.w.org\/{rel}","templated":true}]}}