{"id":148142,"date":"2024-07-12T17:42:32","date_gmt":"2024-07-12T23:42:32","guid":{"rendered":"https:\/\/kuali.com.mx\/web\/?p=148142"},"modified":"2024-07-12T17:42:34","modified_gmt":"2024-07-12T23:42:34","slug":"quiere-huett-secretaria-de-seguridad-estatal","status":"publish","type":"post","link":"https:\/\/kuali.com.mx\/web\/2024\/07\/12\/quiere-huett-secretaria-de-seguridad-estatal\/","title":{"rendered":"QUIERE HUETT SECRETAR\u00cdA DE SEGURIDAD ESTATAL"},"content":{"rendered":"\n<p><strong>Milagros Tadeo\/Le\u00f3n, Gto.-<\/strong>&nbsp;La comisionada de la Unidad de An\u00e1lisis y Estrategia de Seguridad Ciudadana, Sophia Huett L\u00f3pez,&nbsp;levant\u00f3 la mano para ocupar la Secretar\u00eda de Seguridad P\u00fablica del Estado, al destacar que tiene las capacidades para ocupar dicho cargo.<\/p>\n\n\n\n<p>Al ser cuestionado en torno a la menci\u00f3n de su perfil para ocupar ese cargo, dijo que eso refleja que ha sido una funcionaria que ha ganado la confianza de la ciudadan\u00eda y que ha hecho bien su trabajo como vocera en materia de seguridad.<\/p>\n\n\n\n<p>\u201cCreo que siempre hemos tenido las capacidades, yo siempre he buscado trabajar, capacitarme, hacer las cosas bien, nunca ser\u00e1 una obsesi\u00f3n porque yo tambi\u00e9n estoy convencida de que no hay que pedir comisi\u00f3n que no te toque y cuando te toca, asumirla de la manera m\u00e1s cabal y con todas las capacidades, entonces esta es una de las cosas que la vida y las decisiones de quienes corresponde tomarlas te van a poner en el lugar correcto\u201d, dijo.<\/p>\n\n\n\n<p>Asimismo, se le cuestion\u00f3 s\u00ed ya ha tenido acercamiento con la gobernadora electa y si esta ya le hizo una propuesta, se limit\u00f3 a se\u00f1alar que eso no lo comentaria y que nunca ha dejado de tener contacto con Libia Denisse Garc\u00eda Mu\u00f1oz Ledo.<\/p>\n\n\n\n<p>\u201cAunque la hubiera visto no se los dir\u00eda y tambi\u00e9n hay que ser respetuosos de la transici\u00f3n y de los proyectos que ella est\u00e1 trabajando porque finalmente, asumir una de estas posiciones requiere de parte de quienes estamos o no estamos, un respeto y una privacidad\u201d, refiri\u00f3.<\/p>\n\n\n\n<p>Sophia Huett dijo que hay que esperar a que la gobernadora electa, Libia Denisse Garc\u00eda Mu\u00f1oz Ledo, decida sobre el nuevo a la nueva secretar\u00eda de Seguridad P\u00fablica; e indic\u00f3 que, le gustar\u00eda seguir aportando en la construcci\u00f3n de la paz.<\/p>\n","protected":false},"excerpt":{"rendered":"Milagros Tadeo\/Le\u00f3n, Gto.-&nbsp;La comisionada de la Unidad de An\u00e1lisis y Estrategia de Seguridad Ciudadana, Sophia Huett L\u00f3pez,&nbsp;levant\u00f3 la mano para ocupar la Secretar\u00eda de Seguridad P\u00fablica del Estado, al destacar que tiene las capacidades para ocupar dicho cargo. Al ser cuestionado en torno a la menci\u00f3n de su perfil para ocupar ese cargo, dijo que [&hellip;]","protected":false},"author":2,"featured_media":61771,"comment_status":"open","ping_status":"open","sticky":false,"template":"","format":"standard","meta":{"_seopress_robots_primary_cat":"none","_seopress_titles_title":"","_seopress_titles_desc":"","_seopress_robots_index":"","_monsterinsights_skip_tracking":false,"_monsterinsights_sitenote_active":false,"_monsterinsights_sitenote_note":"","_monsterinsights_sitenote_category":0,"footnotes":""},"categories":[3,69],"tags":[],"class_list":["post-148142","post","type-post","status-publish","format-standard","has-post-thumbnail","hentry","category-politica","category-slider"],"yoast_head":"<!-- This site is optimized with the Yoast SEO plugin v27.5 - https:\/\/yoast.com\/product\/yoast-seo-wordpress\/ -->\n<title>QUIERE HUETT SECRETAR\u00cdA DE SEGURIDAD ESTATAL - Kuali<\/title>\n<meta name=\"robots\" content=\"index, follow, max-snippet:-1, max-image-preview:large, max-video-preview:-1\" \/>\n<link rel=\"canonical\" href=\"https:\/\/kuali.com.mx\/web\/2024\/07\/12\/quiere-huett-secretaria-de-seguridad-estatal\/\" \/>\n<meta property=\"og:locale\" content=\"es_MX\" \/>\n<meta property=\"og:type\" content=\"article\" \/>\n<meta property=\"og:title\" content=\"QUIERE HUETT SECRETAR\u00cdA DE SEGURIDAD ESTATAL - Kuali\" \/>\n<meta property=\"og:description\" content=\"Milagros Tadeo\/Le\u00f3n, Gto.-&nbsp;La comisionada de la Unidad de An\u00e1lisis y Estrategia de Seguridad Ciudadana, Sophia Huett L\u00f3pez,&nbsp;levant\u00f3 la mano para ocupar la Secretar\u00eda de Seguridad P\u00fablica del Estado, al destacar que tiene las capacidades para ocupar dicho cargo. Al ser cuestionado en torno a la menci\u00f3n de su perfil para ocupar ese cargo, dijo que [&hellip;]\" \/>\n<meta property=\"og:url\" content=\"https:\/\/kuali.com.mx\/web\/2024\/07\/12\/quiere-huett-secretaria-de-seguridad-estatal\/\" \/>\n<meta property=\"og:site_name\" content=\"Kuali\" \/>\n<meta property=\"article:publisher\" content=\"https:\/\/kuali.com.mx\/web\/wp-content\/uploads\/2018\/04\/cropped-kuali_logo-1-1.png\" \/>\n<meta property=\"article:published_time\" content=\"2024-07-12T23:42:32+00:00\" \/>\n<meta property=\"article:modified_time\" content=\"2024-07-12T23:42:34+00:00\" \/>\n<meta property=\"og:image\" content=\"https:\/\/kuali.com.mx\/web\/wp-content\/uploads\/2019\/10\/Huett-2.jpg\" \/>\n\t<meta property=\"og:image:width\" content=\"1879\" \/>\n\t<meta property=\"og:image:height\" content=\"750\" \/>\n\t<meta property=\"og:image:type\" content=\"image\/jpeg\" \/>\n<meta name=\"author\" content=\"Kuali Staff\" \/>\n<meta name=\"twitter:card\" content=\"summary_large_image\" \/>\n<meta name=\"twitter:creator\" content=\"@kuali_noticias\" \/>\n<meta name=\"twitter:site\" content=\"@kuali_noticias\" \/>\n<meta name=\"twitter:label1\" content=\"Escrito por\" \/>\n\t<meta name=\"twitter:data1\" content=\"Kuali Staff\" \/>\n\t<meta name=\"twitter:label2\" content=\"Tiempo de lectura\" \/>\n\t<meta name=\"twitter:data2\" content=\"2 minutos\" \/>\n<script type=\"application\/ld+json\" class=\"yoast-schema-graph\">{\"@context\":\"https:\\\/\\\/schema.org\",\"@graph\":[{\"@type\":\"Article\",\"@id\":\"https:\\\/\\\/kuali.com.mx\\\/web\\\/2024\\\/07\\\/12\\\/quiere-huett-secretaria-de-seguridad-estatal\\\/#article\",\"isPartOf\":{\"@id\":\"https:\\\/\\\/kuali.com.mx\\\/web\\\/2024\\\/07\\\/12\\\/quiere-huett-secretaria-de-seguridad-estatal\\\/\"},\"author\":{\"name\":\"Kuali Staff\",\"@id\":\"https:\\\/\\\/kuali.com.mx\\\/web\\\/#\\\/schema\\\/person\\\/6f89ffa8ecba9dae50662357923c5289\"},\"headline\":\"QUIERE HUETT SECRETAR\u00cdA DE SEGURIDAD ESTATAL\",\"datePublished\":\"2024-07-12T23:42:32+00:00\",\"dateModified\":\"2024-07-12T23:42:34+00:00\",\"mainEntityOfPage\":{\"@id\":\"https:\\\/\\\/kuali.com.mx\\\/web\\\/2024\\\/07\\\/12\\\/quiere-huett-secretaria-de-seguridad-estatal\\\/\"},\"wordCount\":329,\"commentCount\":0,\"image\":{\"@id\":\"https:\\\/\\\/kuali.com.mx\\\/web\\\/2024\\\/07\\\/12\\\/quiere-huett-secretaria-de-seguridad-estatal\\\/#primaryimage\"},\"thumbnailUrl\":\"https:\\\/\\\/kuali.com.mx\\\/web\\\/wp-content\\\/uploads\\\/2019\\\/10\\\/Huett-2.jpg\",\"articleSection\":[\"Pol\u00edtica\",\"slider\"],\"inLanguage\":\"es\",\"potentialAction\":[{\"@type\":\"CommentAction\",\"name\":\"Comment\",\"target\":[\"https:\\\/\\\/kuali.com.mx\\\/web\\\/2024\\\/07\\\/12\\\/quiere-huett-secretaria-de-seguridad-estatal\\\/#respond\"]}]},{\"@type\":\"WebPage\",\"@id\":\"https:\\\/\\\/kuali.com.mx\\\/web\\\/2024\\\/07\\\/12\\\/quiere-huett-secretaria-de-seguridad-estatal\\\/\",\"url\":\"https:\\\/\\\/kuali.com.mx\\\/web\\\/2024\\\/07\\\/12\\\/quiere-huett-secretaria-de-seguridad-estatal\\\/\",\"name\":\"QUIERE HUETT SECRETAR\u00cdA DE SEGURIDAD ESTATAL - Kuali\",\"isPartOf\":{\"@id\":\"https:\\\/\\\/kuali.com.mx\\\/web\\\/#website\"},\"primaryImageOfPage\":{\"@id\":\"https:\\\/\\\/kuali.com.mx\\\/web\\\/2024\\\/07\\\/12\\\/quiere-huett-secretaria-de-seguridad-estatal\\\/#primaryimage\"},\"image\":{\"@id\":\"https:\\\/\\\/kuali.com.mx\\\/web\\\/2024\\\/07\\\/12\\\/quiere-huett-secretaria-de-seguridad-estatal\\\/#primaryimage\"},\"thumbnailUrl\":\"https:\\\/\\\/kuali.com.mx\\\/web\\\/wp-content\\\/uploads\\\/2019\\\/10\\\/Huett-2.jpg\",\"datePublished\":\"2024-07-12T23:42:32+00:00\",\"dateModified\":\"2024-07-12T23:42:34+00:00\",\"author\":{\"@id\":\"https:\\\/\\\/kuali.com.mx\\\/web\\\/#\\\/schema\\\/person\\\/6f89ffa8ecba9dae50662357923c5289\"},\"breadcrumb\":{\"@id\":\"https:\\\/\\\/kuali.com.mx\\\/web\\\/2024\\\/07\\\/12\\\/quiere-huett-secretaria-de-seguridad-estatal\\\/#breadcrumb\"},\"inLanguage\":\"es\",\"potentialAction\":[{\"@type\":\"ReadAction\",\"target\":[\"https:\\\/\\\/kuali.com.mx\\\/web\\\/2024\\\/07\\\/12\\\/quiere-huett-secretaria-de-seguridad-estatal\\\/\"]}]},{\"@type\":\"ImageObject\",\"inLanguage\":\"es\",\"@id\":\"https:\\\/\\\/kuali.com.mx\\\/web\\\/2024\\\/07\\\/12\\\/quiere-huett-secretaria-de-seguridad-estatal\\\/#primaryimage\",\"url\":\"https:\\\/\\\/kuali.com.mx\\\/web\\\/wp-content\\\/uploads\\\/2019\\\/10\\\/Huett-2.jpg\",\"contentUrl\":\"https:\\\/\\\/kuali.com.mx\\\/web\\\/wp-content\\\/uploads\\\/2019\\\/10\\\/Huett-2.jpg\",\"width\":1879,\"height\":750},{\"@type\":\"BreadcrumbList\",\"@id\":\"https:\\\/\\\/kuali.com.mx\\\/web\\\/2024\\\/07\\\/12\\\/quiere-huett-secretaria-de-seguridad-estatal\\\/#breadcrumb\",\"itemListElement\":[{\"@type\":\"ListItem\",\"position\":1,\"name\":\"Inicio\",\"item\":\"https:\\\/\\\/kuali.com.mx\\\/web\\\/\"},{\"@type\":\"ListItem\",\"position\":2,\"name\":\"QUIERE HUETT SECRETAR\u00cdA DE SEGURIDAD ESTATAL\"}]},{\"@type\":\"WebSite\",\"@id\":\"https:\\\/\\\/kuali.com.mx\\\/web\\\/#website\",\"url\":\"https:\\\/\\\/kuali.com.mx\\\/web\\\/\",\"name\":\"Kuali\",\"description\":\"\",\"potentialAction\":[{\"@type\":\"SearchAction\",\"target\":{\"@type\":\"EntryPoint\",\"urlTemplate\":\"https:\\\/\\\/kuali.com.mx\\\/web\\\/?s={search_term_string}\"},\"query-input\":{\"@type\":\"PropertyValueSpecification\",\"valueRequired\":true,\"valueName\":\"search_term_string\"}}],\"inLanguage\":\"es\"},{\"@type\":\"Person\",\"@id\":\"https:\\\/\\\/kuali.com.mx\\\/web\\\/#\\\/schema\\\/person\\\/6f89ffa8ecba9dae50662357923c5289\",\"name\":\"Kuali Staff\",\"image\":{\"@type\":\"ImageObject\",\"inLanguage\":\"es\",\"@id\":\"https:\\\/\\\/secure.gravatar.com\\\/avatar\\\/f917ad82e5ab71227a733c78b6e60715476f69ee6be59feee4eb5d9920c89e0f?s=96&d=mm&r=g\",\"url\":\"https:\\\/\\\/secure.gravatar.com\\\/avatar\\\/f917ad82e5ab71227a733c78b6e60715476f69ee6be59feee4eb5d9920c89e0f?s=96&d=mm&r=g\",\"contentUrl\":\"https:\\\/\\\/secure.gravatar.com\\\/avatar\\\/f917ad82e5ab71227a733c78b6e60715476f69ee6be59feee4eb5d9920c89e0f?s=96&d=mm&r=g\",\"caption\":\"Kuali Staff\"},\"url\":\"https:\\\/\\\/kuali.com.mx\\\/web\\\/author\\\/lagarto\\\/\"}]}<\/script>\n<!-- \/ Yoast SEO plugin. -->","yoast_head_json":{"title":"QUIERE HUETT SECRETAR\u00cdA DE SEGURIDAD ESTATAL - Kuali","robots":{"index":"index","follow":"follow","max-snippet":"max-snippet:-1","max-image-preview":"max-image-preview:large","max-video-preview":"max-video-preview:-1"},"canonical":"https:\/\/kuali.com.mx\/web\/2024\/07\/12\/quiere-huett-secretaria-de-seguridad-estatal\/","og_locale":"es_MX","og_type":"article","og_title":"QUIERE HUETT SECRETAR\u00cdA DE SEGURIDAD ESTATAL - Kuali","og_description":"Milagros Tadeo\/Le\u00f3n, Gto.-&nbsp;La comisionada de la Unidad de An\u00e1lisis y Estrategia de Seguridad Ciudadana, Sophia Huett L\u00f3pez,&nbsp;levant\u00f3 la mano para ocupar la Secretar\u00eda de Seguridad P\u00fablica del Estado, al destacar que tiene las capacidades para ocupar dicho cargo. Al ser cuestionado en torno a la menci\u00f3n de su perfil para ocupar ese cargo, dijo que [&hellip;]","og_url":"https:\/\/kuali.com.mx\/web\/2024\/07\/12\/quiere-huett-secretaria-de-seguridad-estatal\/","og_site_name":"Kuali","article_publisher":"https:\/\/kuali.com.mx\/web\/wp-content\/uploads\/2018\/04\/cropped-kuali_logo-1-1.png","article_published_time":"2024-07-12T23:42:32+00:00","article_modified_time":"2024-07-12T23:42:34+00:00","og_image":[{"width":1879,"height":750,"url":"https:\/\/kuali.com.mx\/web\/wp-content\/uploads\/2019\/10\/Huett-2.jpg","type":"image\/jpeg"}],"author":"Kuali Staff","twitter_card":"summary_large_image","twitter_creator":"@kuali_noticias","twitter_site":"@kuali_noticias","twitter_misc":{"Escrito por":"Kuali Staff","Tiempo de lectura":"2 minutos"},"schema":{"@context":"https:\/\/schema.org","@graph":[{"@type":"Article","@id":"https:\/\/kuali.com.mx\/web\/2024\/07\/12\/quiere-huett-secretaria-de-seguridad-estatal\/#article","isPartOf":{"@id":"https:\/\/kuali.com.mx\/web\/2024\/07\/12\/quiere-huett-secretaria-de-seguridad-estatal\/"},"author":{"name":"Kuali Staff","@id":"https:\/\/kuali.com.mx\/web\/#\/schema\/person\/6f89ffa8ecba9dae50662357923c5289"},"headline":"QUIERE HUETT SECRETAR\u00cdA DE SEGURIDAD ESTATAL","datePublished":"2024-07-12T23:42:32+00:00","dateModified":"2024-07-12T23:42:34+00:00","mainEntityOfPage":{"@id":"https:\/\/kuali.com.mx\/web\/2024\/07\/12\/quiere-huett-secretaria-de-seguridad-estatal\/"},"wordCount":329,"commentCount":0,"image":{"@id":"https:\/\/kuali.com.mx\/web\/2024\/07\/12\/quiere-huett-secretaria-de-seguridad-estatal\/#primaryimage"},"thumbnailUrl":"https:\/\/kuali.com.mx\/web\/wp-content\/uploads\/2019\/10\/Huett-2.jpg","articleSection":["Pol\u00edtica","slider"],"inLanguage":"es","potentialAction":[{"@type":"CommentAction","name":"Comment","target":["https:\/\/kuali.com.mx\/web\/2024\/07\/12\/quiere-huett-secretaria-de-seguridad-estatal\/#respond"]}]},{"@type":"WebPage","@id":"https:\/\/kuali.com.mx\/web\/2024\/07\/12\/quiere-huett-secretaria-de-seguridad-estatal\/","url":"https:\/\/kuali.com.mx\/web\/2024\/07\/12\/quiere-huett-secretaria-de-seguridad-estatal\/","name":"QUIERE HUETT SECRETAR\u00cdA DE SEGURIDAD ESTATAL - Kuali","isPartOf":{"@id":"https:\/\/kuali.com.mx\/web\/#website"},"primaryImageOfPage":{"@id":"https:\/\/kuali.com.mx\/web\/2024\/07\/12\/quiere-huett-secretaria-de-seguridad-estatal\/#primaryimage"},"image":{"@id":"https:\/\/kuali.com.mx\/web\/2024\/07\/12\/quiere-huett-secretaria-de-seguridad-estatal\/#primaryimage"},"thumbnailUrl":"https:\/\/kuali.com.mx\/web\/wp-content\/uploads\/2019\/10\/Huett-2.jpg","datePublished":"2024-07-12T23:42:32+00:00","dateModified":"2024-07-12T23:42:34+00:00","author":{"@id":"https:\/\/kuali.com.mx\/web\/#\/schema\/person\/6f89ffa8ecba9dae50662357923c5289"},"breadcrumb":{"@id":"https:\/\/kuali.com.mx\/web\/2024\/07\/12\/quiere-huett-secretaria-de-seguridad-estatal\/#breadcrumb"},"inLanguage":"es","potentialAction":[{"@type":"ReadAction","target":["https:\/\/kuali.com.mx\/web\/2024\/07\/12\/quiere-huett-secretaria-de-seguridad-estatal\/"]}]},{"@type":"ImageObject","inLanguage":"es","@id":"https:\/\/kuali.com.mx\/web\/2024\/07\/12\/quiere-huett-secretaria-de-seguridad-estatal\/#primaryimage","url":"https:\/\/kuali.com.mx\/web\/wp-content\/uploads\/2019\/10\/Huett-2.jpg","contentUrl":"https:\/\/kuali.com.mx\/web\/wp-content\/uploads\/2019\/10\/Huett-2.jpg","width":1879,"height":750},{"@type":"BreadcrumbList","@id":"https:\/\/kuali.com.mx\/web\/2024\/07\/12\/quiere-huett-secretaria-de-seguridad-estatal\/#breadcrumb","itemListElement":[{"@type":"ListItem","position":1,"name":"Inicio","item":"https:\/\/kuali.com.mx\/web\/"},{"@type":"ListItem","position":2,"name":"QUIERE HUETT SECRETAR\u00cdA DE SEGURIDAD ESTATAL"}]},{"@type":"WebSite","@id":"https:\/\/kuali.com.mx\/web\/#website","url":"https:\/\/kuali.com.mx\/web\/","name":"Kuali","description":"","potentialAction":[{"@type":"SearchAction","target":{"@type":"EntryPoint","urlTemplate":"https:\/\/kuali.com.mx\/web\/?s={search_term_string}"},"query-input":{"@type":"PropertyValueSpecification","valueRequired":true,"valueName":"search_term_string"}}],"inLanguage":"es"},{"@type":"Person","@id":"https:\/\/kuali.com.mx\/web\/#\/schema\/person\/6f89ffa8ecba9dae50662357923c5289","name":"Kuali Staff","image":{"@type":"ImageObject","inLanguage":"es","@id":"https:\/\/secure.gravatar.com\/avatar\/f917ad82e5ab71227a733c78b6e60715476f69ee6be59feee4eb5d9920c89e0f?s=96&d=mm&r=g","url":"https:\/\/secure.gravatar.com\/avatar\/f917ad82e5ab71227a733c78b6e60715476f69ee6be59feee4eb5d9920c89e0f?s=96&d=mm&r=g","contentUrl":"https:\/\/secure.gravatar.com\/avatar\/f917ad82e5ab71227a733c78b6e60715476f69ee6be59feee4eb5d9920c89e0f?s=96&d=mm&r=g","caption":"Kuali Staff"},"url":"https:\/\/kuali.com.mx\/web\/author\/lagarto\/"}]}},"_links":{"self":[{"href":"https:\/\/kuali.com.mx\/web\/wp-json\/wp\/v2\/posts\/148142","targetHints":{"allow":["GET"]}}],"collection":[{"href":"https:\/\/kuali.com.mx\/web\/wp-json\/wp\/v2\/posts"}],"about":[{"href":"https:\/\/kuali.com.mx\/web\/wp-json\/wp\/v2\/types\/post"}],"author":[{"embeddable":true,"href":"https:\/\/kuali.com.mx\/web\/wp-json\/wp\/v2\/users\/2"}],"replies":[{"embeddable":true,"href":"https:\/\/kuali.com.mx\/web\/wp-json\/wp\/v2\/comments?post=148142"}],"version-history":[{"count":1,"href":"https:\/\/kuali.com.mx\/web\/wp-json\/wp\/v2\/posts\/148142\/revisions"}],"predecessor-version":[{"id":148145,"href":"https:\/\/kuali.com.mx\/web\/wp-json\/wp\/v2\/posts\/148142\/revisions\/148145"}],"wp:featuredmedia":[{"embeddable":true,"href":"https:\/\/kuali.com.mx\/web\/wp-json\/wp\/v2\/media\/61771"}],"wp:attachment":[{"href":"https:\/\/kuali.com.mx\/web\/wp-json\/wp\/v2\/media?parent=148142"}],"wp:term":[{"taxonomy":"category","embeddable":true,"href":"https:\/\/kuali.com.mx\/web\/wp-json\/wp\/v2\/categories?post=148142"},{"taxonomy":"post_tag","embeddable":true,"href":"https:\/\/kuali.com.mx\/web\/wp-json\/wp\/v2\/tags?post=148142"}],"curies":[{"name":"wp","href":"https:\/\/api.w.org\/{rel}","templated":true}]}}