{"id":147137,"date":"2024-06-30T22:34:12","date_gmt":"2024-07-01T04:34:12","guid":{"rendered":"https:\/\/kuali.com.mx\/web\/?p=147137"},"modified":"2024-06-30T22:34:14","modified_gmt":"2024-07-01T04:34:14","slug":"papa-francisco-la-inteligencia-artificial-y-la-sana-politica","status":"publish","type":"post","link":"https:\/\/kuali.com.mx\/web\/2024\/06\/30\/papa-francisco-la-inteligencia-artificial-y-la-sana-politica\/","title":{"rendered":"PAPA FRANCISCO: LA INTELIGENCIA ARTIFICIAL Y LA \u201cSANA POL\u00cdTICA\u201d\u00a0"},"content":{"rendered":"\n<p><em><strong>ENCUENTRO CON GOROSITO<\/strong><\/em><\/p>\n\n\n\n<p>Por primera vez un pont\u00edfice cat\u00f3lico ha participado en la cumbre del Grupo de los 7 (G-7), que se realiz\u00f3 en Borgo Egnazia (Apulia) en el sur de Italia. Francisco se integr\u00f3 a la mesa de debate sobre el tema de la Inteligencia Artificial (IA). En ella el Papa Francisco se refiri\u00f3 a la IA, como un \u201cinstrumento poderoso\u201d, pero hizo la advertencia ante su uso de que medie la \u201csana pol\u00edtica\u201d y se apliquen criterios \u00e9ticos puestos al servicio de la humanidad.<\/p>\n\n\n\n<p>Al referirse a la IA, Francisco dijo que no estamos hablando s\u00f3lo de progreso cient\u00edfico sino que nos enfrentamos a una \u201crevoluci\u00f3n cognitiva industrial que contribuir\u00e1 a la creaci\u00f3n de un nuevo sistema social caracterizado por complejas transformaciones de \u00e9poca\u201d.<\/p>\n\n\n\n<p>El Papa advirti\u00f3 que frente a esta realidad es fundamental integrar a la \u00e9tica como valor que encuadre esos avances desde lo humano. \u201cSolamente si se garantiza su vocaci\u00f3n al servicio de lo humano, los instrumentos tecnol\u00f3gicos revelar\u00e1n no s\u00f3lo la grandeza y la dignidad \u00fanica del ser humano, sino tambi\u00e9n el mandato que este \u00faltimo ha recibido de \u201ccuidar y cultivar\u201d el planeta y todos su habitantes\u201d.&nbsp;<\/p>\n\n\n\n<p>Afirm\u00f3 el Papa ante l\u00edderes de potencias mundiales, que \u201chablar de tecnolog\u00eda es hablar de lo que significa ser humanos y, por tanto, de nuestra condici\u00f3n \u00fanica entre libertad y responsabilidad, es decir, significa hablar de \u00e9tica\u201d.<\/p>\n\n\n\n<p>Tan importante es la IA como desarrollo tecnol\u00f3gico, dijo Francisco, que es l\u00edcito suponer que su uso influir\u00e1 cada vez m\u00e1s en nuestro modo de vivir, en nuestras relaciones sociales y en el futuro, incluso en la manera en que concebimos nuestra identidad como seres humanos\u201d.<\/p>\n\n\n\n<p>De ah\u00ed que Francisco se refiri\u00f3 a la necesidad de que act\u00fae \u201cLa sana pol\u00edtica\u201d. Porque \u201cel paradigma tecnol\u00f3gico encarnado por la IA corre el riesgo de dar paso a un paradigma mucho m\u00e1s peligroso, que ya he identificado con el nombre de paradigma tecnocr\u00e1tico\u201d.&nbsp;<\/p>\n\n\n\n<p>Continu\u00f3 Francisco: \u201cno podemos permitir que una herramienta tan poderosa e indispensable como la inteligencia artificial refuerce tal paradigma, sino que m\u00e1s bien debemos hacer de la Inteligencia Artificial un baluarte precisamente contra su expansi\u00f3n\u201d.<\/p>\n\n\n\n<p>Es all\u00ed, donde \u201curge la acci\u00f3n pol\u00edtica\u201d, afirmo el Papa, reflexionando que&nbsp;&nbsp;\u201cpara muchos la pol\u00edtica es hoy una mala palabra\u201d, y no se puede ignorar que detr\u00e1s de este hecho est\u00e1n a menudo los errores, la corrupci\u00f3n, la ineficiencia de algunos pol\u00edticos\u201d.<\/p>\n\n\n\n<p>Consider\u00f3 adem\u00e1s Francisco que \u201ca esto se a\u00f1aden las estrategias que buscan debilitarla, reemplazarla por la econom\u00eda o dominarla con alguna ideolog\u00eda\u201d. Pero se interrog\u00f3 Francisco y pregunt\u00f3 a los dirigentes mundiales presentes, si el mundo \u00bfpuede funcionar sin pol\u00edtica? \u00bfPuede haber un camino eficaz hacia la fraternidad universal y la paz social sin una buena pol\u00edtica? La respuesta al interrogante fue terminante: \u201c\u00a1No! \u00a1La pol\u00edtica sirve!\u201d.<\/p>\n\n\n\n<p>Y reiter\u00f3, una vez m\u00e1s, que \u201cante tantas formas mezquinas e inmediatistas de pol\u00edtica, la grandeza pol\u00edtica se muestra cuando, en momentos dif\u00edciles, se obra por grandes principios y pensando en el bien com\u00fan a largo plazo\u201d pese que \u201cal poder pol\u00edtico le cuesta mucho asumir este deber en un proyecto de naci\u00f3n y m\u00e1s a\u00fan en un proyecto com\u00fan para la humanidad presente y futura\u201d.<\/p>\n\n\n\n<p>Francisco record\u00f3 \u201cel buen uso, al menos de las formas avanzadas de Inteligencia Artificial, no estar\u00e1 plenamente bajo el control ni de los usuarios ni de los programadores que definieron sus objetivos iniciales en el momento de elaborarlos\u201d, que \u201cla m\u00e1quina puede, en algunas formas, y con estos nuevos medios, elegir por medio de algoritmos\u201d y que \u201clo que hace la m\u00e1quina es una elecci\u00f3n t\u00e9cnica entre varias posibilidades y se basa en criterios bien definidos o en inferencias estad\u00edsticas\u201d. En cambio, el ser humano \u201cno solo elige, sino que en su coraz\u00f3n es capaz de decidir\u201d.<\/p>\n\n\n\n<p>Continu\u00f3 diciendo el Papa, \u201cfrente a los prodigios de las m\u00e1quinas, que parecen saber elegir de manera independiente, debemos tener bien claro que al ser humano le corresponde siempre la decisi\u00f3n, incluso con los tonos dram\u00e1ticos y urgentes con que a veces \u00e9sta se presenta en nuestra vida\u201d.&nbsp;<\/p>\n\n\n\n<p>Porque, agreg\u00f3 Francisco, \u201ccondenar\u00edamos a la humanidad a un futuro sin esperanza si quit\u00e1ramos a las personas la capacidad de decidir por s\u00ed mismas y por sus vidas, conden\u00e1ndolas a depender de las elecciones de las m\u00e1quinas\u201d.<\/p>\n\n\n\n<p>Seg\u00fan Francisco \u201cnecesitamos garantizar y proteger un espacio de control significativo del ser humano sobre el proceso de elecci\u00f3n utilizado por los programas de Inteligencia Artificial\u201d. Porque est\u00e1 en juego la misma dignidad humana\u201d sentenci\u00f3 el Papa Francisco Bergoglio en su alocuci\u00f3n en el Grupo de los 7 (G-7).<\/p>\n\n\n\n<p>Adem\u00e1s el Papa que \u201cvino del sur\u201d y que sigue rompiendo moldes no s\u00f3lo religiosos, sino tambi\u00e9n pol\u00edticos y culturales, posterior a su discurso ante el G-7, mantuvo reuniones bilaterales con la anfitriona Giorgia Meloni, presidenta del Consejo de Ministros de la Rep\u00fablica Italiana, con Kristalina Georgieva, directora general del Fondo Monetario Internacional, con Volod\u00edmir Zelenski, presidente de Ucrania, con el presidente de Francia, Emmanuel Macron, y con el primer ministro canadiense Justin Trudeau.<\/p>\n\n\n\n<p>Tambi\u00e9n se reuni\u00f3n con el presidente de Turqu\u00eda, Recep Tayyip Erdogan; con el de Argelia, Abdelmadjid Tebboune; con el de Kenia William Samoei Ruto; con Narendra Modi, primer ministro de la India; con Luiz In\u00e1cio Lula da Silva, presidente de Brasil y con Joe Biden presidente de Estados Unidos de Am\u00e9rica.<\/p>\n\n\n\n<p>Indudablemente que la distinci\u00f3n que recibi\u00f3 el Papa Francisco al ser invitado a participar en la Cumbre del G-7, no es m\u00e1s que la ratificaci\u00f3n de lo trascendente que es su figura m\u00e1s all\u00e1 del mundo religioso en el escenario global.&nbsp;<\/p>\n\n\n\n<p>Sin abandonar el tono religioso en sus opiniones y puntos de vista, Francisco est\u00e1 profundamente involucrado en la agenda y los problemas que preocupan a las personas y a la humanidad en su totalidad.<\/p>\n\n\n\n<p>&nbsp;&nbsp;&nbsp;&nbsp;&nbsp;&nbsp;&nbsp;&nbsp;&nbsp;&nbsp;&nbsp;\u00a1Hasta el pr\u00f3ximo encuentro\u2026!<\/p>\n\n\n\n<p>\u00a0\u00a0\u00a0\u00a0\u00a0\u00a0\u00a0\u00a0\u00a0\u00a0\u00a0\u00a0\u00a0\u00a0\u00a0\u00a0\u00a0\u00a0\u00a0\u00a0\u00a0\u00a0\u00a0\u00a0\u00a0\u00a0\u00a0\u00a0\u00a0\u00a0\u00a0\u00a0\u00a0\u00a0\u00a0\u00a0\u00a0\u00a0\u00a0\u00a0\u00a0\u00a0\u00a0\u00a0\u00a0\u00a0\u00a0\u00a0\u00a0\u00a0\u00a0<em><strong>\u00a0\u00a0\u00a0\u00a0\u00a0\u00a0\u00a0\u00a0\u00a0Dr.(c).Washington Daniel Gorosito P\u00e9rez|<\/strong><\/em><\/p>\n","protected":false},"excerpt":{"rendered":"ENCUENTRO CON GOROSITO Por primera vez un pont\u00edfice cat\u00f3lico ha participado en la cumbre del Grupo de los 7 (G-7), que se realiz\u00f3 en Borgo Egnazia (Apulia) en el sur de Italia. Francisco se integr\u00f3 a la mesa de debate sobre el tema de la Inteligencia Artificial (IA). En ella el Papa Francisco se refiri\u00f3 [&hellip;]","protected":false},"author":2,"featured_media":147139,"comment_status":"open","ping_status":"open","sticky":false,"template":"","format":"standard","meta":{"_seopress_robots_primary_cat":"none","_seopress_titles_title":"","_seopress_titles_desc":"","_seopress_robots_index":"","_monsterinsights_skip_tracking":false,"_monsterinsights_sitenote_active":false,"_monsterinsights_sitenote_note":"","_monsterinsights_sitenote_category":0,"footnotes":""},"categories":[2],"tags":[],"class_list":["post-147137","post","type-post","status-publish","format-standard","has-post-thumbnail","hentry","category-ciencia"],"yoast_head":"<!-- This site is optimized with the Yoast SEO plugin v27.5 - https:\/\/yoast.com\/product\/yoast-seo-wordpress\/ -->\n<title>PAPA FRANCISCO: LA INTELIGENCIA ARTIFICIAL Y LA \u201cSANA POL\u00cdTICA\u201d\u00a0 - Kuali<\/title>\n<meta name=\"robots\" content=\"index, follow, max-snippet:-1, max-image-preview:large, max-video-preview:-1\" \/>\n<link rel=\"canonical\" href=\"https:\/\/kuali.com.mx\/web\/2024\/06\/30\/papa-francisco-la-inteligencia-artificial-y-la-sana-politica\/\" \/>\n<meta property=\"og:locale\" content=\"es_MX\" \/>\n<meta property=\"og:type\" content=\"article\" \/>\n<meta property=\"og:title\" content=\"PAPA FRANCISCO: LA INTELIGENCIA ARTIFICIAL Y LA \u201cSANA POL\u00cdTICA\u201d\u00a0 - Kuali\" \/>\n<meta property=\"og:description\" content=\"ENCUENTRO CON GOROSITO Por primera vez un pont\u00edfice cat\u00f3lico ha participado en la cumbre del Grupo de los 7 (G-7), que se realiz\u00f3 en Borgo Egnazia (Apulia) en el sur de Italia. Francisco se integr\u00f3 a la mesa de debate sobre el tema de la Inteligencia Artificial (IA). En ella el Papa Francisco se refiri\u00f3 [&hellip;]\" \/>\n<meta property=\"og:url\" content=\"https:\/\/kuali.com.mx\/web\/2024\/06\/30\/papa-francisco-la-inteligencia-artificial-y-la-sana-politica\/\" \/>\n<meta property=\"og:site_name\" content=\"Kuali\" \/>\n<meta property=\"article:publisher\" content=\"https:\/\/kuali.com.mx\/web\/wp-content\/uploads\/2018\/04\/cropped-kuali_logo-1-1.png\" \/>\n<meta property=\"article:published_time\" content=\"2024-07-01T04:34:12+00:00\" \/>\n<meta property=\"article:modified_time\" content=\"2024-07-01T04:34:14+00:00\" \/>\n<meta property=\"og:image\" content=\"https:\/\/kuali.com.mx\/web\/wp-content\/uploads\/2024\/06\/papa-francisco.jpg\" \/>\n\t<meta property=\"og:image:width\" content=\"1332\" \/>\n\t<meta property=\"og:image:height\" content=\"750\" \/>\n\t<meta property=\"og:image:type\" content=\"image\/jpeg\" \/>\n<meta name=\"author\" content=\"Kuali Staff\" \/>\n<meta name=\"twitter:card\" content=\"summary_large_image\" \/>\n<meta name=\"twitter:creator\" content=\"@kuali_noticias\" \/>\n<meta name=\"twitter:site\" content=\"@kuali_noticias\" \/>\n<meta name=\"twitter:label1\" content=\"Escrito por\" \/>\n\t<meta name=\"twitter:data1\" content=\"Kuali Staff\" \/>\n\t<meta name=\"twitter:label2\" content=\"Tiempo de lectura\" \/>\n\t<meta name=\"twitter:data2\" content=\"5 minutos\" \/>\n<script type=\"application\/ld+json\" class=\"yoast-schema-graph\">{\"@context\":\"https:\\\/\\\/schema.org\",\"@graph\":[{\"@type\":\"Article\",\"@id\":\"https:\\\/\\\/kuali.com.mx\\\/web\\\/2024\\\/06\\\/30\\\/papa-francisco-la-inteligencia-artificial-y-la-sana-politica\\\/#article\",\"isPartOf\":{\"@id\":\"https:\\\/\\\/kuali.com.mx\\\/web\\\/2024\\\/06\\\/30\\\/papa-francisco-la-inteligencia-artificial-y-la-sana-politica\\\/\"},\"author\":{\"name\":\"Kuali Staff\",\"@id\":\"https:\\\/\\\/kuali.com.mx\\\/web\\\/#\\\/schema\\\/person\\\/6f89ffa8ecba9dae50662357923c5289\"},\"headline\":\"PAPA FRANCISCO: LA INTELIGENCIA ARTIFICIAL Y LA \u201cSANA POL\u00cdTICA\u201d\u00a0\",\"datePublished\":\"2024-07-01T04:34:12+00:00\",\"dateModified\":\"2024-07-01T04:34:14+00:00\",\"mainEntityOfPage\":{\"@id\":\"https:\\\/\\\/kuali.com.mx\\\/web\\\/2024\\\/06\\\/30\\\/papa-francisco-la-inteligencia-artificial-y-la-sana-politica\\\/\"},\"wordCount\":1081,\"commentCount\":0,\"image\":{\"@id\":\"https:\\\/\\\/kuali.com.mx\\\/web\\\/2024\\\/06\\\/30\\\/papa-francisco-la-inteligencia-artificial-y-la-sana-politica\\\/#primaryimage\"},\"thumbnailUrl\":\"https:\\\/\\\/kuali.com.mx\\\/web\\\/wp-content\\\/uploads\\\/2024\\\/06\\\/papa-francisco.jpg\",\"articleSection\":[\"Ciencia\"],\"inLanguage\":\"es\",\"potentialAction\":[{\"@type\":\"CommentAction\",\"name\":\"Comment\",\"target\":[\"https:\\\/\\\/kuali.com.mx\\\/web\\\/2024\\\/06\\\/30\\\/papa-francisco-la-inteligencia-artificial-y-la-sana-politica\\\/#respond\"]}]},{\"@type\":\"WebPage\",\"@id\":\"https:\\\/\\\/kuali.com.mx\\\/web\\\/2024\\\/06\\\/30\\\/papa-francisco-la-inteligencia-artificial-y-la-sana-politica\\\/\",\"url\":\"https:\\\/\\\/kuali.com.mx\\\/web\\\/2024\\\/06\\\/30\\\/papa-francisco-la-inteligencia-artificial-y-la-sana-politica\\\/\",\"name\":\"PAPA FRANCISCO: LA INTELIGENCIA ARTIFICIAL Y LA \u201cSANA POL\u00cdTICA\u201d\u00a0 - Kuali\",\"isPartOf\":{\"@id\":\"https:\\\/\\\/kuali.com.mx\\\/web\\\/#website\"},\"primaryImageOfPage\":{\"@id\":\"https:\\\/\\\/kuali.com.mx\\\/web\\\/2024\\\/06\\\/30\\\/papa-francisco-la-inteligencia-artificial-y-la-sana-politica\\\/#primaryimage\"},\"image\":{\"@id\":\"https:\\\/\\\/kuali.com.mx\\\/web\\\/2024\\\/06\\\/30\\\/papa-francisco-la-inteligencia-artificial-y-la-sana-politica\\\/#primaryimage\"},\"thumbnailUrl\":\"https:\\\/\\\/kuali.com.mx\\\/web\\\/wp-content\\\/uploads\\\/2024\\\/06\\\/papa-francisco.jpg\",\"datePublished\":\"2024-07-01T04:34:12+00:00\",\"dateModified\":\"2024-07-01T04:34:14+00:00\",\"author\":{\"@id\":\"https:\\\/\\\/kuali.com.mx\\\/web\\\/#\\\/schema\\\/person\\\/6f89ffa8ecba9dae50662357923c5289\"},\"breadcrumb\":{\"@id\":\"https:\\\/\\\/kuali.com.mx\\\/web\\\/2024\\\/06\\\/30\\\/papa-francisco-la-inteligencia-artificial-y-la-sana-politica\\\/#breadcrumb\"},\"inLanguage\":\"es\",\"potentialAction\":[{\"@type\":\"ReadAction\",\"target\":[\"https:\\\/\\\/kuali.com.mx\\\/web\\\/2024\\\/06\\\/30\\\/papa-francisco-la-inteligencia-artificial-y-la-sana-politica\\\/\"]}]},{\"@type\":\"ImageObject\",\"inLanguage\":\"es\",\"@id\":\"https:\\\/\\\/kuali.com.mx\\\/web\\\/2024\\\/06\\\/30\\\/papa-francisco-la-inteligencia-artificial-y-la-sana-politica\\\/#primaryimage\",\"url\":\"https:\\\/\\\/kuali.com.mx\\\/web\\\/wp-content\\\/uploads\\\/2024\\\/06\\\/papa-francisco.jpg\",\"contentUrl\":\"https:\\\/\\\/kuali.com.mx\\\/web\\\/wp-content\\\/uploads\\\/2024\\\/06\\\/papa-francisco.jpg\",\"width\":1332,\"height\":750},{\"@type\":\"BreadcrumbList\",\"@id\":\"https:\\\/\\\/kuali.com.mx\\\/web\\\/2024\\\/06\\\/30\\\/papa-francisco-la-inteligencia-artificial-y-la-sana-politica\\\/#breadcrumb\",\"itemListElement\":[{\"@type\":\"ListItem\",\"position\":1,\"name\":\"Inicio\",\"item\":\"https:\\\/\\\/kuali.com.mx\\\/web\\\/\"},{\"@type\":\"ListItem\",\"position\":2,\"name\":\"PAPA FRANCISCO: LA INTELIGENCIA ARTIFICIAL Y LA \u201cSANA POL\u00cdTICA\u201d\u00a0\"}]},{\"@type\":\"WebSite\",\"@id\":\"https:\\\/\\\/kuali.com.mx\\\/web\\\/#website\",\"url\":\"https:\\\/\\\/kuali.com.mx\\\/web\\\/\",\"name\":\"Kuali\",\"description\":\"\",\"potentialAction\":[{\"@type\":\"SearchAction\",\"target\":{\"@type\":\"EntryPoint\",\"urlTemplate\":\"https:\\\/\\\/kuali.com.mx\\\/web\\\/?s={search_term_string}\"},\"query-input\":{\"@type\":\"PropertyValueSpecification\",\"valueRequired\":true,\"valueName\":\"search_term_string\"}}],\"inLanguage\":\"es\"},{\"@type\":\"Person\",\"@id\":\"https:\\\/\\\/kuali.com.mx\\\/web\\\/#\\\/schema\\\/person\\\/6f89ffa8ecba9dae50662357923c5289\",\"name\":\"Kuali Staff\",\"image\":{\"@type\":\"ImageObject\",\"inLanguage\":\"es\",\"@id\":\"https:\\\/\\\/secure.gravatar.com\\\/avatar\\\/f917ad82e5ab71227a733c78b6e60715476f69ee6be59feee4eb5d9920c89e0f?s=96&d=mm&r=g\",\"url\":\"https:\\\/\\\/secure.gravatar.com\\\/avatar\\\/f917ad82e5ab71227a733c78b6e60715476f69ee6be59feee4eb5d9920c89e0f?s=96&d=mm&r=g\",\"contentUrl\":\"https:\\\/\\\/secure.gravatar.com\\\/avatar\\\/f917ad82e5ab71227a733c78b6e60715476f69ee6be59feee4eb5d9920c89e0f?s=96&d=mm&r=g\",\"caption\":\"Kuali Staff\"},\"url\":\"https:\\\/\\\/kuali.com.mx\\\/web\\\/author\\\/lagarto\\\/\"}]}<\/script>\n<!-- \/ Yoast SEO plugin. -->","yoast_head_json":{"title":"PAPA FRANCISCO: LA INTELIGENCIA ARTIFICIAL Y LA \u201cSANA POL\u00cdTICA\u201d\u00a0 - Kuali","robots":{"index":"index","follow":"follow","max-snippet":"max-snippet:-1","max-image-preview":"max-image-preview:large","max-video-preview":"max-video-preview:-1"},"canonical":"https:\/\/kuali.com.mx\/web\/2024\/06\/30\/papa-francisco-la-inteligencia-artificial-y-la-sana-politica\/","og_locale":"es_MX","og_type":"article","og_title":"PAPA FRANCISCO: LA INTELIGENCIA ARTIFICIAL Y LA \u201cSANA POL\u00cdTICA\u201d\u00a0 - Kuali","og_description":"ENCUENTRO CON GOROSITO Por primera vez un pont\u00edfice cat\u00f3lico ha participado en la cumbre del Grupo de los 7 (G-7), que se realiz\u00f3 en Borgo Egnazia (Apulia) en el sur de Italia. Francisco se integr\u00f3 a la mesa de debate sobre el tema de la Inteligencia Artificial (IA). En ella el Papa Francisco se refiri\u00f3 [&hellip;]","og_url":"https:\/\/kuali.com.mx\/web\/2024\/06\/30\/papa-francisco-la-inteligencia-artificial-y-la-sana-politica\/","og_site_name":"Kuali","article_publisher":"https:\/\/kuali.com.mx\/web\/wp-content\/uploads\/2018\/04\/cropped-kuali_logo-1-1.png","article_published_time":"2024-07-01T04:34:12+00:00","article_modified_time":"2024-07-01T04:34:14+00:00","og_image":[{"width":1332,"height":750,"url":"https:\/\/kuali.com.mx\/web\/wp-content\/uploads\/2024\/06\/papa-francisco.jpg","type":"image\/jpeg"}],"author":"Kuali Staff","twitter_card":"summary_large_image","twitter_creator":"@kuali_noticias","twitter_site":"@kuali_noticias","twitter_misc":{"Escrito por":"Kuali Staff","Tiempo de lectura":"5 minutos"},"schema":{"@context":"https:\/\/schema.org","@graph":[{"@type":"Article","@id":"https:\/\/kuali.com.mx\/web\/2024\/06\/30\/papa-francisco-la-inteligencia-artificial-y-la-sana-politica\/#article","isPartOf":{"@id":"https:\/\/kuali.com.mx\/web\/2024\/06\/30\/papa-francisco-la-inteligencia-artificial-y-la-sana-politica\/"},"author":{"name":"Kuali Staff","@id":"https:\/\/kuali.com.mx\/web\/#\/schema\/person\/6f89ffa8ecba9dae50662357923c5289"},"headline":"PAPA FRANCISCO: LA INTELIGENCIA ARTIFICIAL Y LA \u201cSANA POL\u00cdTICA\u201d\u00a0","datePublished":"2024-07-01T04:34:12+00:00","dateModified":"2024-07-01T04:34:14+00:00","mainEntityOfPage":{"@id":"https:\/\/kuali.com.mx\/web\/2024\/06\/30\/papa-francisco-la-inteligencia-artificial-y-la-sana-politica\/"},"wordCount":1081,"commentCount":0,"image":{"@id":"https:\/\/kuali.com.mx\/web\/2024\/06\/30\/papa-francisco-la-inteligencia-artificial-y-la-sana-politica\/#primaryimage"},"thumbnailUrl":"https:\/\/kuali.com.mx\/web\/wp-content\/uploads\/2024\/06\/papa-francisco.jpg","articleSection":["Ciencia"],"inLanguage":"es","potentialAction":[{"@type":"CommentAction","name":"Comment","target":["https:\/\/kuali.com.mx\/web\/2024\/06\/30\/papa-francisco-la-inteligencia-artificial-y-la-sana-politica\/#respond"]}]},{"@type":"WebPage","@id":"https:\/\/kuali.com.mx\/web\/2024\/06\/30\/papa-francisco-la-inteligencia-artificial-y-la-sana-politica\/","url":"https:\/\/kuali.com.mx\/web\/2024\/06\/30\/papa-francisco-la-inteligencia-artificial-y-la-sana-politica\/","name":"PAPA FRANCISCO: LA INTELIGENCIA ARTIFICIAL Y LA \u201cSANA POL\u00cdTICA\u201d\u00a0 - Kuali","isPartOf":{"@id":"https:\/\/kuali.com.mx\/web\/#website"},"primaryImageOfPage":{"@id":"https:\/\/kuali.com.mx\/web\/2024\/06\/30\/papa-francisco-la-inteligencia-artificial-y-la-sana-politica\/#primaryimage"},"image":{"@id":"https:\/\/kuali.com.mx\/web\/2024\/06\/30\/papa-francisco-la-inteligencia-artificial-y-la-sana-politica\/#primaryimage"},"thumbnailUrl":"https:\/\/kuali.com.mx\/web\/wp-content\/uploads\/2024\/06\/papa-francisco.jpg","datePublished":"2024-07-01T04:34:12+00:00","dateModified":"2024-07-01T04:34:14+00:00","author":{"@id":"https:\/\/kuali.com.mx\/web\/#\/schema\/person\/6f89ffa8ecba9dae50662357923c5289"},"breadcrumb":{"@id":"https:\/\/kuali.com.mx\/web\/2024\/06\/30\/papa-francisco-la-inteligencia-artificial-y-la-sana-politica\/#breadcrumb"},"inLanguage":"es","potentialAction":[{"@type":"ReadAction","target":["https:\/\/kuali.com.mx\/web\/2024\/06\/30\/papa-francisco-la-inteligencia-artificial-y-la-sana-politica\/"]}]},{"@type":"ImageObject","inLanguage":"es","@id":"https:\/\/kuali.com.mx\/web\/2024\/06\/30\/papa-francisco-la-inteligencia-artificial-y-la-sana-politica\/#primaryimage","url":"https:\/\/kuali.com.mx\/web\/wp-content\/uploads\/2024\/06\/papa-francisco.jpg","contentUrl":"https:\/\/kuali.com.mx\/web\/wp-content\/uploads\/2024\/06\/papa-francisco.jpg","width":1332,"height":750},{"@type":"BreadcrumbList","@id":"https:\/\/kuali.com.mx\/web\/2024\/06\/30\/papa-francisco-la-inteligencia-artificial-y-la-sana-politica\/#breadcrumb","itemListElement":[{"@type":"ListItem","position":1,"name":"Inicio","item":"https:\/\/kuali.com.mx\/web\/"},{"@type":"ListItem","position":2,"name":"PAPA FRANCISCO: LA INTELIGENCIA ARTIFICIAL Y LA \u201cSANA POL\u00cdTICA\u201d\u00a0"}]},{"@type":"WebSite","@id":"https:\/\/kuali.com.mx\/web\/#website","url":"https:\/\/kuali.com.mx\/web\/","name":"Kuali","description":"","potentialAction":[{"@type":"SearchAction","target":{"@type":"EntryPoint","urlTemplate":"https:\/\/kuali.com.mx\/web\/?s={search_term_string}"},"query-input":{"@type":"PropertyValueSpecification","valueRequired":true,"valueName":"search_term_string"}}],"inLanguage":"es"},{"@type":"Person","@id":"https:\/\/kuali.com.mx\/web\/#\/schema\/person\/6f89ffa8ecba9dae50662357923c5289","name":"Kuali Staff","image":{"@type":"ImageObject","inLanguage":"es","@id":"https:\/\/secure.gravatar.com\/avatar\/f917ad82e5ab71227a733c78b6e60715476f69ee6be59feee4eb5d9920c89e0f?s=96&d=mm&r=g","url":"https:\/\/secure.gravatar.com\/avatar\/f917ad82e5ab71227a733c78b6e60715476f69ee6be59feee4eb5d9920c89e0f?s=96&d=mm&r=g","contentUrl":"https:\/\/secure.gravatar.com\/avatar\/f917ad82e5ab71227a733c78b6e60715476f69ee6be59feee4eb5d9920c89e0f?s=96&d=mm&r=g","caption":"Kuali Staff"},"url":"https:\/\/kuali.com.mx\/web\/author\/lagarto\/"}]}},"_links":{"self":[{"href":"https:\/\/kuali.com.mx\/web\/wp-json\/wp\/v2\/posts\/147137","targetHints":{"allow":["GET"]}}],"collection":[{"href":"https:\/\/kuali.com.mx\/web\/wp-json\/wp\/v2\/posts"}],"about":[{"href":"https:\/\/kuali.com.mx\/web\/wp-json\/wp\/v2\/types\/post"}],"author":[{"embeddable":true,"href":"https:\/\/kuali.com.mx\/web\/wp-json\/wp\/v2\/users\/2"}],"replies":[{"embeddable":true,"href":"https:\/\/kuali.com.mx\/web\/wp-json\/wp\/v2\/comments?post=147137"}],"version-history":[{"count":1,"href":"https:\/\/kuali.com.mx\/web\/wp-json\/wp\/v2\/posts\/147137\/revisions"}],"predecessor-version":[{"id":147140,"href":"https:\/\/kuali.com.mx\/web\/wp-json\/wp\/v2\/posts\/147137\/revisions\/147140"}],"wp:featuredmedia":[{"embeddable":true,"href":"https:\/\/kuali.com.mx\/web\/wp-json\/wp\/v2\/media\/147139"}],"wp:attachment":[{"href":"https:\/\/kuali.com.mx\/web\/wp-json\/wp\/v2\/media?parent=147137"}],"wp:term":[{"taxonomy":"category","embeddable":true,"href":"https:\/\/kuali.com.mx\/web\/wp-json\/wp\/v2\/categories?post=147137"},{"taxonomy":"post_tag","embeddable":true,"href":"https:\/\/kuali.com.mx\/web\/wp-json\/wp\/v2\/tags?post=147137"}],"curies":[{"name":"wp","href":"https:\/\/api.w.org\/{rel}","templated":true}]}}