{"id":146091,"date":"2024-06-18T19:05:00","date_gmt":"2024-06-19T01:05:00","guid":{"rendered":"https:\/\/kuali.com.mx\/web\/?p=146091"},"modified":"2024-06-18T21:47:23","modified_gmt":"2024-06-19T03:47:23","slug":"tambien-aldo-marquez-quiere-dirigir-al-pan","status":"publish","type":"post","link":"https:\/\/kuali.com.mx\/web\/2024\/06\/18\/tambien-aldo-marquez-quiere-dirigir-al-pan\/","title":{"rendered":"TAMBI\u00c9N ALDO M\u00c1RQUEZ QUIERE DIRIGIR AL PAN"},"content":{"rendered":"\n<p><strong>Milagros Tadeo\/Le\u00f3n, Gto.-<\/strong>&nbsp; El diputado local, Aldo M\u00e1rquez Becerra, confirm\u00f3 que buscar\u00e1 la dirigencia estatal del Partido Acci\u00f3n Nacional.<\/p>\n\n\n\n<p>Sin embargo, dijo que estar\u00e1 esperando los tiempos para concretar su registro como aspirante a la presidencia del Comit\u00e9 Directivo Estatal del PAN.<\/p>\n\n\n\n<p>&nbsp;\u201cHay que esperar los tiempos del partido y en ese sentido ser\u00e9 muy respetuoso, pero tambi\u00e9n he de decir que, si hay la oportunidad de retribuir un poco de lo mucho que he recibido del PAN, por supuesto que para m\u00ed ser\u00eda un honor encabezar los esfuerzos de la dirigencia estatal y en ese sentido estoy listo y preparado y puesto para \u2018levantar la mano\u2019 si la militancia as\u00ed lo considera\u201d, afirm\u00f3.<\/p>\n\n\n\n<p>Se\u00f1al\u00f3 que ser\u00eda un honor para \u00e9l representar al panismo guanajuatense, destacando que es un militante que conoce a la militancia y que ha recorrido todo el estado.<\/p>\n\n\n\n<p>&nbsp;\u201cSoy un panista que ha hecho trabajo de partido, de todos los niveles; he participado en el Comit\u00e9 Municipal, consejero estatal, miembro de la Comisi\u00f3n Permanente Estatal, consejero Nacional y conozco los \u00e1mbitos de servicio, incluyendo al poder ejecutivo y legislativo\u201d, se\u00f1al\u00f3.<\/p>\n\n\n\n<p>Dijo que en su propuesta se concretar\u00eda una planilla en donde se d\u00e9 entrada a los panistas de mayor experiencia y a las nuevas generaciones.<\/p>\n\n\n\n<p>Aldo M\u00e1rquez dijo que es necesario hacer una reflexi\u00f3n al interior del PAN para fortalecer a dicho partido en Guanajuato.<\/p>\n\n\n\n<p>Asimismo, aprovech\u00f3 para conocer el trabajo de Eduardo L\u00f3pez Mares al frente del Partido Acci\u00f3n Nacional.&nbsp;<\/p>\n","protected":false},"excerpt":{"rendered":"Milagros Tadeo\/Le\u00f3n, Gto.-&nbsp; El diputado local, Aldo M\u00e1rquez Becerra, confirm\u00f3 que buscar\u00e1 la dirigencia estatal del Partido Acci\u00f3n Nacional. Sin embargo, dijo que estar\u00e1 esperando los tiempos para concretar su registro como aspirante a la presidencia del Comit\u00e9 Directivo Estatal del PAN. &nbsp;\u201cHay que esperar los tiempos del partido y en ese sentido ser\u00e9 muy [&hellip;]","protected":false},"author":2,"featured_media":87510,"comment_status":"open","ping_status":"open","sticky":false,"template":"","format":"standard","meta":{"_seopress_robots_primary_cat":"none","_seopress_titles_title":"","_seopress_titles_desc":"","_seopress_robots_index":"","_monsterinsights_skip_tracking":false,"_monsterinsights_sitenote_active":false,"_monsterinsights_sitenote_note":"","_monsterinsights_sitenote_category":0,"footnotes":""},"categories":[3],"tags":[],"class_list":["post-146091","post","type-post","status-publish","format-standard","has-post-thumbnail","hentry","category-politica"],"yoast_head":"<!-- This site is optimized with the Yoast SEO plugin v27.4 - https:\/\/yoast.com\/product\/yoast-seo-wordpress\/ -->\n<title>TAMBI\u00c9N ALDO M\u00c1RQUEZ QUIERE DIRIGIR AL PAN - Kuali<\/title>\n<meta name=\"robots\" content=\"index, follow, max-snippet:-1, max-image-preview:large, max-video-preview:-1\" \/>\n<link rel=\"canonical\" href=\"https:\/\/kuali.com.mx\/web\/2024\/06\/18\/tambien-aldo-marquez-quiere-dirigir-al-pan\/\" \/>\n<meta property=\"og:locale\" content=\"es_MX\" \/>\n<meta property=\"og:type\" content=\"article\" \/>\n<meta property=\"og:title\" content=\"TAMBI\u00c9N ALDO M\u00c1RQUEZ QUIERE DIRIGIR AL PAN - Kuali\" \/>\n<meta property=\"og:description\" content=\"Milagros Tadeo\/Le\u00f3n, Gto.-&nbsp; El diputado local, Aldo M\u00e1rquez Becerra, confirm\u00f3 que buscar\u00e1 la dirigencia estatal del Partido Acci\u00f3n Nacional. Sin embargo, dijo que estar\u00e1 esperando los tiempos para concretar su registro como aspirante a la presidencia del Comit\u00e9 Directivo Estatal del PAN. &nbsp;\u201cHay que esperar los tiempos del partido y en ese sentido ser\u00e9 muy [&hellip;]\" \/>\n<meta property=\"og:url\" content=\"https:\/\/kuali.com.mx\/web\/2024\/06\/18\/tambien-aldo-marquez-quiere-dirigir-al-pan\/\" \/>\n<meta property=\"og:site_name\" content=\"Kuali\" \/>\n<meta property=\"article:publisher\" content=\"https:\/\/kuali.com.mx\/web\/wp-content\/uploads\/2018\/04\/cropped-kuali_logo-1-1.png\" \/>\n<meta property=\"article:published_time\" content=\"2024-06-19T01:05:00+00:00\" \/>\n<meta property=\"article:modified_time\" content=\"2024-06-19T03:47:23+00:00\" \/>\n<meta property=\"og:image\" content=\"https:\/\/kuali.com.mx\/web\/wp-content\/uploads\/2021\/10\/diputado-Aldo-Marquez.jpeg\" \/>\n\t<meta property=\"og:image:width\" content=\"1280\" \/>\n\t<meta property=\"og:image:height\" content=\"853\" \/>\n\t<meta property=\"og:image:type\" content=\"image\/jpeg\" \/>\n<meta name=\"author\" content=\"Kuali Staff\" \/>\n<meta name=\"twitter:card\" content=\"summary_large_image\" \/>\n<meta name=\"twitter:creator\" content=\"@kuali_noticias\" \/>\n<meta name=\"twitter:site\" content=\"@kuali_noticias\" \/>\n<meta name=\"twitter:label1\" content=\"Escrito por\" \/>\n\t<meta name=\"twitter:data1\" content=\"Kuali Staff\" \/>\n\t<meta name=\"twitter:label2\" content=\"Tiempo de lectura\" \/>\n\t<meta name=\"twitter:data2\" content=\"1 minuto\" \/>\n<script type=\"application\/ld+json\" class=\"yoast-schema-graph\">{\"@context\":\"https:\\\/\\\/schema.org\",\"@graph\":[{\"@type\":\"Article\",\"@id\":\"https:\\\/\\\/kuali.com.mx\\\/web\\\/2024\\\/06\\\/18\\\/tambien-aldo-marquez-quiere-dirigir-al-pan\\\/#article\",\"isPartOf\":{\"@id\":\"https:\\\/\\\/kuali.com.mx\\\/web\\\/2024\\\/06\\\/18\\\/tambien-aldo-marquez-quiere-dirigir-al-pan\\\/\"},\"author\":{\"name\":\"Kuali Staff\",\"@id\":\"https:\\\/\\\/kuali.com.mx\\\/web\\\/#\\\/schema\\\/person\\\/6f89ffa8ecba9dae50662357923c5289\"},\"headline\":\"TAMBI\u00c9N ALDO M\u00c1RQUEZ QUIERE DIRIGIR AL PAN\",\"datePublished\":\"2024-06-19T01:05:00+00:00\",\"dateModified\":\"2024-06-19T03:47:23+00:00\",\"mainEntityOfPage\":{\"@id\":\"https:\\\/\\\/kuali.com.mx\\\/web\\\/2024\\\/06\\\/18\\\/tambien-aldo-marquez-quiere-dirigir-al-pan\\\/\"},\"wordCount\":274,\"commentCount\":0,\"image\":{\"@id\":\"https:\\\/\\\/kuali.com.mx\\\/web\\\/2024\\\/06\\\/18\\\/tambien-aldo-marquez-quiere-dirigir-al-pan\\\/#primaryimage\"},\"thumbnailUrl\":\"https:\\\/\\\/kuali.com.mx\\\/web\\\/wp-content\\\/uploads\\\/2021\\\/10\\\/diputado-Aldo-Marquez.jpeg\",\"articleSection\":[\"Pol\u00edtica\"],\"inLanguage\":\"es\",\"potentialAction\":[{\"@type\":\"CommentAction\",\"name\":\"Comment\",\"target\":[\"https:\\\/\\\/kuali.com.mx\\\/web\\\/2024\\\/06\\\/18\\\/tambien-aldo-marquez-quiere-dirigir-al-pan\\\/#respond\"]}]},{\"@type\":\"WebPage\",\"@id\":\"https:\\\/\\\/kuali.com.mx\\\/web\\\/2024\\\/06\\\/18\\\/tambien-aldo-marquez-quiere-dirigir-al-pan\\\/\",\"url\":\"https:\\\/\\\/kuali.com.mx\\\/web\\\/2024\\\/06\\\/18\\\/tambien-aldo-marquez-quiere-dirigir-al-pan\\\/\",\"name\":\"TAMBI\u00c9N ALDO M\u00c1RQUEZ QUIERE DIRIGIR AL PAN - Kuali\",\"isPartOf\":{\"@id\":\"https:\\\/\\\/kuali.com.mx\\\/web\\\/#website\"},\"primaryImageOfPage\":{\"@id\":\"https:\\\/\\\/kuali.com.mx\\\/web\\\/2024\\\/06\\\/18\\\/tambien-aldo-marquez-quiere-dirigir-al-pan\\\/#primaryimage\"},\"image\":{\"@id\":\"https:\\\/\\\/kuali.com.mx\\\/web\\\/2024\\\/06\\\/18\\\/tambien-aldo-marquez-quiere-dirigir-al-pan\\\/#primaryimage\"},\"thumbnailUrl\":\"https:\\\/\\\/kuali.com.mx\\\/web\\\/wp-content\\\/uploads\\\/2021\\\/10\\\/diputado-Aldo-Marquez.jpeg\",\"datePublished\":\"2024-06-19T01:05:00+00:00\",\"dateModified\":\"2024-06-19T03:47:23+00:00\",\"author\":{\"@id\":\"https:\\\/\\\/kuali.com.mx\\\/web\\\/#\\\/schema\\\/person\\\/6f89ffa8ecba9dae50662357923c5289\"},\"breadcrumb\":{\"@id\":\"https:\\\/\\\/kuali.com.mx\\\/web\\\/2024\\\/06\\\/18\\\/tambien-aldo-marquez-quiere-dirigir-al-pan\\\/#breadcrumb\"},\"inLanguage\":\"es\",\"potentialAction\":[{\"@type\":\"ReadAction\",\"target\":[\"https:\\\/\\\/kuali.com.mx\\\/web\\\/2024\\\/06\\\/18\\\/tambien-aldo-marquez-quiere-dirigir-al-pan\\\/\"]}]},{\"@type\":\"ImageObject\",\"inLanguage\":\"es\",\"@id\":\"https:\\\/\\\/kuali.com.mx\\\/web\\\/2024\\\/06\\\/18\\\/tambien-aldo-marquez-quiere-dirigir-al-pan\\\/#primaryimage\",\"url\":\"https:\\\/\\\/kuali.com.mx\\\/web\\\/wp-content\\\/uploads\\\/2021\\\/10\\\/diputado-Aldo-Marquez.jpeg\",\"contentUrl\":\"https:\\\/\\\/kuali.com.mx\\\/web\\\/wp-content\\\/uploads\\\/2021\\\/10\\\/diputado-Aldo-Marquez.jpeg\",\"width\":1280,\"height\":853},{\"@type\":\"BreadcrumbList\",\"@id\":\"https:\\\/\\\/kuali.com.mx\\\/web\\\/2024\\\/06\\\/18\\\/tambien-aldo-marquez-quiere-dirigir-al-pan\\\/#breadcrumb\",\"itemListElement\":[{\"@type\":\"ListItem\",\"position\":1,\"name\":\"Inicio\",\"item\":\"https:\\\/\\\/kuali.com.mx\\\/web\\\/\"},{\"@type\":\"ListItem\",\"position\":2,\"name\":\"TAMBI\u00c9N ALDO M\u00c1RQUEZ QUIERE DIRIGIR AL PAN\"}]},{\"@type\":\"WebSite\",\"@id\":\"https:\\\/\\\/kuali.com.mx\\\/web\\\/#website\",\"url\":\"https:\\\/\\\/kuali.com.mx\\\/web\\\/\",\"name\":\"Kuali\",\"description\":\"\",\"potentialAction\":[{\"@type\":\"SearchAction\",\"target\":{\"@type\":\"EntryPoint\",\"urlTemplate\":\"https:\\\/\\\/kuali.com.mx\\\/web\\\/?s={search_term_string}\"},\"query-input\":{\"@type\":\"PropertyValueSpecification\",\"valueRequired\":true,\"valueName\":\"search_term_string\"}}],\"inLanguage\":\"es\"},{\"@type\":\"Person\",\"@id\":\"https:\\\/\\\/kuali.com.mx\\\/web\\\/#\\\/schema\\\/person\\\/6f89ffa8ecba9dae50662357923c5289\",\"name\":\"Kuali Staff\",\"image\":{\"@type\":\"ImageObject\",\"inLanguage\":\"es\",\"@id\":\"https:\\\/\\\/secure.gravatar.com\\\/avatar\\\/f917ad82e5ab71227a733c78b6e60715476f69ee6be59feee4eb5d9920c89e0f?s=96&d=mm&r=g\",\"url\":\"https:\\\/\\\/secure.gravatar.com\\\/avatar\\\/f917ad82e5ab71227a733c78b6e60715476f69ee6be59feee4eb5d9920c89e0f?s=96&d=mm&r=g\",\"contentUrl\":\"https:\\\/\\\/secure.gravatar.com\\\/avatar\\\/f917ad82e5ab71227a733c78b6e60715476f69ee6be59feee4eb5d9920c89e0f?s=96&d=mm&r=g\",\"caption\":\"Kuali Staff\"},\"url\":\"https:\\\/\\\/kuali.com.mx\\\/web\\\/author\\\/lagarto\\\/\"}]}<\/script>\n<!-- \/ Yoast SEO plugin. -->","yoast_head_json":{"title":"TAMBI\u00c9N ALDO M\u00c1RQUEZ QUIERE DIRIGIR AL PAN - Kuali","robots":{"index":"index","follow":"follow","max-snippet":"max-snippet:-1","max-image-preview":"max-image-preview:large","max-video-preview":"max-video-preview:-1"},"canonical":"https:\/\/kuali.com.mx\/web\/2024\/06\/18\/tambien-aldo-marquez-quiere-dirigir-al-pan\/","og_locale":"es_MX","og_type":"article","og_title":"TAMBI\u00c9N ALDO M\u00c1RQUEZ QUIERE DIRIGIR AL PAN - Kuali","og_description":"Milagros Tadeo\/Le\u00f3n, Gto.-&nbsp; El diputado local, Aldo M\u00e1rquez Becerra, confirm\u00f3 que buscar\u00e1 la dirigencia estatal del Partido Acci\u00f3n Nacional. Sin embargo, dijo que estar\u00e1 esperando los tiempos para concretar su registro como aspirante a la presidencia del Comit\u00e9 Directivo Estatal del PAN. &nbsp;\u201cHay que esperar los tiempos del partido y en ese sentido ser\u00e9 muy [&hellip;]","og_url":"https:\/\/kuali.com.mx\/web\/2024\/06\/18\/tambien-aldo-marquez-quiere-dirigir-al-pan\/","og_site_name":"Kuali","article_publisher":"https:\/\/kuali.com.mx\/web\/wp-content\/uploads\/2018\/04\/cropped-kuali_logo-1-1.png","article_published_time":"2024-06-19T01:05:00+00:00","article_modified_time":"2024-06-19T03:47:23+00:00","og_image":[{"width":1280,"height":853,"url":"https:\/\/kuali.com.mx\/web\/wp-content\/uploads\/2021\/10\/diputado-Aldo-Marquez.jpeg","type":"image\/jpeg"}],"author":"Kuali Staff","twitter_card":"summary_large_image","twitter_creator":"@kuali_noticias","twitter_site":"@kuali_noticias","twitter_misc":{"Escrito por":"Kuali Staff","Tiempo de lectura":"1 minuto"},"schema":{"@context":"https:\/\/schema.org","@graph":[{"@type":"Article","@id":"https:\/\/kuali.com.mx\/web\/2024\/06\/18\/tambien-aldo-marquez-quiere-dirigir-al-pan\/#article","isPartOf":{"@id":"https:\/\/kuali.com.mx\/web\/2024\/06\/18\/tambien-aldo-marquez-quiere-dirigir-al-pan\/"},"author":{"name":"Kuali Staff","@id":"https:\/\/kuali.com.mx\/web\/#\/schema\/person\/6f89ffa8ecba9dae50662357923c5289"},"headline":"TAMBI\u00c9N ALDO M\u00c1RQUEZ QUIERE DIRIGIR AL PAN","datePublished":"2024-06-19T01:05:00+00:00","dateModified":"2024-06-19T03:47:23+00:00","mainEntityOfPage":{"@id":"https:\/\/kuali.com.mx\/web\/2024\/06\/18\/tambien-aldo-marquez-quiere-dirigir-al-pan\/"},"wordCount":274,"commentCount":0,"image":{"@id":"https:\/\/kuali.com.mx\/web\/2024\/06\/18\/tambien-aldo-marquez-quiere-dirigir-al-pan\/#primaryimage"},"thumbnailUrl":"https:\/\/kuali.com.mx\/web\/wp-content\/uploads\/2021\/10\/diputado-Aldo-Marquez.jpeg","articleSection":["Pol\u00edtica"],"inLanguage":"es","potentialAction":[{"@type":"CommentAction","name":"Comment","target":["https:\/\/kuali.com.mx\/web\/2024\/06\/18\/tambien-aldo-marquez-quiere-dirigir-al-pan\/#respond"]}]},{"@type":"WebPage","@id":"https:\/\/kuali.com.mx\/web\/2024\/06\/18\/tambien-aldo-marquez-quiere-dirigir-al-pan\/","url":"https:\/\/kuali.com.mx\/web\/2024\/06\/18\/tambien-aldo-marquez-quiere-dirigir-al-pan\/","name":"TAMBI\u00c9N ALDO M\u00c1RQUEZ QUIERE DIRIGIR AL PAN - Kuali","isPartOf":{"@id":"https:\/\/kuali.com.mx\/web\/#website"},"primaryImageOfPage":{"@id":"https:\/\/kuali.com.mx\/web\/2024\/06\/18\/tambien-aldo-marquez-quiere-dirigir-al-pan\/#primaryimage"},"image":{"@id":"https:\/\/kuali.com.mx\/web\/2024\/06\/18\/tambien-aldo-marquez-quiere-dirigir-al-pan\/#primaryimage"},"thumbnailUrl":"https:\/\/kuali.com.mx\/web\/wp-content\/uploads\/2021\/10\/diputado-Aldo-Marquez.jpeg","datePublished":"2024-06-19T01:05:00+00:00","dateModified":"2024-06-19T03:47:23+00:00","author":{"@id":"https:\/\/kuali.com.mx\/web\/#\/schema\/person\/6f89ffa8ecba9dae50662357923c5289"},"breadcrumb":{"@id":"https:\/\/kuali.com.mx\/web\/2024\/06\/18\/tambien-aldo-marquez-quiere-dirigir-al-pan\/#breadcrumb"},"inLanguage":"es","potentialAction":[{"@type":"ReadAction","target":["https:\/\/kuali.com.mx\/web\/2024\/06\/18\/tambien-aldo-marquez-quiere-dirigir-al-pan\/"]}]},{"@type":"ImageObject","inLanguage":"es","@id":"https:\/\/kuali.com.mx\/web\/2024\/06\/18\/tambien-aldo-marquez-quiere-dirigir-al-pan\/#primaryimage","url":"https:\/\/kuali.com.mx\/web\/wp-content\/uploads\/2021\/10\/diputado-Aldo-Marquez.jpeg","contentUrl":"https:\/\/kuali.com.mx\/web\/wp-content\/uploads\/2021\/10\/diputado-Aldo-Marquez.jpeg","width":1280,"height":853},{"@type":"BreadcrumbList","@id":"https:\/\/kuali.com.mx\/web\/2024\/06\/18\/tambien-aldo-marquez-quiere-dirigir-al-pan\/#breadcrumb","itemListElement":[{"@type":"ListItem","position":1,"name":"Inicio","item":"https:\/\/kuali.com.mx\/web\/"},{"@type":"ListItem","position":2,"name":"TAMBI\u00c9N ALDO M\u00c1RQUEZ QUIERE DIRIGIR AL PAN"}]},{"@type":"WebSite","@id":"https:\/\/kuali.com.mx\/web\/#website","url":"https:\/\/kuali.com.mx\/web\/","name":"Kuali","description":"","potentialAction":[{"@type":"SearchAction","target":{"@type":"EntryPoint","urlTemplate":"https:\/\/kuali.com.mx\/web\/?s={search_term_string}"},"query-input":{"@type":"PropertyValueSpecification","valueRequired":true,"valueName":"search_term_string"}}],"inLanguage":"es"},{"@type":"Person","@id":"https:\/\/kuali.com.mx\/web\/#\/schema\/person\/6f89ffa8ecba9dae50662357923c5289","name":"Kuali Staff","image":{"@type":"ImageObject","inLanguage":"es","@id":"https:\/\/secure.gravatar.com\/avatar\/f917ad82e5ab71227a733c78b6e60715476f69ee6be59feee4eb5d9920c89e0f?s=96&d=mm&r=g","url":"https:\/\/secure.gravatar.com\/avatar\/f917ad82e5ab71227a733c78b6e60715476f69ee6be59feee4eb5d9920c89e0f?s=96&d=mm&r=g","contentUrl":"https:\/\/secure.gravatar.com\/avatar\/f917ad82e5ab71227a733c78b6e60715476f69ee6be59feee4eb5d9920c89e0f?s=96&d=mm&r=g","caption":"Kuali Staff"},"url":"https:\/\/kuali.com.mx\/web\/author\/lagarto\/"}]}},"_links":{"self":[{"href":"https:\/\/kuali.com.mx\/web\/wp-json\/wp\/v2\/posts\/146091","targetHints":{"allow":["GET"]}}],"collection":[{"href":"https:\/\/kuali.com.mx\/web\/wp-json\/wp\/v2\/posts"}],"about":[{"href":"https:\/\/kuali.com.mx\/web\/wp-json\/wp\/v2\/types\/post"}],"author":[{"embeddable":true,"href":"https:\/\/kuali.com.mx\/web\/wp-json\/wp\/v2\/users\/2"}],"replies":[{"embeddable":true,"href":"https:\/\/kuali.com.mx\/web\/wp-json\/wp\/v2\/comments?post=146091"}],"version-history":[{"count":2,"href":"https:\/\/kuali.com.mx\/web\/wp-json\/wp\/v2\/posts\/146091\/revisions"}],"predecessor-version":[{"id":146104,"href":"https:\/\/kuali.com.mx\/web\/wp-json\/wp\/v2\/posts\/146091\/revisions\/146104"}],"wp:featuredmedia":[{"embeddable":true,"href":"https:\/\/kuali.com.mx\/web\/wp-json\/wp\/v2\/media\/87510"}],"wp:attachment":[{"href":"https:\/\/kuali.com.mx\/web\/wp-json\/wp\/v2\/media?parent=146091"}],"wp:term":[{"taxonomy":"category","embeddable":true,"href":"https:\/\/kuali.com.mx\/web\/wp-json\/wp\/v2\/categories?post=146091"},{"taxonomy":"post_tag","embeddable":true,"href":"https:\/\/kuali.com.mx\/web\/wp-json\/wp\/v2\/tags?post=146091"}],"curies":[{"name":"wp","href":"https:\/\/api.w.org\/{rel}","templated":true}]}}