{"id":146080,"date":"2024-06-18T19:07:40","date_gmt":"2024-06-19T01:07:40","guid":{"rendered":"https:\/\/kuali.com.mx\/web\/?p=146080"},"modified":"2024-06-18T21:36:00","modified_gmt":"2024-06-19T03:36:00","slug":"busca-pilar-ortega-dirigencia-estatal-del-pan","status":"publish","type":"post","link":"https:\/\/kuali.com.mx\/web\/2024\/06\/18\/busca-pilar-ortega-dirigencia-estatal-del-pan\/","title":{"rendered":"BUSCA PILAR ORTEGA DIRIGENCIA ESTATAL DEL PAN"},"content":{"rendered":"\n<p><strong>Milagros Tadeo\/Le\u00f3n, Gto.-<\/strong>&nbsp;La dirigente del PAN en Le\u00f3n, Pilar Ortega Mart\u00ednez, &nbsp;levant\u00f3 la mano para competir por la presidencia del Comit\u00e9 Directivo Estatal tras la salida de Eduardo L\u00f3pez Mares, quien buscar\u00e1 un cargo p\u00fablico.<\/p>\n\n\n\n<p>Se\u00f1al\u00f3 que va a esperar a que se lance la convocatoria para poder registrarse como aspirante a la dirigencia estatal, pues cuenta con la capacidad para representar al panismo guanajuatense.<\/p>\n\n\n\n<p>\u201cEs una gran oportunidad para servir al partido, yo estoy lista para las decisiones que se tomar\u00e1n en breve y estamos pendientes de la convocatoria, y entiendo que primero que debe pasar por el tema nacional porque recuerda que con el tema de la paridad se tendr\u00e1 que tomar decisiones en materia de paridad para la determinaci\u00f3n de la renovaci\u00f3n de los comit\u00e9s directivos estatales del pa\u00eds\u201d, dijo.<\/p>\n\n\n\n<p>La tambi\u00e9n ex diputada federal dijo que es momento de que el Partido Acci\u00f3n Nacional en Guanajuato sea representado por una mujer.<\/p>\n\n\n\n<p>\u201cEs un tema muy importante para Guanajuato, hoy m\u00e1s que nunca es tiempo de las mujeres en el PAN, en Guanajuato nunca ha habido una presidenta mujer y creo que es tiempo de que se d\u00e9 ese paso. Hoy ya vamos a tener una gobernadora, hoy tenemos en la ciudad m\u00e1s grande del estado una alcaldesa que se reelige y pues creo que ser\u00eda importante que las riendas del PAN estatal las lleve una mujer\u201d, dijo.<\/p>\n\n\n\n<p>Manifest\u00f3 que los grandes retos del pr\u00f3ximo l\u00edder panista en Guanajuato ser\u00e1 fortalecer la estructura panista y generar mayores respuestas a las problem\u00e1ticas de los guanajuatenses.<\/p>\n\n\n\n<p>Finalmente, Pilar Ortega Mart\u00ednez, aprovech\u00f3 para reconocer el trabajo de Eduardo L\u00f3pez Mares al frente de la dirigencia estatal del PAN durante los casi 3 a\u00f1os que ostent\u00f3 dicha representaci\u00f3n.&nbsp;<\/p>\n","protected":false},"excerpt":{"rendered":"Milagros Tadeo\/Le\u00f3n, Gto.-&nbsp;La dirigente del PAN en Le\u00f3n, Pilar Ortega Mart\u00ednez, &nbsp;levant\u00f3 la mano para competir por la presidencia del Comit\u00e9 Directivo Estatal tras la salida de Eduardo L\u00f3pez Mares, quien buscar\u00e1 un cargo p\u00fablico. Se\u00f1al\u00f3 que va a esperar a que se lance la convocatoria para poder registrarse como aspirante a la dirigencia estatal, [&hellip;]","protected":false},"author":2,"featured_media":103572,"comment_status":"open","ping_status":"open","sticky":false,"template":"","format":"standard","meta":{"_seopress_robots_primary_cat":"none","_seopress_titles_title":"","_seopress_titles_desc":"","_seopress_robots_index":"","_monsterinsights_skip_tracking":false,"_monsterinsights_sitenote_active":false,"_monsterinsights_sitenote_note":"","_monsterinsights_sitenote_category":0,"footnotes":""},"categories":[3],"tags":[],"class_list":["post-146080","post","type-post","status-publish","format-standard","has-post-thumbnail","hentry","category-politica"],"yoast_head":"<!-- This site is optimized with the Yoast SEO plugin v27.4 - https:\/\/yoast.com\/product\/yoast-seo-wordpress\/ -->\n<title>BUSCA PILAR ORTEGA DIRIGENCIA ESTATAL DEL PAN - Kuali<\/title>\n<meta name=\"robots\" content=\"index, follow, max-snippet:-1, max-image-preview:large, max-video-preview:-1\" \/>\n<link rel=\"canonical\" href=\"https:\/\/kuali.com.mx\/web\/2024\/06\/18\/busca-pilar-ortega-dirigencia-estatal-del-pan\/\" \/>\n<meta property=\"og:locale\" content=\"es_MX\" \/>\n<meta property=\"og:type\" content=\"article\" \/>\n<meta property=\"og:title\" content=\"BUSCA PILAR ORTEGA DIRIGENCIA ESTATAL DEL PAN - Kuali\" \/>\n<meta property=\"og:description\" content=\"Milagros Tadeo\/Le\u00f3n, Gto.-&nbsp;La dirigente del PAN en Le\u00f3n, Pilar Ortega Mart\u00ednez, &nbsp;levant\u00f3 la mano para competir por la presidencia del Comit\u00e9 Directivo Estatal tras la salida de Eduardo L\u00f3pez Mares, quien buscar\u00e1 un cargo p\u00fablico. Se\u00f1al\u00f3 que va a esperar a que se lance la convocatoria para poder registrarse como aspirante a la dirigencia estatal, [&hellip;]\" \/>\n<meta property=\"og:url\" content=\"https:\/\/kuali.com.mx\/web\/2024\/06\/18\/busca-pilar-ortega-dirigencia-estatal-del-pan\/\" \/>\n<meta property=\"og:site_name\" content=\"Kuali\" \/>\n<meta property=\"article:publisher\" content=\"https:\/\/kuali.com.mx\/web\/wp-content\/uploads\/2018\/04\/cropped-kuali_logo-1-1.png\" \/>\n<meta property=\"article:published_time\" content=\"2024-06-19T01:07:40+00:00\" \/>\n<meta property=\"article:modified_time\" content=\"2024-06-19T03:36:00+00:00\" \/>\n<meta property=\"og:image\" content=\"https:\/\/kuali.com.mx\/web\/wp-content\/uploads\/2022\/09\/Pilar-Ortega.jpg\" \/>\n\t<meta property=\"og:image:width\" content=\"1754\" \/>\n\t<meta property=\"og:image:height\" content=\"750\" \/>\n\t<meta property=\"og:image:type\" content=\"image\/jpeg\" \/>\n<meta name=\"author\" content=\"Kuali Staff\" \/>\n<meta name=\"twitter:card\" content=\"summary_large_image\" \/>\n<meta name=\"twitter:creator\" content=\"@kuali_noticias\" \/>\n<meta name=\"twitter:site\" content=\"@kuali_noticias\" \/>\n<meta name=\"twitter:label1\" content=\"Escrito por\" \/>\n\t<meta name=\"twitter:data1\" content=\"Kuali Staff\" \/>\n\t<meta name=\"twitter:label2\" content=\"Tiempo de lectura\" \/>\n\t<meta name=\"twitter:data2\" content=\"2 minutos\" \/>\n<script type=\"application\/ld+json\" class=\"yoast-schema-graph\">{\"@context\":\"https:\\\/\\\/schema.org\",\"@graph\":[{\"@type\":\"Article\",\"@id\":\"https:\\\/\\\/kuali.com.mx\\\/web\\\/2024\\\/06\\\/18\\\/busca-pilar-ortega-dirigencia-estatal-del-pan\\\/#article\",\"isPartOf\":{\"@id\":\"https:\\\/\\\/kuali.com.mx\\\/web\\\/2024\\\/06\\\/18\\\/busca-pilar-ortega-dirigencia-estatal-del-pan\\\/\"},\"author\":{\"name\":\"Kuali Staff\",\"@id\":\"https:\\\/\\\/kuali.com.mx\\\/web\\\/#\\\/schema\\\/person\\\/6f89ffa8ecba9dae50662357923c5289\"},\"headline\":\"BUSCA PILAR ORTEGA DIRIGENCIA ESTATAL DEL PAN\",\"datePublished\":\"2024-06-19T01:07:40+00:00\",\"dateModified\":\"2024-06-19T03:36:00+00:00\",\"mainEntityOfPage\":{\"@id\":\"https:\\\/\\\/kuali.com.mx\\\/web\\\/2024\\\/06\\\/18\\\/busca-pilar-ortega-dirigencia-estatal-del-pan\\\/\"},\"wordCount\":322,\"commentCount\":0,\"image\":{\"@id\":\"https:\\\/\\\/kuali.com.mx\\\/web\\\/2024\\\/06\\\/18\\\/busca-pilar-ortega-dirigencia-estatal-del-pan\\\/#primaryimage\"},\"thumbnailUrl\":\"https:\\\/\\\/kuali.com.mx\\\/web\\\/wp-content\\\/uploads\\\/2022\\\/09\\\/Pilar-Ortega.jpg\",\"articleSection\":[\"Pol\u00edtica\"],\"inLanguage\":\"es\",\"potentialAction\":[{\"@type\":\"CommentAction\",\"name\":\"Comment\",\"target\":[\"https:\\\/\\\/kuali.com.mx\\\/web\\\/2024\\\/06\\\/18\\\/busca-pilar-ortega-dirigencia-estatal-del-pan\\\/#respond\"]}]},{\"@type\":\"WebPage\",\"@id\":\"https:\\\/\\\/kuali.com.mx\\\/web\\\/2024\\\/06\\\/18\\\/busca-pilar-ortega-dirigencia-estatal-del-pan\\\/\",\"url\":\"https:\\\/\\\/kuali.com.mx\\\/web\\\/2024\\\/06\\\/18\\\/busca-pilar-ortega-dirigencia-estatal-del-pan\\\/\",\"name\":\"BUSCA PILAR ORTEGA DIRIGENCIA ESTATAL DEL PAN - Kuali\",\"isPartOf\":{\"@id\":\"https:\\\/\\\/kuali.com.mx\\\/web\\\/#website\"},\"primaryImageOfPage\":{\"@id\":\"https:\\\/\\\/kuali.com.mx\\\/web\\\/2024\\\/06\\\/18\\\/busca-pilar-ortega-dirigencia-estatal-del-pan\\\/#primaryimage\"},\"image\":{\"@id\":\"https:\\\/\\\/kuali.com.mx\\\/web\\\/2024\\\/06\\\/18\\\/busca-pilar-ortega-dirigencia-estatal-del-pan\\\/#primaryimage\"},\"thumbnailUrl\":\"https:\\\/\\\/kuali.com.mx\\\/web\\\/wp-content\\\/uploads\\\/2022\\\/09\\\/Pilar-Ortega.jpg\",\"datePublished\":\"2024-06-19T01:07:40+00:00\",\"dateModified\":\"2024-06-19T03:36:00+00:00\",\"author\":{\"@id\":\"https:\\\/\\\/kuali.com.mx\\\/web\\\/#\\\/schema\\\/person\\\/6f89ffa8ecba9dae50662357923c5289\"},\"breadcrumb\":{\"@id\":\"https:\\\/\\\/kuali.com.mx\\\/web\\\/2024\\\/06\\\/18\\\/busca-pilar-ortega-dirigencia-estatal-del-pan\\\/#breadcrumb\"},\"inLanguage\":\"es\",\"potentialAction\":[{\"@type\":\"ReadAction\",\"target\":[\"https:\\\/\\\/kuali.com.mx\\\/web\\\/2024\\\/06\\\/18\\\/busca-pilar-ortega-dirigencia-estatal-del-pan\\\/\"]}]},{\"@type\":\"ImageObject\",\"inLanguage\":\"es\",\"@id\":\"https:\\\/\\\/kuali.com.mx\\\/web\\\/2024\\\/06\\\/18\\\/busca-pilar-ortega-dirigencia-estatal-del-pan\\\/#primaryimage\",\"url\":\"https:\\\/\\\/kuali.com.mx\\\/web\\\/wp-content\\\/uploads\\\/2022\\\/09\\\/Pilar-Ortega.jpg\",\"contentUrl\":\"https:\\\/\\\/kuali.com.mx\\\/web\\\/wp-content\\\/uploads\\\/2022\\\/09\\\/Pilar-Ortega.jpg\",\"width\":1754,\"height\":750},{\"@type\":\"BreadcrumbList\",\"@id\":\"https:\\\/\\\/kuali.com.mx\\\/web\\\/2024\\\/06\\\/18\\\/busca-pilar-ortega-dirigencia-estatal-del-pan\\\/#breadcrumb\",\"itemListElement\":[{\"@type\":\"ListItem\",\"position\":1,\"name\":\"Inicio\",\"item\":\"https:\\\/\\\/kuali.com.mx\\\/web\\\/\"},{\"@type\":\"ListItem\",\"position\":2,\"name\":\"BUSCA PILAR ORTEGA DIRIGENCIA ESTATAL DEL PAN\"}]},{\"@type\":\"WebSite\",\"@id\":\"https:\\\/\\\/kuali.com.mx\\\/web\\\/#website\",\"url\":\"https:\\\/\\\/kuali.com.mx\\\/web\\\/\",\"name\":\"Kuali\",\"description\":\"\",\"potentialAction\":[{\"@type\":\"SearchAction\",\"target\":{\"@type\":\"EntryPoint\",\"urlTemplate\":\"https:\\\/\\\/kuali.com.mx\\\/web\\\/?s={search_term_string}\"},\"query-input\":{\"@type\":\"PropertyValueSpecification\",\"valueRequired\":true,\"valueName\":\"search_term_string\"}}],\"inLanguage\":\"es\"},{\"@type\":\"Person\",\"@id\":\"https:\\\/\\\/kuali.com.mx\\\/web\\\/#\\\/schema\\\/person\\\/6f89ffa8ecba9dae50662357923c5289\",\"name\":\"Kuali Staff\",\"image\":{\"@type\":\"ImageObject\",\"inLanguage\":\"es\",\"@id\":\"https:\\\/\\\/secure.gravatar.com\\\/avatar\\\/f917ad82e5ab71227a733c78b6e60715476f69ee6be59feee4eb5d9920c89e0f?s=96&d=mm&r=g\",\"url\":\"https:\\\/\\\/secure.gravatar.com\\\/avatar\\\/f917ad82e5ab71227a733c78b6e60715476f69ee6be59feee4eb5d9920c89e0f?s=96&d=mm&r=g\",\"contentUrl\":\"https:\\\/\\\/secure.gravatar.com\\\/avatar\\\/f917ad82e5ab71227a733c78b6e60715476f69ee6be59feee4eb5d9920c89e0f?s=96&d=mm&r=g\",\"caption\":\"Kuali Staff\"},\"url\":\"https:\\\/\\\/kuali.com.mx\\\/web\\\/author\\\/lagarto\\\/\"}]}<\/script>\n<!-- \/ Yoast SEO plugin. -->","yoast_head_json":{"title":"BUSCA PILAR ORTEGA DIRIGENCIA ESTATAL DEL PAN - Kuali","robots":{"index":"index","follow":"follow","max-snippet":"max-snippet:-1","max-image-preview":"max-image-preview:large","max-video-preview":"max-video-preview:-1"},"canonical":"https:\/\/kuali.com.mx\/web\/2024\/06\/18\/busca-pilar-ortega-dirigencia-estatal-del-pan\/","og_locale":"es_MX","og_type":"article","og_title":"BUSCA PILAR ORTEGA DIRIGENCIA ESTATAL DEL PAN - Kuali","og_description":"Milagros Tadeo\/Le\u00f3n, Gto.-&nbsp;La dirigente del PAN en Le\u00f3n, Pilar Ortega Mart\u00ednez, &nbsp;levant\u00f3 la mano para competir por la presidencia del Comit\u00e9 Directivo Estatal tras la salida de Eduardo L\u00f3pez Mares, quien buscar\u00e1 un cargo p\u00fablico. Se\u00f1al\u00f3 que va a esperar a que se lance la convocatoria para poder registrarse como aspirante a la dirigencia estatal, [&hellip;]","og_url":"https:\/\/kuali.com.mx\/web\/2024\/06\/18\/busca-pilar-ortega-dirigencia-estatal-del-pan\/","og_site_name":"Kuali","article_publisher":"https:\/\/kuali.com.mx\/web\/wp-content\/uploads\/2018\/04\/cropped-kuali_logo-1-1.png","article_published_time":"2024-06-19T01:07:40+00:00","article_modified_time":"2024-06-19T03:36:00+00:00","og_image":[{"width":1754,"height":750,"url":"https:\/\/kuali.com.mx\/web\/wp-content\/uploads\/2022\/09\/Pilar-Ortega.jpg","type":"image\/jpeg"}],"author":"Kuali Staff","twitter_card":"summary_large_image","twitter_creator":"@kuali_noticias","twitter_site":"@kuali_noticias","twitter_misc":{"Escrito por":"Kuali Staff","Tiempo de lectura":"2 minutos"},"schema":{"@context":"https:\/\/schema.org","@graph":[{"@type":"Article","@id":"https:\/\/kuali.com.mx\/web\/2024\/06\/18\/busca-pilar-ortega-dirigencia-estatal-del-pan\/#article","isPartOf":{"@id":"https:\/\/kuali.com.mx\/web\/2024\/06\/18\/busca-pilar-ortega-dirigencia-estatal-del-pan\/"},"author":{"name":"Kuali Staff","@id":"https:\/\/kuali.com.mx\/web\/#\/schema\/person\/6f89ffa8ecba9dae50662357923c5289"},"headline":"BUSCA PILAR ORTEGA DIRIGENCIA ESTATAL DEL PAN","datePublished":"2024-06-19T01:07:40+00:00","dateModified":"2024-06-19T03:36:00+00:00","mainEntityOfPage":{"@id":"https:\/\/kuali.com.mx\/web\/2024\/06\/18\/busca-pilar-ortega-dirigencia-estatal-del-pan\/"},"wordCount":322,"commentCount":0,"image":{"@id":"https:\/\/kuali.com.mx\/web\/2024\/06\/18\/busca-pilar-ortega-dirigencia-estatal-del-pan\/#primaryimage"},"thumbnailUrl":"https:\/\/kuali.com.mx\/web\/wp-content\/uploads\/2022\/09\/Pilar-Ortega.jpg","articleSection":["Pol\u00edtica"],"inLanguage":"es","potentialAction":[{"@type":"CommentAction","name":"Comment","target":["https:\/\/kuali.com.mx\/web\/2024\/06\/18\/busca-pilar-ortega-dirigencia-estatal-del-pan\/#respond"]}]},{"@type":"WebPage","@id":"https:\/\/kuali.com.mx\/web\/2024\/06\/18\/busca-pilar-ortega-dirigencia-estatal-del-pan\/","url":"https:\/\/kuali.com.mx\/web\/2024\/06\/18\/busca-pilar-ortega-dirigencia-estatal-del-pan\/","name":"BUSCA PILAR ORTEGA DIRIGENCIA ESTATAL DEL PAN - Kuali","isPartOf":{"@id":"https:\/\/kuali.com.mx\/web\/#website"},"primaryImageOfPage":{"@id":"https:\/\/kuali.com.mx\/web\/2024\/06\/18\/busca-pilar-ortega-dirigencia-estatal-del-pan\/#primaryimage"},"image":{"@id":"https:\/\/kuali.com.mx\/web\/2024\/06\/18\/busca-pilar-ortega-dirigencia-estatal-del-pan\/#primaryimage"},"thumbnailUrl":"https:\/\/kuali.com.mx\/web\/wp-content\/uploads\/2022\/09\/Pilar-Ortega.jpg","datePublished":"2024-06-19T01:07:40+00:00","dateModified":"2024-06-19T03:36:00+00:00","author":{"@id":"https:\/\/kuali.com.mx\/web\/#\/schema\/person\/6f89ffa8ecba9dae50662357923c5289"},"breadcrumb":{"@id":"https:\/\/kuali.com.mx\/web\/2024\/06\/18\/busca-pilar-ortega-dirigencia-estatal-del-pan\/#breadcrumb"},"inLanguage":"es","potentialAction":[{"@type":"ReadAction","target":["https:\/\/kuali.com.mx\/web\/2024\/06\/18\/busca-pilar-ortega-dirigencia-estatal-del-pan\/"]}]},{"@type":"ImageObject","inLanguage":"es","@id":"https:\/\/kuali.com.mx\/web\/2024\/06\/18\/busca-pilar-ortega-dirigencia-estatal-del-pan\/#primaryimage","url":"https:\/\/kuali.com.mx\/web\/wp-content\/uploads\/2022\/09\/Pilar-Ortega.jpg","contentUrl":"https:\/\/kuali.com.mx\/web\/wp-content\/uploads\/2022\/09\/Pilar-Ortega.jpg","width":1754,"height":750},{"@type":"BreadcrumbList","@id":"https:\/\/kuali.com.mx\/web\/2024\/06\/18\/busca-pilar-ortega-dirigencia-estatal-del-pan\/#breadcrumb","itemListElement":[{"@type":"ListItem","position":1,"name":"Inicio","item":"https:\/\/kuali.com.mx\/web\/"},{"@type":"ListItem","position":2,"name":"BUSCA PILAR ORTEGA DIRIGENCIA ESTATAL DEL PAN"}]},{"@type":"WebSite","@id":"https:\/\/kuali.com.mx\/web\/#website","url":"https:\/\/kuali.com.mx\/web\/","name":"Kuali","description":"","potentialAction":[{"@type":"SearchAction","target":{"@type":"EntryPoint","urlTemplate":"https:\/\/kuali.com.mx\/web\/?s={search_term_string}"},"query-input":{"@type":"PropertyValueSpecification","valueRequired":true,"valueName":"search_term_string"}}],"inLanguage":"es"},{"@type":"Person","@id":"https:\/\/kuali.com.mx\/web\/#\/schema\/person\/6f89ffa8ecba9dae50662357923c5289","name":"Kuali Staff","image":{"@type":"ImageObject","inLanguage":"es","@id":"https:\/\/secure.gravatar.com\/avatar\/f917ad82e5ab71227a733c78b6e60715476f69ee6be59feee4eb5d9920c89e0f?s=96&d=mm&r=g","url":"https:\/\/secure.gravatar.com\/avatar\/f917ad82e5ab71227a733c78b6e60715476f69ee6be59feee4eb5d9920c89e0f?s=96&d=mm&r=g","contentUrl":"https:\/\/secure.gravatar.com\/avatar\/f917ad82e5ab71227a733c78b6e60715476f69ee6be59feee4eb5d9920c89e0f?s=96&d=mm&r=g","caption":"Kuali Staff"},"url":"https:\/\/kuali.com.mx\/web\/author\/lagarto\/"}]}},"_links":{"self":[{"href":"https:\/\/kuali.com.mx\/web\/wp-json\/wp\/v2\/posts\/146080","targetHints":{"allow":["GET"]}}],"collection":[{"href":"https:\/\/kuali.com.mx\/web\/wp-json\/wp\/v2\/posts"}],"about":[{"href":"https:\/\/kuali.com.mx\/web\/wp-json\/wp\/v2\/types\/post"}],"author":[{"embeddable":true,"href":"https:\/\/kuali.com.mx\/web\/wp-json\/wp\/v2\/users\/2"}],"replies":[{"embeddable":true,"href":"https:\/\/kuali.com.mx\/web\/wp-json\/wp\/v2\/comments?post=146080"}],"version-history":[{"count":1,"href":"https:\/\/kuali.com.mx\/web\/wp-json\/wp\/v2\/posts\/146080\/revisions"}],"predecessor-version":[{"id":146086,"href":"https:\/\/kuali.com.mx\/web\/wp-json\/wp\/v2\/posts\/146080\/revisions\/146086"}],"wp:featuredmedia":[{"embeddable":true,"href":"https:\/\/kuali.com.mx\/web\/wp-json\/wp\/v2\/media\/103572"}],"wp:attachment":[{"href":"https:\/\/kuali.com.mx\/web\/wp-json\/wp\/v2\/media?parent=146080"}],"wp:term":[{"taxonomy":"category","embeddable":true,"href":"https:\/\/kuali.com.mx\/web\/wp-json\/wp\/v2\/categories?post=146080"},{"taxonomy":"post_tag","embeddable":true,"href":"https:\/\/kuali.com.mx\/web\/wp-json\/wp\/v2\/tags?post=146080"}],"curies":[{"name":"wp","href":"https:\/\/api.w.org\/{rel}","templated":true}]}}