{"id":146001,"date":"2024-06-18T13:19:26","date_gmt":"2024-06-18T19:19:26","guid":{"rendered":"https:\/\/kuali.com.mx\/web\/?p=146001"},"modified":"2024-06-18T21:31:17","modified_gmt":"2024-06-19T03:31:17","slug":"recibira-bajio-el-premundial-sub-20-de-concacaf","status":"publish","type":"post","link":"https:\/\/kuali.com.mx\/web\/2024\/06\/18\/recibira-bajio-el-premundial-sub-20-de-concacaf\/","title":{"rendered":"RECIBIR\u00c1 BAJ\u00cdO EL PREMUNDIAL SUB 20 DE CONCACAF"},"content":{"rendered":"\n<p><em><strong>MariLuz Medina\/Irapuato, Gto<\/strong><\/em>.-El pr\u00f3ximo 19 de julio iniciara el Pre Mundial Sub 20 de Concacaf, el cual finalizara el 4 de agosto, pero este 2024 tendr\u00e1 dos escenarios in\u00e9ditos, en tierras del Baj\u00edo, Celaya e Irapuato, dos zonas por excelencia futboleras.<\/p>\n\n\n\n<p>Ser\u00e1n los estadios \"Miguel Alem\u00e1n Vald\u00e9s\" y el m\u00edtico \u201cSergio Leon Chavez\u201d, que albergaran los partidos, que conceder\u00e1n cuatro lugares para la Copa Mundial de la categor\u00eda.<\/p>\n\n\n\n<p>El partido inaugural sera protagonizado por Costa Rica vs, Cuba y le seguira en doble cartelera Estados Unidos vs. Jamaica, en el estadio Miguel Alem\u00e1n Vald\u00e9s de Celaya.<\/p>\n\n\n\n<p>En tierras freseras, la actividad abrira el 20 de julio, cuando el dos veces mundialista estadio Sergio Le\u00f3n Chavez, ser\u00e1 sede de los encuentros entre Republicaca Dominicana vs. El Salvador y Honduras vs. Canad\u00e1.<br>M\u00c9XICO ENTRE FRESAS<br>La Selecci\u00f3n Mexicana, anfitriona del Pre Mundial, jugara todos sus partidos de fase de grupo en la ciudad fresera de Irapuato, donde seguramente sera apoyada por los famasos \"hijos de la mermelada\". El cuadro azteca debutara en el coloso de la calle Guerrero el domingo 21 de julio contra Haiti, pero en el encuentro previo Panam\u00e1 se medir\u00e1 a Guatemala.<\/p>\n\n\n\n<p>La fase de cuartros de final se desarrollara en horarios nocturnos el 30 y 31 de julio en las dos sedes, para definir a los semifinalistas.<br>La semifinal y final ser\u00e1 el 2 y 4 de agosto en el estadio \"Miguel Aleman Valdes\", de la ciudad cajetera de Celaya.<\/p>\n","protected":false},"excerpt":{"rendered":"MariLuz Medina\/Irapuato, Gto.-El pr\u00f3ximo 19 de julio iniciara el Pre Mundial Sub 20 de Concacaf, el cual finalizara el 4 de agosto, pero este 2024 tendr\u00e1 dos escenarios in\u00e9ditos, en tierras del Baj\u00edo, Celaya e Irapuato, dos zonas por excelencia futboleras. Ser\u00e1n los estadios \"Miguel Alem\u00e1n Vald\u00e9s\" y el m\u00edtico \u201cSergio Leon Chavez\u201d, que albergaran [&hellip;]","protected":false},"author":2,"featured_media":146003,"comment_status":"open","ping_status":"open","sticky":false,"template":"","format":"standard","meta":{"_seopress_robots_primary_cat":"none","_seopress_titles_title":"","_seopress_titles_desc":"","_seopress_robots_index":"","_monsterinsights_skip_tracking":false,"_monsterinsights_sitenote_active":false,"_monsterinsights_sitenote_note":"","_monsterinsights_sitenote_category":0,"footnotes":""},"categories":[16],"tags":[],"class_list":["post-146001","post","type-post","status-publish","format-standard","has-post-thumbnail","hentry","category-deportes"],"yoast_head":"<!-- This site is optimized with the Yoast SEO plugin v27.4 - https:\/\/yoast.com\/product\/yoast-seo-wordpress\/ -->\n<title>RECIBIR\u00c1 BAJ\u00cdO EL PREMUNDIAL SUB 20 DE CONCACAF - Kuali<\/title>\n<meta name=\"robots\" content=\"index, follow, max-snippet:-1, max-image-preview:large, max-video-preview:-1\" \/>\n<link rel=\"canonical\" href=\"https:\/\/kuali.com.mx\/web\/2024\/06\/18\/recibira-bajio-el-premundial-sub-20-de-concacaf\/\" \/>\n<meta property=\"og:locale\" content=\"es_MX\" \/>\n<meta property=\"og:type\" content=\"article\" \/>\n<meta property=\"og:title\" content=\"RECIBIR\u00c1 BAJ\u00cdO EL PREMUNDIAL SUB 20 DE CONCACAF - Kuali\" \/>\n<meta property=\"og:description\" content=\"MariLuz Medina\/Irapuato, Gto.-El pr\u00f3ximo 19 de julio iniciara el Pre Mundial Sub 20 de Concacaf, el cual finalizara el 4 de agosto, pero este 2024 tendr\u00e1 dos escenarios in\u00e9ditos, en tierras del Baj\u00edo, Celaya e Irapuato, dos zonas por excelencia futboleras. Ser\u00e1n los estadios &quot;Miguel Alem\u00e1n Vald\u00e9s&quot; y el m\u00edtico \u201cSergio Leon Chavez\u201d, que albergaran [&hellip;]\" \/>\n<meta property=\"og:url\" content=\"https:\/\/kuali.com.mx\/web\/2024\/06\/18\/recibira-bajio-el-premundial-sub-20-de-concacaf\/\" \/>\n<meta property=\"og:site_name\" content=\"Kuali\" \/>\n<meta property=\"article:publisher\" content=\"https:\/\/kuali.com.mx\/web\/wp-content\/uploads\/2018\/04\/cropped-kuali_logo-1-1.png\" \/>\n<meta property=\"article:published_time\" content=\"2024-06-18T19:19:26+00:00\" \/>\n<meta property=\"article:modified_time\" content=\"2024-06-19T03:31:17+00:00\" \/>\n<meta property=\"og:image\" content=\"https:\/\/kuali.com.mx\/web\/wp-content\/uploads\/2024\/06\/ESTADIO.jpg\" \/>\n\t<meta property=\"og:image:width\" content=\"2245\" \/>\n\t<meta property=\"og:image:height\" content=\"1271\" \/>\n\t<meta property=\"og:image:type\" content=\"image\/jpeg\" \/>\n<meta name=\"author\" content=\"Kuali Staff\" \/>\n<meta name=\"twitter:card\" content=\"summary_large_image\" \/>\n<meta name=\"twitter:creator\" content=\"@kuali_noticias\" \/>\n<meta name=\"twitter:site\" content=\"@kuali_noticias\" \/>\n<meta name=\"twitter:label1\" content=\"Escrito por\" \/>\n\t<meta name=\"twitter:data1\" content=\"Kuali Staff\" \/>\n\t<meta name=\"twitter:label2\" content=\"Tiempo de lectura\" \/>\n\t<meta name=\"twitter:data2\" content=\"1 minuto\" \/>\n<script type=\"application\/ld+json\" class=\"yoast-schema-graph\">{\"@context\":\"https:\\\/\\\/schema.org\",\"@graph\":[{\"@type\":\"Article\",\"@id\":\"https:\\\/\\\/kuali.com.mx\\\/web\\\/2024\\\/06\\\/18\\\/recibira-bajio-el-premundial-sub-20-de-concacaf\\\/#article\",\"isPartOf\":{\"@id\":\"https:\\\/\\\/kuali.com.mx\\\/web\\\/2024\\\/06\\\/18\\\/recibira-bajio-el-premundial-sub-20-de-concacaf\\\/\"},\"author\":{\"name\":\"Kuali Staff\",\"@id\":\"https:\\\/\\\/kuali.com.mx\\\/web\\\/#\\\/schema\\\/person\\\/6f89ffa8ecba9dae50662357923c5289\"},\"headline\":\"RECIBIR\u00c1 BAJ\u00cdO EL PREMUNDIAL SUB 20 DE CONCACAF\",\"datePublished\":\"2024-06-18T19:19:26+00:00\",\"dateModified\":\"2024-06-19T03:31:17+00:00\",\"mainEntityOfPage\":{\"@id\":\"https:\\\/\\\/kuali.com.mx\\\/web\\\/2024\\\/06\\\/18\\\/recibira-bajio-el-premundial-sub-20-de-concacaf\\\/\"},\"wordCount\":255,\"commentCount\":0,\"image\":{\"@id\":\"https:\\\/\\\/kuali.com.mx\\\/web\\\/2024\\\/06\\\/18\\\/recibira-bajio-el-premundial-sub-20-de-concacaf\\\/#primaryimage\"},\"thumbnailUrl\":\"https:\\\/\\\/kuali.com.mx\\\/web\\\/wp-content\\\/uploads\\\/2024\\\/06\\\/ESTADIO.jpg\",\"articleSection\":[\"Deportes\"],\"inLanguage\":\"es\",\"potentialAction\":[{\"@type\":\"CommentAction\",\"name\":\"Comment\",\"target\":[\"https:\\\/\\\/kuali.com.mx\\\/web\\\/2024\\\/06\\\/18\\\/recibira-bajio-el-premundial-sub-20-de-concacaf\\\/#respond\"]}]},{\"@type\":\"WebPage\",\"@id\":\"https:\\\/\\\/kuali.com.mx\\\/web\\\/2024\\\/06\\\/18\\\/recibira-bajio-el-premundial-sub-20-de-concacaf\\\/\",\"url\":\"https:\\\/\\\/kuali.com.mx\\\/web\\\/2024\\\/06\\\/18\\\/recibira-bajio-el-premundial-sub-20-de-concacaf\\\/\",\"name\":\"RECIBIR\u00c1 BAJ\u00cdO EL PREMUNDIAL SUB 20 DE CONCACAF - Kuali\",\"isPartOf\":{\"@id\":\"https:\\\/\\\/kuali.com.mx\\\/web\\\/#website\"},\"primaryImageOfPage\":{\"@id\":\"https:\\\/\\\/kuali.com.mx\\\/web\\\/2024\\\/06\\\/18\\\/recibira-bajio-el-premundial-sub-20-de-concacaf\\\/#primaryimage\"},\"image\":{\"@id\":\"https:\\\/\\\/kuali.com.mx\\\/web\\\/2024\\\/06\\\/18\\\/recibira-bajio-el-premundial-sub-20-de-concacaf\\\/#primaryimage\"},\"thumbnailUrl\":\"https:\\\/\\\/kuali.com.mx\\\/web\\\/wp-content\\\/uploads\\\/2024\\\/06\\\/ESTADIO.jpg\",\"datePublished\":\"2024-06-18T19:19:26+00:00\",\"dateModified\":\"2024-06-19T03:31:17+00:00\",\"author\":{\"@id\":\"https:\\\/\\\/kuali.com.mx\\\/web\\\/#\\\/schema\\\/person\\\/6f89ffa8ecba9dae50662357923c5289\"},\"breadcrumb\":{\"@id\":\"https:\\\/\\\/kuali.com.mx\\\/web\\\/2024\\\/06\\\/18\\\/recibira-bajio-el-premundial-sub-20-de-concacaf\\\/#breadcrumb\"},\"inLanguage\":\"es\",\"potentialAction\":[{\"@type\":\"ReadAction\",\"target\":[\"https:\\\/\\\/kuali.com.mx\\\/web\\\/2024\\\/06\\\/18\\\/recibira-bajio-el-premundial-sub-20-de-concacaf\\\/\"]}]},{\"@type\":\"ImageObject\",\"inLanguage\":\"es\",\"@id\":\"https:\\\/\\\/kuali.com.mx\\\/web\\\/2024\\\/06\\\/18\\\/recibira-bajio-el-premundial-sub-20-de-concacaf\\\/#primaryimage\",\"url\":\"https:\\\/\\\/kuali.com.mx\\\/web\\\/wp-content\\\/uploads\\\/2024\\\/06\\\/ESTADIO.jpg\",\"contentUrl\":\"https:\\\/\\\/kuali.com.mx\\\/web\\\/wp-content\\\/uploads\\\/2024\\\/06\\\/ESTADIO.jpg\",\"width\":2245,\"height\":1271},{\"@type\":\"BreadcrumbList\",\"@id\":\"https:\\\/\\\/kuali.com.mx\\\/web\\\/2024\\\/06\\\/18\\\/recibira-bajio-el-premundial-sub-20-de-concacaf\\\/#breadcrumb\",\"itemListElement\":[{\"@type\":\"ListItem\",\"position\":1,\"name\":\"Inicio\",\"item\":\"https:\\\/\\\/kuali.com.mx\\\/web\\\/\"},{\"@type\":\"ListItem\",\"position\":2,\"name\":\"RECIBIR\u00c1 BAJ\u00cdO EL PREMUNDIAL SUB 20 DE CONCACAF\"}]},{\"@type\":\"WebSite\",\"@id\":\"https:\\\/\\\/kuali.com.mx\\\/web\\\/#website\",\"url\":\"https:\\\/\\\/kuali.com.mx\\\/web\\\/\",\"name\":\"Kuali\",\"description\":\"\",\"potentialAction\":[{\"@type\":\"SearchAction\",\"target\":{\"@type\":\"EntryPoint\",\"urlTemplate\":\"https:\\\/\\\/kuali.com.mx\\\/web\\\/?s={search_term_string}\"},\"query-input\":{\"@type\":\"PropertyValueSpecification\",\"valueRequired\":true,\"valueName\":\"search_term_string\"}}],\"inLanguage\":\"es\"},{\"@type\":\"Person\",\"@id\":\"https:\\\/\\\/kuali.com.mx\\\/web\\\/#\\\/schema\\\/person\\\/6f89ffa8ecba9dae50662357923c5289\",\"name\":\"Kuali Staff\",\"image\":{\"@type\":\"ImageObject\",\"inLanguage\":\"es\",\"@id\":\"https:\\\/\\\/secure.gravatar.com\\\/avatar\\\/f917ad82e5ab71227a733c78b6e60715476f69ee6be59feee4eb5d9920c89e0f?s=96&d=mm&r=g\",\"url\":\"https:\\\/\\\/secure.gravatar.com\\\/avatar\\\/f917ad82e5ab71227a733c78b6e60715476f69ee6be59feee4eb5d9920c89e0f?s=96&d=mm&r=g\",\"contentUrl\":\"https:\\\/\\\/secure.gravatar.com\\\/avatar\\\/f917ad82e5ab71227a733c78b6e60715476f69ee6be59feee4eb5d9920c89e0f?s=96&d=mm&r=g\",\"caption\":\"Kuali Staff\"},\"url\":\"https:\\\/\\\/kuali.com.mx\\\/web\\\/author\\\/lagarto\\\/\"}]}<\/script>\n<!-- \/ Yoast SEO plugin. -->","yoast_head_json":{"title":"RECIBIR\u00c1 BAJ\u00cdO EL PREMUNDIAL SUB 20 DE CONCACAF - Kuali","robots":{"index":"index","follow":"follow","max-snippet":"max-snippet:-1","max-image-preview":"max-image-preview:large","max-video-preview":"max-video-preview:-1"},"canonical":"https:\/\/kuali.com.mx\/web\/2024\/06\/18\/recibira-bajio-el-premundial-sub-20-de-concacaf\/","og_locale":"es_MX","og_type":"article","og_title":"RECIBIR\u00c1 BAJ\u00cdO EL PREMUNDIAL SUB 20 DE CONCACAF - Kuali","og_description":"MariLuz Medina\/Irapuato, Gto.-El pr\u00f3ximo 19 de julio iniciara el Pre Mundial Sub 20 de Concacaf, el cual finalizara el 4 de agosto, pero este 2024 tendr\u00e1 dos escenarios in\u00e9ditos, en tierras del Baj\u00edo, Celaya e Irapuato, dos zonas por excelencia futboleras. Ser\u00e1n los estadios \"Miguel Alem\u00e1n Vald\u00e9s\" y el m\u00edtico \u201cSergio Leon Chavez\u201d, que albergaran [&hellip;]","og_url":"https:\/\/kuali.com.mx\/web\/2024\/06\/18\/recibira-bajio-el-premundial-sub-20-de-concacaf\/","og_site_name":"Kuali","article_publisher":"https:\/\/kuali.com.mx\/web\/wp-content\/uploads\/2018\/04\/cropped-kuali_logo-1-1.png","article_published_time":"2024-06-18T19:19:26+00:00","article_modified_time":"2024-06-19T03:31:17+00:00","og_image":[{"width":2245,"height":1271,"url":"https:\/\/kuali.com.mx\/web\/wp-content\/uploads\/2024\/06\/ESTADIO.jpg","type":"image\/jpeg"}],"author":"Kuali Staff","twitter_card":"summary_large_image","twitter_creator":"@kuali_noticias","twitter_site":"@kuali_noticias","twitter_misc":{"Escrito por":"Kuali Staff","Tiempo de lectura":"1 minuto"},"schema":{"@context":"https:\/\/schema.org","@graph":[{"@type":"Article","@id":"https:\/\/kuali.com.mx\/web\/2024\/06\/18\/recibira-bajio-el-premundial-sub-20-de-concacaf\/#article","isPartOf":{"@id":"https:\/\/kuali.com.mx\/web\/2024\/06\/18\/recibira-bajio-el-premundial-sub-20-de-concacaf\/"},"author":{"name":"Kuali Staff","@id":"https:\/\/kuali.com.mx\/web\/#\/schema\/person\/6f89ffa8ecba9dae50662357923c5289"},"headline":"RECIBIR\u00c1 BAJ\u00cdO EL PREMUNDIAL SUB 20 DE CONCACAF","datePublished":"2024-06-18T19:19:26+00:00","dateModified":"2024-06-19T03:31:17+00:00","mainEntityOfPage":{"@id":"https:\/\/kuali.com.mx\/web\/2024\/06\/18\/recibira-bajio-el-premundial-sub-20-de-concacaf\/"},"wordCount":255,"commentCount":0,"image":{"@id":"https:\/\/kuali.com.mx\/web\/2024\/06\/18\/recibira-bajio-el-premundial-sub-20-de-concacaf\/#primaryimage"},"thumbnailUrl":"https:\/\/kuali.com.mx\/web\/wp-content\/uploads\/2024\/06\/ESTADIO.jpg","articleSection":["Deportes"],"inLanguage":"es","potentialAction":[{"@type":"CommentAction","name":"Comment","target":["https:\/\/kuali.com.mx\/web\/2024\/06\/18\/recibira-bajio-el-premundial-sub-20-de-concacaf\/#respond"]}]},{"@type":"WebPage","@id":"https:\/\/kuali.com.mx\/web\/2024\/06\/18\/recibira-bajio-el-premundial-sub-20-de-concacaf\/","url":"https:\/\/kuali.com.mx\/web\/2024\/06\/18\/recibira-bajio-el-premundial-sub-20-de-concacaf\/","name":"RECIBIR\u00c1 BAJ\u00cdO EL PREMUNDIAL SUB 20 DE CONCACAF - Kuali","isPartOf":{"@id":"https:\/\/kuali.com.mx\/web\/#website"},"primaryImageOfPage":{"@id":"https:\/\/kuali.com.mx\/web\/2024\/06\/18\/recibira-bajio-el-premundial-sub-20-de-concacaf\/#primaryimage"},"image":{"@id":"https:\/\/kuali.com.mx\/web\/2024\/06\/18\/recibira-bajio-el-premundial-sub-20-de-concacaf\/#primaryimage"},"thumbnailUrl":"https:\/\/kuali.com.mx\/web\/wp-content\/uploads\/2024\/06\/ESTADIO.jpg","datePublished":"2024-06-18T19:19:26+00:00","dateModified":"2024-06-19T03:31:17+00:00","author":{"@id":"https:\/\/kuali.com.mx\/web\/#\/schema\/person\/6f89ffa8ecba9dae50662357923c5289"},"breadcrumb":{"@id":"https:\/\/kuali.com.mx\/web\/2024\/06\/18\/recibira-bajio-el-premundial-sub-20-de-concacaf\/#breadcrumb"},"inLanguage":"es","potentialAction":[{"@type":"ReadAction","target":["https:\/\/kuali.com.mx\/web\/2024\/06\/18\/recibira-bajio-el-premundial-sub-20-de-concacaf\/"]}]},{"@type":"ImageObject","inLanguage":"es","@id":"https:\/\/kuali.com.mx\/web\/2024\/06\/18\/recibira-bajio-el-premundial-sub-20-de-concacaf\/#primaryimage","url":"https:\/\/kuali.com.mx\/web\/wp-content\/uploads\/2024\/06\/ESTADIO.jpg","contentUrl":"https:\/\/kuali.com.mx\/web\/wp-content\/uploads\/2024\/06\/ESTADIO.jpg","width":2245,"height":1271},{"@type":"BreadcrumbList","@id":"https:\/\/kuali.com.mx\/web\/2024\/06\/18\/recibira-bajio-el-premundial-sub-20-de-concacaf\/#breadcrumb","itemListElement":[{"@type":"ListItem","position":1,"name":"Inicio","item":"https:\/\/kuali.com.mx\/web\/"},{"@type":"ListItem","position":2,"name":"RECIBIR\u00c1 BAJ\u00cdO EL PREMUNDIAL SUB 20 DE CONCACAF"}]},{"@type":"WebSite","@id":"https:\/\/kuali.com.mx\/web\/#website","url":"https:\/\/kuali.com.mx\/web\/","name":"Kuali","description":"","potentialAction":[{"@type":"SearchAction","target":{"@type":"EntryPoint","urlTemplate":"https:\/\/kuali.com.mx\/web\/?s={search_term_string}"},"query-input":{"@type":"PropertyValueSpecification","valueRequired":true,"valueName":"search_term_string"}}],"inLanguage":"es"},{"@type":"Person","@id":"https:\/\/kuali.com.mx\/web\/#\/schema\/person\/6f89ffa8ecba9dae50662357923c5289","name":"Kuali Staff","image":{"@type":"ImageObject","inLanguage":"es","@id":"https:\/\/secure.gravatar.com\/avatar\/f917ad82e5ab71227a733c78b6e60715476f69ee6be59feee4eb5d9920c89e0f?s=96&d=mm&r=g","url":"https:\/\/secure.gravatar.com\/avatar\/f917ad82e5ab71227a733c78b6e60715476f69ee6be59feee4eb5d9920c89e0f?s=96&d=mm&r=g","contentUrl":"https:\/\/secure.gravatar.com\/avatar\/f917ad82e5ab71227a733c78b6e60715476f69ee6be59feee4eb5d9920c89e0f?s=96&d=mm&r=g","caption":"Kuali Staff"},"url":"https:\/\/kuali.com.mx\/web\/author\/lagarto\/"}]}},"_links":{"self":[{"href":"https:\/\/kuali.com.mx\/web\/wp-json\/wp\/v2\/posts\/146001","targetHints":{"allow":["GET"]}}],"collection":[{"href":"https:\/\/kuali.com.mx\/web\/wp-json\/wp\/v2\/posts"}],"about":[{"href":"https:\/\/kuali.com.mx\/web\/wp-json\/wp\/v2\/types\/post"}],"author":[{"embeddable":true,"href":"https:\/\/kuali.com.mx\/web\/wp-json\/wp\/v2\/users\/2"}],"replies":[{"embeddable":true,"href":"https:\/\/kuali.com.mx\/web\/wp-json\/wp\/v2\/comments?post=146001"}],"version-history":[{"count":2,"href":"https:\/\/kuali.com.mx\/web\/wp-json\/wp\/v2\/posts\/146001\/revisions"}],"predecessor-version":[{"id":146074,"href":"https:\/\/kuali.com.mx\/web\/wp-json\/wp\/v2\/posts\/146001\/revisions\/146074"}],"wp:featuredmedia":[{"embeddable":true,"href":"https:\/\/kuali.com.mx\/web\/wp-json\/wp\/v2\/media\/146003"}],"wp:attachment":[{"href":"https:\/\/kuali.com.mx\/web\/wp-json\/wp\/v2\/media?parent=146001"}],"wp:term":[{"taxonomy":"category","embeddable":true,"href":"https:\/\/kuali.com.mx\/web\/wp-json\/wp\/v2\/categories?post=146001"},{"taxonomy":"post_tag","embeddable":true,"href":"https:\/\/kuali.com.mx\/web\/wp-json\/wp\/v2\/tags?post=146001"}],"curies":[{"name":"wp","href":"https:\/\/api.w.org\/{rel}","templated":true}]}}