{"id":145938,"date":"2024-06-17T15:14:00","date_gmt":"2024-06-17T21:14:00","guid":{"rendered":"https:\/\/kuali.com.mx\/web\/?p=145938"},"modified":"2024-06-17T20:17:16","modified_gmt":"2024-06-18T02:17:16","slug":"lanzan-convocatoria-para-rector-del-campus-guanajuato","status":"publish","type":"post","link":"https:\/\/kuali.com.mx\/web\/2024\/06\/17\/lanzan-convocatoria-para-rector-del-campus-guanajuato\/","title":{"rendered":"LANZAN CONVOCATORIA PARA RECTOR DEL CAMPUS GUANAJUATO"},"content":{"rendered":"\n<p><strong><em>Kuali\/Guanajuato, Gto.-<\/em><\/strong> El Consejo Universitario public\u00f3 la Convocatoria para el Proceso de Designaci\u00f3n del  Titular de la Rector\u00eda del Campus Guanajuato de la Universidad de Guanajuato (UG) \u00b4por el  periodo 2024-2028.<\/p>\n\n\n\n<p>El Consejo Universitario del Campus Guanajuato, aprob\u00f3 los t\u00e9rminos de la Convocatoria para \u201cparticipar con integridad, respeto, libertad, responsabilidad, verdad y justicia\u201d en el citado proceso, en el cual pueden registrarse las y los interesados, o bien, quienes formen parte de la comunidad universitaria del Campus Guanajuato, podr\u00e1n nominar a otras personas integrantes de la misma comunidad que consideren cumplen con los requisitos establecidos.&nbsp;<\/p>\n\n\n\n<p>Asimismo, el Consejo Universitario del Campus Guanajuato, aprob\u00f3 la integraci\u00f3n de la \u201cComisi\u00f3n Especial para Substanciar el Proceso de Designaci\u00f3n de la Persona Titular de la Rector\u00eda del Campus Guanajuato para el periodo 2024-2028\u201d.&nbsp;<\/p>\n\n\n\n<p>Como Presidente de la Comisi\u00f3n Especial, se design\u00f3 al Mtro. Gabriel Alejandro Andreu de Riquer, Secretario Acad\u00e9mico del Campus Guanajuato, y se integran el Dr. Miguel \u00c1ngel Hern\u00e1ndez Fuentes, director de la Divisi\u00f3n de Ciencias Sociales y Humanidades; el Dr. Francisco Javier Vel\u00e1zquez Sagah\u00f3n, director del Departamento de Estudios Organizacionales, de la Divisi\u00f3n de Ciencias Econ\u00f3mico Administrativas.&nbsp;<\/p>\n\n\n\n<p>Asimismo, la Dra. Clarisa Villegas G\u00f3mez, representante el personal acad\u00e9mico del Departamento de Qu\u00edmica, de la Divisi\u00f3n de Ciencias Naturales y Exactas; el Dr. Jos\u00e9 Alberto Ochoa Ram\u00edrez, representante del personal acad\u00e9mico del Departamento de Arquitectura, de la Divisi\u00f3n de Arquitectura, Arte y Dise\u00f1o, y Secretario de la Comisi\u00f3n Especial; Armando Herrera Navarrete, representante n\u00famero tres de las y los estudiantes de la Divisi\u00f3n de Derecho, Pol\u00edtica y Gobierno y Jes\u00fas Humberto Arredondo Villanueva, representante n\u00famero tres de las y los estudiantes de la Divisi\u00f3n de Ingenier\u00edas.&nbsp;<\/p>\n\n\n\n<p>Las solicitudes de registro deber\u00e1n dirigirse a la Comisi\u00f3n Especial a partir del 27 de junio y hasta las 15:00 horas del 28 de junio de 2024, mientras que los registros se llevar\u00e1n a cabo en los Espacios Magnos, Sede Marfil, los d\u00edas 1, 2, 3 y 4 de julio, entre las 10:00 y las 14:00 horas.&nbsp;<\/p>\n\n\n\n<p>Las personas aspirantes deber\u00e1n presentar un proyecto de desarrollo para la Universidad de Guanajuato, enfocado al Campus Guanajuato, que refleje conocimiento de la realidad institucional y capacidad de conducci\u00f3n.&nbsp;<\/p>\n\n\n\n<p>El d\u00eda 30 de julio de 2024, la Comisi\u00f3n Especial presentar\u00e1 su dictamen sobre el cumplimiento o incumplimiento de los requisitos de las personas aspirantes registradas para ser consideradas candidatas, el cual se someter\u00e1 a discusi\u00f3n y, en su caso, aprobaci\u00f3n por parte del Pleno del Consejo Universitario del Campus Guanajuato.&nbsp;<\/p>\n\n\n\n<p>Cabe citar que la comunidad universitaria podr\u00e1 expresar su opini\u00f3n sobre el perfil y trayectoria de la persona candidata, su proyecto para el desarrollo de la Universidad enfocado al Campus Guanajuato, su conocimiento de la realidad institucional y su capacidad para conducir al Campus Guanajuato.&nbsp;<\/p>\n\n\n\n<p>La comunidad universitaria podr\u00e1 consultar el proyecto y perfil de las personas candidatas en el sitio&nbsp;<a href=\"https:\/\/www.ugto.mx\/campusgto\/procesodesignacion20-24\" target=\"_blank\" rel=\"noreferrer noopener\">https:\/\/www.ugto.mx\/campusgto\/procesodesignacion20-24<\/a>&nbsp;del Campus Guanajuato a partir del 30 de julio de 2024, una vez que el Consejo Universitario del Campus defina qu\u00e9 personas aspirantes cumplen con los requisitos para ser consideradas candidatas.&nbsp;<\/p>\n\n\n\n<p>De igual manera, la Comisi\u00f3n Especial recabar\u00e1 las opiniones de la comunidad universitaria mediante la cuenta de correo electr\u00f3nico&nbsp;<a href=\"mailto:procesorcg2024@ugto.mx\">procesorcg2024@ugto.mx<\/a>&nbsp;y una serie de seis foros: el mi\u00e9rcoles 7 de agosto en el Claustro \u201cSebasti\u00e1n Sanzberro\u201d, Sede DCEA a las 10:00 horas; ese mismo d\u00eda, pero en el Auditorio \u201cMar\u00eda Elena Morales\u201d, Sede Calzada de Guadalupe, DCSH a las 17:00 horas.&nbsp;<\/p>\n\n\n\n<p>&nbsp;El jueves 8 de agosto en el Sal\u00f3n de Actos de la DDPG, a las 16:00 horas; el lunes 12 de agosto en el Auditorio \u201cSalvador Y\u00e1\u00f1ez\u201d, Sede Bel\u00e9n DI, a las 10:00 horas; el lunes 12 de agosto en el Auditorio \u201cSalvador Y\u00e1\u00f1ez\u201d, Sede Bel\u00e9n DAAD a las 17:00 horas y el martes 13 de agosto en el Auditorio \u201cEfra\u00edn G\u00f3mez Dur\u00e1n, Sede Noria Alta, DCNE a las 17:00 horas.&nbsp;<\/p>\n\n\n\n<p>El 20 de agosto, en sesi\u00f3n extraordinaria del Consejo Universitario del Campus Guanajuato: la Comisi\u00f3n Especial rendir\u00e1 su informe sobre el proceso de consulta a la comunidad universitaria; las personas candidatas presentar\u00e1n ante el Pleno sus respectivos proyectos de desarrollo y, el Pleno, resolver\u00e1 sobre la o las candidaturas que propondr\u00e1 a la Junta Directiva.&nbsp;<\/p>\n\n\n\n<p>En el marco de la autonom\u00eda universitaria que prevalece en nuestra Casa de Estudios, el proceso de auscultaci\u00f3n que establece la fracci\u00f3n XII del art\u00edculo 75 del Estatuto Org\u00e1nico, en relaci\u00f3n con el art\u00edculo 24, fracci\u00f3n VI, de la Ley Org\u00e1nica, podr\u00e1n participar exclusivamente quienes integran la comunidad universitaria.&nbsp;<\/p>\n\n\n\n<p>De conformidad con la normatividad universitaria y nuestro C\u00f3digo de \u00c9tica, en todo el proceso deber\u00e1n prevalecer los principios de libertad, equidad, pluralidad, imparcialidad, respeto y participaci\u00f3n, inherentes a la vida universitaria.&nbsp;<\/p>\n","protected":false},"excerpt":{"rendered":"Kuali\/Guanajuato, Gto.- El Consejo Universitario public\u00f3 la Convocatoria para el Proceso de Designaci\u00f3n del Titular de la Rector\u00eda del Campus Guanajuato de la Universidad de Guanajuato (UG) \u00b4por el periodo 2024-2028. El Consejo Universitario del Campus Guanajuato, aprob\u00f3 los t\u00e9rminos de la Convocatoria para \u201cparticipar con integridad, respeto, libertad, responsabilidad, verdad y justicia\u201d en el [&hellip;]","protected":false},"author":2,"featured_media":145942,"comment_status":"open","ping_status":"open","sticky":false,"template":"","format":"standard","meta":{"_seopress_robots_primary_cat":"none","_seopress_titles_title":"","_seopress_titles_desc":"","_seopress_robots_index":"","_monsterinsights_skip_tracking":false,"_monsterinsights_sitenote_active":false,"_monsterinsights_sitenote_note":"","_monsterinsights_sitenote_category":0,"footnotes":""},"categories":[4],"tags":[],"class_list":["post-145938","post","type-post","status-publish","format-standard","has-post-thumbnail","hentry","category-educacion"],"yoast_head":"<!-- This site is optimized with the Yoast SEO plugin v27.4 - https:\/\/yoast.com\/product\/yoast-seo-wordpress\/ -->\n<title>LANZAN CONVOCATORIA PARA RECTOR DEL CAMPUS GUANAJUATO - Kuali<\/title>\n<meta name=\"robots\" content=\"index, follow, max-snippet:-1, max-image-preview:large, max-video-preview:-1\" \/>\n<link rel=\"canonical\" href=\"https:\/\/kuali.com.mx\/web\/2024\/06\/17\/lanzan-convocatoria-para-rector-del-campus-guanajuato\/\" \/>\n<meta property=\"og:locale\" content=\"es_MX\" \/>\n<meta property=\"og:type\" content=\"article\" \/>\n<meta property=\"og:title\" content=\"LANZAN CONVOCATORIA PARA RECTOR DEL CAMPUS GUANAJUATO - Kuali\" \/>\n<meta property=\"og:description\" content=\"Kuali\/Guanajuato, Gto.- El Consejo Universitario public\u00f3 la Convocatoria para el Proceso de Designaci\u00f3n del Titular de la Rector\u00eda del Campus Guanajuato de la Universidad de Guanajuato (UG) \u00b4por el periodo 2024-2028. El Consejo Universitario del Campus Guanajuato, aprob\u00f3 los t\u00e9rminos de la Convocatoria para \u201cparticipar con integridad, respeto, libertad, responsabilidad, verdad y justicia\u201d en el [&hellip;]\" \/>\n<meta property=\"og:url\" content=\"https:\/\/kuali.com.mx\/web\/2024\/06\/17\/lanzan-convocatoria-para-rector-del-campus-guanajuato\/\" \/>\n<meta property=\"og:site_name\" content=\"Kuali\" \/>\n<meta property=\"article:publisher\" content=\"https:\/\/kuali.com.mx\/web\/wp-content\/uploads\/2018\/04\/cropped-kuali_logo-1-1.png\" \/>\n<meta property=\"article:published_time\" content=\"2024-06-17T21:14:00+00:00\" \/>\n<meta property=\"article:modified_time\" content=\"2024-06-18T02:17:16+00:00\" \/>\n<meta property=\"og:image\" content=\"https:\/\/kuali.com.mx\/web\/wp-content\/uploads\/2024\/06\/Campus-gto-UG-scaled.jpg\" \/>\n\t<meta property=\"og:image:width\" content=\"2560\" \/>\n\t<meta property=\"og:image:height\" content=\"1707\" \/>\n\t<meta property=\"og:image:type\" content=\"image\/jpeg\" \/>\n<meta name=\"author\" content=\"Kuali Staff\" \/>\n<meta name=\"twitter:card\" content=\"summary_large_image\" \/>\n<meta name=\"twitter:creator\" content=\"@kuali_noticias\" \/>\n<meta name=\"twitter:site\" content=\"@kuali_noticias\" \/>\n<meta name=\"twitter:label1\" content=\"Escrito por\" \/>\n\t<meta name=\"twitter:data1\" content=\"Kuali Staff\" \/>\n\t<meta name=\"twitter:label2\" content=\"Tiempo de lectura\" \/>\n\t<meta name=\"twitter:data2\" content=\"4 minutos\" \/>\n<script type=\"application\/ld+json\" class=\"yoast-schema-graph\">{\"@context\":\"https:\\\/\\\/schema.org\",\"@graph\":[{\"@type\":\"Article\",\"@id\":\"https:\\\/\\\/kuali.com.mx\\\/web\\\/2024\\\/06\\\/17\\\/lanzan-convocatoria-para-rector-del-campus-guanajuato\\\/#article\",\"isPartOf\":{\"@id\":\"https:\\\/\\\/kuali.com.mx\\\/web\\\/2024\\\/06\\\/17\\\/lanzan-convocatoria-para-rector-del-campus-guanajuato\\\/\"},\"author\":{\"name\":\"Kuali Staff\",\"@id\":\"https:\\\/\\\/kuali.com.mx\\\/web\\\/#\\\/schema\\\/person\\\/6f89ffa8ecba9dae50662357923c5289\"},\"headline\":\"LANZAN CONVOCATORIA PARA RECTOR DEL CAMPUS GUANAJUATO\",\"datePublished\":\"2024-06-17T21:14:00+00:00\",\"dateModified\":\"2024-06-18T02:17:16+00:00\",\"mainEntityOfPage\":{\"@id\":\"https:\\\/\\\/kuali.com.mx\\\/web\\\/2024\\\/06\\\/17\\\/lanzan-convocatoria-para-rector-del-campus-guanajuato\\\/\"},\"wordCount\":852,\"commentCount\":0,\"image\":{\"@id\":\"https:\\\/\\\/kuali.com.mx\\\/web\\\/2024\\\/06\\\/17\\\/lanzan-convocatoria-para-rector-del-campus-guanajuato\\\/#primaryimage\"},\"thumbnailUrl\":\"https:\\\/\\\/kuali.com.mx\\\/web\\\/wp-content\\\/uploads\\\/2024\\\/06\\\/Campus-gto-UG-scaled.jpg\",\"articleSection\":[\"Educaci\u00f3n\"],\"inLanguage\":\"es\",\"potentialAction\":[{\"@type\":\"CommentAction\",\"name\":\"Comment\",\"target\":[\"https:\\\/\\\/kuali.com.mx\\\/web\\\/2024\\\/06\\\/17\\\/lanzan-convocatoria-para-rector-del-campus-guanajuato\\\/#respond\"]}]},{\"@type\":\"WebPage\",\"@id\":\"https:\\\/\\\/kuali.com.mx\\\/web\\\/2024\\\/06\\\/17\\\/lanzan-convocatoria-para-rector-del-campus-guanajuato\\\/\",\"url\":\"https:\\\/\\\/kuali.com.mx\\\/web\\\/2024\\\/06\\\/17\\\/lanzan-convocatoria-para-rector-del-campus-guanajuato\\\/\",\"name\":\"LANZAN CONVOCATORIA PARA RECTOR DEL CAMPUS GUANAJUATO - Kuali\",\"isPartOf\":{\"@id\":\"https:\\\/\\\/kuali.com.mx\\\/web\\\/#website\"},\"primaryImageOfPage\":{\"@id\":\"https:\\\/\\\/kuali.com.mx\\\/web\\\/2024\\\/06\\\/17\\\/lanzan-convocatoria-para-rector-del-campus-guanajuato\\\/#primaryimage\"},\"image\":{\"@id\":\"https:\\\/\\\/kuali.com.mx\\\/web\\\/2024\\\/06\\\/17\\\/lanzan-convocatoria-para-rector-del-campus-guanajuato\\\/#primaryimage\"},\"thumbnailUrl\":\"https:\\\/\\\/kuali.com.mx\\\/web\\\/wp-content\\\/uploads\\\/2024\\\/06\\\/Campus-gto-UG-scaled.jpg\",\"datePublished\":\"2024-06-17T21:14:00+00:00\",\"dateModified\":\"2024-06-18T02:17:16+00:00\",\"author\":{\"@id\":\"https:\\\/\\\/kuali.com.mx\\\/web\\\/#\\\/schema\\\/person\\\/6f89ffa8ecba9dae50662357923c5289\"},\"breadcrumb\":{\"@id\":\"https:\\\/\\\/kuali.com.mx\\\/web\\\/2024\\\/06\\\/17\\\/lanzan-convocatoria-para-rector-del-campus-guanajuato\\\/#breadcrumb\"},\"inLanguage\":\"es\",\"potentialAction\":[{\"@type\":\"ReadAction\",\"target\":[\"https:\\\/\\\/kuali.com.mx\\\/web\\\/2024\\\/06\\\/17\\\/lanzan-convocatoria-para-rector-del-campus-guanajuato\\\/\"]}]},{\"@type\":\"ImageObject\",\"inLanguage\":\"es\",\"@id\":\"https:\\\/\\\/kuali.com.mx\\\/web\\\/2024\\\/06\\\/17\\\/lanzan-convocatoria-para-rector-del-campus-guanajuato\\\/#primaryimage\",\"url\":\"https:\\\/\\\/kuali.com.mx\\\/web\\\/wp-content\\\/uploads\\\/2024\\\/06\\\/Campus-gto-UG-scaled.jpg\",\"contentUrl\":\"https:\\\/\\\/kuali.com.mx\\\/web\\\/wp-content\\\/uploads\\\/2024\\\/06\\\/Campus-gto-UG-scaled.jpg\",\"width\":2560,\"height\":1707},{\"@type\":\"BreadcrumbList\",\"@id\":\"https:\\\/\\\/kuali.com.mx\\\/web\\\/2024\\\/06\\\/17\\\/lanzan-convocatoria-para-rector-del-campus-guanajuato\\\/#breadcrumb\",\"itemListElement\":[{\"@type\":\"ListItem\",\"position\":1,\"name\":\"Inicio\",\"item\":\"https:\\\/\\\/kuali.com.mx\\\/web\\\/\"},{\"@type\":\"ListItem\",\"position\":2,\"name\":\"LANZAN CONVOCATORIA PARA RECTOR DEL CAMPUS GUANAJUATO\"}]},{\"@type\":\"WebSite\",\"@id\":\"https:\\\/\\\/kuali.com.mx\\\/web\\\/#website\",\"url\":\"https:\\\/\\\/kuali.com.mx\\\/web\\\/\",\"name\":\"Kuali\",\"description\":\"\",\"potentialAction\":[{\"@type\":\"SearchAction\",\"target\":{\"@type\":\"EntryPoint\",\"urlTemplate\":\"https:\\\/\\\/kuali.com.mx\\\/web\\\/?s={search_term_string}\"},\"query-input\":{\"@type\":\"PropertyValueSpecification\",\"valueRequired\":true,\"valueName\":\"search_term_string\"}}],\"inLanguage\":\"es\"},{\"@type\":\"Person\",\"@id\":\"https:\\\/\\\/kuali.com.mx\\\/web\\\/#\\\/schema\\\/person\\\/6f89ffa8ecba9dae50662357923c5289\",\"name\":\"Kuali Staff\",\"image\":{\"@type\":\"ImageObject\",\"inLanguage\":\"es\",\"@id\":\"https:\\\/\\\/secure.gravatar.com\\\/avatar\\\/f917ad82e5ab71227a733c78b6e60715476f69ee6be59feee4eb5d9920c89e0f?s=96&d=mm&r=g\",\"url\":\"https:\\\/\\\/secure.gravatar.com\\\/avatar\\\/f917ad82e5ab71227a733c78b6e60715476f69ee6be59feee4eb5d9920c89e0f?s=96&d=mm&r=g\",\"contentUrl\":\"https:\\\/\\\/secure.gravatar.com\\\/avatar\\\/f917ad82e5ab71227a733c78b6e60715476f69ee6be59feee4eb5d9920c89e0f?s=96&d=mm&r=g\",\"caption\":\"Kuali Staff\"},\"url\":\"https:\\\/\\\/kuali.com.mx\\\/web\\\/author\\\/lagarto\\\/\"}]}<\/script>\n<!-- \/ Yoast SEO plugin. -->","yoast_head_json":{"title":"LANZAN CONVOCATORIA PARA RECTOR DEL CAMPUS GUANAJUATO - Kuali","robots":{"index":"index","follow":"follow","max-snippet":"max-snippet:-1","max-image-preview":"max-image-preview:large","max-video-preview":"max-video-preview:-1"},"canonical":"https:\/\/kuali.com.mx\/web\/2024\/06\/17\/lanzan-convocatoria-para-rector-del-campus-guanajuato\/","og_locale":"es_MX","og_type":"article","og_title":"LANZAN CONVOCATORIA PARA RECTOR DEL CAMPUS GUANAJUATO - Kuali","og_description":"Kuali\/Guanajuato, Gto.- El Consejo Universitario public\u00f3 la Convocatoria para el Proceso de Designaci\u00f3n del Titular de la Rector\u00eda del Campus Guanajuato de la Universidad de Guanajuato (UG) \u00b4por el periodo 2024-2028. El Consejo Universitario del Campus Guanajuato, aprob\u00f3 los t\u00e9rminos de la Convocatoria para \u201cparticipar con integridad, respeto, libertad, responsabilidad, verdad y justicia\u201d en el [&hellip;]","og_url":"https:\/\/kuali.com.mx\/web\/2024\/06\/17\/lanzan-convocatoria-para-rector-del-campus-guanajuato\/","og_site_name":"Kuali","article_publisher":"https:\/\/kuali.com.mx\/web\/wp-content\/uploads\/2018\/04\/cropped-kuali_logo-1-1.png","article_published_time":"2024-06-17T21:14:00+00:00","article_modified_time":"2024-06-18T02:17:16+00:00","og_image":[{"width":2560,"height":1707,"url":"https:\/\/kuali.com.mx\/web\/wp-content\/uploads\/2024\/06\/Campus-gto-UG-scaled.jpg","type":"image\/jpeg"}],"author":"Kuali Staff","twitter_card":"summary_large_image","twitter_creator":"@kuali_noticias","twitter_site":"@kuali_noticias","twitter_misc":{"Escrito por":"Kuali Staff","Tiempo de lectura":"4 minutos"},"schema":{"@context":"https:\/\/schema.org","@graph":[{"@type":"Article","@id":"https:\/\/kuali.com.mx\/web\/2024\/06\/17\/lanzan-convocatoria-para-rector-del-campus-guanajuato\/#article","isPartOf":{"@id":"https:\/\/kuali.com.mx\/web\/2024\/06\/17\/lanzan-convocatoria-para-rector-del-campus-guanajuato\/"},"author":{"name":"Kuali Staff","@id":"https:\/\/kuali.com.mx\/web\/#\/schema\/person\/6f89ffa8ecba9dae50662357923c5289"},"headline":"LANZAN CONVOCATORIA PARA RECTOR DEL CAMPUS GUANAJUATO","datePublished":"2024-06-17T21:14:00+00:00","dateModified":"2024-06-18T02:17:16+00:00","mainEntityOfPage":{"@id":"https:\/\/kuali.com.mx\/web\/2024\/06\/17\/lanzan-convocatoria-para-rector-del-campus-guanajuato\/"},"wordCount":852,"commentCount":0,"image":{"@id":"https:\/\/kuali.com.mx\/web\/2024\/06\/17\/lanzan-convocatoria-para-rector-del-campus-guanajuato\/#primaryimage"},"thumbnailUrl":"https:\/\/kuali.com.mx\/web\/wp-content\/uploads\/2024\/06\/Campus-gto-UG-scaled.jpg","articleSection":["Educaci\u00f3n"],"inLanguage":"es","potentialAction":[{"@type":"CommentAction","name":"Comment","target":["https:\/\/kuali.com.mx\/web\/2024\/06\/17\/lanzan-convocatoria-para-rector-del-campus-guanajuato\/#respond"]}]},{"@type":"WebPage","@id":"https:\/\/kuali.com.mx\/web\/2024\/06\/17\/lanzan-convocatoria-para-rector-del-campus-guanajuato\/","url":"https:\/\/kuali.com.mx\/web\/2024\/06\/17\/lanzan-convocatoria-para-rector-del-campus-guanajuato\/","name":"LANZAN CONVOCATORIA PARA RECTOR DEL CAMPUS GUANAJUATO - Kuali","isPartOf":{"@id":"https:\/\/kuali.com.mx\/web\/#website"},"primaryImageOfPage":{"@id":"https:\/\/kuali.com.mx\/web\/2024\/06\/17\/lanzan-convocatoria-para-rector-del-campus-guanajuato\/#primaryimage"},"image":{"@id":"https:\/\/kuali.com.mx\/web\/2024\/06\/17\/lanzan-convocatoria-para-rector-del-campus-guanajuato\/#primaryimage"},"thumbnailUrl":"https:\/\/kuali.com.mx\/web\/wp-content\/uploads\/2024\/06\/Campus-gto-UG-scaled.jpg","datePublished":"2024-06-17T21:14:00+00:00","dateModified":"2024-06-18T02:17:16+00:00","author":{"@id":"https:\/\/kuali.com.mx\/web\/#\/schema\/person\/6f89ffa8ecba9dae50662357923c5289"},"breadcrumb":{"@id":"https:\/\/kuali.com.mx\/web\/2024\/06\/17\/lanzan-convocatoria-para-rector-del-campus-guanajuato\/#breadcrumb"},"inLanguage":"es","potentialAction":[{"@type":"ReadAction","target":["https:\/\/kuali.com.mx\/web\/2024\/06\/17\/lanzan-convocatoria-para-rector-del-campus-guanajuato\/"]}]},{"@type":"ImageObject","inLanguage":"es","@id":"https:\/\/kuali.com.mx\/web\/2024\/06\/17\/lanzan-convocatoria-para-rector-del-campus-guanajuato\/#primaryimage","url":"https:\/\/kuali.com.mx\/web\/wp-content\/uploads\/2024\/06\/Campus-gto-UG-scaled.jpg","contentUrl":"https:\/\/kuali.com.mx\/web\/wp-content\/uploads\/2024\/06\/Campus-gto-UG-scaled.jpg","width":2560,"height":1707},{"@type":"BreadcrumbList","@id":"https:\/\/kuali.com.mx\/web\/2024\/06\/17\/lanzan-convocatoria-para-rector-del-campus-guanajuato\/#breadcrumb","itemListElement":[{"@type":"ListItem","position":1,"name":"Inicio","item":"https:\/\/kuali.com.mx\/web\/"},{"@type":"ListItem","position":2,"name":"LANZAN CONVOCATORIA PARA RECTOR DEL CAMPUS GUANAJUATO"}]},{"@type":"WebSite","@id":"https:\/\/kuali.com.mx\/web\/#website","url":"https:\/\/kuali.com.mx\/web\/","name":"Kuali","description":"","potentialAction":[{"@type":"SearchAction","target":{"@type":"EntryPoint","urlTemplate":"https:\/\/kuali.com.mx\/web\/?s={search_term_string}"},"query-input":{"@type":"PropertyValueSpecification","valueRequired":true,"valueName":"search_term_string"}}],"inLanguage":"es"},{"@type":"Person","@id":"https:\/\/kuali.com.mx\/web\/#\/schema\/person\/6f89ffa8ecba9dae50662357923c5289","name":"Kuali Staff","image":{"@type":"ImageObject","inLanguage":"es","@id":"https:\/\/secure.gravatar.com\/avatar\/f917ad82e5ab71227a733c78b6e60715476f69ee6be59feee4eb5d9920c89e0f?s=96&d=mm&r=g","url":"https:\/\/secure.gravatar.com\/avatar\/f917ad82e5ab71227a733c78b6e60715476f69ee6be59feee4eb5d9920c89e0f?s=96&d=mm&r=g","contentUrl":"https:\/\/secure.gravatar.com\/avatar\/f917ad82e5ab71227a733c78b6e60715476f69ee6be59feee4eb5d9920c89e0f?s=96&d=mm&r=g","caption":"Kuali Staff"},"url":"https:\/\/kuali.com.mx\/web\/author\/lagarto\/"}]}},"_links":{"self":[{"href":"https:\/\/kuali.com.mx\/web\/wp-json\/wp\/v2\/posts\/145938","targetHints":{"allow":["GET"]}}],"collection":[{"href":"https:\/\/kuali.com.mx\/web\/wp-json\/wp\/v2\/posts"}],"about":[{"href":"https:\/\/kuali.com.mx\/web\/wp-json\/wp\/v2\/types\/post"}],"author":[{"embeddable":true,"href":"https:\/\/kuali.com.mx\/web\/wp-json\/wp\/v2\/users\/2"}],"replies":[{"embeddable":true,"href":"https:\/\/kuali.com.mx\/web\/wp-json\/wp\/v2\/comments?post=145938"}],"version-history":[{"count":1,"href":"https:\/\/kuali.com.mx\/web\/wp-json\/wp\/v2\/posts\/145938\/revisions"}],"predecessor-version":[{"id":145943,"href":"https:\/\/kuali.com.mx\/web\/wp-json\/wp\/v2\/posts\/145938\/revisions\/145943"}],"wp:featuredmedia":[{"embeddable":true,"href":"https:\/\/kuali.com.mx\/web\/wp-json\/wp\/v2\/media\/145942"}],"wp:attachment":[{"href":"https:\/\/kuali.com.mx\/web\/wp-json\/wp\/v2\/media?parent=145938"}],"wp:term":[{"taxonomy":"category","embeddable":true,"href":"https:\/\/kuali.com.mx\/web\/wp-json\/wp\/v2\/categories?post=145938"},{"taxonomy":"post_tag","embeddable":true,"href":"https:\/\/kuali.com.mx\/web\/wp-json\/wp\/v2\/tags?post=145938"}],"curies":[{"name":"wp","href":"https:\/\/api.w.org\/{rel}","templated":true}]}}