{"id":145928,"date":"2024-06-17T20:04:07","date_gmt":"2024-06-18T02:04:07","guid":{"rendered":"https:\/\/kuali.com.mx\/web\/?p=145928"},"modified":"2024-06-17T20:04:09","modified_gmt":"2024-06-18T02:04:09","slug":"renuncia-lopez-mares-a-dirigencia-del-pan","status":"publish","type":"post","link":"https:\/\/kuali.com.mx\/web\/2024\/06\/17\/renuncia-lopez-mares-a-dirigencia-del-pan\/","title":{"rendered":"RENUNCIA L\u00d3PEZ MARES A DIRIGENCIA DEL PAN"},"content":{"rendered":"\n<p><strong>Milagros Tadeo\/Le\u00f3n, Gto.-&nbsp;<\/strong>Eduardo L\u00f3pez Mares anunci\u00f3 su renuncia como dirigente del Partido Acci\u00f3n Nacional (PAN) en Guanajuato, siendo Estrella Ortiz; secretar\u00eda general quien asumir\u00e1 las funciones de dirigente provisional en tanto se lanza la convocatoria para elegir al nuevo l\u00edder estatal.<\/p>\n\n\n\n<p>Fue a trav\u00e9s de redes sociales, como L\u00f3pez Mares inform\u00f3 a la militancia y ciudadan\u00eda su decisi\u00f3n de dejar el cargo que ostentaba desde septiembre de 2021.<\/p>\n\n\n\n<p>\u201cDespu\u00e9s de un an\u00e1lisis de mis responsabilidades, de mis compromisos y oportunidades he llegado a la decisi\u00f3n de renunciar a mi cargo como presidente del Comit\u00e9 Directivo Estatal del PAN en Guanajuato. Me voy contento y con el deber cumplido, hoy Guanajuato sigue siendo el basti\u00f3n panista de M\u00e9xico (\u2026)\u201d, extern\u00f3 a trav\u00e9s de un video.<\/p>\n\n\n\n<p>Agreg\u00f3 que se va satisfecho con los logros alcanzados como l\u00edder del PAN y dijo que seguir\u00e1 trabajando a favor del PAN, deseando \u00e9xito ante los desaf\u00edos pol\u00edticos que se tendr\u00e1n.<\/p>\n\n\n\n<p>Cabe mencionar que aunque ser\u00e1 hasta septiembre cuando se lanzar\u00e1 la convocatoria para renovar la dirigencia, ante la salida de L\u00f3pez Mares se adelantar\u00e1 el proceso.<\/p>\n","protected":false},"excerpt":{"rendered":"Milagros Tadeo\/Le\u00f3n, Gto.-&nbsp;Eduardo L\u00f3pez Mares anunci\u00f3 su renuncia como dirigente del Partido Acci\u00f3n Nacional (PAN) en Guanajuato, siendo Estrella Ortiz; secretar\u00eda general quien asumir\u00e1 las funciones de dirigente provisional en tanto se lanza la convocatoria para elegir al nuevo l\u00edder estatal. Fue a trav\u00e9s de redes sociales, como L\u00f3pez Mares inform\u00f3 a la militancia y [&hellip;]","protected":false},"author":2,"featured_media":144657,"comment_status":"open","ping_status":"open","sticky":false,"template":"","format":"standard","meta":{"_seopress_robots_primary_cat":"none","_seopress_titles_title":"","_seopress_titles_desc":"","_seopress_robots_index":"","_monsterinsights_skip_tracking":false,"_monsterinsights_sitenote_active":false,"_monsterinsights_sitenote_note":"","_monsterinsights_sitenote_category":0,"footnotes":""},"categories":[3],"tags":[],"class_list":["post-145928","post","type-post","status-publish","format-standard","has-post-thumbnail","hentry","category-politica"],"yoast_head":"<!-- This site is optimized with the Yoast SEO plugin v27.4 - https:\/\/yoast.com\/product\/yoast-seo-wordpress\/ -->\n<title>RENUNCIA L\u00d3PEZ MARES A DIRIGENCIA DEL PAN - Kuali<\/title>\n<meta name=\"robots\" content=\"index, follow, max-snippet:-1, max-image-preview:large, max-video-preview:-1\" \/>\n<link rel=\"canonical\" href=\"https:\/\/kuali.com.mx\/web\/2024\/06\/17\/renuncia-lopez-mares-a-dirigencia-del-pan\/\" \/>\n<meta property=\"og:locale\" content=\"es_MX\" \/>\n<meta property=\"og:type\" content=\"article\" \/>\n<meta property=\"og:title\" content=\"RENUNCIA L\u00d3PEZ MARES A DIRIGENCIA DEL PAN - Kuali\" \/>\n<meta property=\"og:description\" content=\"Milagros Tadeo\/Le\u00f3n, Gto.-&nbsp;Eduardo L\u00f3pez Mares anunci\u00f3 su renuncia como dirigente del Partido Acci\u00f3n Nacional (PAN) en Guanajuato, siendo Estrella Ortiz; secretar\u00eda general quien asumir\u00e1 las funciones de dirigente provisional en tanto se lanza la convocatoria para elegir al nuevo l\u00edder estatal. Fue a trav\u00e9s de redes sociales, como L\u00f3pez Mares inform\u00f3 a la militancia y [&hellip;]\" \/>\n<meta property=\"og:url\" content=\"https:\/\/kuali.com.mx\/web\/2024\/06\/17\/renuncia-lopez-mares-a-dirigencia-del-pan\/\" \/>\n<meta property=\"og:site_name\" content=\"Kuali\" \/>\n<meta property=\"article:publisher\" content=\"https:\/\/kuali.com.mx\/web\/wp-content\/uploads\/2018\/04\/cropped-kuali_logo-1-1.png\" \/>\n<meta property=\"article:published_time\" content=\"2024-06-18T02:04:07+00:00\" \/>\n<meta property=\"article:modified_time\" content=\"2024-06-18T02:04:09+00:00\" \/>\n<meta property=\"og:image\" content=\"https:\/\/kuali.com.mx\/web\/wp-content\/uploads\/2024\/06\/Eduardo-Lopez-Mares-2.jpeg\" \/>\n\t<meta property=\"og:image:width\" content=\"1392\" \/>\n\t<meta property=\"og:image:height\" content=\"928\" \/>\n\t<meta property=\"og:image:type\" content=\"image\/jpeg\" \/>\n<meta name=\"author\" content=\"Kuali Staff\" \/>\n<meta name=\"twitter:card\" content=\"summary_large_image\" \/>\n<meta name=\"twitter:creator\" content=\"@kuali_noticias\" \/>\n<meta name=\"twitter:site\" content=\"@kuali_noticias\" \/>\n<meta name=\"twitter:label1\" content=\"Escrito por\" \/>\n\t<meta name=\"twitter:data1\" content=\"Kuali Staff\" \/>\n\t<meta name=\"twitter:label2\" content=\"Tiempo de lectura\" \/>\n\t<meta name=\"twitter:data2\" content=\"1 minuto\" \/>\n<script type=\"application\/ld+json\" class=\"yoast-schema-graph\">{\"@context\":\"https:\\\/\\\/schema.org\",\"@graph\":[{\"@type\":\"Article\",\"@id\":\"https:\\\/\\\/kuali.com.mx\\\/web\\\/2024\\\/06\\\/17\\\/renuncia-lopez-mares-a-dirigencia-del-pan\\\/#article\",\"isPartOf\":{\"@id\":\"https:\\\/\\\/kuali.com.mx\\\/web\\\/2024\\\/06\\\/17\\\/renuncia-lopez-mares-a-dirigencia-del-pan\\\/\"},\"author\":{\"name\":\"Kuali Staff\",\"@id\":\"https:\\\/\\\/kuali.com.mx\\\/web\\\/#\\\/schema\\\/person\\\/6f89ffa8ecba9dae50662357923c5289\"},\"headline\":\"RENUNCIA L\u00d3PEZ MARES A DIRIGENCIA DEL PAN\",\"datePublished\":\"2024-06-18T02:04:07+00:00\",\"dateModified\":\"2024-06-18T02:04:09+00:00\",\"mainEntityOfPage\":{\"@id\":\"https:\\\/\\\/kuali.com.mx\\\/web\\\/2024\\\/06\\\/17\\\/renuncia-lopez-mares-a-dirigencia-del-pan\\\/\"},\"wordCount\":211,\"commentCount\":0,\"image\":{\"@id\":\"https:\\\/\\\/kuali.com.mx\\\/web\\\/2024\\\/06\\\/17\\\/renuncia-lopez-mares-a-dirigencia-del-pan\\\/#primaryimage\"},\"thumbnailUrl\":\"https:\\\/\\\/kuali.com.mx\\\/web\\\/wp-content\\\/uploads\\\/2024\\\/06\\\/Eduardo-Lopez-Mares-2.jpeg\",\"articleSection\":[\"Pol\u00edtica\"],\"inLanguage\":\"es\",\"potentialAction\":[{\"@type\":\"CommentAction\",\"name\":\"Comment\",\"target\":[\"https:\\\/\\\/kuali.com.mx\\\/web\\\/2024\\\/06\\\/17\\\/renuncia-lopez-mares-a-dirigencia-del-pan\\\/#respond\"]}]},{\"@type\":\"WebPage\",\"@id\":\"https:\\\/\\\/kuali.com.mx\\\/web\\\/2024\\\/06\\\/17\\\/renuncia-lopez-mares-a-dirigencia-del-pan\\\/\",\"url\":\"https:\\\/\\\/kuali.com.mx\\\/web\\\/2024\\\/06\\\/17\\\/renuncia-lopez-mares-a-dirigencia-del-pan\\\/\",\"name\":\"RENUNCIA L\u00d3PEZ MARES A DIRIGENCIA DEL PAN - Kuali\",\"isPartOf\":{\"@id\":\"https:\\\/\\\/kuali.com.mx\\\/web\\\/#website\"},\"primaryImageOfPage\":{\"@id\":\"https:\\\/\\\/kuali.com.mx\\\/web\\\/2024\\\/06\\\/17\\\/renuncia-lopez-mares-a-dirigencia-del-pan\\\/#primaryimage\"},\"image\":{\"@id\":\"https:\\\/\\\/kuali.com.mx\\\/web\\\/2024\\\/06\\\/17\\\/renuncia-lopez-mares-a-dirigencia-del-pan\\\/#primaryimage\"},\"thumbnailUrl\":\"https:\\\/\\\/kuali.com.mx\\\/web\\\/wp-content\\\/uploads\\\/2024\\\/06\\\/Eduardo-Lopez-Mares-2.jpeg\",\"datePublished\":\"2024-06-18T02:04:07+00:00\",\"dateModified\":\"2024-06-18T02:04:09+00:00\",\"author\":{\"@id\":\"https:\\\/\\\/kuali.com.mx\\\/web\\\/#\\\/schema\\\/person\\\/6f89ffa8ecba9dae50662357923c5289\"},\"breadcrumb\":{\"@id\":\"https:\\\/\\\/kuali.com.mx\\\/web\\\/2024\\\/06\\\/17\\\/renuncia-lopez-mares-a-dirigencia-del-pan\\\/#breadcrumb\"},\"inLanguage\":\"es\",\"potentialAction\":[{\"@type\":\"ReadAction\",\"target\":[\"https:\\\/\\\/kuali.com.mx\\\/web\\\/2024\\\/06\\\/17\\\/renuncia-lopez-mares-a-dirigencia-del-pan\\\/\"]}]},{\"@type\":\"ImageObject\",\"inLanguage\":\"es\",\"@id\":\"https:\\\/\\\/kuali.com.mx\\\/web\\\/2024\\\/06\\\/17\\\/renuncia-lopez-mares-a-dirigencia-del-pan\\\/#primaryimage\",\"url\":\"https:\\\/\\\/kuali.com.mx\\\/web\\\/wp-content\\\/uploads\\\/2024\\\/06\\\/Eduardo-Lopez-Mares-2.jpeg\",\"contentUrl\":\"https:\\\/\\\/kuali.com.mx\\\/web\\\/wp-content\\\/uploads\\\/2024\\\/06\\\/Eduardo-Lopez-Mares-2.jpeg\",\"width\":1392,\"height\":928},{\"@type\":\"BreadcrumbList\",\"@id\":\"https:\\\/\\\/kuali.com.mx\\\/web\\\/2024\\\/06\\\/17\\\/renuncia-lopez-mares-a-dirigencia-del-pan\\\/#breadcrumb\",\"itemListElement\":[{\"@type\":\"ListItem\",\"position\":1,\"name\":\"Inicio\",\"item\":\"https:\\\/\\\/kuali.com.mx\\\/web\\\/\"},{\"@type\":\"ListItem\",\"position\":2,\"name\":\"RENUNCIA L\u00d3PEZ MARES A DIRIGENCIA DEL PAN\"}]},{\"@type\":\"WebSite\",\"@id\":\"https:\\\/\\\/kuali.com.mx\\\/web\\\/#website\",\"url\":\"https:\\\/\\\/kuali.com.mx\\\/web\\\/\",\"name\":\"Kuali\",\"description\":\"\",\"potentialAction\":[{\"@type\":\"SearchAction\",\"target\":{\"@type\":\"EntryPoint\",\"urlTemplate\":\"https:\\\/\\\/kuali.com.mx\\\/web\\\/?s={search_term_string}\"},\"query-input\":{\"@type\":\"PropertyValueSpecification\",\"valueRequired\":true,\"valueName\":\"search_term_string\"}}],\"inLanguage\":\"es\"},{\"@type\":\"Person\",\"@id\":\"https:\\\/\\\/kuali.com.mx\\\/web\\\/#\\\/schema\\\/person\\\/6f89ffa8ecba9dae50662357923c5289\",\"name\":\"Kuali Staff\",\"image\":{\"@type\":\"ImageObject\",\"inLanguage\":\"es\",\"@id\":\"https:\\\/\\\/secure.gravatar.com\\\/avatar\\\/f917ad82e5ab71227a733c78b6e60715476f69ee6be59feee4eb5d9920c89e0f?s=96&d=mm&r=g\",\"url\":\"https:\\\/\\\/secure.gravatar.com\\\/avatar\\\/f917ad82e5ab71227a733c78b6e60715476f69ee6be59feee4eb5d9920c89e0f?s=96&d=mm&r=g\",\"contentUrl\":\"https:\\\/\\\/secure.gravatar.com\\\/avatar\\\/f917ad82e5ab71227a733c78b6e60715476f69ee6be59feee4eb5d9920c89e0f?s=96&d=mm&r=g\",\"caption\":\"Kuali Staff\"},\"url\":\"https:\\\/\\\/kuali.com.mx\\\/web\\\/author\\\/lagarto\\\/\"}]}<\/script>\n<!-- \/ Yoast SEO plugin. -->","yoast_head_json":{"title":"RENUNCIA L\u00d3PEZ MARES A DIRIGENCIA DEL PAN - Kuali","robots":{"index":"index","follow":"follow","max-snippet":"max-snippet:-1","max-image-preview":"max-image-preview:large","max-video-preview":"max-video-preview:-1"},"canonical":"https:\/\/kuali.com.mx\/web\/2024\/06\/17\/renuncia-lopez-mares-a-dirigencia-del-pan\/","og_locale":"es_MX","og_type":"article","og_title":"RENUNCIA L\u00d3PEZ MARES A DIRIGENCIA DEL PAN - Kuali","og_description":"Milagros Tadeo\/Le\u00f3n, Gto.-&nbsp;Eduardo L\u00f3pez Mares anunci\u00f3 su renuncia como dirigente del Partido Acci\u00f3n Nacional (PAN) en Guanajuato, siendo Estrella Ortiz; secretar\u00eda general quien asumir\u00e1 las funciones de dirigente provisional en tanto se lanza la convocatoria para elegir al nuevo l\u00edder estatal. Fue a trav\u00e9s de redes sociales, como L\u00f3pez Mares inform\u00f3 a la militancia y [&hellip;]","og_url":"https:\/\/kuali.com.mx\/web\/2024\/06\/17\/renuncia-lopez-mares-a-dirigencia-del-pan\/","og_site_name":"Kuali","article_publisher":"https:\/\/kuali.com.mx\/web\/wp-content\/uploads\/2018\/04\/cropped-kuali_logo-1-1.png","article_published_time":"2024-06-18T02:04:07+00:00","article_modified_time":"2024-06-18T02:04:09+00:00","og_image":[{"width":1392,"height":928,"url":"https:\/\/kuali.com.mx\/web\/wp-content\/uploads\/2024\/06\/Eduardo-Lopez-Mares-2.jpeg","type":"image\/jpeg"}],"author":"Kuali Staff","twitter_card":"summary_large_image","twitter_creator":"@kuali_noticias","twitter_site":"@kuali_noticias","twitter_misc":{"Escrito por":"Kuali Staff","Tiempo de lectura":"1 minuto"},"schema":{"@context":"https:\/\/schema.org","@graph":[{"@type":"Article","@id":"https:\/\/kuali.com.mx\/web\/2024\/06\/17\/renuncia-lopez-mares-a-dirigencia-del-pan\/#article","isPartOf":{"@id":"https:\/\/kuali.com.mx\/web\/2024\/06\/17\/renuncia-lopez-mares-a-dirigencia-del-pan\/"},"author":{"name":"Kuali Staff","@id":"https:\/\/kuali.com.mx\/web\/#\/schema\/person\/6f89ffa8ecba9dae50662357923c5289"},"headline":"RENUNCIA L\u00d3PEZ MARES A DIRIGENCIA DEL PAN","datePublished":"2024-06-18T02:04:07+00:00","dateModified":"2024-06-18T02:04:09+00:00","mainEntityOfPage":{"@id":"https:\/\/kuali.com.mx\/web\/2024\/06\/17\/renuncia-lopez-mares-a-dirigencia-del-pan\/"},"wordCount":211,"commentCount":0,"image":{"@id":"https:\/\/kuali.com.mx\/web\/2024\/06\/17\/renuncia-lopez-mares-a-dirigencia-del-pan\/#primaryimage"},"thumbnailUrl":"https:\/\/kuali.com.mx\/web\/wp-content\/uploads\/2024\/06\/Eduardo-Lopez-Mares-2.jpeg","articleSection":["Pol\u00edtica"],"inLanguage":"es","potentialAction":[{"@type":"CommentAction","name":"Comment","target":["https:\/\/kuali.com.mx\/web\/2024\/06\/17\/renuncia-lopez-mares-a-dirigencia-del-pan\/#respond"]}]},{"@type":"WebPage","@id":"https:\/\/kuali.com.mx\/web\/2024\/06\/17\/renuncia-lopez-mares-a-dirigencia-del-pan\/","url":"https:\/\/kuali.com.mx\/web\/2024\/06\/17\/renuncia-lopez-mares-a-dirigencia-del-pan\/","name":"RENUNCIA L\u00d3PEZ MARES A DIRIGENCIA DEL PAN - Kuali","isPartOf":{"@id":"https:\/\/kuali.com.mx\/web\/#website"},"primaryImageOfPage":{"@id":"https:\/\/kuali.com.mx\/web\/2024\/06\/17\/renuncia-lopez-mares-a-dirigencia-del-pan\/#primaryimage"},"image":{"@id":"https:\/\/kuali.com.mx\/web\/2024\/06\/17\/renuncia-lopez-mares-a-dirigencia-del-pan\/#primaryimage"},"thumbnailUrl":"https:\/\/kuali.com.mx\/web\/wp-content\/uploads\/2024\/06\/Eduardo-Lopez-Mares-2.jpeg","datePublished":"2024-06-18T02:04:07+00:00","dateModified":"2024-06-18T02:04:09+00:00","author":{"@id":"https:\/\/kuali.com.mx\/web\/#\/schema\/person\/6f89ffa8ecba9dae50662357923c5289"},"breadcrumb":{"@id":"https:\/\/kuali.com.mx\/web\/2024\/06\/17\/renuncia-lopez-mares-a-dirigencia-del-pan\/#breadcrumb"},"inLanguage":"es","potentialAction":[{"@type":"ReadAction","target":["https:\/\/kuali.com.mx\/web\/2024\/06\/17\/renuncia-lopez-mares-a-dirigencia-del-pan\/"]}]},{"@type":"ImageObject","inLanguage":"es","@id":"https:\/\/kuali.com.mx\/web\/2024\/06\/17\/renuncia-lopez-mares-a-dirigencia-del-pan\/#primaryimage","url":"https:\/\/kuali.com.mx\/web\/wp-content\/uploads\/2024\/06\/Eduardo-Lopez-Mares-2.jpeg","contentUrl":"https:\/\/kuali.com.mx\/web\/wp-content\/uploads\/2024\/06\/Eduardo-Lopez-Mares-2.jpeg","width":1392,"height":928},{"@type":"BreadcrumbList","@id":"https:\/\/kuali.com.mx\/web\/2024\/06\/17\/renuncia-lopez-mares-a-dirigencia-del-pan\/#breadcrumb","itemListElement":[{"@type":"ListItem","position":1,"name":"Inicio","item":"https:\/\/kuali.com.mx\/web\/"},{"@type":"ListItem","position":2,"name":"RENUNCIA L\u00d3PEZ MARES A DIRIGENCIA DEL PAN"}]},{"@type":"WebSite","@id":"https:\/\/kuali.com.mx\/web\/#website","url":"https:\/\/kuali.com.mx\/web\/","name":"Kuali","description":"","potentialAction":[{"@type":"SearchAction","target":{"@type":"EntryPoint","urlTemplate":"https:\/\/kuali.com.mx\/web\/?s={search_term_string}"},"query-input":{"@type":"PropertyValueSpecification","valueRequired":true,"valueName":"search_term_string"}}],"inLanguage":"es"},{"@type":"Person","@id":"https:\/\/kuali.com.mx\/web\/#\/schema\/person\/6f89ffa8ecba9dae50662357923c5289","name":"Kuali Staff","image":{"@type":"ImageObject","inLanguage":"es","@id":"https:\/\/secure.gravatar.com\/avatar\/f917ad82e5ab71227a733c78b6e60715476f69ee6be59feee4eb5d9920c89e0f?s=96&d=mm&r=g","url":"https:\/\/secure.gravatar.com\/avatar\/f917ad82e5ab71227a733c78b6e60715476f69ee6be59feee4eb5d9920c89e0f?s=96&d=mm&r=g","contentUrl":"https:\/\/secure.gravatar.com\/avatar\/f917ad82e5ab71227a733c78b6e60715476f69ee6be59feee4eb5d9920c89e0f?s=96&d=mm&r=g","caption":"Kuali Staff"},"url":"https:\/\/kuali.com.mx\/web\/author\/lagarto\/"}]}},"_links":{"self":[{"href":"https:\/\/kuali.com.mx\/web\/wp-json\/wp\/v2\/posts\/145928","targetHints":{"allow":["GET"]}}],"collection":[{"href":"https:\/\/kuali.com.mx\/web\/wp-json\/wp\/v2\/posts"}],"about":[{"href":"https:\/\/kuali.com.mx\/web\/wp-json\/wp\/v2\/types\/post"}],"author":[{"embeddable":true,"href":"https:\/\/kuali.com.mx\/web\/wp-json\/wp\/v2\/users\/2"}],"replies":[{"embeddable":true,"href":"https:\/\/kuali.com.mx\/web\/wp-json\/wp\/v2\/comments?post=145928"}],"version-history":[{"count":1,"href":"https:\/\/kuali.com.mx\/web\/wp-json\/wp\/v2\/posts\/145928\/revisions"}],"predecessor-version":[{"id":145931,"href":"https:\/\/kuali.com.mx\/web\/wp-json\/wp\/v2\/posts\/145928\/revisions\/145931"}],"wp:featuredmedia":[{"embeddable":true,"href":"https:\/\/kuali.com.mx\/web\/wp-json\/wp\/v2\/media\/144657"}],"wp:attachment":[{"href":"https:\/\/kuali.com.mx\/web\/wp-json\/wp\/v2\/media?parent=145928"}],"wp:term":[{"taxonomy":"category","embeddable":true,"href":"https:\/\/kuali.com.mx\/web\/wp-json\/wp\/v2\/categories?post=145928"},{"taxonomy":"post_tag","embeddable":true,"href":"https:\/\/kuali.com.mx\/web\/wp-json\/wp\/v2\/tags?post=145928"}],"curies":[{"name":"wp","href":"https:\/\/api.w.org\/{rel}","templated":true}]}}