{"id":145916,"date":"2024-06-17T18:03:56","date_gmt":"2024-06-18T00:03:56","guid":{"rendered":"https:\/\/kuali.com.mx\/web\/?p=145916"},"modified":"2024-06-17T20:27:30","modified_gmt":"2024-06-18T02:27:30","slug":"justicia-pide-diego-para-victimas-de-masacre","status":"publish","type":"post","link":"https:\/\/kuali.com.mx\/web\/2024\/06\/17\/justicia-pide-diego-para-victimas-de-masacre\/","title":{"rendered":"JUSTICIA, PIDE DIEGO PARA V\u00cdCTIMAS DE MASACRE"},"content":{"rendered":"\n<p><strong>Alicia Arias\/Le\u00f3n, Gto.- <\/strong>El gobernador de Guanajuato, Diego Sinhue Rodr\u00edguez Vallejo, pidi\u00f3 que sigan las investigaciones, que se detenga a todos los responsables y se haga justicia en el caso de la masacre ocurrida el pasado nueve de junio en la ciudad de Le\u00f3n.<\/p>\n\n\n\n<p>La Fiscal\u00eda General del Estado de Guanajuato (FGEG) inform\u00f3 que detuvo a dos hombres como los presuntos autores materiales del asesinato de cuatro mujeres, un beb\u00e9 y un ni\u00f1o en la colonia Industrial de esta ciudad.<\/p>\n\n\n\n<p>Entrevistado al respecto por los medios de comunicaci\u00f3n, el gobernador pidi\u00f3 \u201cque se sigan las investigaciones y que se haga justicia y se d\u00e9 con los responsables\u201d.<\/p>\n\n\n\n<p>Coment\u00f3 que las investigaciones van por buen rumbo y dijo que esperar\u00e1 \u201ca que nos den las fiscal\u00edas, las autoridades correspondientes, los an\u00e1lisis, o sea, c\u00f3mo fueron las cosas, qu\u00e9 sucedi\u00f3, qui\u00e9nes son responsables y, sobre todo, los procesos que se van a seguir dando\u201d.<\/p>\n\n\n\n<figure class=\"wp-block-embed is-type-wp-embed is-provider-kuali wp-block-embed-kuali\"><div class=\"wp-block-embed__wrapper\">\n<blockquote class=\"wp-embedded-content\" data-secret=\"17kl6VjszE\"><a href=\"https:\/\/kuali.com.mx\/web\/2024\/06\/16\/arrestan-a-2-sicarios-por-masacre-en-leon\/\">ARRESTAN A 2 SICARIOS POR MASACRE EN LE\u00d3N<\/a><\/blockquote><iframe loading=\"lazy\" class=\"wp-embedded-content\" sandbox=\"allow-scripts\" security=\"restricted\" style=\"position: absolute; clip: rect(1px, 1px, 1px, 1px);\" title=\"&#8220;ARRESTAN A 2 SICARIOS POR MASACRE EN LE\u00d3N&#8221; &#8212; Kuali\" src=\"https:\/\/kuali.com.mx\/web\/2024\/06\/16\/arrestan-a-2-sicarios-por-masacre-en-leon\/embed\/#?secret=VtfllYUb8R#?secret=17kl6VjszE\" data-secret=\"17kl6VjszE\" width=\"600\" height=\"338\" frameborder=\"0\" marginwidth=\"0\" marginheight=\"0\" scrolling=\"no\"><\/iframe>\n<\/div><\/figure>\n\n\n\n<p>Por su parte, la presidenta municipal de Le\u00f3n, Alejandra Guti\u00e9rrez Campos, adelant\u00f3 que se reunir\u00e1 con los mandos de la Guardia Nacional (GN) para hablar de ese tema, ya que, como se inform\u00f3, el domingo nueve de junio fueron grabados elementos de la Guardia Nacional saliendo de la vivienda donde minutos despu\u00e9s cuatro hombres ingresaron y mataron a Naomi Narayama, Aracely, Nayeli Yareck y Ana Cristina.&nbsp;&nbsp; Tambi\u00e9n asesinaron a los menores R.A.S.C. y L.Y.R.M.<\/p>\n\n\n\n<p>Derivado de la masacre, el gobernador Diego Sinhue solicit\u00f3 que fueran investigado el personal de la corporaci\u00f3n federal, y la alcaldesa de Le\u00f3n dijo que hechos cometidos por elementos de la guardia sobre los que tiene que hablar con los mandos superiores.<\/p>\n\n\n\n<p>\u201cIndependientemente que es incorrecto las detenciones al personal, hay algunos otros hechos que tambi\u00e9n quiero comentar con ellos. Hay algunos que no puedo ventilar porque est\u00e1n en investigaci\u00f3n pero que los estaremos viendo con ellos\u201d, inform\u00f3 Alejandra Guti\u00e9rrez en entrevista con los medios de comunicaci\u00f3n.<\/p>\n\n\n\n<p>Dijo&nbsp; que este lunes, al regresar de su periodo de licencia, contact\u00f3 a los altos mandos de la GN y que espera tener una reuni\u00f3n en esta misma semana porque la \u201cla intenci\u00f3n es tener una pl\u00e1tica para poder estar coordinando y mejorando los trabajos\u201d.<\/p>\n\n\n\n<p>Destac\u00f3 que las instituciones de los tres niveles de gobierno tienen que trabajar de manera coordinada y pensando en el ciudadano.<\/p>\n\n\n\n<p>\u201cCreo que se tiene que actuar poniendo el ejemplo, haciendo lo correcto por las razones correctas y apegados a la legalidad. Es estado de derecho. Lo que no se puede permitir es que ning\u00fan funcionario de ning\u00fan nivel, viole la ley y, sobre todo, pase por encima del ciudadano. Eso no se puede permitir de ninguna instituci\u00f3n y quien lo haga tendr\u00e1 que ser sancionado\u201d, advirti\u00f3 Alejandra Guti\u00e9rrez.<\/p>\n","protected":false},"excerpt":{"rendered":"Alicia Arias\/Le\u00f3n, Gto.- El gobernador de Guanajuato, Diego Sinhue Rodr\u00edguez Vallejo, pidi\u00f3 que sigan las investigaciones, que se detenga a todos los responsables y se haga justicia en el caso de la masacre ocurrida el pasado nueve de junio en la ciudad de Le\u00f3n. La Fiscal\u00eda General del Estado de Guanajuato (FGEG) inform\u00f3 que detuvo [&hellip;]","protected":false},"author":2,"featured_media":145573,"comment_status":"open","ping_status":"open","sticky":false,"template":"","format":"standard","meta":{"_seopress_robots_primary_cat":"none","_seopress_titles_title":"","_seopress_titles_desc":"","_seopress_robots_index":"","_monsterinsights_skip_tracking":false,"_monsterinsights_sitenote_active":false,"_monsterinsights_sitenote_note":"","_monsterinsights_sitenote_category":0,"footnotes":""},"categories":[3],"tags":[114,3792,105,101,3968],"class_list":["post-145916","post","type-post","status-publish","format-standard","has-post-thumbnail","hentry","category-politica","tag-alejandra-gutierrez-campos","tag-diego-sinhue-rodriguez-vallejo","tag-guardia-nacional","tag-inseguridad","tag-masacre-en-leon"],"yoast_head":"<!-- This site is optimized with the Yoast SEO plugin v27.4 - https:\/\/yoast.com\/product\/yoast-seo-wordpress\/ -->\n<title>JUSTICIA, PIDE DIEGO PARA V\u00cdCTIMAS DE MASACRE - Kuali<\/title>\n<meta name=\"robots\" content=\"index, follow, max-snippet:-1, max-image-preview:large, max-video-preview:-1\" \/>\n<link rel=\"canonical\" href=\"https:\/\/kuali.com.mx\/web\/2024\/06\/17\/justicia-pide-diego-para-victimas-de-masacre\/\" \/>\n<meta property=\"og:locale\" content=\"es_MX\" \/>\n<meta property=\"og:type\" content=\"article\" \/>\n<meta property=\"og:title\" content=\"JUSTICIA, PIDE DIEGO PARA V\u00cdCTIMAS DE MASACRE - Kuali\" \/>\n<meta property=\"og:description\" content=\"Alicia Arias\/Le\u00f3n, Gto.- El gobernador de Guanajuato, Diego Sinhue Rodr\u00edguez Vallejo, pidi\u00f3 que sigan las investigaciones, que se detenga a todos los responsables y se haga justicia en el caso de la masacre ocurrida el pasado nueve de junio en la ciudad de Le\u00f3n. La Fiscal\u00eda General del Estado de Guanajuato (FGEG) inform\u00f3 que detuvo [&hellip;]\" \/>\n<meta property=\"og:url\" content=\"https:\/\/kuali.com.mx\/web\/2024\/06\/17\/justicia-pide-diego-para-victimas-de-masacre\/\" \/>\n<meta property=\"og:site_name\" content=\"Kuali\" \/>\n<meta property=\"article:publisher\" content=\"https:\/\/kuali.com.mx\/web\/wp-content\/uploads\/2018\/04\/cropped-kuali_logo-1-1.png\" \/>\n<meta property=\"article:published_time\" content=\"2024-06-18T00:03:56+00:00\" \/>\n<meta property=\"article:modified_time\" content=\"2024-06-18T02:27:30+00:00\" \/>\n<meta property=\"og:image\" content=\"https:\/\/kuali.com.mx\/web\/wp-content\/uploads\/2024\/06\/Guardia-Nacional-masacre.png\" \/>\n\t<meta property=\"og:image:width\" content=\"1796\" \/>\n\t<meta property=\"og:image:height\" content=\"750\" \/>\n\t<meta property=\"og:image:type\" content=\"image\/png\" \/>\n<meta name=\"author\" content=\"Kuali Staff\" \/>\n<meta name=\"twitter:card\" content=\"summary_large_image\" \/>\n<meta name=\"twitter:creator\" content=\"@kuali_noticias\" \/>\n<meta name=\"twitter:site\" content=\"@kuali_noticias\" \/>\n<meta name=\"twitter:label1\" content=\"Escrito por\" \/>\n\t<meta name=\"twitter:data1\" content=\"Kuali Staff\" \/>\n\t<meta name=\"twitter:label2\" content=\"Tiempo de lectura\" \/>\n\t<meta name=\"twitter:data2\" content=\"2 minutos\" \/>\n<script type=\"application\/ld+json\" class=\"yoast-schema-graph\">{\"@context\":\"https:\\\/\\\/schema.org\",\"@graph\":[{\"@type\":\"Article\",\"@id\":\"https:\\\/\\\/kuali.com.mx\\\/web\\\/2024\\\/06\\\/17\\\/justicia-pide-diego-para-victimas-de-masacre\\\/#article\",\"isPartOf\":{\"@id\":\"https:\\\/\\\/kuali.com.mx\\\/web\\\/2024\\\/06\\\/17\\\/justicia-pide-diego-para-victimas-de-masacre\\\/\"},\"author\":{\"name\":\"Kuali Staff\",\"@id\":\"https:\\\/\\\/kuali.com.mx\\\/web\\\/#\\\/schema\\\/person\\\/6f89ffa8ecba9dae50662357923c5289\"},\"headline\":\"JUSTICIA, PIDE DIEGO PARA V\u00cdCTIMAS DE MASACRE\",\"datePublished\":\"2024-06-18T00:03:56+00:00\",\"dateModified\":\"2024-06-18T02:27:30+00:00\",\"mainEntityOfPage\":{\"@id\":\"https:\\\/\\\/kuali.com.mx\\\/web\\\/2024\\\/06\\\/17\\\/justicia-pide-diego-para-victimas-de-masacre\\\/\"},\"wordCount\":501,\"commentCount\":0,\"image\":{\"@id\":\"https:\\\/\\\/kuali.com.mx\\\/web\\\/2024\\\/06\\\/17\\\/justicia-pide-diego-para-victimas-de-masacre\\\/#primaryimage\"},\"thumbnailUrl\":\"https:\\\/\\\/kuali.com.mx\\\/web\\\/wp-content\\\/uploads\\\/2024\\\/06\\\/Guardia-Nacional-masacre.png\",\"keywords\":[\"Alejandra Guti\u00e9rrez Campos\",\"Diego Sinhue Rodr\u00edguez Vallejo\",\"Guardia Nacional\",\"Inseguridad\",\"Masacre en Le\u00f3n\"],\"articleSection\":[\"Pol\u00edtica\"],\"inLanguage\":\"es\",\"potentialAction\":[{\"@type\":\"CommentAction\",\"name\":\"Comment\",\"target\":[\"https:\\\/\\\/kuali.com.mx\\\/web\\\/2024\\\/06\\\/17\\\/justicia-pide-diego-para-victimas-de-masacre\\\/#respond\"]}]},{\"@type\":\"WebPage\",\"@id\":\"https:\\\/\\\/kuali.com.mx\\\/web\\\/2024\\\/06\\\/17\\\/justicia-pide-diego-para-victimas-de-masacre\\\/\",\"url\":\"https:\\\/\\\/kuali.com.mx\\\/web\\\/2024\\\/06\\\/17\\\/justicia-pide-diego-para-victimas-de-masacre\\\/\",\"name\":\"JUSTICIA, PIDE DIEGO PARA V\u00cdCTIMAS DE MASACRE - Kuali\",\"isPartOf\":{\"@id\":\"https:\\\/\\\/kuali.com.mx\\\/web\\\/#website\"},\"primaryImageOfPage\":{\"@id\":\"https:\\\/\\\/kuali.com.mx\\\/web\\\/2024\\\/06\\\/17\\\/justicia-pide-diego-para-victimas-de-masacre\\\/#primaryimage\"},\"image\":{\"@id\":\"https:\\\/\\\/kuali.com.mx\\\/web\\\/2024\\\/06\\\/17\\\/justicia-pide-diego-para-victimas-de-masacre\\\/#primaryimage\"},\"thumbnailUrl\":\"https:\\\/\\\/kuali.com.mx\\\/web\\\/wp-content\\\/uploads\\\/2024\\\/06\\\/Guardia-Nacional-masacre.png\",\"datePublished\":\"2024-06-18T00:03:56+00:00\",\"dateModified\":\"2024-06-18T02:27:30+00:00\",\"author\":{\"@id\":\"https:\\\/\\\/kuali.com.mx\\\/web\\\/#\\\/schema\\\/person\\\/6f89ffa8ecba9dae50662357923c5289\"},\"breadcrumb\":{\"@id\":\"https:\\\/\\\/kuali.com.mx\\\/web\\\/2024\\\/06\\\/17\\\/justicia-pide-diego-para-victimas-de-masacre\\\/#breadcrumb\"},\"inLanguage\":\"es\",\"potentialAction\":[{\"@type\":\"ReadAction\",\"target\":[\"https:\\\/\\\/kuali.com.mx\\\/web\\\/2024\\\/06\\\/17\\\/justicia-pide-diego-para-victimas-de-masacre\\\/\"]}]},{\"@type\":\"ImageObject\",\"inLanguage\":\"es\",\"@id\":\"https:\\\/\\\/kuali.com.mx\\\/web\\\/2024\\\/06\\\/17\\\/justicia-pide-diego-para-victimas-de-masacre\\\/#primaryimage\",\"url\":\"https:\\\/\\\/kuali.com.mx\\\/web\\\/wp-content\\\/uploads\\\/2024\\\/06\\\/Guardia-Nacional-masacre.png\",\"contentUrl\":\"https:\\\/\\\/kuali.com.mx\\\/web\\\/wp-content\\\/uploads\\\/2024\\\/06\\\/Guardia-Nacional-masacre.png\",\"width\":1796,\"height\":750},{\"@type\":\"BreadcrumbList\",\"@id\":\"https:\\\/\\\/kuali.com.mx\\\/web\\\/2024\\\/06\\\/17\\\/justicia-pide-diego-para-victimas-de-masacre\\\/#breadcrumb\",\"itemListElement\":[{\"@type\":\"ListItem\",\"position\":1,\"name\":\"Inicio\",\"item\":\"https:\\\/\\\/kuali.com.mx\\\/web\\\/\"},{\"@type\":\"ListItem\",\"position\":2,\"name\":\"JUSTICIA, PIDE DIEGO PARA V\u00cdCTIMAS DE MASACRE\"}]},{\"@type\":\"WebSite\",\"@id\":\"https:\\\/\\\/kuali.com.mx\\\/web\\\/#website\",\"url\":\"https:\\\/\\\/kuali.com.mx\\\/web\\\/\",\"name\":\"Kuali\",\"description\":\"\",\"potentialAction\":[{\"@type\":\"SearchAction\",\"target\":{\"@type\":\"EntryPoint\",\"urlTemplate\":\"https:\\\/\\\/kuali.com.mx\\\/web\\\/?s={search_term_string}\"},\"query-input\":{\"@type\":\"PropertyValueSpecification\",\"valueRequired\":true,\"valueName\":\"search_term_string\"}}],\"inLanguage\":\"es\"},{\"@type\":\"Person\",\"@id\":\"https:\\\/\\\/kuali.com.mx\\\/web\\\/#\\\/schema\\\/person\\\/6f89ffa8ecba9dae50662357923c5289\",\"name\":\"Kuali Staff\",\"image\":{\"@type\":\"ImageObject\",\"inLanguage\":\"es\",\"@id\":\"https:\\\/\\\/secure.gravatar.com\\\/avatar\\\/f917ad82e5ab71227a733c78b6e60715476f69ee6be59feee4eb5d9920c89e0f?s=96&d=mm&r=g\",\"url\":\"https:\\\/\\\/secure.gravatar.com\\\/avatar\\\/f917ad82e5ab71227a733c78b6e60715476f69ee6be59feee4eb5d9920c89e0f?s=96&d=mm&r=g\",\"contentUrl\":\"https:\\\/\\\/secure.gravatar.com\\\/avatar\\\/f917ad82e5ab71227a733c78b6e60715476f69ee6be59feee4eb5d9920c89e0f?s=96&d=mm&r=g\",\"caption\":\"Kuali Staff\"},\"url\":\"https:\\\/\\\/kuali.com.mx\\\/web\\\/author\\\/lagarto\\\/\"}]}<\/script>\n<!-- \/ Yoast SEO plugin. -->","yoast_head_json":{"title":"JUSTICIA, PIDE DIEGO PARA V\u00cdCTIMAS DE MASACRE - Kuali","robots":{"index":"index","follow":"follow","max-snippet":"max-snippet:-1","max-image-preview":"max-image-preview:large","max-video-preview":"max-video-preview:-1"},"canonical":"https:\/\/kuali.com.mx\/web\/2024\/06\/17\/justicia-pide-diego-para-victimas-de-masacre\/","og_locale":"es_MX","og_type":"article","og_title":"JUSTICIA, PIDE DIEGO PARA V\u00cdCTIMAS DE MASACRE - Kuali","og_description":"Alicia Arias\/Le\u00f3n, Gto.- El gobernador de Guanajuato, Diego Sinhue Rodr\u00edguez Vallejo, pidi\u00f3 que sigan las investigaciones, que se detenga a todos los responsables y se haga justicia en el caso de la masacre ocurrida el pasado nueve de junio en la ciudad de Le\u00f3n. La Fiscal\u00eda General del Estado de Guanajuato (FGEG) inform\u00f3 que detuvo [&hellip;]","og_url":"https:\/\/kuali.com.mx\/web\/2024\/06\/17\/justicia-pide-diego-para-victimas-de-masacre\/","og_site_name":"Kuali","article_publisher":"https:\/\/kuali.com.mx\/web\/wp-content\/uploads\/2018\/04\/cropped-kuali_logo-1-1.png","article_published_time":"2024-06-18T00:03:56+00:00","article_modified_time":"2024-06-18T02:27:30+00:00","og_image":[{"width":1796,"height":750,"url":"https:\/\/kuali.com.mx\/web\/wp-content\/uploads\/2024\/06\/Guardia-Nacional-masacre.png","type":"image\/png"}],"author":"Kuali Staff","twitter_card":"summary_large_image","twitter_creator":"@kuali_noticias","twitter_site":"@kuali_noticias","twitter_misc":{"Escrito por":"Kuali Staff","Tiempo de lectura":"2 minutos"},"schema":{"@context":"https:\/\/schema.org","@graph":[{"@type":"Article","@id":"https:\/\/kuali.com.mx\/web\/2024\/06\/17\/justicia-pide-diego-para-victimas-de-masacre\/#article","isPartOf":{"@id":"https:\/\/kuali.com.mx\/web\/2024\/06\/17\/justicia-pide-diego-para-victimas-de-masacre\/"},"author":{"name":"Kuali Staff","@id":"https:\/\/kuali.com.mx\/web\/#\/schema\/person\/6f89ffa8ecba9dae50662357923c5289"},"headline":"JUSTICIA, PIDE DIEGO PARA V\u00cdCTIMAS DE MASACRE","datePublished":"2024-06-18T00:03:56+00:00","dateModified":"2024-06-18T02:27:30+00:00","mainEntityOfPage":{"@id":"https:\/\/kuali.com.mx\/web\/2024\/06\/17\/justicia-pide-diego-para-victimas-de-masacre\/"},"wordCount":501,"commentCount":0,"image":{"@id":"https:\/\/kuali.com.mx\/web\/2024\/06\/17\/justicia-pide-diego-para-victimas-de-masacre\/#primaryimage"},"thumbnailUrl":"https:\/\/kuali.com.mx\/web\/wp-content\/uploads\/2024\/06\/Guardia-Nacional-masacre.png","keywords":["Alejandra Guti\u00e9rrez Campos","Diego Sinhue Rodr\u00edguez Vallejo","Guardia Nacional","Inseguridad","Masacre en Le\u00f3n"],"articleSection":["Pol\u00edtica"],"inLanguage":"es","potentialAction":[{"@type":"CommentAction","name":"Comment","target":["https:\/\/kuali.com.mx\/web\/2024\/06\/17\/justicia-pide-diego-para-victimas-de-masacre\/#respond"]}]},{"@type":"WebPage","@id":"https:\/\/kuali.com.mx\/web\/2024\/06\/17\/justicia-pide-diego-para-victimas-de-masacre\/","url":"https:\/\/kuali.com.mx\/web\/2024\/06\/17\/justicia-pide-diego-para-victimas-de-masacre\/","name":"JUSTICIA, PIDE DIEGO PARA V\u00cdCTIMAS DE MASACRE - Kuali","isPartOf":{"@id":"https:\/\/kuali.com.mx\/web\/#website"},"primaryImageOfPage":{"@id":"https:\/\/kuali.com.mx\/web\/2024\/06\/17\/justicia-pide-diego-para-victimas-de-masacre\/#primaryimage"},"image":{"@id":"https:\/\/kuali.com.mx\/web\/2024\/06\/17\/justicia-pide-diego-para-victimas-de-masacre\/#primaryimage"},"thumbnailUrl":"https:\/\/kuali.com.mx\/web\/wp-content\/uploads\/2024\/06\/Guardia-Nacional-masacre.png","datePublished":"2024-06-18T00:03:56+00:00","dateModified":"2024-06-18T02:27:30+00:00","author":{"@id":"https:\/\/kuali.com.mx\/web\/#\/schema\/person\/6f89ffa8ecba9dae50662357923c5289"},"breadcrumb":{"@id":"https:\/\/kuali.com.mx\/web\/2024\/06\/17\/justicia-pide-diego-para-victimas-de-masacre\/#breadcrumb"},"inLanguage":"es","potentialAction":[{"@type":"ReadAction","target":["https:\/\/kuali.com.mx\/web\/2024\/06\/17\/justicia-pide-diego-para-victimas-de-masacre\/"]}]},{"@type":"ImageObject","inLanguage":"es","@id":"https:\/\/kuali.com.mx\/web\/2024\/06\/17\/justicia-pide-diego-para-victimas-de-masacre\/#primaryimage","url":"https:\/\/kuali.com.mx\/web\/wp-content\/uploads\/2024\/06\/Guardia-Nacional-masacre.png","contentUrl":"https:\/\/kuali.com.mx\/web\/wp-content\/uploads\/2024\/06\/Guardia-Nacional-masacre.png","width":1796,"height":750},{"@type":"BreadcrumbList","@id":"https:\/\/kuali.com.mx\/web\/2024\/06\/17\/justicia-pide-diego-para-victimas-de-masacre\/#breadcrumb","itemListElement":[{"@type":"ListItem","position":1,"name":"Inicio","item":"https:\/\/kuali.com.mx\/web\/"},{"@type":"ListItem","position":2,"name":"JUSTICIA, PIDE DIEGO PARA V\u00cdCTIMAS DE MASACRE"}]},{"@type":"WebSite","@id":"https:\/\/kuali.com.mx\/web\/#website","url":"https:\/\/kuali.com.mx\/web\/","name":"Kuali","description":"","potentialAction":[{"@type":"SearchAction","target":{"@type":"EntryPoint","urlTemplate":"https:\/\/kuali.com.mx\/web\/?s={search_term_string}"},"query-input":{"@type":"PropertyValueSpecification","valueRequired":true,"valueName":"search_term_string"}}],"inLanguage":"es"},{"@type":"Person","@id":"https:\/\/kuali.com.mx\/web\/#\/schema\/person\/6f89ffa8ecba9dae50662357923c5289","name":"Kuali Staff","image":{"@type":"ImageObject","inLanguage":"es","@id":"https:\/\/secure.gravatar.com\/avatar\/f917ad82e5ab71227a733c78b6e60715476f69ee6be59feee4eb5d9920c89e0f?s=96&d=mm&r=g","url":"https:\/\/secure.gravatar.com\/avatar\/f917ad82e5ab71227a733c78b6e60715476f69ee6be59feee4eb5d9920c89e0f?s=96&d=mm&r=g","contentUrl":"https:\/\/secure.gravatar.com\/avatar\/f917ad82e5ab71227a733c78b6e60715476f69ee6be59feee4eb5d9920c89e0f?s=96&d=mm&r=g","caption":"Kuali Staff"},"url":"https:\/\/kuali.com.mx\/web\/author\/lagarto\/"}]}},"_links":{"self":[{"href":"https:\/\/kuali.com.mx\/web\/wp-json\/wp\/v2\/posts\/145916","targetHints":{"allow":["GET"]}}],"collection":[{"href":"https:\/\/kuali.com.mx\/web\/wp-json\/wp\/v2\/posts"}],"about":[{"href":"https:\/\/kuali.com.mx\/web\/wp-json\/wp\/v2\/types\/post"}],"author":[{"embeddable":true,"href":"https:\/\/kuali.com.mx\/web\/wp-json\/wp\/v2\/users\/2"}],"replies":[{"embeddable":true,"href":"https:\/\/kuali.com.mx\/web\/wp-json\/wp\/v2\/comments?post=145916"}],"version-history":[{"count":3,"href":"https:\/\/kuali.com.mx\/web\/wp-json\/wp\/v2\/posts\/145916\/revisions"}],"predecessor-version":[{"id":145958,"href":"https:\/\/kuali.com.mx\/web\/wp-json\/wp\/v2\/posts\/145916\/revisions\/145958"}],"wp:featuredmedia":[{"embeddable":true,"href":"https:\/\/kuali.com.mx\/web\/wp-json\/wp\/v2\/media\/145573"}],"wp:attachment":[{"href":"https:\/\/kuali.com.mx\/web\/wp-json\/wp\/v2\/media?parent=145916"}],"wp:term":[{"taxonomy":"category","embeddable":true,"href":"https:\/\/kuali.com.mx\/web\/wp-json\/wp\/v2\/categories?post=145916"},{"taxonomy":"post_tag","embeddable":true,"href":"https:\/\/kuali.com.mx\/web\/wp-json\/wp\/v2\/tags?post=145916"}],"curies":[{"name":"wp","href":"https:\/\/api.w.org\/{rel}","templated":true}]}}