{"id":145865,"date":"2024-06-17T17:47:54","date_gmt":"2024-06-17T23:47:54","guid":{"rendered":"https:\/\/kuali.com.mx\/web\/?p=145865"},"modified":"2024-06-17T18:46:30","modified_gmt":"2024-06-18T00:46:30","slug":"evade-gobernador-postura-sobre-pension-de-zamarripa","status":"publish","type":"post","link":"https:\/\/kuali.com.mx\/web\/2024\/06\/17\/evade-gobernador-postura-sobre-pension-de-zamarripa\/","title":{"rendered":"EVADE GOBERNADOR POSTURA SOBRE PENSI\u00d3N DE ZAMARRIPA"},"content":{"rendered":"\n<p><strong><em>Carlos Garc\u00eda\/Le\u00f3n, Gto.<\/em><\/strong>- &nbsp;La Fiscal\u00eda General del Estado (FGE) es un organismo aut\u00f3nomo y \u201csi no respeto la autonom\u00eda me ver\u00eda mal\u201d, manifest\u00f3 el gobernador, Diego Sinhue Rodr\u00edguez Vallejo, sobre el aumento de&nbsp; la pensi\u00f3n que se autoriz\u00f3 el fiscal, Carlos Zamarripa Aguirre, al reformar el Reglamento Interno del organismo.<\/p>\n\n\n\n<p>El primero de abril, Carlos Zamarripa public\u00f3 en el Peri\u00f3dico Oficial del Estado una adici\u00f3n al Reglamento Interior de la FGE para recibir un \u201capoyo complementario\u201d con motivo de la jubilaci\u00f3n o el retiro.<\/p>\n\n\n\n<p>\u00bfLe parece \u00e9tico el retiro que se program\u00f3 el fiscal?, se cuestion\u00f3 al gobernador.<\/p>\n\n\n\n<p>-Eso no tengo comentarios, porque es una Fiscal\u00eda aut\u00f3noma y un poder legislativo aut\u00f3nomo y yo no me meto en otros poderes, en las decisiones que tomen otros poderes, ni en los organismos aut\u00f3nomos, sino imag\u00ednate, sino respeto la autonom\u00eda me ver\u00eda mal.<\/p>\n\n\n\n<iframe loading=\"lazy\" src=\"https:\/\/www.facebook.com\/plugins\/video.php?height=314&href=https%3A%2F%2Fwww.facebook.com%2FKualiNoticias%2Fvideos%2F3665685677006397%2F&show_text=false&width=560&t=0\" width=\"560\" height=\"314\" style=\"border:none;overflow:hidden\" scrolling=\"no\" frameborder=\"0\" allowfullscreen=\"true\" allow=\"autoplay; clipboard-write; encrypted-media; picture-in-picture; web-share\" allowFullScreen=\"true\"><\/iframe>\n\n\n\n<p>El 13 de junio, en el pleno del Congreso, los diputados de Morena, David Mart\u00ednez Mendiz\u00e1bal; y Ernesto Prieto Gallardo, denunciaron que, con la modificaci\u00f3n del Reglamento Interior, el fiscal pretende au<\/p>\n\n\n\n<p>La reforma<\/p>\n\n\n\n<p>El fiscal adicion\u00f3 el capitulo VIII, sobre el Sistema Complementario de Seguridad Social, el cual est\u00e1 integrado por seis art\u00edculos.<\/p>\n\n\n\n<p>El art\u00edculo 447 marca que el Sistema Complementario complementar\u00e1, por lo menos, gastos funerarios, becas, gastos m\u00e9dicos, sicol\u00f3gicos y seguro de vida en caso de fallecimiento o invalidez.<\/p>\n\n\n\n<p>\u201cDe igual manera, se prever\u00e1 en su caso, una prestaci\u00f3n complementaria al termino o conclusi\u00f3n del servicio conforme a lo previsto en la ley\u201d, se\u00f1ala la reforma. Agrega que lo anterior, con sujeci\u00f3n a la disponibilidad presupuestal.<\/p>\n\n\n\n<p>\u201cAl t\u00e9rmino o conclusi\u00f3n del servicio con motivo de jubilaci\u00f3n o retiro por vejez acorde a las disposiciones legales en la materia, se podr\u00e1 acceder a un apoyo complementario de seguridad social\u201d, refiere el art\u00edculo 449.<\/p>\n\n\n\n<p>A\u00f1ade que el apoyo ser\u00e1 accesorio al que se reciba en el marco de la Ley de Seguridad Social del Estado de Guanajuato.<\/p>\n\n\n\n<figure class=\"wp-block-embed is-type-wp-embed is-provider-kuali wp-block-embed-kuali\"><div class=\"wp-block-embed__wrapper\">\n<blockquote class=\"wp-embedded-content\" data-secret=\"MnPLjeFD4q\"><a href=\"https:\/\/kuali.com.mx\/web\/2024\/06\/13\/tendra-zamarripa-pension-vip-morena\/\">TENDR\u00c1 ZAMARRIPA PENSI\u00d3N &#8220;VIP&#8221;: MORENA<\/a><\/blockquote><iframe loading=\"lazy\" class=\"wp-embedded-content\" sandbox=\"allow-scripts\" security=\"restricted\" style=\"position: absolute; clip: rect(1px, 1px, 1px, 1px);\" title=\"&#8220;TENDR\u00c1 ZAMARRIPA PENSI\u00d3N &#8220;VIP&#8221;: MORENA&#8221; &#8212; Kuali\" src=\"https:\/\/kuali.com.mx\/web\/2024\/06\/13\/tendra-zamarripa-pension-vip-morena\/embed\/#?secret=8lOmYgyyH8#?secret=MnPLjeFD4q\" data-secret=\"MnPLjeFD4q\" width=\"600\" height=\"338\" frameborder=\"0\" marginwidth=\"0\" marginheight=\"0\" scrolling=\"no\"><\/iframe>\n<\/div><\/figure>\n\n\n\n<p>La prestaci\u00f3n se otorgar\u00e1 cuando se cumpla con al menos 15 a\u00f1os de antig\u00fcedad en la Fiscal\u00eda General y con las exigencias que prevean las disposiciones que emita la Unidad de Administraci\u00f3n y Presupuestaci\u00f3n Estrat\u00e9gica.<\/p>\n\n\n\n<p>La modificaci\u00f3n dice que el apoyo complementario tendr\u00e1 un esquema proporcional que atienda el nivel tabular del cargo, que en conjunto con la pensi\u00f3n que se reciba, no podr\u00e1 exceder las disposiciones de la Unidad Administraci\u00f3n.<\/p>\n\n\n\n<p>El personal que no tenga 15 a\u00f1os de antig\u00fcedad podr\u00e1 tener una \u201cgratificaci\u00f3n de fidelidad\u201d al concluir su relaci\u00f3n de servicio, dice el art\u00edculo 450.<\/p>\n\n\n\n<p>Las prestaciones y apoyos complementarios se podr\u00e1n cubrir con los recursos del presupuesto estatal que se asigne para tal efecto, detalla el art\u00edculo 452.<\/p>\n","protected":false},"excerpt":{"rendered":"Carlos Garc\u00eda\/Le\u00f3n, Gto.- &nbsp;La Fiscal\u00eda General del Estado (FGE) es un organismo aut\u00f3nomo y \u201csi no respeto la autonom\u00eda me ver\u00eda mal\u201d, manifest\u00f3 el gobernador, Diego Sinhue Rodr\u00edguez Vallejo, sobre el aumento de&nbsp; la pensi\u00f3n que se autoriz\u00f3 el fiscal, Carlos Zamarripa Aguirre, al reformar el Reglamento Interno del organismo. El primero de abril, Carlos [&hellip;]","protected":false},"author":2,"featured_media":96279,"comment_status":"open","ping_status":"open","sticky":false,"template":"","format":"standard","meta":{"_seopress_robots_primary_cat":"none","_seopress_titles_title":"","_seopress_titles_desc":"","_seopress_robots_index":"","_monsterinsights_skip_tracking":false,"_monsterinsights_sitenote_active":false,"_monsterinsights_sitenote_note":"","_monsterinsights_sitenote_category":0,"footnotes":""},"categories":[3,69],"tags":[],"class_list":["post-145865","post","type-post","status-publish","format-standard","has-post-thumbnail","hentry","category-politica","category-slider"],"yoast_head":"<!-- This site is optimized with the Yoast SEO plugin v27.4 - https:\/\/yoast.com\/product\/yoast-seo-wordpress\/ -->\n<title>EVADE GOBERNADOR POSTURA SOBRE PENSI\u00d3N DE ZAMARRIPA - Kuali<\/title>\n<meta name=\"robots\" content=\"index, follow, max-snippet:-1, max-image-preview:large, max-video-preview:-1\" \/>\n<link rel=\"canonical\" href=\"https:\/\/kuali.com.mx\/web\/2024\/06\/17\/evade-gobernador-postura-sobre-pension-de-zamarripa\/\" \/>\n<meta property=\"og:locale\" content=\"es_MX\" \/>\n<meta property=\"og:type\" content=\"article\" \/>\n<meta property=\"og:title\" content=\"EVADE GOBERNADOR POSTURA SOBRE PENSI\u00d3N DE ZAMARRIPA - Kuali\" \/>\n<meta property=\"og:description\" content=\"Carlos Garc\u00eda\/Le\u00f3n, Gto.- &nbsp;La Fiscal\u00eda General del Estado (FGE) es un organismo aut\u00f3nomo y \u201csi no respeto la autonom\u00eda me ver\u00eda mal\u201d, manifest\u00f3 el gobernador, Diego Sinhue Rodr\u00edguez Vallejo, sobre el aumento de&nbsp; la pensi\u00f3n que se autoriz\u00f3 el fiscal, Carlos Zamarripa Aguirre, al reformar el Reglamento Interno del organismo. El primero de abril, Carlos [&hellip;]\" \/>\n<meta property=\"og:url\" content=\"https:\/\/kuali.com.mx\/web\/2024\/06\/17\/evade-gobernador-postura-sobre-pension-de-zamarripa\/\" \/>\n<meta property=\"og:site_name\" content=\"Kuali\" \/>\n<meta property=\"article:publisher\" content=\"https:\/\/kuali.com.mx\/web\/wp-content\/uploads\/2018\/04\/cropped-kuali_logo-1-1.png\" \/>\n<meta property=\"article:published_time\" content=\"2024-06-17T23:47:54+00:00\" \/>\n<meta property=\"article:modified_time\" content=\"2024-06-18T00:46:30+00:00\" \/>\n<meta property=\"og:image\" content=\"https:\/\/kuali.com.mx\/web\/wp-content\/uploads\/2022\/05\/Carlos-Zamarripa-Aguirre.jpeg\" \/>\n\t<meta property=\"og:image:width\" content=\"1822\" \/>\n\t<meta property=\"og:image:height\" content=\"750\" \/>\n\t<meta property=\"og:image:type\" content=\"image\/jpeg\" \/>\n<meta name=\"author\" content=\"Kuali Staff\" \/>\n<meta name=\"twitter:card\" content=\"summary_large_image\" \/>\n<meta name=\"twitter:creator\" content=\"@kuali_noticias\" \/>\n<meta name=\"twitter:site\" content=\"@kuali_noticias\" \/>\n<meta name=\"twitter:label1\" content=\"Escrito por\" \/>\n\t<meta name=\"twitter:data1\" content=\"Kuali Staff\" \/>\n\t<meta name=\"twitter:label2\" content=\"Tiempo de lectura\" \/>\n\t<meta name=\"twitter:data2\" content=\"2 minutos\" \/>\n<script type=\"application\/ld+json\" class=\"yoast-schema-graph\">{\"@context\":\"https:\\\/\\\/schema.org\",\"@graph\":[{\"@type\":\"Article\",\"@id\":\"https:\\\/\\\/kuali.com.mx\\\/web\\\/2024\\\/06\\\/17\\\/evade-gobernador-postura-sobre-pension-de-zamarripa\\\/#article\",\"isPartOf\":{\"@id\":\"https:\\\/\\\/kuali.com.mx\\\/web\\\/2024\\\/06\\\/17\\\/evade-gobernador-postura-sobre-pension-de-zamarripa\\\/\"},\"author\":{\"name\":\"Kuali Staff\",\"@id\":\"https:\\\/\\\/kuali.com.mx\\\/web\\\/#\\\/schema\\\/person\\\/6f89ffa8ecba9dae50662357923c5289\"},\"headline\":\"EVADE GOBERNADOR POSTURA SOBRE PENSI\u00d3N DE ZAMARRIPA\",\"datePublished\":\"2024-06-17T23:47:54+00:00\",\"dateModified\":\"2024-06-18T00:46:30+00:00\",\"mainEntityOfPage\":{\"@id\":\"https:\\\/\\\/kuali.com.mx\\\/web\\\/2024\\\/06\\\/17\\\/evade-gobernador-postura-sobre-pension-de-zamarripa\\\/\"},\"wordCount\":501,\"commentCount\":0,\"image\":{\"@id\":\"https:\\\/\\\/kuali.com.mx\\\/web\\\/2024\\\/06\\\/17\\\/evade-gobernador-postura-sobre-pension-de-zamarripa\\\/#primaryimage\"},\"thumbnailUrl\":\"https:\\\/\\\/kuali.com.mx\\\/web\\\/wp-content\\\/uploads\\\/2022\\\/05\\\/Carlos-Zamarripa-Aguirre.jpeg\",\"articleSection\":[\"Pol\u00edtica\",\"slider\"],\"inLanguage\":\"es\",\"potentialAction\":[{\"@type\":\"CommentAction\",\"name\":\"Comment\",\"target\":[\"https:\\\/\\\/kuali.com.mx\\\/web\\\/2024\\\/06\\\/17\\\/evade-gobernador-postura-sobre-pension-de-zamarripa\\\/#respond\"]}]},{\"@type\":\"WebPage\",\"@id\":\"https:\\\/\\\/kuali.com.mx\\\/web\\\/2024\\\/06\\\/17\\\/evade-gobernador-postura-sobre-pension-de-zamarripa\\\/\",\"url\":\"https:\\\/\\\/kuali.com.mx\\\/web\\\/2024\\\/06\\\/17\\\/evade-gobernador-postura-sobre-pension-de-zamarripa\\\/\",\"name\":\"EVADE GOBERNADOR POSTURA SOBRE PENSI\u00d3N DE ZAMARRIPA - Kuali\",\"isPartOf\":{\"@id\":\"https:\\\/\\\/kuali.com.mx\\\/web\\\/#website\"},\"primaryImageOfPage\":{\"@id\":\"https:\\\/\\\/kuali.com.mx\\\/web\\\/2024\\\/06\\\/17\\\/evade-gobernador-postura-sobre-pension-de-zamarripa\\\/#primaryimage\"},\"image\":{\"@id\":\"https:\\\/\\\/kuali.com.mx\\\/web\\\/2024\\\/06\\\/17\\\/evade-gobernador-postura-sobre-pension-de-zamarripa\\\/#primaryimage\"},\"thumbnailUrl\":\"https:\\\/\\\/kuali.com.mx\\\/web\\\/wp-content\\\/uploads\\\/2022\\\/05\\\/Carlos-Zamarripa-Aguirre.jpeg\",\"datePublished\":\"2024-06-17T23:47:54+00:00\",\"dateModified\":\"2024-06-18T00:46:30+00:00\",\"author\":{\"@id\":\"https:\\\/\\\/kuali.com.mx\\\/web\\\/#\\\/schema\\\/person\\\/6f89ffa8ecba9dae50662357923c5289\"},\"breadcrumb\":{\"@id\":\"https:\\\/\\\/kuali.com.mx\\\/web\\\/2024\\\/06\\\/17\\\/evade-gobernador-postura-sobre-pension-de-zamarripa\\\/#breadcrumb\"},\"inLanguage\":\"es\",\"potentialAction\":[{\"@type\":\"ReadAction\",\"target\":[\"https:\\\/\\\/kuali.com.mx\\\/web\\\/2024\\\/06\\\/17\\\/evade-gobernador-postura-sobre-pension-de-zamarripa\\\/\"]}]},{\"@type\":\"ImageObject\",\"inLanguage\":\"es\",\"@id\":\"https:\\\/\\\/kuali.com.mx\\\/web\\\/2024\\\/06\\\/17\\\/evade-gobernador-postura-sobre-pension-de-zamarripa\\\/#primaryimage\",\"url\":\"https:\\\/\\\/kuali.com.mx\\\/web\\\/wp-content\\\/uploads\\\/2022\\\/05\\\/Carlos-Zamarripa-Aguirre.jpeg\",\"contentUrl\":\"https:\\\/\\\/kuali.com.mx\\\/web\\\/wp-content\\\/uploads\\\/2022\\\/05\\\/Carlos-Zamarripa-Aguirre.jpeg\",\"width\":1822,\"height\":750},{\"@type\":\"BreadcrumbList\",\"@id\":\"https:\\\/\\\/kuali.com.mx\\\/web\\\/2024\\\/06\\\/17\\\/evade-gobernador-postura-sobre-pension-de-zamarripa\\\/#breadcrumb\",\"itemListElement\":[{\"@type\":\"ListItem\",\"position\":1,\"name\":\"Inicio\",\"item\":\"https:\\\/\\\/kuali.com.mx\\\/web\\\/\"},{\"@type\":\"ListItem\",\"position\":2,\"name\":\"EVADE GOBERNADOR POSTURA SOBRE PENSI\u00d3N DE ZAMARRIPA\"}]},{\"@type\":\"WebSite\",\"@id\":\"https:\\\/\\\/kuali.com.mx\\\/web\\\/#website\",\"url\":\"https:\\\/\\\/kuali.com.mx\\\/web\\\/\",\"name\":\"Kuali\",\"description\":\"\",\"potentialAction\":[{\"@type\":\"SearchAction\",\"target\":{\"@type\":\"EntryPoint\",\"urlTemplate\":\"https:\\\/\\\/kuali.com.mx\\\/web\\\/?s={search_term_string}\"},\"query-input\":{\"@type\":\"PropertyValueSpecification\",\"valueRequired\":true,\"valueName\":\"search_term_string\"}}],\"inLanguage\":\"es\"},{\"@type\":\"Person\",\"@id\":\"https:\\\/\\\/kuali.com.mx\\\/web\\\/#\\\/schema\\\/person\\\/6f89ffa8ecba9dae50662357923c5289\",\"name\":\"Kuali Staff\",\"image\":{\"@type\":\"ImageObject\",\"inLanguage\":\"es\",\"@id\":\"https:\\\/\\\/secure.gravatar.com\\\/avatar\\\/f917ad82e5ab71227a733c78b6e60715476f69ee6be59feee4eb5d9920c89e0f?s=96&d=mm&r=g\",\"url\":\"https:\\\/\\\/secure.gravatar.com\\\/avatar\\\/f917ad82e5ab71227a733c78b6e60715476f69ee6be59feee4eb5d9920c89e0f?s=96&d=mm&r=g\",\"contentUrl\":\"https:\\\/\\\/secure.gravatar.com\\\/avatar\\\/f917ad82e5ab71227a733c78b6e60715476f69ee6be59feee4eb5d9920c89e0f?s=96&d=mm&r=g\",\"caption\":\"Kuali Staff\"},\"url\":\"https:\\\/\\\/kuali.com.mx\\\/web\\\/author\\\/lagarto\\\/\"}]}<\/script>\n<!-- \/ Yoast SEO plugin. -->","yoast_head_json":{"title":"EVADE GOBERNADOR POSTURA SOBRE PENSI\u00d3N DE ZAMARRIPA - Kuali","robots":{"index":"index","follow":"follow","max-snippet":"max-snippet:-1","max-image-preview":"max-image-preview:large","max-video-preview":"max-video-preview:-1"},"canonical":"https:\/\/kuali.com.mx\/web\/2024\/06\/17\/evade-gobernador-postura-sobre-pension-de-zamarripa\/","og_locale":"es_MX","og_type":"article","og_title":"EVADE GOBERNADOR POSTURA SOBRE PENSI\u00d3N DE ZAMARRIPA - Kuali","og_description":"Carlos Garc\u00eda\/Le\u00f3n, Gto.- &nbsp;La Fiscal\u00eda General del Estado (FGE) es un organismo aut\u00f3nomo y \u201csi no respeto la autonom\u00eda me ver\u00eda mal\u201d, manifest\u00f3 el gobernador, Diego Sinhue Rodr\u00edguez Vallejo, sobre el aumento de&nbsp; la pensi\u00f3n que se autoriz\u00f3 el fiscal, Carlos Zamarripa Aguirre, al reformar el Reglamento Interno del organismo. El primero de abril, Carlos [&hellip;]","og_url":"https:\/\/kuali.com.mx\/web\/2024\/06\/17\/evade-gobernador-postura-sobre-pension-de-zamarripa\/","og_site_name":"Kuali","article_publisher":"https:\/\/kuali.com.mx\/web\/wp-content\/uploads\/2018\/04\/cropped-kuali_logo-1-1.png","article_published_time":"2024-06-17T23:47:54+00:00","article_modified_time":"2024-06-18T00:46:30+00:00","og_image":[{"width":1822,"height":750,"url":"https:\/\/kuali.com.mx\/web\/wp-content\/uploads\/2022\/05\/Carlos-Zamarripa-Aguirre.jpeg","type":"image\/jpeg"}],"author":"Kuali Staff","twitter_card":"summary_large_image","twitter_creator":"@kuali_noticias","twitter_site":"@kuali_noticias","twitter_misc":{"Escrito por":"Kuali Staff","Tiempo de lectura":"2 minutos"},"schema":{"@context":"https:\/\/schema.org","@graph":[{"@type":"Article","@id":"https:\/\/kuali.com.mx\/web\/2024\/06\/17\/evade-gobernador-postura-sobre-pension-de-zamarripa\/#article","isPartOf":{"@id":"https:\/\/kuali.com.mx\/web\/2024\/06\/17\/evade-gobernador-postura-sobre-pension-de-zamarripa\/"},"author":{"name":"Kuali Staff","@id":"https:\/\/kuali.com.mx\/web\/#\/schema\/person\/6f89ffa8ecba9dae50662357923c5289"},"headline":"EVADE GOBERNADOR POSTURA SOBRE PENSI\u00d3N DE ZAMARRIPA","datePublished":"2024-06-17T23:47:54+00:00","dateModified":"2024-06-18T00:46:30+00:00","mainEntityOfPage":{"@id":"https:\/\/kuali.com.mx\/web\/2024\/06\/17\/evade-gobernador-postura-sobre-pension-de-zamarripa\/"},"wordCount":501,"commentCount":0,"image":{"@id":"https:\/\/kuali.com.mx\/web\/2024\/06\/17\/evade-gobernador-postura-sobre-pension-de-zamarripa\/#primaryimage"},"thumbnailUrl":"https:\/\/kuali.com.mx\/web\/wp-content\/uploads\/2022\/05\/Carlos-Zamarripa-Aguirre.jpeg","articleSection":["Pol\u00edtica","slider"],"inLanguage":"es","potentialAction":[{"@type":"CommentAction","name":"Comment","target":["https:\/\/kuali.com.mx\/web\/2024\/06\/17\/evade-gobernador-postura-sobre-pension-de-zamarripa\/#respond"]}]},{"@type":"WebPage","@id":"https:\/\/kuali.com.mx\/web\/2024\/06\/17\/evade-gobernador-postura-sobre-pension-de-zamarripa\/","url":"https:\/\/kuali.com.mx\/web\/2024\/06\/17\/evade-gobernador-postura-sobre-pension-de-zamarripa\/","name":"EVADE GOBERNADOR POSTURA SOBRE PENSI\u00d3N DE ZAMARRIPA - Kuali","isPartOf":{"@id":"https:\/\/kuali.com.mx\/web\/#website"},"primaryImageOfPage":{"@id":"https:\/\/kuali.com.mx\/web\/2024\/06\/17\/evade-gobernador-postura-sobre-pension-de-zamarripa\/#primaryimage"},"image":{"@id":"https:\/\/kuali.com.mx\/web\/2024\/06\/17\/evade-gobernador-postura-sobre-pension-de-zamarripa\/#primaryimage"},"thumbnailUrl":"https:\/\/kuali.com.mx\/web\/wp-content\/uploads\/2022\/05\/Carlos-Zamarripa-Aguirre.jpeg","datePublished":"2024-06-17T23:47:54+00:00","dateModified":"2024-06-18T00:46:30+00:00","author":{"@id":"https:\/\/kuali.com.mx\/web\/#\/schema\/person\/6f89ffa8ecba9dae50662357923c5289"},"breadcrumb":{"@id":"https:\/\/kuali.com.mx\/web\/2024\/06\/17\/evade-gobernador-postura-sobre-pension-de-zamarripa\/#breadcrumb"},"inLanguage":"es","potentialAction":[{"@type":"ReadAction","target":["https:\/\/kuali.com.mx\/web\/2024\/06\/17\/evade-gobernador-postura-sobre-pension-de-zamarripa\/"]}]},{"@type":"ImageObject","inLanguage":"es","@id":"https:\/\/kuali.com.mx\/web\/2024\/06\/17\/evade-gobernador-postura-sobre-pension-de-zamarripa\/#primaryimage","url":"https:\/\/kuali.com.mx\/web\/wp-content\/uploads\/2022\/05\/Carlos-Zamarripa-Aguirre.jpeg","contentUrl":"https:\/\/kuali.com.mx\/web\/wp-content\/uploads\/2022\/05\/Carlos-Zamarripa-Aguirre.jpeg","width":1822,"height":750},{"@type":"BreadcrumbList","@id":"https:\/\/kuali.com.mx\/web\/2024\/06\/17\/evade-gobernador-postura-sobre-pension-de-zamarripa\/#breadcrumb","itemListElement":[{"@type":"ListItem","position":1,"name":"Inicio","item":"https:\/\/kuali.com.mx\/web\/"},{"@type":"ListItem","position":2,"name":"EVADE GOBERNADOR POSTURA SOBRE PENSI\u00d3N DE ZAMARRIPA"}]},{"@type":"WebSite","@id":"https:\/\/kuali.com.mx\/web\/#website","url":"https:\/\/kuali.com.mx\/web\/","name":"Kuali","description":"","potentialAction":[{"@type":"SearchAction","target":{"@type":"EntryPoint","urlTemplate":"https:\/\/kuali.com.mx\/web\/?s={search_term_string}"},"query-input":{"@type":"PropertyValueSpecification","valueRequired":true,"valueName":"search_term_string"}}],"inLanguage":"es"},{"@type":"Person","@id":"https:\/\/kuali.com.mx\/web\/#\/schema\/person\/6f89ffa8ecba9dae50662357923c5289","name":"Kuali Staff","image":{"@type":"ImageObject","inLanguage":"es","@id":"https:\/\/secure.gravatar.com\/avatar\/f917ad82e5ab71227a733c78b6e60715476f69ee6be59feee4eb5d9920c89e0f?s=96&d=mm&r=g","url":"https:\/\/secure.gravatar.com\/avatar\/f917ad82e5ab71227a733c78b6e60715476f69ee6be59feee4eb5d9920c89e0f?s=96&d=mm&r=g","contentUrl":"https:\/\/secure.gravatar.com\/avatar\/f917ad82e5ab71227a733c78b6e60715476f69ee6be59feee4eb5d9920c89e0f?s=96&d=mm&r=g","caption":"Kuali Staff"},"url":"https:\/\/kuali.com.mx\/web\/author\/lagarto\/"}]}},"_links":{"self":[{"href":"https:\/\/kuali.com.mx\/web\/wp-json\/wp\/v2\/posts\/145865","targetHints":{"allow":["GET"]}}],"collection":[{"href":"https:\/\/kuali.com.mx\/web\/wp-json\/wp\/v2\/posts"}],"about":[{"href":"https:\/\/kuali.com.mx\/web\/wp-json\/wp\/v2\/types\/post"}],"author":[{"embeddable":true,"href":"https:\/\/kuali.com.mx\/web\/wp-json\/wp\/v2\/users\/2"}],"replies":[{"embeddable":true,"href":"https:\/\/kuali.com.mx\/web\/wp-json\/wp\/v2\/comments?post=145865"}],"version-history":[{"count":2,"href":"https:\/\/kuali.com.mx\/web\/wp-json\/wp\/v2\/posts\/145865\/revisions"}],"predecessor-version":[{"id":145888,"href":"https:\/\/kuali.com.mx\/web\/wp-json\/wp\/v2\/posts\/145865\/revisions\/145888"}],"wp:featuredmedia":[{"embeddable":true,"href":"https:\/\/kuali.com.mx\/web\/wp-json\/wp\/v2\/media\/96279"}],"wp:attachment":[{"href":"https:\/\/kuali.com.mx\/web\/wp-json\/wp\/v2\/media?parent=145865"}],"wp:term":[{"taxonomy":"category","embeddable":true,"href":"https:\/\/kuali.com.mx\/web\/wp-json\/wp\/v2\/categories?post=145865"},{"taxonomy":"post_tag","embeddable":true,"href":"https:\/\/kuali.com.mx\/web\/wp-json\/wp\/v2\/tags?post=145865"}],"curies":[{"name":"wp","href":"https:\/\/api.w.org\/{rel}","templated":true}]}}