{"id":145853,"date":"2024-06-16T19:03:00","date_gmt":"2024-06-17T01:03:00","guid":{"rendered":"https:\/\/kuali.com.mx\/web\/?p=145853"},"modified":"2024-06-16T22:05:53","modified_gmt":"2024-06-17T04:05:53","slug":"reformas-de-amlo-afectaran-autonomia-de-la-scjn-pan","status":"publish","type":"post","link":"https:\/\/kuali.com.mx\/web\/2024\/06\/16\/reformas-de-amlo-afectaran-autonomia-de-la-scjn-pan\/","title":{"rendered":"REFORMAS DE AMLO AFECTAR\u00c1N AUTONOM\u00cdA DE LA SCJN: PAN"},"content":{"rendered":"\n<p><strong><em>Kuali\/Ciudad de M\u00e9xico.-<\/em><\/strong>El coordinador los senadores del Partido Acci\u00f3n Nacional (PAN), Julen Rementer\u00eda del Puerto, declar\u00f3 que la reforma judicial propuesta por el Presidente de la Rep\u00fablica, Andr\u00e9s Manuel L\u00f3pez Obrador, afectar\u00eda la independencia y autonom\u00eda de dicho poder, as\u00ed como el riesgo de no cumplirse la ley.<\/p>\n\n\n\n<p>\u201c\u00bfCreen que el elegir a los jueces entre la poblaci\u00f3n va a garantizar que la corrupci\u00f3n se acabe en el Poder Judicial?: Me parece que esa no es la forma, yo creo que habr\u00e1 formas de poder lograrlo, porque a ver, no estoy negando que haya corrupci\u00f3n en el Poder Judicial, lo que estoy afirmando es que no es la soluci\u00f3n a trav\u00e9s de una elecci\u00f3n popular para estos puestos, para que esto se pueda acabar. Adem\u00e1s, generar\u00eda un riesgo en su independencia y autonom\u00eda y no se garantizar\u00eda que los jueces cumplan de manera imparcial y objetiva el impartir justicia\u201d, explic\u00f3.<\/p>\n\n\n\n<p>Rementer\u00eda del Puerto destac\u00f3 que el objetivo que ha repetido el Presidente sobre su reforma de mejorar la independencia y eficiencia del Poder Judicial, as\u00ed como el combate a la corrupci\u00f3n, no tiene el suficiente sustento que se necesita.<\/p>\n\n\n\n<p>\u201cNo existe una completa garant\u00eda de que una reforma en s\u00ed misma acabar\u00e1 con la corrupci\u00f3n, mejor que se planteen medidas para fortalecer las instituciones encargadas de combatir la corrupci\u00f3n, mejorar las \u00e1reas para investigar, enjuiciar y sancionar casos de corrupci\u00f3n, o incorporar mecanismos para una mejor transparencia y rendici\u00f3n de cuentas en el sistema de justicia por parte de los funcionarios p\u00fablicos, incluidos los jueces y magistrados, entre otros m\u00e9todos para combatir y acabar con la corrupci\u00f3n, si esto es lo que se quiere\u201d, indic\u00f3.<\/p>\n\n\n\n<p>El legislador panista tambi\u00e9n destac\u00f3 que con la elecci\u00f3n popular de magistrados se puede caer en el ejercicio que han hecho otros pa\u00edses como Bolivia, Israel o Turqu\u00eda, donde los jueces y magistrados son elegidos popularmente no con el objetivo de que la justicia funcione correctamente, sino para conseguir que el gobierno no enfrente ning\u00fan control constitucional en sus decisiones.<\/p>\n\n\n\n<p>\u201cEn Bolivia, fueron los ministros electos popularmente quienes determinaron que el expresidente Evo Morales pudiera presentarse a una segunda reelecci\u00f3n, aun estando esto prohibido en la Constituci\u00f3n de ese pa\u00eds. En Turqu\u00eda, m\u00e1s de 4 mil jueces y fiscales fueron sustituidos por personas afines al partido en el poder. En Israel, la propuesta gener\u00f3 tal cantidad de protestas masivas en las calles que pr\u00e1cticamente concluyen con la dimisi\u00f3n del primer ministro. Es un modelo que s\u00f3lo ha demostrado que funciona, pero para el poder en turno, porque ha limitado el equilibrio de poderes y la independencia de la judicatura\u201d, agreg\u00f3.<\/p>\n\n\n\n<p>Asimismo, se\u00f1al\u00f3 que la propuesta de someter a votaci\u00f3n popular el nombramiento de ministros en la Suprema Corte de Justicia de la Naci\u00f3n (SCJN), por parte del presidente Andr\u00e9s Manuel L\u00f3pez Obrador, es una simulaci\u00f3n y demagogia pura del partido oficialista.<\/p>\n\n\n\n<p>\u201cPermitir que el voto popular influya en el proceso de selecci\u00f3n de ministros de la Corte nos podr\u00eda llevar a decisiones basadas en consideraciones pol\u00edticas o partidistas en lugar de criterios objetivos y respetando nuestra Constituci\u00f3n, sin duda esta acci\u00f3n podr\u00eda minar la calidad y la imparcialidad de las decisiones judiciales\u201d, concluy\u00f3.<\/p>\n","protected":false},"excerpt":{"rendered":"Kuali\/Ciudad de M\u00e9xico.-El coordinador los senadores del Partido Acci\u00f3n Nacional (PAN), Julen Rementer\u00eda del Puerto, declar\u00f3 que la reforma judicial propuesta por el Presidente de la Rep\u00fablica, Andr\u00e9s Manuel L\u00f3pez Obrador, afectar\u00eda la independencia y autonom\u00eda de dicho poder, as\u00ed como el riesgo de no cumplirse la ley. \u201c\u00bfCreen que el elegir a los jueces [&hellip;]","protected":false},"author":2,"featured_media":38436,"comment_status":"open","ping_status":"open","sticky":false,"template":"","format":"standard","meta":{"_seopress_robots_primary_cat":"none","_seopress_titles_title":"","_seopress_titles_desc":"","_seopress_robots_index":"","_monsterinsights_skip_tracking":false,"_monsterinsights_sitenote_active":false,"_monsterinsights_sitenote_note":"","_monsterinsights_sitenote_category":0,"footnotes":""},"categories":[3],"tags":[],"class_list":["post-145853","post","type-post","status-publish","format-standard","has-post-thumbnail","hentry","category-politica"],"yoast_head":"<!-- This site is optimized with the Yoast SEO plugin v27.4 - https:\/\/yoast.com\/product\/yoast-seo-wordpress\/ -->\n<title>REFORMAS DE AMLO AFECTAR\u00c1N AUTONOM\u00cdA DE LA SCJN: PAN - Kuali<\/title>\n<meta name=\"robots\" content=\"index, follow, max-snippet:-1, max-image-preview:large, max-video-preview:-1\" \/>\n<link rel=\"canonical\" href=\"https:\/\/kuali.com.mx\/web\/2024\/06\/16\/reformas-de-amlo-afectaran-autonomia-de-la-scjn-pan\/\" \/>\n<meta property=\"og:locale\" content=\"es_MX\" \/>\n<meta property=\"og:type\" content=\"article\" \/>\n<meta property=\"og:title\" content=\"REFORMAS DE AMLO AFECTAR\u00c1N AUTONOM\u00cdA DE LA SCJN: PAN - Kuali\" \/>\n<meta property=\"og:description\" content=\"Kuali\/Ciudad de M\u00e9xico.-El coordinador los senadores del Partido Acci\u00f3n Nacional (PAN), Julen Rementer\u00eda del Puerto, declar\u00f3 que la reforma judicial propuesta por el Presidente de la Rep\u00fablica, Andr\u00e9s Manuel L\u00f3pez Obrador, afectar\u00eda la independencia y autonom\u00eda de dicho poder, as\u00ed como el riesgo de no cumplirse la ley. \u201c\u00bfCreen que el elegir a los jueces [&hellip;]\" \/>\n<meta property=\"og:url\" content=\"https:\/\/kuali.com.mx\/web\/2024\/06\/16\/reformas-de-amlo-afectaran-autonomia-de-la-scjn-pan\/\" \/>\n<meta property=\"og:site_name\" content=\"Kuali\" \/>\n<meta property=\"article:publisher\" content=\"https:\/\/kuali.com.mx\/web\/wp-content\/uploads\/2018\/04\/cropped-kuali_logo-1-1.png\" \/>\n<meta property=\"article:published_time\" content=\"2024-06-17T01:03:00+00:00\" \/>\n<meta property=\"article:modified_time\" content=\"2024-06-17T04:05:53+00:00\" \/>\n<meta property=\"og:image\" content=\"https:\/\/kuali.com.mx\/web\/wp-content\/uploads\/2018\/04\/C\u00e1mara-diputados-e1650287080919.jpg\" \/>\n\t<meta property=\"og:image:width\" content=\"1887\" \/>\n\t<meta property=\"og:image:height\" content=\"750\" \/>\n\t<meta property=\"og:image:type\" content=\"image\/jpeg\" \/>\n<meta name=\"author\" content=\"Kuali Staff\" \/>\n<meta name=\"twitter:card\" content=\"summary_large_image\" \/>\n<meta name=\"twitter:creator\" content=\"@kuali_noticias\" \/>\n<meta name=\"twitter:site\" content=\"@kuali_noticias\" \/>\n<meta name=\"twitter:label1\" content=\"Escrito por\" \/>\n\t<meta name=\"twitter:data1\" content=\"Kuali Staff\" \/>\n\t<meta name=\"twitter:label2\" content=\"Tiempo de lectura\" \/>\n\t<meta name=\"twitter:data2\" content=\"3 minutos\" \/>\n<script type=\"application\/ld+json\" class=\"yoast-schema-graph\">{\"@context\":\"https:\\\/\\\/schema.org\",\"@graph\":[{\"@type\":\"Article\",\"@id\":\"https:\\\/\\\/kuali.com.mx\\\/web\\\/2024\\\/06\\\/16\\\/reformas-de-amlo-afectaran-autonomia-de-la-scjn-pan\\\/#article\",\"isPartOf\":{\"@id\":\"https:\\\/\\\/kuali.com.mx\\\/web\\\/2024\\\/06\\\/16\\\/reformas-de-amlo-afectaran-autonomia-de-la-scjn-pan\\\/\"},\"author\":{\"name\":\"Kuali Staff\",\"@id\":\"https:\\\/\\\/kuali.com.mx\\\/web\\\/#\\\/schema\\\/person\\\/6f89ffa8ecba9dae50662357923c5289\"},\"headline\":\"REFORMAS DE AMLO AFECTAR\u00c1N AUTONOM\u00cdA DE LA SCJN: PAN\",\"datePublished\":\"2024-06-17T01:03:00+00:00\",\"dateModified\":\"2024-06-17T04:05:53+00:00\",\"mainEntityOfPage\":{\"@id\":\"https:\\\/\\\/kuali.com.mx\\\/web\\\/2024\\\/06\\\/16\\\/reformas-de-amlo-afectaran-autonomia-de-la-scjn-pan\\\/\"},\"wordCount\":594,\"commentCount\":0,\"image\":{\"@id\":\"https:\\\/\\\/kuali.com.mx\\\/web\\\/2024\\\/06\\\/16\\\/reformas-de-amlo-afectaran-autonomia-de-la-scjn-pan\\\/#primaryimage\"},\"thumbnailUrl\":\"https:\\\/\\\/kuali.com.mx\\\/web\\\/wp-content\\\/uploads\\\/2018\\\/04\\\/C\u00e1mara-diputados-e1650287080919.jpg\",\"articleSection\":[\"Pol\u00edtica\"],\"inLanguage\":\"es\",\"potentialAction\":[{\"@type\":\"CommentAction\",\"name\":\"Comment\",\"target\":[\"https:\\\/\\\/kuali.com.mx\\\/web\\\/2024\\\/06\\\/16\\\/reformas-de-amlo-afectaran-autonomia-de-la-scjn-pan\\\/#respond\"]}]},{\"@type\":\"WebPage\",\"@id\":\"https:\\\/\\\/kuali.com.mx\\\/web\\\/2024\\\/06\\\/16\\\/reformas-de-amlo-afectaran-autonomia-de-la-scjn-pan\\\/\",\"url\":\"https:\\\/\\\/kuali.com.mx\\\/web\\\/2024\\\/06\\\/16\\\/reformas-de-amlo-afectaran-autonomia-de-la-scjn-pan\\\/\",\"name\":\"REFORMAS DE AMLO AFECTAR\u00c1N AUTONOM\u00cdA DE LA SCJN: PAN - Kuali\",\"isPartOf\":{\"@id\":\"https:\\\/\\\/kuali.com.mx\\\/web\\\/#website\"},\"primaryImageOfPage\":{\"@id\":\"https:\\\/\\\/kuali.com.mx\\\/web\\\/2024\\\/06\\\/16\\\/reformas-de-amlo-afectaran-autonomia-de-la-scjn-pan\\\/#primaryimage\"},\"image\":{\"@id\":\"https:\\\/\\\/kuali.com.mx\\\/web\\\/2024\\\/06\\\/16\\\/reformas-de-amlo-afectaran-autonomia-de-la-scjn-pan\\\/#primaryimage\"},\"thumbnailUrl\":\"https:\\\/\\\/kuali.com.mx\\\/web\\\/wp-content\\\/uploads\\\/2018\\\/04\\\/C\u00e1mara-diputados-e1650287080919.jpg\",\"datePublished\":\"2024-06-17T01:03:00+00:00\",\"dateModified\":\"2024-06-17T04:05:53+00:00\",\"author\":{\"@id\":\"https:\\\/\\\/kuali.com.mx\\\/web\\\/#\\\/schema\\\/person\\\/6f89ffa8ecba9dae50662357923c5289\"},\"breadcrumb\":{\"@id\":\"https:\\\/\\\/kuali.com.mx\\\/web\\\/2024\\\/06\\\/16\\\/reformas-de-amlo-afectaran-autonomia-de-la-scjn-pan\\\/#breadcrumb\"},\"inLanguage\":\"es\",\"potentialAction\":[{\"@type\":\"ReadAction\",\"target\":[\"https:\\\/\\\/kuali.com.mx\\\/web\\\/2024\\\/06\\\/16\\\/reformas-de-amlo-afectaran-autonomia-de-la-scjn-pan\\\/\"]}]},{\"@type\":\"ImageObject\",\"inLanguage\":\"es\",\"@id\":\"https:\\\/\\\/kuali.com.mx\\\/web\\\/2024\\\/06\\\/16\\\/reformas-de-amlo-afectaran-autonomia-de-la-scjn-pan\\\/#primaryimage\",\"url\":\"https:\\\/\\\/kuali.com.mx\\\/web\\\/wp-content\\\/uploads\\\/2018\\\/04\\\/C\u00e1mara-diputados-e1650287080919.jpg\",\"contentUrl\":\"https:\\\/\\\/kuali.com.mx\\\/web\\\/wp-content\\\/uploads\\\/2018\\\/04\\\/C\u00e1mara-diputados-e1650287080919.jpg\",\"width\":1887,\"height\":750},{\"@type\":\"BreadcrumbList\",\"@id\":\"https:\\\/\\\/kuali.com.mx\\\/web\\\/2024\\\/06\\\/16\\\/reformas-de-amlo-afectaran-autonomia-de-la-scjn-pan\\\/#breadcrumb\",\"itemListElement\":[{\"@type\":\"ListItem\",\"position\":1,\"name\":\"Inicio\",\"item\":\"https:\\\/\\\/kuali.com.mx\\\/web\\\/\"},{\"@type\":\"ListItem\",\"position\":2,\"name\":\"REFORMAS DE AMLO AFECTAR\u00c1N AUTONOM\u00cdA DE LA SCJN: PAN\"}]},{\"@type\":\"WebSite\",\"@id\":\"https:\\\/\\\/kuali.com.mx\\\/web\\\/#website\",\"url\":\"https:\\\/\\\/kuali.com.mx\\\/web\\\/\",\"name\":\"Kuali\",\"description\":\"\",\"potentialAction\":[{\"@type\":\"SearchAction\",\"target\":{\"@type\":\"EntryPoint\",\"urlTemplate\":\"https:\\\/\\\/kuali.com.mx\\\/web\\\/?s={search_term_string}\"},\"query-input\":{\"@type\":\"PropertyValueSpecification\",\"valueRequired\":true,\"valueName\":\"search_term_string\"}}],\"inLanguage\":\"es\"},{\"@type\":\"Person\",\"@id\":\"https:\\\/\\\/kuali.com.mx\\\/web\\\/#\\\/schema\\\/person\\\/6f89ffa8ecba9dae50662357923c5289\",\"name\":\"Kuali Staff\",\"image\":{\"@type\":\"ImageObject\",\"inLanguage\":\"es\",\"@id\":\"https:\\\/\\\/secure.gravatar.com\\\/avatar\\\/f917ad82e5ab71227a733c78b6e60715476f69ee6be59feee4eb5d9920c89e0f?s=96&d=mm&r=g\",\"url\":\"https:\\\/\\\/secure.gravatar.com\\\/avatar\\\/f917ad82e5ab71227a733c78b6e60715476f69ee6be59feee4eb5d9920c89e0f?s=96&d=mm&r=g\",\"contentUrl\":\"https:\\\/\\\/secure.gravatar.com\\\/avatar\\\/f917ad82e5ab71227a733c78b6e60715476f69ee6be59feee4eb5d9920c89e0f?s=96&d=mm&r=g\",\"caption\":\"Kuali Staff\"},\"url\":\"https:\\\/\\\/kuali.com.mx\\\/web\\\/author\\\/lagarto\\\/\"}]}<\/script>\n<!-- \/ Yoast SEO plugin. -->","yoast_head_json":{"title":"REFORMAS DE AMLO AFECTAR\u00c1N AUTONOM\u00cdA DE LA SCJN: PAN - Kuali","robots":{"index":"index","follow":"follow","max-snippet":"max-snippet:-1","max-image-preview":"max-image-preview:large","max-video-preview":"max-video-preview:-1"},"canonical":"https:\/\/kuali.com.mx\/web\/2024\/06\/16\/reformas-de-amlo-afectaran-autonomia-de-la-scjn-pan\/","og_locale":"es_MX","og_type":"article","og_title":"REFORMAS DE AMLO AFECTAR\u00c1N AUTONOM\u00cdA DE LA SCJN: PAN - Kuali","og_description":"Kuali\/Ciudad de M\u00e9xico.-El coordinador los senadores del Partido Acci\u00f3n Nacional (PAN), Julen Rementer\u00eda del Puerto, declar\u00f3 que la reforma judicial propuesta por el Presidente de la Rep\u00fablica, Andr\u00e9s Manuel L\u00f3pez Obrador, afectar\u00eda la independencia y autonom\u00eda de dicho poder, as\u00ed como el riesgo de no cumplirse la ley. \u201c\u00bfCreen que el elegir a los jueces [&hellip;]","og_url":"https:\/\/kuali.com.mx\/web\/2024\/06\/16\/reformas-de-amlo-afectaran-autonomia-de-la-scjn-pan\/","og_site_name":"Kuali","article_publisher":"https:\/\/kuali.com.mx\/web\/wp-content\/uploads\/2018\/04\/cropped-kuali_logo-1-1.png","article_published_time":"2024-06-17T01:03:00+00:00","article_modified_time":"2024-06-17T04:05:53+00:00","og_image":[{"width":1887,"height":750,"url":"https:\/\/kuali.com.mx\/web\/wp-content\/uploads\/2018\/04\/C\u00e1mara-diputados-e1650287080919.jpg","type":"image\/jpeg"}],"author":"Kuali Staff","twitter_card":"summary_large_image","twitter_creator":"@kuali_noticias","twitter_site":"@kuali_noticias","twitter_misc":{"Escrito por":"Kuali Staff","Tiempo de lectura":"3 minutos"},"schema":{"@context":"https:\/\/schema.org","@graph":[{"@type":"Article","@id":"https:\/\/kuali.com.mx\/web\/2024\/06\/16\/reformas-de-amlo-afectaran-autonomia-de-la-scjn-pan\/#article","isPartOf":{"@id":"https:\/\/kuali.com.mx\/web\/2024\/06\/16\/reformas-de-amlo-afectaran-autonomia-de-la-scjn-pan\/"},"author":{"name":"Kuali Staff","@id":"https:\/\/kuali.com.mx\/web\/#\/schema\/person\/6f89ffa8ecba9dae50662357923c5289"},"headline":"REFORMAS DE AMLO AFECTAR\u00c1N AUTONOM\u00cdA DE LA SCJN: PAN","datePublished":"2024-06-17T01:03:00+00:00","dateModified":"2024-06-17T04:05:53+00:00","mainEntityOfPage":{"@id":"https:\/\/kuali.com.mx\/web\/2024\/06\/16\/reformas-de-amlo-afectaran-autonomia-de-la-scjn-pan\/"},"wordCount":594,"commentCount":0,"image":{"@id":"https:\/\/kuali.com.mx\/web\/2024\/06\/16\/reformas-de-amlo-afectaran-autonomia-de-la-scjn-pan\/#primaryimage"},"thumbnailUrl":"https:\/\/kuali.com.mx\/web\/wp-content\/uploads\/2018\/04\/C\u00e1mara-diputados-e1650287080919.jpg","articleSection":["Pol\u00edtica"],"inLanguage":"es","potentialAction":[{"@type":"CommentAction","name":"Comment","target":["https:\/\/kuali.com.mx\/web\/2024\/06\/16\/reformas-de-amlo-afectaran-autonomia-de-la-scjn-pan\/#respond"]}]},{"@type":"WebPage","@id":"https:\/\/kuali.com.mx\/web\/2024\/06\/16\/reformas-de-amlo-afectaran-autonomia-de-la-scjn-pan\/","url":"https:\/\/kuali.com.mx\/web\/2024\/06\/16\/reformas-de-amlo-afectaran-autonomia-de-la-scjn-pan\/","name":"REFORMAS DE AMLO AFECTAR\u00c1N AUTONOM\u00cdA DE LA SCJN: PAN - Kuali","isPartOf":{"@id":"https:\/\/kuali.com.mx\/web\/#website"},"primaryImageOfPage":{"@id":"https:\/\/kuali.com.mx\/web\/2024\/06\/16\/reformas-de-amlo-afectaran-autonomia-de-la-scjn-pan\/#primaryimage"},"image":{"@id":"https:\/\/kuali.com.mx\/web\/2024\/06\/16\/reformas-de-amlo-afectaran-autonomia-de-la-scjn-pan\/#primaryimage"},"thumbnailUrl":"https:\/\/kuali.com.mx\/web\/wp-content\/uploads\/2018\/04\/C\u00e1mara-diputados-e1650287080919.jpg","datePublished":"2024-06-17T01:03:00+00:00","dateModified":"2024-06-17T04:05:53+00:00","author":{"@id":"https:\/\/kuali.com.mx\/web\/#\/schema\/person\/6f89ffa8ecba9dae50662357923c5289"},"breadcrumb":{"@id":"https:\/\/kuali.com.mx\/web\/2024\/06\/16\/reformas-de-amlo-afectaran-autonomia-de-la-scjn-pan\/#breadcrumb"},"inLanguage":"es","potentialAction":[{"@type":"ReadAction","target":["https:\/\/kuali.com.mx\/web\/2024\/06\/16\/reformas-de-amlo-afectaran-autonomia-de-la-scjn-pan\/"]}]},{"@type":"ImageObject","inLanguage":"es","@id":"https:\/\/kuali.com.mx\/web\/2024\/06\/16\/reformas-de-amlo-afectaran-autonomia-de-la-scjn-pan\/#primaryimage","url":"https:\/\/kuali.com.mx\/web\/wp-content\/uploads\/2018\/04\/C\u00e1mara-diputados-e1650287080919.jpg","contentUrl":"https:\/\/kuali.com.mx\/web\/wp-content\/uploads\/2018\/04\/C\u00e1mara-diputados-e1650287080919.jpg","width":1887,"height":750},{"@type":"BreadcrumbList","@id":"https:\/\/kuali.com.mx\/web\/2024\/06\/16\/reformas-de-amlo-afectaran-autonomia-de-la-scjn-pan\/#breadcrumb","itemListElement":[{"@type":"ListItem","position":1,"name":"Inicio","item":"https:\/\/kuali.com.mx\/web\/"},{"@type":"ListItem","position":2,"name":"REFORMAS DE AMLO AFECTAR\u00c1N AUTONOM\u00cdA DE LA SCJN: PAN"}]},{"@type":"WebSite","@id":"https:\/\/kuali.com.mx\/web\/#website","url":"https:\/\/kuali.com.mx\/web\/","name":"Kuali","description":"","potentialAction":[{"@type":"SearchAction","target":{"@type":"EntryPoint","urlTemplate":"https:\/\/kuali.com.mx\/web\/?s={search_term_string}"},"query-input":{"@type":"PropertyValueSpecification","valueRequired":true,"valueName":"search_term_string"}}],"inLanguage":"es"},{"@type":"Person","@id":"https:\/\/kuali.com.mx\/web\/#\/schema\/person\/6f89ffa8ecba9dae50662357923c5289","name":"Kuali Staff","image":{"@type":"ImageObject","inLanguage":"es","@id":"https:\/\/secure.gravatar.com\/avatar\/f917ad82e5ab71227a733c78b6e60715476f69ee6be59feee4eb5d9920c89e0f?s=96&d=mm&r=g","url":"https:\/\/secure.gravatar.com\/avatar\/f917ad82e5ab71227a733c78b6e60715476f69ee6be59feee4eb5d9920c89e0f?s=96&d=mm&r=g","contentUrl":"https:\/\/secure.gravatar.com\/avatar\/f917ad82e5ab71227a733c78b6e60715476f69ee6be59feee4eb5d9920c89e0f?s=96&d=mm&r=g","caption":"Kuali Staff"},"url":"https:\/\/kuali.com.mx\/web\/author\/lagarto\/"}]}},"_links":{"self":[{"href":"https:\/\/kuali.com.mx\/web\/wp-json\/wp\/v2\/posts\/145853","targetHints":{"allow":["GET"]}}],"collection":[{"href":"https:\/\/kuali.com.mx\/web\/wp-json\/wp\/v2\/posts"}],"about":[{"href":"https:\/\/kuali.com.mx\/web\/wp-json\/wp\/v2\/types\/post"}],"author":[{"embeddable":true,"href":"https:\/\/kuali.com.mx\/web\/wp-json\/wp\/v2\/users\/2"}],"replies":[{"embeddable":true,"href":"https:\/\/kuali.com.mx\/web\/wp-json\/wp\/v2\/comments?post=145853"}],"version-history":[{"count":1,"href":"https:\/\/kuali.com.mx\/web\/wp-json\/wp\/v2\/posts\/145853\/revisions"}],"predecessor-version":[{"id":145856,"href":"https:\/\/kuali.com.mx\/web\/wp-json\/wp\/v2\/posts\/145853\/revisions\/145856"}],"wp:featuredmedia":[{"embeddable":true,"href":"https:\/\/kuali.com.mx\/web\/wp-json\/wp\/v2\/media\/38436"}],"wp:attachment":[{"href":"https:\/\/kuali.com.mx\/web\/wp-json\/wp\/v2\/media?parent=145853"}],"wp:term":[{"taxonomy":"category","embeddable":true,"href":"https:\/\/kuali.com.mx\/web\/wp-json\/wp\/v2\/categories?post=145853"},{"taxonomy":"post_tag","embeddable":true,"href":"https:\/\/kuali.com.mx\/web\/wp-json\/wp\/v2\/tags?post=145853"}],"curies":[{"name":"wp","href":"https:\/\/api.w.org\/{rel}","templated":true}]}}