{"id":145834,"date":"2024-06-16T21:35:53","date_gmt":"2024-06-17T03:35:53","guid":{"rendered":"https:\/\/kuali.com.mx\/web\/?p=145834"},"modified":"2024-06-17T09:16:37","modified_gmt":"2024-06-17T15:16:37","slug":"pintan-mural-del-fubolista-andre-onana","status":"publish","type":"post","link":"https:\/\/kuali.com.mx\/web\/2024\/06\/16\/pintan-mural-del-fubolista-andre-onana\/","title":{"rendered":"PINTAN MURAL DEL FUBOLISTA ANDR\u00c9 ONANA"},"content":{"rendered":"\n<p><strong><em>Kuali\/Le\u00f3n, Gto.-<\/em><\/strong> El futbolista camerun\u00e9s Andr\u00e9 Onana, estuvo como invitado en la develaci\u00f3n de un mural que se pint\u00f3 en su honor en una barda de 15 metros del bulevar Adolfo L\u00f3pez Mateos.<\/p>\n\n\n\n<p>El director del Instituto Municipal de la Juventud Ismael Z\u00fa\u00f1iga, comparti\u00f3 que este tipo de expresiones art\u00edsticas son alternativas que promueve la administraci\u00f3n municipal como estrategia de prevenci\u00f3n para los j\u00f3venes.<\/p>\n\n\n\n<p>\"Le abonamos mucho al tema de prevenci\u00f3n, le abonamos mucho a la prevenci\u00f3n de temas psicosociales, la prevenci\u00f3n de adicciones, y que los chavos y las chavas transformen su vida y que se conviertan en personas artistas que han cambiado su rumbo y que han cambiado el rumbo de otras personas y de Le\u00f3n\" dijo.<\/p>\n\n\n\n<p>Destac\u00f3 la presencia del futbolista Andr\u00e9 Onana, qui\u00e9n actualmente es guardameta del equipo brit\u00e1nico Manchester United y estuvo en la ciudad este fin de semana en el torneo Keeper Combat.<\/p>\n\n\n\n<p>Onana es tambi\u00e9n una inspiraci\u00f3n para las juventudes leonesas, y a trav\u00e9s de iniciativas como esta se busca motivar a las nuevas generaciones mostr\u00e1ndoles ejemplos tangibles de c\u00f3mo el arte puede transformar y enriquecer una comunidad.<\/p>\n\n\n\n<p>El mural se pint\u00f3 sobre una dimensi\u00f3n de 15 metros de largo por tres de alto en una barda ubicada exactamente frente a Poliforum Le\u00f3n.<\/p>\n\n\n\n<p>En la develaci\u00f3n estuvo como invitada especial, la alcaldesa con licencia, Alejandra Guti\u00e9rrez Campos.<\/p>\n","protected":false},"excerpt":{"rendered":"Kuali\/Le\u00f3n, Gto.- El futbolista camerun\u00e9s Andr\u00e9 Onana, estuvo como invitado en la develaci\u00f3n de un mural que se pint\u00f3 en su honor en una barda de 15 metros del bulevar Adolfo L\u00f3pez Mateos. El director del Instituto Municipal de la Juventud Ismael Z\u00fa\u00f1iga, comparti\u00f3 que este tipo de expresiones art\u00edsticas son alternativas que promueve la [&hellip;]","protected":false},"author":2,"featured_media":145837,"comment_status":"open","ping_status":"open","sticky":false,"template":"","format":"standard","meta":{"_seopress_robots_primary_cat":"none","_seopress_titles_title":"","_seopress_titles_desc":"","_seopress_robots_index":"","_monsterinsights_skip_tracking":false,"_monsterinsights_sitenote_active":false,"_monsterinsights_sitenote_note":"","_monsterinsights_sitenote_category":0,"footnotes":""},"categories":[16,69],"tags":[],"class_list":["post-145834","post","type-post","status-publish","format-standard","has-post-thumbnail","hentry","category-deportes","category-slider"],"yoast_head":"<!-- This site is optimized with the Yoast SEO plugin v27.4 - https:\/\/yoast.com\/product\/yoast-seo-wordpress\/ -->\n<title>PINTAN MURAL DEL FUBOLISTA ANDR\u00c9 ONANA - Kuali<\/title>\n<meta name=\"robots\" content=\"index, follow, max-snippet:-1, max-image-preview:large, max-video-preview:-1\" \/>\n<link rel=\"canonical\" href=\"https:\/\/kuali.com.mx\/web\/2024\/06\/16\/pintan-mural-del-fubolista-andre-onana\/\" \/>\n<meta property=\"og:locale\" content=\"es_MX\" \/>\n<meta property=\"og:type\" content=\"article\" \/>\n<meta property=\"og:title\" content=\"PINTAN MURAL DEL FUBOLISTA ANDR\u00c9 ONANA - Kuali\" \/>\n<meta property=\"og:description\" content=\"Kuali\/Le\u00f3n, Gto.- El futbolista camerun\u00e9s Andr\u00e9 Onana, estuvo como invitado en la develaci\u00f3n de un mural que se pint\u00f3 en su honor en una barda de 15 metros del bulevar Adolfo L\u00f3pez Mateos. El director del Instituto Municipal de la Juventud Ismael Z\u00fa\u00f1iga, comparti\u00f3 que este tipo de expresiones art\u00edsticas son alternativas que promueve la [&hellip;]\" \/>\n<meta property=\"og:url\" content=\"https:\/\/kuali.com.mx\/web\/2024\/06\/16\/pintan-mural-del-fubolista-andre-onana\/\" \/>\n<meta property=\"og:site_name\" content=\"Kuali\" \/>\n<meta property=\"article:publisher\" content=\"https:\/\/kuali.com.mx\/web\/wp-content\/uploads\/2018\/04\/cropped-kuali_logo-1-1.png\" \/>\n<meta property=\"article:published_time\" content=\"2024-06-17T03:35:53+00:00\" \/>\n<meta property=\"article:modified_time\" content=\"2024-06-17T15:16:37+00:00\" \/>\n<meta property=\"og:image\" content=\"https:\/\/kuali.com.mx\/web\/wp-content\/uploads\/2024\/06\/El-futbolista-camerunes-Andre-Onana.jpg\" \/>\n\t<meta property=\"og:image:width\" content=\"1818\" \/>\n\t<meta property=\"og:image:height\" content=\"750\" \/>\n\t<meta property=\"og:image:type\" content=\"image\/jpeg\" \/>\n<meta name=\"author\" content=\"Kuali Staff\" \/>\n<meta name=\"twitter:card\" content=\"summary_large_image\" \/>\n<meta name=\"twitter:creator\" content=\"@kuali_noticias\" \/>\n<meta name=\"twitter:site\" content=\"@kuali_noticias\" \/>\n<meta name=\"twitter:label1\" content=\"Escrito por\" \/>\n\t<meta name=\"twitter:data1\" content=\"Kuali Staff\" \/>\n\t<meta name=\"twitter:label2\" content=\"Tiempo de lectura\" \/>\n\t<meta name=\"twitter:data2\" content=\"1 minuto\" \/>\n<script type=\"application\/ld+json\" class=\"yoast-schema-graph\">{\"@context\":\"https:\\\/\\\/schema.org\",\"@graph\":[{\"@type\":\"Article\",\"@id\":\"https:\\\/\\\/kuali.com.mx\\\/web\\\/2024\\\/06\\\/16\\\/pintan-mural-del-fubolista-andre-onana\\\/#article\",\"isPartOf\":{\"@id\":\"https:\\\/\\\/kuali.com.mx\\\/web\\\/2024\\\/06\\\/16\\\/pintan-mural-del-fubolista-andre-onana\\\/\"},\"author\":{\"name\":\"Kuali Staff\",\"@id\":\"https:\\\/\\\/kuali.com.mx\\\/web\\\/#\\\/schema\\\/person\\\/6f89ffa8ecba9dae50662357923c5289\"},\"headline\":\"PINTAN MURAL DEL FUBOLISTA ANDR\u00c9 ONANA\",\"datePublished\":\"2024-06-17T03:35:53+00:00\",\"dateModified\":\"2024-06-17T15:16:37+00:00\",\"mainEntityOfPage\":{\"@id\":\"https:\\\/\\\/kuali.com.mx\\\/web\\\/2024\\\/06\\\/16\\\/pintan-mural-del-fubolista-andre-onana\\\/\"},\"wordCount\":254,\"commentCount\":0,\"image\":{\"@id\":\"https:\\\/\\\/kuali.com.mx\\\/web\\\/2024\\\/06\\\/16\\\/pintan-mural-del-fubolista-andre-onana\\\/#primaryimage\"},\"thumbnailUrl\":\"https:\\\/\\\/kuali.com.mx\\\/web\\\/wp-content\\\/uploads\\\/2024\\\/06\\\/El-futbolista-camerunes-Andre-Onana.jpg\",\"articleSection\":[\"Deportes\",\"slider\"],\"inLanguage\":\"es\",\"potentialAction\":[{\"@type\":\"CommentAction\",\"name\":\"Comment\",\"target\":[\"https:\\\/\\\/kuali.com.mx\\\/web\\\/2024\\\/06\\\/16\\\/pintan-mural-del-fubolista-andre-onana\\\/#respond\"]}]},{\"@type\":\"WebPage\",\"@id\":\"https:\\\/\\\/kuali.com.mx\\\/web\\\/2024\\\/06\\\/16\\\/pintan-mural-del-fubolista-andre-onana\\\/\",\"url\":\"https:\\\/\\\/kuali.com.mx\\\/web\\\/2024\\\/06\\\/16\\\/pintan-mural-del-fubolista-andre-onana\\\/\",\"name\":\"PINTAN MURAL DEL FUBOLISTA ANDR\u00c9 ONANA - Kuali\",\"isPartOf\":{\"@id\":\"https:\\\/\\\/kuali.com.mx\\\/web\\\/#website\"},\"primaryImageOfPage\":{\"@id\":\"https:\\\/\\\/kuali.com.mx\\\/web\\\/2024\\\/06\\\/16\\\/pintan-mural-del-fubolista-andre-onana\\\/#primaryimage\"},\"image\":{\"@id\":\"https:\\\/\\\/kuali.com.mx\\\/web\\\/2024\\\/06\\\/16\\\/pintan-mural-del-fubolista-andre-onana\\\/#primaryimage\"},\"thumbnailUrl\":\"https:\\\/\\\/kuali.com.mx\\\/web\\\/wp-content\\\/uploads\\\/2024\\\/06\\\/El-futbolista-camerunes-Andre-Onana.jpg\",\"datePublished\":\"2024-06-17T03:35:53+00:00\",\"dateModified\":\"2024-06-17T15:16:37+00:00\",\"author\":{\"@id\":\"https:\\\/\\\/kuali.com.mx\\\/web\\\/#\\\/schema\\\/person\\\/6f89ffa8ecba9dae50662357923c5289\"},\"breadcrumb\":{\"@id\":\"https:\\\/\\\/kuali.com.mx\\\/web\\\/2024\\\/06\\\/16\\\/pintan-mural-del-fubolista-andre-onana\\\/#breadcrumb\"},\"inLanguage\":\"es\",\"potentialAction\":[{\"@type\":\"ReadAction\",\"target\":[\"https:\\\/\\\/kuali.com.mx\\\/web\\\/2024\\\/06\\\/16\\\/pintan-mural-del-fubolista-andre-onana\\\/\"]}]},{\"@type\":\"ImageObject\",\"inLanguage\":\"es\",\"@id\":\"https:\\\/\\\/kuali.com.mx\\\/web\\\/2024\\\/06\\\/16\\\/pintan-mural-del-fubolista-andre-onana\\\/#primaryimage\",\"url\":\"https:\\\/\\\/kuali.com.mx\\\/web\\\/wp-content\\\/uploads\\\/2024\\\/06\\\/El-futbolista-camerunes-Andre-Onana.jpg\",\"contentUrl\":\"https:\\\/\\\/kuali.com.mx\\\/web\\\/wp-content\\\/uploads\\\/2024\\\/06\\\/El-futbolista-camerunes-Andre-Onana.jpg\",\"width\":1818,\"height\":750},{\"@type\":\"BreadcrumbList\",\"@id\":\"https:\\\/\\\/kuali.com.mx\\\/web\\\/2024\\\/06\\\/16\\\/pintan-mural-del-fubolista-andre-onana\\\/#breadcrumb\",\"itemListElement\":[{\"@type\":\"ListItem\",\"position\":1,\"name\":\"Inicio\",\"item\":\"https:\\\/\\\/kuali.com.mx\\\/web\\\/\"},{\"@type\":\"ListItem\",\"position\":2,\"name\":\"PINTAN MURAL DEL FUBOLISTA ANDR\u00c9 ONANA\"}]},{\"@type\":\"WebSite\",\"@id\":\"https:\\\/\\\/kuali.com.mx\\\/web\\\/#website\",\"url\":\"https:\\\/\\\/kuali.com.mx\\\/web\\\/\",\"name\":\"Kuali\",\"description\":\"\",\"potentialAction\":[{\"@type\":\"SearchAction\",\"target\":{\"@type\":\"EntryPoint\",\"urlTemplate\":\"https:\\\/\\\/kuali.com.mx\\\/web\\\/?s={search_term_string}\"},\"query-input\":{\"@type\":\"PropertyValueSpecification\",\"valueRequired\":true,\"valueName\":\"search_term_string\"}}],\"inLanguage\":\"es\"},{\"@type\":\"Person\",\"@id\":\"https:\\\/\\\/kuali.com.mx\\\/web\\\/#\\\/schema\\\/person\\\/6f89ffa8ecba9dae50662357923c5289\",\"name\":\"Kuali Staff\",\"image\":{\"@type\":\"ImageObject\",\"inLanguage\":\"es\",\"@id\":\"https:\\\/\\\/secure.gravatar.com\\\/avatar\\\/f917ad82e5ab71227a733c78b6e60715476f69ee6be59feee4eb5d9920c89e0f?s=96&d=mm&r=g\",\"url\":\"https:\\\/\\\/secure.gravatar.com\\\/avatar\\\/f917ad82e5ab71227a733c78b6e60715476f69ee6be59feee4eb5d9920c89e0f?s=96&d=mm&r=g\",\"contentUrl\":\"https:\\\/\\\/secure.gravatar.com\\\/avatar\\\/f917ad82e5ab71227a733c78b6e60715476f69ee6be59feee4eb5d9920c89e0f?s=96&d=mm&r=g\",\"caption\":\"Kuali Staff\"},\"url\":\"https:\\\/\\\/kuali.com.mx\\\/web\\\/author\\\/lagarto\\\/\"}]}<\/script>\n<!-- \/ Yoast SEO plugin. -->","yoast_head_json":{"title":"PINTAN MURAL DEL FUBOLISTA ANDR\u00c9 ONANA - Kuali","robots":{"index":"index","follow":"follow","max-snippet":"max-snippet:-1","max-image-preview":"max-image-preview:large","max-video-preview":"max-video-preview:-1"},"canonical":"https:\/\/kuali.com.mx\/web\/2024\/06\/16\/pintan-mural-del-fubolista-andre-onana\/","og_locale":"es_MX","og_type":"article","og_title":"PINTAN MURAL DEL FUBOLISTA ANDR\u00c9 ONANA - Kuali","og_description":"Kuali\/Le\u00f3n, Gto.- El futbolista camerun\u00e9s Andr\u00e9 Onana, estuvo como invitado en la develaci\u00f3n de un mural que se pint\u00f3 en su honor en una barda de 15 metros del bulevar Adolfo L\u00f3pez Mateos. El director del Instituto Municipal de la Juventud Ismael Z\u00fa\u00f1iga, comparti\u00f3 que este tipo de expresiones art\u00edsticas son alternativas que promueve la [&hellip;]","og_url":"https:\/\/kuali.com.mx\/web\/2024\/06\/16\/pintan-mural-del-fubolista-andre-onana\/","og_site_name":"Kuali","article_publisher":"https:\/\/kuali.com.mx\/web\/wp-content\/uploads\/2018\/04\/cropped-kuali_logo-1-1.png","article_published_time":"2024-06-17T03:35:53+00:00","article_modified_time":"2024-06-17T15:16:37+00:00","og_image":[{"width":1818,"height":750,"url":"https:\/\/kuali.com.mx\/web\/wp-content\/uploads\/2024\/06\/El-futbolista-camerunes-Andre-Onana.jpg","type":"image\/jpeg"}],"author":"Kuali Staff","twitter_card":"summary_large_image","twitter_creator":"@kuali_noticias","twitter_site":"@kuali_noticias","twitter_misc":{"Escrito por":"Kuali Staff","Tiempo de lectura":"1 minuto"},"schema":{"@context":"https:\/\/schema.org","@graph":[{"@type":"Article","@id":"https:\/\/kuali.com.mx\/web\/2024\/06\/16\/pintan-mural-del-fubolista-andre-onana\/#article","isPartOf":{"@id":"https:\/\/kuali.com.mx\/web\/2024\/06\/16\/pintan-mural-del-fubolista-andre-onana\/"},"author":{"name":"Kuali Staff","@id":"https:\/\/kuali.com.mx\/web\/#\/schema\/person\/6f89ffa8ecba9dae50662357923c5289"},"headline":"PINTAN MURAL DEL FUBOLISTA ANDR\u00c9 ONANA","datePublished":"2024-06-17T03:35:53+00:00","dateModified":"2024-06-17T15:16:37+00:00","mainEntityOfPage":{"@id":"https:\/\/kuali.com.mx\/web\/2024\/06\/16\/pintan-mural-del-fubolista-andre-onana\/"},"wordCount":254,"commentCount":0,"image":{"@id":"https:\/\/kuali.com.mx\/web\/2024\/06\/16\/pintan-mural-del-fubolista-andre-onana\/#primaryimage"},"thumbnailUrl":"https:\/\/kuali.com.mx\/web\/wp-content\/uploads\/2024\/06\/El-futbolista-camerunes-Andre-Onana.jpg","articleSection":["Deportes","slider"],"inLanguage":"es","potentialAction":[{"@type":"CommentAction","name":"Comment","target":["https:\/\/kuali.com.mx\/web\/2024\/06\/16\/pintan-mural-del-fubolista-andre-onana\/#respond"]}]},{"@type":"WebPage","@id":"https:\/\/kuali.com.mx\/web\/2024\/06\/16\/pintan-mural-del-fubolista-andre-onana\/","url":"https:\/\/kuali.com.mx\/web\/2024\/06\/16\/pintan-mural-del-fubolista-andre-onana\/","name":"PINTAN MURAL DEL FUBOLISTA ANDR\u00c9 ONANA - Kuali","isPartOf":{"@id":"https:\/\/kuali.com.mx\/web\/#website"},"primaryImageOfPage":{"@id":"https:\/\/kuali.com.mx\/web\/2024\/06\/16\/pintan-mural-del-fubolista-andre-onana\/#primaryimage"},"image":{"@id":"https:\/\/kuali.com.mx\/web\/2024\/06\/16\/pintan-mural-del-fubolista-andre-onana\/#primaryimage"},"thumbnailUrl":"https:\/\/kuali.com.mx\/web\/wp-content\/uploads\/2024\/06\/El-futbolista-camerunes-Andre-Onana.jpg","datePublished":"2024-06-17T03:35:53+00:00","dateModified":"2024-06-17T15:16:37+00:00","author":{"@id":"https:\/\/kuali.com.mx\/web\/#\/schema\/person\/6f89ffa8ecba9dae50662357923c5289"},"breadcrumb":{"@id":"https:\/\/kuali.com.mx\/web\/2024\/06\/16\/pintan-mural-del-fubolista-andre-onana\/#breadcrumb"},"inLanguage":"es","potentialAction":[{"@type":"ReadAction","target":["https:\/\/kuali.com.mx\/web\/2024\/06\/16\/pintan-mural-del-fubolista-andre-onana\/"]}]},{"@type":"ImageObject","inLanguage":"es","@id":"https:\/\/kuali.com.mx\/web\/2024\/06\/16\/pintan-mural-del-fubolista-andre-onana\/#primaryimage","url":"https:\/\/kuali.com.mx\/web\/wp-content\/uploads\/2024\/06\/El-futbolista-camerunes-Andre-Onana.jpg","contentUrl":"https:\/\/kuali.com.mx\/web\/wp-content\/uploads\/2024\/06\/El-futbolista-camerunes-Andre-Onana.jpg","width":1818,"height":750},{"@type":"BreadcrumbList","@id":"https:\/\/kuali.com.mx\/web\/2024\/06\/16\/pintan-mural-del-fubolista-andre-onana\/#breadcrumb","itemListElement":[{"@type":"ListItem","position":1,"name":"Inicio","item":"https:\/\/kuali.com.mx\/web\/"},{"@type":"ListItem","position":2,"name":"PINTAN MURAL DEL FUBOLISTA ANDR\u00c9 ONANA"}]},{"@type":"WebSite","@id":"https:\/\/kuali.com.mx\/web\/#website","url":"https:\/\/kuali.com.mx\/web\/","name":"Kuali","description":"","potentialAction":[{"@type":"SearchAction","target":{"@type":"EntryPoint","urlTemplate":"https:\/\/kuali.com.mx\/web\/?s={search_term_string}"},"query-input":{"@type":"PropertyValueSpecification","valueRequired":true,"valueName":"search_term_string"}}],"inLanguage":"es"},{"@type":"Person","@id":"https:\/\/kuali.com.mx\/web\/#\/schema\/person\/6f89ffa8ecba9dae50662357923c5289","name":"Kuali Staff","image":{"@type":"ImageObject","inLanguage":"es","@id":"https:\/\/secure.gravatar.com\/avatar\/f917ad82e5ab71227a733c78b6e60715476f69ee6be59feee4eb5d9920c89e0f?s=96&d=mm&r=g","url":"https:\/\/secure.gravatar.com\/avatar\/f917ad82e5ab71227a733c78b6e60715476f69ee6be59feee4eb5d9920c89e0f?s=96&d=mm&r=g","contentUrl":"https:\/\/secure.gravatar.com\/avatar\/f917ad82e5ab71227a733c78b6e60715476f69ee6be59feee4eb5d9920c89e0f?s=96&d=mm&r=g","caption":"Kuali Staff"},"url":"https:\/\/kuali.com.mx\/web\/author\/lagarto\/"}]}},"_links":{"self":[{"href":"https:\/\/kuali.com.mx\/web\/wp-json\/wp\/v2\/posts\/145834","targetHints":{"allow":["GET"]}}],"collection":[{"href":"https:\/\/kuali.com.mx\/web\/wp-json\/wp\/v2\/posts"}],"about":[{"href":"https:\/\/kuali.com.mx\/web\/wp-json\/wp\/v2\/types\/post"}],"author":[{"embeddable":true,"href":"https:\/\/kuali.com.mx\/web\/wp-json\/wp\/v2\/users\/2"}],"replies":[{"embeddable":true,"href":"https:\/\/kuali.com.mx\/web\/wp-json\/wp\/v2\/comments?post=145834"}],"version-history":[{"count":3,"href":"https:\/\/kuali.com.mx\/web\/wp-json\/wp\/v2\/posts\/145834\/revisions"}],"predecessor-version":[{"id":145864,"href":"https:\/\/kuali.com.mx\/web\/wp-json\/wp\/v2\/posts\/145834\/revisions\/145864"}],"wp:featuredmedia":[{"embeddable":true,"href":"https:\/\/kuali.com.mx\/web\/wp-json\/wp\/v2\/media\/145837"}],"wp:attachment":[{"href":"https:\/\/kuali.com.mx\/web\/wp-json\/wp\/v2\/media?parent=145834"}],"wp:term":[{"taxonomy":"category","embeddable":true,"href":"https:\/\/kuali.com.mx\/web\/wp-json\/wp\/v2\/categories?post=145834"},{"taxonomy":"post_tag","embeddable":true,"href":"https:\/\/kuali.com.mx\/web\/wp-json\/wp\/v2\/tags?post=145834"}],"curies":[{"name":"wp","href":"https:\/\/api.w.org\/{rel}","templated":true}]}}