{"id":144542,"date":"2024-05-31T13:09:43","date_gmt":"2024-05-31T19:09:43","guid":{"rendered":"https:\/\/kuali.com.mx\/web\/?p=144542"},"modified":"2024-06-01T09:24:31","modified_gmt":"2024-06-01T15:24:31","slug":"cuentan-historia-de-afrodescendientes-en-guanajuato","status":"publish","type":"post","link":"https:\/\/kuali.com.mx\/web\/2024\/05\/31\/cuentan-historia-de-afrodescendientes-en-guanajuato\/","title":{"rendered":"CUENTAN HISTORIA DE AFRODESCENDIENTES EN GUANAJUATO"},"content":{"rendered":"\n<p><strong>Kuali\/Guanajuato, Gto.- <\/strong>La artista esc\u00e9nica Miranda Giles Miranda estren\u00f3 la obra \"Guanajuato Negro: Pan\u00f3ptico afrodescendiente en Guanajuato\u201d. <\/p>\n\n\n\n<p>La joven artista present\u00f3 este jueves por primera vez la obra que consta de cinco microhistorias presentadas mediante t\u00e9cnicas de teatro de papel y sombras, utilizando las tradicionales cajas m\u00e1gicas conocidas como \"Lambe Lambe\".<\/p>\n\n\n\n<p>La Biblioteca Central Estatal Wigberto Jim\u00e9nez Moreno fue el escenario para la presentaci\u00f3n del proyecto realizado con apoyo del Programa de Est\u00edmulo a la Creaci\u00f3n y Desarrollo Art\u00edstico (PECDA) Guanajuato 2023.<\/p>\n\n\n\n<p>\u201cEsta colaboraci\u00f3n institucional subraya la importancia de iniciativas que promuevan la diversidad cultural y la inclusi\u00f3n de todas las comunidades en el tejido hist\u00f3rico de la regi\u00f3n\u201d, destac\u00f3 el Instituto Estatal de la Cultura (IEC) en un comunicado.<\/p>\n\n\n<div class=\"wp-block-image\">\n<figure class=\"aligncenter size-large\"><img loading=\"lazy\" decoding=\"async\" width=\"768\" height=\"1024\" src=\"https:\/\/kuali.com.mx\/web\/wp-content\/uploads\/2024\/05\/Teatro-Mirand-Giles-768x1024.jpg\" alt=\"\" class=\"wp-image-144545\" srcset=\"https:\/\/kuali.com.mx\/web\/wp-content\/uploads\/2024\/05\/Teatro-Mirand-Giles-768x1024.jpg 768w, https:\/\/kuali.com.mx\/web\/wp-content\/uploads\/2024\/05\/Teatro-Mirand-Giles-225x300.jpg 225w, https:\/\/kuali.com.mx\/web\/wp-content\/uploads\/2024\/05\/Teatro-Mirand-Giles-1152x1536.jpg 1152w, https:\/\/kuali.com.mx\/web\/wp-content\/uploads\/2024\/05\/Teatro-Mirand-Giles-87x116.jpg 87w, https:\/\/kuali.com.mx\/web\/wp-content\/uploads\/2024\/05\/Teatro-Mirand-Giles.jpg 1440w\" sizes=\"auto, (max-width: 768px) 100vw, 768px\" \/><figcaption>Estrena Miranda Giles su proyecto \"Guanajuato Negro: Pan\u00f3ptico afrodescendiente en Guanajuato\u201d. FOTO: CORTES\u00cdA<\/figcaption><\/figure>\n<\/div>\n\n\n<p>\u201cEl proyecto surge de una inquietud personal acerca del tema de la afro descendencia, pero encontr\u00e9 tanta informaci\u00f3n que, la verdad no me esperaba, que por eso desarroll\u00e9 el tema de las cajas Lambe Lambe, para poder meter m\u00e1s historias sintetizadas\u201d, coment\u00f3 Miranda.<\/p>\n\n\n\n<p>Adem\u00e1s, expres\u00f3 su deseo de que este proyecto siga creciendo: \u201cEspero poder tener m\u00e1s titiriteros para que puedan manejar cada una de las cajas en simult\u00e1neo y m\u00e1s personas puedan tener la experiencia del teatro a un solo espectador\u201d.<\/p>\n\n\n\n<p>Son historias animadas manualmente y no solo proporcionan una experiencia visual \u00fanica, sino que tambi\u00e9n remiten a antiguas formas de entretenimiento y narraci\u00f3n de historias, fusionando tradici\u00f3n y modernidad en una misma propuesta<\/p>\n\n\n\n<p>A Mauricio Zaraz\u00faa, asistente a la presentaci\u00f3n, le result\u00f3 muy original la idea de presentar las historias en este formato: \u201cSon muy interesantes las historias pero, sobre todo, la forma en que las presenta. La verdad, me gust\u00f3 mucho la experiencia\u201d, coment\u00f3.<\/p>\n","protected":false},"excerpt":{"rendered":"Kuali\/Guanajuato, Gto.- La artista esc\u00e9nica Miranda Giles Miranda estren\u00f3 la obra \"Guanajuato Negro: Pan\u00f3ptico afrodescendiente en Guanajuato\u201d. La joven artista present\u00f3 este jueves por primera vez la obra que consta de cinco microhistorias presentadas mediante t\u00e9cnicas de teatro de papel y sombras, utilizando las tradicionales cajas m\u00e1gicas conocidas como \"Lambe Lambe\". La Biblioteca Central Estatal [&hellip;]","protected":false},"author":2,"featured_media":144546,"comment_status":"open","ping_status":"open","sticky":false,"template":"","format":"standard","meta":{"_seopress_robots_primary_cat":"none","_seopress_titles_title":"","_seopress_titles_desc":"","_seopress_robots_index":"","_monsterinsights_skip_tracking":false,"_monsterinsights_sitenote_active":false,"_monsterinsights_sitenote_note":"","_monsterinsights_sitenote_category":0,"footnotes":""},"categories":[8],"tags":[127,939,3918,9,3917,3916,126],"class_list":["post-144542","post","type-post","status-publish","format-standard","has-post-thumbnail","hentry","category-espectaculos","tag-arte-y-cultura","tag-artes-escenicas","tag-cajas-lambe-lambe","tag-guanajuato","tag-historias-de-afrodescendientes","tag-miranda-giles","tag-teatro"],"yoast_head":"<!-- This site is optimized with the Yoast SEO plugin v27.4 - https:\/\/yoast.com\/product\/yoast-seo-wordpress\/ -->\n<title>CUENTAN HISTORIA DE AFRODESCENDIENTES EN GUANAJUATO - Kuali<\/title>\n<meta name=\"robots\" content=\"index, follow, max-snippet:-1, max-image-preview:large, max-video-preview:-1\" \/>\n<link rel=\"canonical\" href=\"https:\/\/kuali.com.mx\/web\/2024\/05\/31\/cuentan-historia-de-afrodescendientes-en-guanajuato\/\" \/>\n<meta property=\"og:locale\" content=\"es_MX\" \/>\n<meta property=\"og:type\" content=\"article\" \/>\n<meta property=\"og:title\" content=\"CUENTAN HISTORIA DE AFRODESCENDIENTES EN GUANAJUATO - Kuali\" \/>\n<meta property=\"og:description\" content=\"Kuali\/Guanajuato, Gto.- La artista esc\u00e9nica Miranda Giles Miranda estren\u00f3 la obra &quot;Guanajuato Negro: Pan\u00f3ptico afrodescendiente en Guanajuato\u201d. La joven artista present\u00f3 este jueves por primera vez la obra que consta de cinco microhistorias presentadas mediante t\u00e9cnicas de teatro de papel y sombras, utilizando las tradicionales cajas m\u00e1gicas conocidas como &quot;Lambe Lambe&quot;. La Biblioteca Central Estatal [&hellip;]\" \/>\n<meta property=\"og:url\" content=\"https:\/\/kuali.com.mx\/web\/2024\/05\/31\/cuentan-historia-de-afrodescendientes-en-guanajuato\/\" \/>\n<meta property=\"og:site_name\" content=\"Kuali\" \/>\n<meta property=\"article:publisher\" content=\"https:\/\/kuali.com.mx\/web\/wp-content\/uploads\/2018\/04\/cropped-kuali_logo-1-1.png\" \/>\n<meta property=\"article:published_time\" content=\"2024-05-31T19:09:43+00:00\" \/>\n<meta property=\"article:modified_time\" content=\"2024-06-01T15:24:31+00:00\" \/>\n<meta property=\"og:image\" content=\"https:\/\/kuali.com.mx\/web\/wp-content\/uploads\/2024\/05\/Teatro-afrodescendiente.gif\" \/>\n\t<meta property=\"og:image:width\" content=\"1700\" \/>\n\t<meta property=\"og:image:height\" content=\"750\" \/>\n\t<meta property=\"og:image:type\" content=\"image\/gif\" \/>\n<meta name=\"author\" content=\"Kuali Staff\" \/>\n<meta name=\"twitter:card\" content=\"summary_large_image\" \/>\n<meta name=\"twitter:creator\" content=\"@kuali_noticias\" \/>\n<meta name=\"twitter:site\" content=\"@kuali_noticias\" \/>\n<meta name=\"twitter:label1\" content=\"Escrito por\" \/>\n\t<meta name=\"twitter:data1\" content=\"Kuali Staff\" \/>\n\t<meta name=\"twitter:label2\" content=\"Tiempo de lectura\" \/>\n\t<meta name=\"twitter:data2\" content=\"2 minutos\" \/>\n<script type=\"application\/ld+json\" class=\"yoast-schema-graph\">{\"@context\":\"https:\\\/\\\/schema.org\",\"@graph\":[{\"@type\":\"Article\",\"@id\":\"https:\\\/\\\/kuali.com.mx\\\/web\\\/2024\\\/05\\\/31\\\/cuentan-historia-de-afrodescendientes-en-guanajuato\\\/#article\",\"isPartOf\":{\"@id\":\"https:\\\/\\\/kuali.com.mx\\\/web\\\/2024\\\/05\\\/31\\\/cuentan-historia-de-afrodescendientes-en-guanajuato\\\/\"},\"author\":{\"name\":\"Kuali Staff\",\"@id\":\"https:\\\/\\\/kuali.com.mx\\\/web\\\/#\\\/schema\\\/person\\\/6f89ffa8ecba9dae50662357923c5289\"},\"headline\":\"CUENTAN HISTORIA DE AFRODESCENDIENTES EN GUANAJUATO\",\"datePublished\":\"2024-05-31T19:09:43+00:00\",\"dateModified\":\"2024-06-01T15:24:31+00:00\",\"mainEntityOfPage\":{\"@id\":\"https:\\\/\\\/kuali.com.mx\\\/web\\\/2024\\\/05\\\/31\\\/cuentan-historia-de-afrodescendientes-en-guanajuato\\\/\"},\"wordCount\":323,\"commentCount\":0,\"image\":{\"@id\":\"https:\\\/\\\/kuali.com.mx\\\/web\\\/2024\\\/05\\\/31\\\/cuentan-historia-de-afrodescendientes-en-guanajuato\\\/#primaryimage\"},\"thumbnailUrl\":\"https:\\\/\\\/kuali.com.mx\\\/web\\\/wp-content\\\/uploads\\\/2024\\\/05\\\/Teatro-afrodescendiente.gif\",\"keywords\":[\"Arte y cultura\",\"Artes esc\u00e9nicas\",\"Cajas Lambe Lambe\",\"Guanajuato\",\"Historias de afrodescendientes\",\"Miranda Giles\",\"Teatro\"],\"articleSection\":[\"Cultura\"],\"inLanguage\":\"es\",\"potentialAction\":[{\"@type\":\"CommentAction\",\"name\":\"Comment\",\"target\":[\"https:\\\/\\\/kuali.com.mx\\\/web\\\/2024\\\/05\\\/31\\\/cuentan-historia-de-afrodescendientes-en-guanajuato\\\/#respond\"]}]},{\"@type\":\"WebPage\",\"@id\":\"https:\\\/\\\/kuali.com.mx\\\/web\\\/2024\\\/05\\\/31\\\/cuentan-historia-de-afrodescendientes-en-guanajuato\\\/\",\"url\":\"https:\\\/\\\/kuali.com.mx\\\/web\\\/2024\\\/05\\\/31\\\/cuentan-historia-de-afrodescendientes-en-guanajuato\\\/\",\"name\":\"CUENTAN HISTORIA DE AFRODESCENDIENTES EN GUANAJUATO - Kuali\",\"isPartOf\":{\"@id\":\"https:\\\/\\\/kuali.com.mx\\\/web\\\/#website\"},\"primaryImageOfPage\":{\"@id\":\"https:\\\/\\\/kuali.com.mx\\\/web\\\/2024\\\/05\\\/31\\\/cuentan-historia-de-afrodescendientes-en-guanajuato\\\/#primaryimage\"},\"image\":{\"@id\":\"https:\\\/\\\/kuali.com.mx\\\/web\\\/2024\\\/05\\\/31\\\/cuentan-historia-de-afrodescendientes-en-guanajuato\\\/#primaryimage\"},\"thumbnailUrl\":\"https:\\\/\\\/kuali.com.mx\\\/web\\\/wp-content\\\/uploads\\\/2024\\\/05\\\/Teatro-afrodescendiente.gif\",\"datePublished\":\"2024-05-31T19:09:43+00:00\",\"dateModified\":\"2024-06-01T15:24:31+00:00\",\"author\":{\"@id\":\"https:\\\/\\\/kuali.com.mx\\\/web\\\/#\\\/schema\\\/person\\\/6f89ffa8ecba9dae50662357923c5289\"},\"breadcrumb\":{\"@id\":\"https:\\\/\\\/kuali.com.mx\\\/web\\\/2024\\\/05\\\/31\\\/cuentan-historia-de-afrodescendientes-en-guanajuato\\\/#breadcrumb\"},\"inLanguage\":\"es\",\"potentialAction\":[{\"@type\":\"ReadAction\",\"target\":[\"https:\\\/\\\/kuali.com.mx\\\/web\\\/2024\\\/05\\\/31\\\/cuentan-historia-de-afrodescendientes-en-guanajuato\\\/\"]}]},{\"@type\":\"ImageObject\",\"inLanguage\":\"es\",\"@id\":\"https:\\\/\\\/kuali.com.mx\\\/web\\\/2024\\\/05\\\/31\\\/cuentan-historia-de-afrodescendientes-en-guanajuato\\\/#primaryimage\",\"url\":\"https:\\\/\\\/kuali.com.mx\\\/web\\\/wp-content\\\/uploads\\\/2024\\\/05\\\/Teatro-afrodescendiente.gif\",\"contentUrl\":\"https:\\\/\\\/kuali.com.mx\\\/web\\\/wp-content\\\/uploads\\\/2024\\\/05\\\/Teatro-afrodescendiente.gif\",\"width\":1700,\"height\":750},{\"@type\":\"BreadcrumbList\",\"@id\":\"https:\\\/\\\/kuali.com.mx\\\/web\\\/2024\\\/05\\\/31\\\/cuentan-historia-de-afrodescendientes-en-guanajuato\\\/#breadcrumb\",\"itemListElement\":[{\"@type\":\"ListItem\",\"position\":1,\"name\":\"Inicio\",\"item\":\"https:\\\/\\\/kuali.com.mx\\\/web\\\/\"},{\"@type\":\"ListItem\",\"position\":2,\"name\":\"CUENTAN HISTORIA DE AFRODESCENDIENTES EN GUANAJUATO\"}]},{\"@type\":\"WebSite\",\"@id\":\"https:\\\/\\\/kuali.com.mx\\\/web\\\/#website\",\"url\":\"https:\\\/\\\/kuali.com.mx\\\/web\\\/\",\"name\":\"Kuali\",\"description\":\"\",\"potentialAction\":[{\"@type\":\"SearchAction\",\"target\":{\"@type\":\"EntryPoint\",\"urlTemplate\":\"https:\\\/\\\/kuali.com.mx\\\/web\\\/?s={search_term_string}\"},\"query-input\":{\"@type\":\"PropertyValueSpecification\",\"valueRequired\":true,\"valueName\":\"search_term_string\"}}],\"inLanguage\":\"es\"},{\"@type\":\"Person\",\"@id\":\"https:\\\/\\\/kuali.com.mx\\\/web\\\/#\\\/schema\\\/person\\\/6f89ffa8ecba9dae50662357923c5289\",\"name\":\"Kuali Staff\",\"image\":{\"@type\":\"ImageObject\",\"inLanguage\":\"es\",\"@id\":\"https:\\\/\\\/secure.gravatar.com\\\/avatar\\\/f917ad82e5ab71227a733c78b6e60715476f69ee6be59feee4eb5d9920c89e0f?s=96&d=mm&r=g\",\"url\":\"https:\\\/\\\/secure.gravatar.com\\\/avatar\\\/f917ad82e5ab71227a733c78b6e60715476f69ee6be59feee4eb5d9920c89e0f?s=96&d=mm&r=g\",\"contentUrl\":\"https:\\\/\\\/secure.gravatar.com\\\/avatar\\\/f917ad82e5ab71227a733c78b6e60715476f69ee6be59feee4eb5d9920c89e0f?s=96&d=mm&r=g\",\"caption\":\"Kuali Staff\"},\"url\":\"https:\\\/\\\/kuali.com.mx\\\/web\\\/author\\\/lagarto\\\/\"}]}<\/script>\n<!-- \/ Yoast SEO plugin. -->","yoast_head_json":{"title":"CUENTAN HISTORIA DE AFRODESCENDIENTES EN GUANAJUATO - Kuali","robots":{"index":"index","follow":"follow","max-snippet":"max-snippet:-1","max-image-preview":"max-image-preview:large","max-video-preview":"max-video-preview:-1"},"canonical":"https:\/\/kuali.com.mx\/web\/2024\/05\/31\/cuentan-historia-de-afrodescendientes-en-guanajuato\/","og_locale":"es_MX","og_type":"article","og_title":"CUENTAN HISTORIA DE AFRODESCENDIENTES EN GUANAJUATO - Kuali","og_description":"Kuali\/Guanajuato, Gto.- La artista esc\u00e9nica Miranda Giles Miranda estren\u00f3 la obra \"Guanajuato Negro: Pan\u00f3ptico afrodescendiente en Guanajuato\u201d. La joven artista present\u00f3 este jueves por primera vez la obra que consta de cinco microhistorias presentadas mediante t\u00e9cnicas de teatro de papel y sombras, utilizando las tradicionales cajas m\u00e1gicas conocidas como \"Lambe Lambe\". La Biblioteca Central Estatal [&hellip;]","og_url":"https:\/\/kuali.com.mx\/web\/2024\/05\/31\/cuentan-historia-de-afrodescendientes-en-guanajuato\/","og_site_name":"Kuali","article_publisher":"https:\/\/kuali.com.mx\/web\/wp-content\/uploads\/2018\/04\/cropped-kuali_logo-1-1.png","article_published_time":"2024-05-31T19:09:43+00:00","article_modified_time":"2024-06-01T15:24:31+00:00","og_image":[{"width":1700,"height":750,"url":"https:\/\/kuali.com.mx\/web\/wp-content\/uploads\/2024\/05\/Teatro-afrodescendiente.gif","type":"image\/gif"}],"author":"Kuali Staff","twitter_card":"summary_large_image","twitter_creator":"@kuali_noticias","twitter_site":"@kuali_noticias","twitter_misc":{"Escrito por":"Kuali Staff","Tiempo de lectura":"2 minutos"},"schema":{"@context":"https:\/\/schema.org","@graph":[{"@type":"Article","@id":"https:\/\/kuali.com.mx\/web\/2024\/05\/31\/cuentan-historia-de-afrodescendientes-en-guanajuato\/#article","isPartOf":{"@id":"https:\/\/kuali.com.mx\/web\/2024\/05\/31\/cuentan-historia-de-afrodescendientes-en-guanajuato\/"},"author":{"name":"Kuali Staff","@id":"https:\/\/kuali.com.mx\/web\/#\/schema\/person\/6f89ffa8ecba9dae50662357923c5289"},"headline":"CUENTAN HISTORIA DE AFRODESCENDIENTES EN GUANAJUATO","datePublished":"2024-05-31T19:09:43+00:00","dateModified":"2024-06-01T15:24:31+00:00","mainEntityOfPage":{"@id":"https:\/\/kuali.com.mx\/web\/2024\/05\/31\/cuentan-historia-de-afrodescendientes-en-guanajuato\/"},"wordCount":323,"commentCount":0,"image":{"@id":"https:\/\/kuali.com.mx\/web\/2024\/05\/31\/cuentan-historia-de-afrodescendientes-en-guanajuato\/#primaryimage"},"thumbnailUrl":"https:\/\/kuali.com.mx\/web\/wp-content\/uploads\/2024\/05\/Teatro-afrodescendiente.gif","keywords":["Arte y cultura","Artes esc\u00e9nicas","Cajas Lambe Lambe","Guanajuato","Historias de afrodescendientes","Miranda Giles","Teatro"],"articleSection":["Cultura"],"inLanguage":"es","potentialAction":[{"@type":"CommentAction","name":"Comment","target":["https:\/\/kuali.com.mx\/web\/2024\/05\/31\/cuentan-historia-de-afrodescendientes-en-guanajuato\/#respond"]}]},{"@type":"WebPage","@id":"https:\/\/kuali.com.mx\/web\/2024\/05\/31\/cuentan-historia-de-afrodescendientes-en-guanajuato\/","url":"https:\/\/kuali.com.mx\/web\/2024\/05\/31\/cuentan-historia-de-afrodescendientes-en-guanajuato\/","name":"CUENTAN HISTORIA DE AFRODESCENDIENTES EN GUANAJUATO - Kuali","isPartOf":{"@id":"https:\/\/kuali.com.mx\/web\/#website"},"primaryImageOfPage":{"@id":"https:\/\/kuali.com.mx\/web\/2024\/05\/31\/cuentan-historia-de-afrodescendientes-en-guanajuato\/#primaryimage"},"image":{"@id":"https:\/\/kuali.com.mx\/web\/2024\/05\/31\/cuentan-historia-de-afrodescendientes-en-guanajuato\/#primaryimage"},"thumbnailUrl":"https:\/\/kuali.com.mx\/web\/wp-content\/uploads\/2024\/05\/Teatro-afrodescendiente.gif","datePublished":"2024-05-31T19:09:43+00:00","dateModified":"2024-06-01T15:24:31+00:00","author":{"@id":"https:\/\/kuali.com.mx\/web\/#\/schema\/person\/6f89ffa8ecba9dae50662357923c5289"},"breadcrumb":{"@id":"https:\/\/kuali.com.mx\/web\/2024\/05\/31\/cuentan-historia-de-afrodescendientes-en-guanajuato\/#breadcrumb"},"inLanguage":"es","potentialAction":[{"@type":"ReadAction","target":["https:\/\/kuali.com.mx\/web\/2024\/05\/31\/cuentan-historia-de-afrodescendientes-en-guanajuato\/"]}]},{"@type":"ImageObject","inLanguage":"es","@id":"https:\/\/kuali.com.mx\/web\/2024\/05\/31\/cuentan-historia-de-afrodescendientes-en-guanajuato\/#primaryimage","url":"https:\/\/kuali.com.mx\/web\/wp-content\/uploads\/2024\/05\/Teatro-afrodescendiente.gif","contentUrl":"https:\/\/kuali.com.mx\/web\/wp-content\/uploads\/2024\/05\/Teatro-afrodescendiente.gif","width":1700,"height":750},{"@type":"BreadcrumbList","@id":"https:\/\/kuali.com.mx\/web\/2024\/05\/31\/cuentan-historia-de-afrodescendientes-en-guanajuato\/#breadcrumb","itemListElement":[{"@type":"ListItem","position":1,"name":"Inicio","item":"https:\/\/kuali.com.mx\/web\/"},{"@type":"ListItem","position":2,"name":"CUENTAN HISTORIA DE AFRODESCENDIENTES EN GUANAJUATO"}]},{"@type":"WebSite","@id":"https:\/\/kuali.com.mx\/web\/#website","url":"https:\/\/kuali.com.mx\/web\/","name":"Kuali","description":"","potentialAction":[{"@type":"SearchAction","target":{"@type":"EntryPoint","urlTemplate":"https:\/\/kuali.com.mx\/web\/?s={search_term_string}"},"query-input":{"@type":"PropertyValueSpecification","valueRequired":true,"valueName":"search_term_string"}}],"inLanguage":"es"},{"@type":"Person","@id":"https:\/\/kuali.com.mx\/web\/#\/schema\/person\/6f89ffa8ecba9dae50662357923c5289","name":"Kuali Staff","image":{"@type":"ImageObject","inLanguage":"es","@id":"https:\/\/secure.gravatar.com\/avatar\/f917ad82e5ab71227a733c78b6e60715476f69ee6be59feee4eb5d9920c89e0f?s=96&d=mm&r=g","url":"https:\/\/secure.gravatar.com\/avatar\/f917ad82e5ab71227a733c78b6e60715476f69ee6be59feee4eb5d9920c89e0f?s=96&d=mm&r=g","contentUrl":"https:\/\/secure.gravatar.com\/avatar\/f917ad82e5ab71227a733c78b6e60715476f69ee6be59feee4eb5d9920c89e0f?s=96&d=mm&r=g","caption":"Kuali Staff"},"url":"https:\/\/kuali.com.mx\/web\/author\/lagarto\/"}]}},"_links":{"self":[{"href":"https:\/\/kuali.com.mx\/web\/wp-json\/wp\/v2\/posts\/144542","targetHints":{"allow":["GET"]}}],"collection":[{"href":"https:\/\/kuali.com.mx\/web\/wp-json\/wp\/v2\/posts"}],"about":[{"href":"https:\/\/kuali.com.mx\/web\/wp-json\/wp\/v2\/types\/post"}],"author":[{"embeddable":true,"href":"https:\/\/kuali.com.mx\/web\/wp-json\/wp\/v2\/users\/2"}],"replies":[{"embeddable":true,"href":"https:\/\/kuali.com.mx\/web\/wp-json\/wp\/v2\/comments?post=144542"}],"version-history":[{"count":2,"href":"https:\/\/kuali.com.mx\/web\/wp-json\/wp\/v2\/posts\/144542\/revisions"}],"predecessor-version":[{"id":144563,"href":"https:\/\/kuali.com.mx\/web\/wp-json\/wp\/v2\/posts\/144542\/revisions\/144563"}],"wp:featuredmedia":[{"embeddable":true,"href":"https:\/\/kuali.com.mx\/web\/wp-json\/wp\/v2\/media\/144546"}],"wp:attachment":[{"href":"https:\/\/kuali.com.mx\/web\/wp-json\/wp\/v2\/media?parent=144542"}],"wp:term":[{"taxonomy":"category","embeddable":true,"href":"https:\/\/kuali.com.mx\/web\/wp-json\/wp\/v2\/categories?post=144542"},{"taxonomy":"post_tag","embeddable":true,"href":"https:\/\/kuali.com.mx\/web\/wp-json\/wp\/v2\/tags?post=144542"}],"curies":[{"name":"wp","href":"https:\/\/api.w.org\/{rel}","templated":true}]}}