{"id":144150,"date":"2024-05-26T12:46:09","date_gmt":"2024-05-26T18:46:09","guid":{"rendered":"https:\/\/kuali.com.mx\/web\/?p=144150"},"modified":"2024-05-26T22:41:01","modified_gmt":"2024-05-27T04:41:01","slug":"ferrera-y-paola-alborotaron-la-tarde-en-la-corrida-de-la-luz","status":"publish","type":"post","link":"https:\/\/kuali.com.mx\/web\/2024\/05\/26\/ferrera-y-paola-alborotaron-la-tarde-en-la-corrida-de-la-luz\/","title":{"rendered":"FERRERA Y PAOLA ALBOROTARON LA TARDE EN LA CORRIDA DE LA LUZ"},"content":{"rendered":"\n<p><em><strong>Kuali\/Texto y fotos: Juan Jos\u00e9 L\u00f3pez Luna\/Le\u00f3n,Gto<\/strong><\/em>.-Con poco m\u00e1s de media entrada, tarde soleada y un clima de infierno, se dio la tradicional corrida en honor de la V\u00edrgen de La Luz en Le\u00f3n Gto., estando acartelados Antonio Ferrera, Sergio Flores y Paola Sanrom\u00e1n con un serio encierro de Bego\u00f1a, que en t\u00e9rminos generales se dejaron meter mano los 6 toros y si no los desorejaron a todos fue por los fallos de los diestros con la espada. Flores cort\u00f3 2 orejas y sali\u00f3 a hombros, mientras que el torero espa\u00f1ol hizo un faen\u00f3n a su primero pero inexplicablemente la gente no pidi\u00f3 las orejas y del segundo ni cuenta se dieron del bien torear. Paola alborot\u00f3 la gallera con su toreo desconcertante y perdi\u00f3 las orejas por no poder matar bien.<\/p>\n\n\n\n<p>\u00a0\u00a0\u00a0\u00a0\u00a0\u00a0\u00a0\u00a0\u00a0\u00a0\u00a0\u00a0\u00a0\u00a0\u00a0\u00a0\u00a0\u00a0\u00a0\u00a0\u00a0\u00a0\u00a0\u00a0\u00a0\u00a0\u00a0\u00a0\u00a0\u00a0\u00a0\u00a0\u00a0\u00a0\u00a0\u00a0\u00a0\u00a0\u00a0\u00a0FERRERA ES UN TORERAZO INCOMPRENDIDO<\/p>\n\n\n\n<figure class=\"wp-block-image size-large\"><img loading=\"lazy\" decoding=\"async\" width=\"1024\" height=\"716\" src=\"https:\/\/kuali.com.mx\/web\/wp-content\/uploads\/2024\/05\/foto-3-1024x716.jpeg\" alt=\"\" class=\"wp-image-144153\" srcset=\"https:\/\/kuali.com.mx\/web\/wp-content\/uploads\/2024\/05\/foto-3-1024x716.jpeg 1024w, https:\/\/kuali.com.mx\/web\/wp-content\/uploads\/2024\/05\/foto-3-300x210.jpeg 300w, https:\/\/kuali.com.mx\/web\/wp-content\/uploads\/2024\/05\/foto-3-768x537.jpeg 768w, https:\/\/kuali.com.mx\/web\/wp-content\/uploads\/2024\/05\/foto-3-1536x1074.jpeg 1536w, https:\/\/kuali.com.mx\/web\/wp-content\/uploads\/2024\/05\/foto-3-166x116.jpeg 166w, https:\/\/kuali.com.mx\/web\/wp-content\/uploads\/2024\/05\/foto-3.jpeg 1600w\" sizes=\"auto, (max-width: 1024px) 100vw, 1024px\" \/><\/figure>\n\n\n\n<p>&nbsp;El diestro espa\u00f1ol Antonio Ferrera sali\u00f3 al ruedo leon\u00e9s con la pantorrilla partida, producto de la cornada en Monterrey la noche anterior, pero sin gestos ni muecas, pronto se fue sobre su primer toroy lo lance\u00f3 con mucho sabor y torer\u00eda,despu\u00e9s con la muleta le fue haciendo una faena de mucho poder porque el toro ten\u00eda su guasa y no iba fijo a los enga\u00f1os, sin embargo la experiencia de Ferrera se impusieron para bordarle una faena muy emotiva que la gente coreaba con fuerza, todo a su estilo pero con verdad y torerismo, una faena larga larga con ol\u00e9s interminables, y cuando ya se palpaba un triunfo de orejas, al perfilarse con la espada Anotinio, de pronto el burel se arranca y se consuma una estocada AGUANTANDO quedando la espada un pel\u00edn ca\u00edda, alg\u00fan purista comenz\u00f3 a abuchear y otros lo siguieron, por lo que al doblar el toro fueron m\u00e1s silbidos que palmas inexplicablemente\u2026A su segundo Ferrera le hizo menos con el capote y con la muleta le fue haciendo una faena para entendidos habiendo tandas muy toreras y templadas, pero la gente andaba muy distra\u00edda con las babosadas que alguien grita y ni cuenta se dieron.<\/p>\n\n\n\n<p>\u00a0\u00a0\u00a0\u00a0\u00a0\u00a0\u00a0\u00a0\u00a0\u00a0\u00a0\u00a0\u00a0\u00a0\u00a0\u00a0\u00a0\u00a0\u00a0\u00a0\u00a0\u00a0\u00a0\u00a0\u00a0\u00a0\u00a0\u00a0\u00a0\u00a0A SERGIO FLORES LE DIERON 2 OREJAS Y SALI\u00d3 A HOMBROS<\/p>\n\n\n\n<figure class=\"wp-block-image size-large\"><img loading=\"lazy\" decoding=\"async\" width=\"1024\" height=\"717\" src=\"https:\/\/kuali.com.mx\/web\/wp-content\/uploads\/2024\/05\/foto-2-1024x717.jpeg\" alt=\"\" class=\"wp-image-144154\" srcset=\"https:\/\/kuali.com.mx\/web\/wp-content\/uploads\/2024\/05\/foto-2-1024x717.jpeg 1024w, https:\/\/kuali.com.mx\/web\/wp-content\/uploads\/2024\/05\/foto-2-300x210.jpeg 300w, https:\/\/kuali.com.mx\/web\/wp-content\/uploads\/2024\/05\/foto-2-768x538.jpeg 768w, https:\/\/kuali.com.mx\/web\/wp-content\/uploads\/2024\/05\/foto-2-1536x1076.jpeg 1536w, https:\/\/kuali.com.mx\/web\/wp-content\/uploads\/2024\/05\/foto-2-166x116.jpeg 166w, https:\/\/kuali.com.mx\/web\/wp-content\/uploads\/2024\/05\/foto-2.jpeg 1600w\" sizes=\"auto, (max-width: 1024px) 100vw, 1024px\" \/><\/figure>\n\n\n\n<p>Sergio Flores regres\u00f3 al ruedo leon\u00e9s con la firme idea de triunfar y al final lo logr\u00f3, gracias a que su porra hizo mucho ruido y el jue le regal\u00f3 una oreja de cada toro de su lote. Las faenas del torero tlaxcalteca fueron bien estructuradas pero con ecceso de florituras y tiempos muertos, aunque cuando se plantaba en la arena surgieron tandas y pases muy toreros y cl\u00e1sicos, si\u00e9ndole todo jaleado por un sector del p\u00fablico y contagiando a otros, sin embargo en ambos toros las estocadas fueron ca\u00eddas y a\u00fan as\u00ed pidieron las orejas y el juez m\u00e1s pronto que r\u00e1pido las concedi\u00f3. Al final del festejo fue paseado en hombros hasta su camioneta.<\/p>\n\n\n\n<p>\u00a0\u00a0\u00a0\u00a0\u00a0\u00a0\u00a0\u00a0\u00a0\u00a0\u00a0\u00a0\u00a0\u00a0\u00a0\u00a0\u00a0\u00a0\u00a0\u00a0\u00a0\u00a0\u00a0\u00a0\u00a0\u00a0\u00a0\u00a0\u00a0\u00a0\u00a0\u00a0\u00a0\u00a0\u00a0\u00a0\u00a0\u00a0\u00a0\u00a0PAOLA CAY\u00d3 DE PIE ANTE EL P\u00daBLICO PERO ALGO LE FALTA<\/p>\n\n\n\n<figure class=\"wp-block-image size-large\"><img loading=\"lazy\" decoding=\"async\" width=\"1024\" height=\"669\" src=\"https:\/\/kuali.com.mx\/web\/wp-content\/uploads\/2024\/05\/foto-5-1024x669.jpeg\" alt=\"\" class=\"wp-image-144155\" srcset=\"https:\/\/kuali.com.mx\/web\/wp-content\/uploads\/2024\/05\/foto-5-1024x669.jpeg 1024w, https:\/\/kuali.com.mx\/web\/wp-content\/uploads\/2024\/05\/foto-5-300x196.jpeg 300w, https:\/\/kuali.com.mx\/web\/wp-content\/uploads\/2024\/05\/foto-5-768x502.jpeg 768w, https:\/\/kuali.com.mx\/web\/wp-content\/uploads\/2024\/05\/foto-5-1536x1003.jpeg 1536w, https:\/\/kuali.com.mx\/web\/wp-content\/uploads\/2024\/05\/foto-5-178x116.jpeg 178w, https:\/\/kuali.com.mx\/web\/wp-content\/uploads\/2024\/05\/foto-5.jpeg 1600w\" sizes=\"auto, (max-width: 1024px) 100vw, 1024px\" \/><\/figure>\n\n\n\n<p>La menudita torera queretana Paola Sanrom\u00e1n se present\u00f3 ante el publico de le\u00f3n y cay\u00f3 de pie por su gracia, simpat\u00eda y belleza, pero taurinamente algo le falta para conservar la l\u00ednea del buen toreo y arte que atesora, por momentos el p\u00e1nico o ansiedad le ganan y deja ver la inconsistencia en sus faenas. A su primero le bord\u00f3 unas ver\u00f3nicas y una media de pintura, conectando de inmediato con la gente y con la muleta alborot\u00f3 la gallera en unas tandas de derechazos y naturales de toreo verdad, cl\u00e1sico y artista, aunque por momentos perd\u00eda el piso y dudaba, pero el p\u00fablico todo le perdonaba, m\u00e1xime cuando a su segundo le plant\u00f3 cara con el capote cuando todav\u00eda no estaba fijo en los enga\u00f1os, unas ver\u00f3nicas de infarto y una actitud de querer ser, pero luego fueron apareciendo los altibajos y las dudas, entre pases de magn\u00edfica factura y torerismo, gritos de torera torera, y cuando ya sacabn los pa\u00f1uelos para pedir las orejas vino el calvario con la espada en ambos toros, mil pinchazos y la desilusi\u00f3n total, la obligaron a dar la vuelta para ovacionarla.<\/p>\n","protected":false},"excerpt":{"rendered":"Kuali\/Texto y fotos: Juan Jos\u00e9 L\u00f3pez Luna\/Le\u00f3n,Gto.-Con poco m\u00e1s de media entrada, tarde soleada y un clima de infierno, se dio la tradicional corrida en honor de la V\u00edrgen de La Luz en Le\u00f3n Gto., estando acartelados Antonio Ferrera, Sergio Flores y Paola Sanrom\u00e1n con un serio encierro de Bego\u00f1a, que en t\u00e9rminos generales se [&hellip;]","protected":false},"author":2,"featured_media":144152,"comment_status":"open","ping_status":"open","sticky":false,"template":"","format":"standard","meta":{"_seopress_robots_primary_cat":"none","_seopress_titles_title":"","_seopress_titles_desc":"","_seopress_robots_index":"","_monsterinsights_skip_tracking":false,"_monsterinsights_sitenote_active":false,"_monsterinsights_sitenote_note":"","_monsterinsights_sitenote_category":0,"footnotes":""},"categories":[16],"tags":[],"class_list":["post-144150","post","type-post","status-publish","format-standard","has-post-thumbnail","hentry","category-deportes"],"yoast_head":"<!-- This site is optimized with the Yoast SEO plugin v27.4 - https:\/\/yoast.com\/product\/yoast-seo-wordpress\/ -->\n<title>FERRERA Y PAOLA ALBOROTARON LA TARDE EN LA CORRIDA DE LA LUZ - Kuali<\/title>\n<meta name=\"robots\" content=\"index, follow, max-snippet:-1, max-image-preview:large, max-video-preview:-1\" \/>\n<link rel=\"canonical\" href=\"https:\/\/kuali.com.mx\/web\/2024\/05\/26\/ferrera-y-paola-alborotaron-la-tarde-en-la-corrida-de-la-luz\/\" \/>\n<meta property=\"og:locale\" content=\"es_MX\" \/>\n<meta property=\"og:type\" content=\"article\" \/>\n<meta property=\"og:title\" content=\"FERRERA Y PAOLA ALBOROTARON LA TARDE EN LA CORRIDA DE LA LUZ - Kuali\" \/>\n<meta property=\"og:description\" content=\"Kuali\/Texto y fotos: Juan Jos\u00e9 L\u00f3pez Luna\/Le\u00f3n,Gto.-Con poco m\u00e1s de media entrada, tarde soleada y un clima de infierno, se dio la tradicional corrida en honor de la V\u00edrgen de La Luz en Le\u00f3n Gto., estando acartelados Antonio Ferrera, Sergio Flores y Paola Sanrom\u00e1n con un serio encierro de Bego\u00f1a, que en t\u00e9rminos generales se [&hellip;]\" \/>\n<meta property=\"og:url\" content=\"https:\/\/kuali.com.mx\/web\/2024\/05\/26\/ferrera-y-paola-alborotaron-la-tarde-en-la-corrida-de-la-luz\/\" \/>\n<meta property=\"og:site_name\" content=\"Kuali\" \/>\n<meta property=\"article:publisher\" content=\"https:\/\/kuali.com.mx\/web\/wp-content\/uploads\/2018\/04\/cropped-kuali_logo-1-1.png\" \/>\n<meta property=\"article:published_time\" content=\"2024-05-26T18:46:09+00:00\" \/>\n<meta property=\"article:modified_time\" content=\"2024-05-27T04:41:01+00:00\" \/>\n<meta property=\"og:image\" content=\"https:\/\/kuali.com.mx\/web\/wp-content\/uploads\/2024\/05\/foto-6.jpeg\" \/>\n\t<meta property=\"og:image:width\" content=\"1235\" \/>\n\t<meta property=\"og:image:height\" content=\"750\" \/>\n\t<meta property=\"og:image:type\" content=\"image\/jpeg\" \/>\n<meta name=\"author\" content=\"Kuali Staff\" \/>\n<meta name=\"twitter:card\" content=\"summary_large_image\" \/>\n<meta name=\"twitter:creator\" content=\"@kuali_noticias\" \/>\n<meta name=\"twitter:site\" content=\"@kuali_noticias\" \/>\n<meta name=\"twitter:label1\" content=\"Escrito por\" \/>\n\t<meta name=\"twitter:data1\" content=\"Kuali Staff\" \/>\n\t<meta name=\"twitter:label2\" content=\"Tiempo de lectura\" \/>\n\t<meta name=\"twitter:data2\" content=\"4 minutos\" \/>\n<script type=\"application\/ld+json\" class=\"yoast-schema-graph\">{\"@context\":\"https:\\\/\\\/schema.org\",\"@graph\":[{\"@type\":\"Article\",\"@id\":\"https:\\\/\\\/kuali.com.mx\\\/web\\\/2024\\\/05\\\/26\\\/ferrera-y-paola-alborotaron-la-tarde-en-la-corrida-de-la-luz\\\/#article\",\"isPartOf\":{\"@id\":\"https:\\\/\\\/kuali.com.mx\\\/web\\\/2024\\\/05\\\/26\\\/ferrera-y-paola-alborotaron-la-tarde-en-la-corrida-de-la-luz\\\/\"},\"author\":{\"name\":\"Kuali Staff\",\"@id\":\"https:\\\/\\\/kuali.com.mx\\\/web\\\/#\\\/schema\\\/person\\\/6f89ffa8ecba9dae50662357923c5289\"},\"headline\":\"FERRERA Y PAOLA ALBOROTARON LA TARDE EN LA CORRIDA DE LA LUZ\",\"datePublished\":\"2024-05-26T18:46:09+00:00\",\"dateModified\":\"2024-05-27T04:41:01+00:00\",\"mainEntityOfPage\":{\"@id\":\"https:\\\/\\\/kuali.com.mx\\\/web\\\/2024\\\/05\\\/26\\\/ferrera-y-paola-alborotaron-la-tarde-en-la-corrida-de-la-luz\\\/\"},\"wordCount\":726,\"commentCount\":0,\"image\":{\"@id\":\"https:\\\/\\\/kuali.com.mx\\\/web\\\/2024\\\/05\\\/26\\\/ferrera-y-paola-alborotaron-la-tarde-en-la-corrida-de-la-luz\\\/#primaryimage\"},\"thumbnailUrl\":\"https:\\\/\\\/kuali.com.mx\\\/web\\\/wp-content\\\/uploads\\\/2024\\\/05\\\/foto-6.jpeg\",\"articleSection\":[\"Deportes\"],\"inLanguage\":\"es\",\"potentialAction\":[{\"@type\":\"CommentAction\",\"name\":\"Comment\",\"target\":[\"https:\\\/\\\/kuali.com.mx\\\/web\\\/2024\\\/05\\\/26\\\/ferrera-y-paola-alborotaron-la-tarde-en-la-corrida-de-la-luz\\\/#respond\"]}]},{\"@type\":\"WebPage\",\"@id\":\"https:\\\/\\\/kuali.com.mx\\\/web\\\/2024\\\/05\\\/26\\\/ferrera-y-paola-alborotaron-la-tarde-en-la-corrida-de-la-luz\\\/\",\"url\":\"https:\\\/\\\/kuali.com.mx\\\/web\\\/2024\\\/05\\\/26\\\/ferrera-y-paola-alborotaron-la-tarde-en-la-corrida-de-la-luz\\\/\",\"name\":\"FERRERA Y PAOLA ALBOROTARON LA TARDE EN LA CORRIDA DE LA LUZ - Kuali\",\"isPartOf\":{\"@id\":\"https:\\\/\\\/kuali.com.mx\\\/web\\\/#website\"},\"primaryImageOfPage\":{\"@id\":\"https:\\\/\\\/kuali.com.mx\\\/web\\\/2024\\\/05\\\/26\\\/ferrera-y-paola-alborotaron-la-tarde-en-la-corrida-de-la-luz\\\/#primaryimage\"},\"image\":{\"@id\":\"https:\\\/\\\/kuali.com.mx\\\/web\\\/2024\\\/05\\\/26\\\/ferrera-y-paola-alborotaron-la-tarde-en-la-corrida-de-la-luz\\\/#primaryimage\"},\"thumbnailUrl\":\"https:\\\/\\\/kuali.com.mx\\\/web\\\/wp-content\\\/uploads\\\/2024\\\/05\\\/foto-6.jpeg\",\"datePublished\":\"2024-05-26T18:46:09+00:00\",\"dateModified\":\"2024-05-27T04:41:01+00:00\",\"author\":{\"@id\":\"https:\\\/\\\/kuali.com.mx\\\/web\\\/#\\\/schema\\\/person\\\/6f89ffa8ecba9dae50662357923c5289\"},\"breadcrumb\":{\"@id\":\"https:\\\/\\\/kuali.com.mx\\\/web\\\/2024\\\/05\\\/26\\\/ferrera-y-paola-alborotaron-la-tarde-en-la-corrida-de-la-luz\\\/#breadcrumb\"},\"inLanguage\":\"es\",\"potentialAction\":[{\"@type\":\"ReadAction\",\"target\":[\"https:\\\/\\\/kuali.com.mx\\\/web\\\/2024\\\/05\\\/26\\\/ferrera-y-paola-alborotaron-la-tarde-en-la-corrida-de-la-luz\\\/\"]}]},{\"@type\":\"ImageObject\",\"inLanguage\":\"es\",\"@id\":\"https:\\\/\\\/kuali.com.mx\\\/web\\\/2024\\\/05\\\/26\\\/ferrera-y-paola-alborotaron-la-tarde-en-la-corrida-de-la-luz\\\/#primaryimage\",\"url\":\"https:\\\/\\\/kuali.com.mx\\\/web\\\/wp-content\\\/uploads\\\/2024\\\/05\\\/foto-6.jpeg\",\"contentUrl\":\"https:\\\/\\\/kuali.com.mx\\\/web\\\/wp-content\\\/uploads\\\/2024\\\/05\\\/foto-6.jpeg\",\"width\":1235,\"height\":750},{\"@type\":\"BreadcrumbList\",\"@id\":\"https:\\\/\\\/kuali.com.mx\\\/web\\\/2024\\\/05\\\/26\\\/ferrera-y-paola-alborotaron-la-tarde-en-la-corrida-de-la-luz\\\/#breadcrumb\",\"itemListElement\":[{\"@type\":\"ListItem\",\"position\":1,\"name\":\"Inicio\",\"item\":\"https:\\\/\\\/kuali.com.mx\\\/web\\\/\"},{\"@type\":\"ListItem\",\"position\":2,\"name\":\"FERRERA Y PAOLA ALBOROTARON LA TARDE EN LA CORRIDA DE LA LUZ\"}]},{\"@type\":\"WebSite\",\"@id\":\"https:\\\/\\\/kuali.com.mx\\\/web\\\/#website\",\"url\":\"https:\\\/\\\/kuali.com.mx\\\/web\\\/\",\"name\":\"Kuali\",\"description\":\"\",\"potentialAction\":[{\"@type\":\"SearchAction\",\"target\":{\"@type\":\"EntryPoint\",\"urlTemplate\":\"https:\\\/\\\/kuali.com.mx\\\/web\\\/?s={search_term_string}\"},\"query-input\":{\"@type\":\"PropertyValueSpecification\",\"valueRequired\":true,\"valueName\":\"search_term_string\"}}],\"inLanguage\":\"es\"},{\"@type\":\"Person\",\"@id\":\"https:\\\/\\\/kuali.com.mx\\\/web\\\/#\\\/schema\\\/person\\\/6f89ffa8ecba9dae50662357923c5289\",\"name\":\"Kuali Staff\",\"image\":{\"@type\":\"ImageObject\",\"inLanguage\":\"es\",\"@id\":\"https:\\\/\\\/secure.gravatar.com\\\/avatar\\\/f917ad82e5ab71227a733c78b6e60715476f69ee6be59feee4eb5d9920c89e0f?s=96&d=mm&r=g\",\"url\":\"https:\\\/\\\/secure.gravatar.com\\\/avatar\\\/f917ad82e5ab71227a733c78b6e60715476f69ee6be59feee4eb5d9920c89e0f?s=96&d=mm&r=g\",\"contentUrl\":\"https:\\\/\\\/secure.gravatar.com\\\/avatar\\\/f917ad82e5ab71227a733c78b6e60715476f69ee6be59feee4eb5d9920c89e0f?s=96&d=mm&r=g\",\"caption\":\"Kuali Staff\"},\"url\":\"https:\\\/\\\/kuali.com.mx\\\/web\\\/author\\\/lagarto\\\/\"}]}<\/script>\n<!-- \/ Yoast SEO plugin. -->","yoast_head_json":{"title":"FERRERA Y PAOLA ALBOROTARON LA TARDE EN LA CORRIDA DE LA LUZ - Kuali","robots":{"index":"index","follow":"follow","max-snippet":"max-snippet:-1","max-image-preview":"max-image-preview:large","max-video-preview":"max-video-preview:-1"},"canonical":"https:\/\/kuali.com.mx\/web\/2024\/05\/26\/ferrera-y-paola-alborotaron-la-tarde-en-la-corrida-de-la-luz\/","og_locale":"es_MX","og_type":"article","og_title":"FERRERA Y PAOLA ALBOROTARON LA TARDE EN LA CORRIDA DE LA LUZ - Kuali","og_description":"Kuali\/Texto y fotos: Juan Jos\u00e9 L\u00f3pez Luna\/Le\u00f3n,Gto.-Con poco m\u00e1s de media entrada, tarde soleada y un clima de infierno, se dio la tradicional corrida en honor de la V\u00edrgen de La Luz en Le\u00f3n Gto., estando acartelados Antonio Ferrera, Sergio Flores y Paola Sanrom\u00e1n con un serio encierro de Bego\u00f1a, que en t\u00e9rminos generales se [&hellip;]","og_url":"https:\/\/kuali.com.mx\/web\/2024\/05\/26\/ferrera-y-paola-alborotaron-la-tarde-en-la-corrida-de-la-luz\/","og_site_name":"Kuali","article_publisher":"https:\/\/kuali.com.mx\/web\/wp-content\/uploads\/2018\/04\/cropped-kuali_logo-1-1.png","article_published_time":"2024-05-26T18:46:09+00:00","article_modified_time":"2024-05-27T04:41:01+00:00","og_image":[{"width":1235,"height":750,"url":"https:\/\/kuali.com.mx\/web\/wp-content\/uploads\/2024\/05\/foto-6.jpeg","type":"image\/jpeg"}],"author":"Kuali Staff","twitter_card":"summary_large_image","twitter_creator":"@kuali_noticias","twitter_site":"@kuali_noticias","twitter_misc":{"Escrito por":"Kuali Staff","Tiempo de lectura":"4 minutos"},"schema":{"@context":"https:\/\/schema.org","@graph":[{"@type":"Article","@id":"https:\/\/kuali.com.mx\/web\/2024\/05\/26\/ferrera-y-paola-alborotaron-la-tarde-en-la-corrida-de-la-luz\/#article","isPartOf":{"@id":"https:\/\/kuali.com.mx\/web\/2024\/05\/26\/ferrera-y-paola-alborotaron-la-tarde-en-la-corrida-de-la-luz\/"},"author":{"name":"Kuali Staff","@id":"https:\/\/kuali.com.mx\/web\/#\/schema\/person\/6f89ffa8ecba9dae50662357923c5289"},"headline":"FERRERA Y PAOLA ALBOROTARON LA TARDE EN LA CORRIDA DE LA LUZ","datePublished":"2024-05-26T18:46:09+00:00","dateModified":"2024-05-27T04:41:01+00:00","mainEntityOfPage":{"@id":"https:\/\/kuali.com.mx\/web\/2024\/05\/26\/ferrera-y-paola-alborotaron-la-tarde-en-la-corrida-de-la-luz\/"},"wordCount":726,"commentCount":0,"image":{"@id":"https:\/\/kuali.com.mx\/web\/2024\/05\/26\/ferrera-y-paola-alborotaron-la-tarde-en-la-corrida-de-la-luz\/#primaryimage"},"thumbnailUrl":"https:\/\/kuali.com.mx\/web\/wp-content\/uploads\/2024\/05\/foto-6.jpeg","articleSection":["Deportes"],"inLanguage":"es","potentialAction":[{"@type":"CommentAction","name":"Comment","target":["https:\/\/kuali.com.mx\/web\/2024\/05\/26\/ferrera-y-paola-alborotaron-la-tarde-en-la-corrida-de-la-luz\/#respond"]}]},{"@type":"WebPage","@id":"https:\/\/kuali.com.mx\/web\/2024\/05\/26\/ferrera-y-paola-alborotaron-la-tarde-en-la-corrida-de-la-luz\/","url":"https:\/\/kuali.com.mx\/web\/2024\/05\/26\/ferrera-y-paola-alborotaron-la-tarde-en-la-corrida-de-la-luz\/","name":"FERRERA Y PAOLA ALBOROTARON LA TARDE EN LA CORRIDA DE LA LUZ - Kuali","isPartOf":{"@id":"https:\/\/kuali.com.mx\/web\/#website"},"primaryImageOfPage":{"@id":"https:\/\/kuali.com.mx\/web\/2024\/05\/26\/ferrera-y-paola-alborotaron-la-tarde-en-la-corrida-de-la-luz\/#primaryimage"},"image":{"@id":"https:\/\/kuali.com.mx\/web\/2024\/05\/26\/ferrera-y-paola-alborotaron-la-tarde-en-la-corrida-de-la-luz\/#primaryimage"},"thumbnailUrl":"https:\/\/kuali.com.mx\/web\/wp-content\/uploads\/2024\/05\/foto-6.jpeg","datePublished":"2024-05-26T18:46:09+00:00","dateModified":"2024-05-27T04:41:01+00:00","author":{"@id":"https:\/\/kuali.com.mx\/web\/#\/schema\/person\/6f89ffa8ecba9dae50662357923c5289"},"breadcrumb":{"@id":"https:\/\/kuali.com.mx\/web\/2024\/05\/26\/ferrera-y-paola-alborotaron-la-tarde-en-la-corrida-de-la-luz\/#breadcrumb"},"inLanguage":"es","potentialAction":[{"@type":"ReadAction","target":["https:\/\/kuali.com.mx\/web\/2024\/05\/26\/ferrera-y-paola-alborotaron-la-tarde-en-la-corrida-de-la-luz\/"]}]},{"@type":"ImageObject","inLanguage":"es","@id":"https:\/\/kuali.com.mx\/web\/2024\/05\/26\/ferrera-y-paola-alborotaron-la-tarde-en-la-corrida-de-la-luz\/#primaryimage","url":"https:\/\/kuali.com.mx\/web\/wp-content\/uploads\/2024\/05\/foto-6.jpeg","contentUrl":"https:\/\/kuali.com.mx\/web\/wp-content\/uploads\/2024\/05\/foto-6.jpeg","width":1235,"height":750},{"@type":"BreadcrumbList","@id":"https:\/\/kuali.com.mx\/web\/2024\/05\/26\/ferrera-y-paola-alborotaron-la-tarde-en-la-corrida-de-la-luz\/#breadcrumb","itemListElement":[{"@type":"ListItem","position":1,"name":"Inicio","item":"https:\/\/kuali.com.mx\/web\/"},{"@type":"ListItem","position":2,"name":"FERRERA Y PAOLA ALBOROTARON LA TARDE EN LA CORRIDA DE LA LUZ"}]},{"@type":"WebSite","@id":"https:\/\/kuali.com.mx\/web\/#website","url":"https:\/\/kuali.com.mx\/web\/","name":"Kuali","description":"","potentialAction":[{"@type":"SearchAction","target":{"@type":"EntryPoint","urlTemplate":"https:\/\/kuali.com.mx\/web\/?s={search_term_string}"},"query-input":{"@type":"PropertyValueSpecification","valueRequired":true,"valueName":"search_term_string"}}],"inLanguage":"es"},{"@type":"Person","@id":"https:\/\/kuali.com.mx\/web\/#\/schema\/person\/6f89ffa8ecba9dae50662357923c5289","name":"Kuali Staff","image":{"@type":"ImageObject","inLanguage":"es","@id":"https:\/\/secure.gravatar.com\/avatar\/f917ad82e5ab71227a733c78b6e60715476f69ee6be59feee4eb5d9920c89e0f?s=96&d=mm&r=g","url":"https:\/\/secure.gravatar.com\/avatar\/f917ad82e5ab71227a733c78b6e60715476f69ee6be59feee4eb5d9920c89e0f?s=96&d=mm&r=g","contentUrl":"https:\/\/secure.gravatar.com\/avatar\/f917ad82e5ab71227a733c78b6e60715476f69ee6be59feee4eb5d9920c89e0f?s=96&d=mm&r=g","caption":"Kuali Staff"},"url":"https:\/\/kuali.com.mx\/web\/author\/lagarto\/"}]}},"_links":{"self":[{"href":"https:\/\/kuali.com.mx\/web\/wp-json\/wp\/v2\/posts\/144150","targetHints":{"allow":["GET"]}}],"collection":[{"href":"https:\/\/kuali.com.mx\/web\/wp-json\/wp\/v2\/posts"}],"about":[{"href":"https:\/\/kuali.com.mx\/web\/wp-json\/wp\/v2\/types\/post"}],"author":[{"embeddable":true,"href":"https:\/\/kuali.com.mx\/web\/wp-json\/wp\/v2\/users\/2"}],"replies":[{"embeddable":true,"href":"https:\/\/kuali.com.mx\/web\/wp-json\/wp\/v2\/comments?post=144150"}],"version-history":[{"count":2,"href":"https:\/\/kuali.com.mx\/web\/wp-json\/wp\/v2\/posts\/144150\/revisions"}],"predecessor-version":[{"id":144162,"href":"https:\/\/kuali.com.mx\/web\/wp-json\/wp\/v2\/posts\/144150\/revisions\/144162"}],"wp:featuredmedia":[{"embeddable":true,"href":"https:\/\/kuali.com.mx\/web\/wp-json\/wp\/v2\/media\/144152"}],"wp:attachment":[{"href":"https:\/\/kuali.com.mx\/web\/wp-json\/wp\/v2\/media?parent=144150"}],"wp:term":[{"taxonomy":"category","embeddable":true,"href":"https:\/\/kuali.com.mx\/web\/wp-json\/wp\/v2\/categories?post=144150"},{"taxonomy":"post_tag","embeddable":true,"href":"https:\/\/kuali.com.mx\/web\/wp-json\/wp\/v2\/tags?post=144150"}],"curies":[{"name":"wp","href":"https:\/\/api.w.org\/{rel}","templated":true}]}}