{"id":144145,"date":"2024-05-26T14:41:05","date_gmt":"2024-05-26T20:41:05","guid":{"rendered":"https:\/\/kuali.com.mx\/web\/?p=144145"},"modified":"2024-05-27T07:34:15","modified_gmt":"2024-05-27T13:34:15","slug":"el-avance-no-se-detendra-roberto-garcia","status":"publish","type":"post","link":"https:\/\/kuali.com.mx\/web\/2024\/05\/26\/el-avance-no-se-detendra-roberto-garcia\/","title":{"rendered":"\u201cEL AVANCE NO SE DETENDR\u00c1\u201d: ROBERTO GARC\u00cdA"},"content":{"rendered":"\n<p><strong>Kuali\/Pur\u00edsima del Rinc\u00f3n, Gto.- <\/strong>Roberto Garc\u00eda Urbano, candidato a presidente municipal de Pur\u00edsima del Rinc\u00f3n por el PAN, PRI y PRD de la coalici\u00f3n Fuerza y Coraz\u00f3n por Pur\u00edsima del Rinc\u00f3n, asegur\u00f3 que el avance no se detendr\u00e1.<\/p>\n\n\n\n<p>En el pre cierre de su campa\u00f1a realizado en la colonia del Carmen, el tambi\u00e9n presidente municipal con licencia ratific\u00f3 las propuestas de trabajo por mantener el desarrollo con crecimiento positivo para la poblaci\u00f3n.<\/p>\n\n\n\n<p>El panista destac\u00f3 sus valores presentes, solidario y honesto en servicio, as\u00ed refrend\u00f3 llevar acciones de expansi\u00f3n al poner a funcionar pronto el Mercado en la colonia del Carmen, seguir con la conectividad, fortalecer la econom\u00eda, impulsar reforestaciones, dar espacio a los j\u00f3venes, como el cuidado a la salud mental.<\/p>\n\n\n\n<p>\u201cEl avance no se detendr\u00e1. Estamos en el camino, la unidad de la comunidad nos permitir\u00e1 ese impulso a m\u00e1s recursos por atender las necesidades de la diversidad, todos, todas y todes merecen las mismas oportunidades. Entre todos construimos las bases, los pilares, ahora vamos a darle solidez a cada paso, juntos, claro que podemos\u201d, manifest\u00f3 Garc\u00eda Urbano.<\/p>\n\n\n\n<p>El programa itinerante de servicio a la poblaci\u00f3n en colonias y comunidades que implement\u00f3 una vez a la semana desde presidencia, se reforzar\u00e1, ahora se ofrecer\u00e1 directo en los lugares de trabajo, dijo Garc\u00eda Urbano, para cercan\u00eda a tiempo con la poblaci\u00f3n.<\/p>\n\n\n\n<p>\u201cLa educaci\u00f3n es la clave del progreso, por eso seguiremos otorgando becas a nuestros estudiantes, y abriendo caminos nacionales e internacionales a nuestros deportistas y talentos, asegur\u00e1ndonos que cada uno desde su rama del arte, deporte, estudios, emprendedurismo y m\u00e1s, se enriquezca en conocimientos, valores, seguridad, crecimiento integral que fortalezca su salud mental\u201d, agreg\u00f3 Roberto Garc\u00eda Urbano.<\/p>\n\n\n\n<p>La casa joven ser\u00e1 un centro de apoyo integral, ofreciendo recursos y oportunidades para que puedan desarrollar todo su potencial, en la Unidad Deportiva Pur\u00edsima del Rinc\u00f3n.<\/p>\n\n\n\n<p>La seguridad es esencial para la tranquilidad tanto de la poblaci\u00f3n, como en el esquema de los propios elementos, y se avanzar\u00e1 en esta meta.<\/p>\n\n\n\n<p>Crear espacios de convivencia con microparques lo m\u00e1s cercano a casa, afirm\u00f3, estar\u00e1n en desarrollo desde el primer instante.<\/p>\n","protected":false},"excerpt":{"rendered":"Kuali\/Pur\u00edsima del Rinc\u00f3n, Gto.- Roberto Garc\u00eda Urbano, candidato a presidente municipal de Pur\u00edsima del Rinc\u00f3n por el PAN, PRI y PRD de la coalici\u00f3n Fuerza y Coraz\u00f3n por Pur\u00edsima del Rinc\u00f3n, asegur\u00f3 que el avance no se detendr\u00e1. En el pre cierre de su campa\u00f1a realizado en la colonia del Carmen, el tambi\u00e9n presidente municipal [&hellip;]","protected":false},"author":2,"featured_media":144148,"comment_status":"open","ping_status":"open","sticky":false,"template":"","format":"standard","meta":{"_seopress_robots_primary_cat":"none","_seopress_titles_title":"","_seopress_titles_desc":"","_seopress_robots_index":"","_monsterinsights_skip_tracking":false,"_monsterinsights_sitenote_active":false,"_monsterinsights_sitenote_note":"","_monsterinsights_sitenote_category":0,"footnotes":""},"categories":[3],"tags":[915,582,1115,2436],"class_list":["post-144145","post","type-post","status-publish","format-standard","has-post-thumbnail","hentry","category-politica","tag-campanas","tag-elecciones-2024","tag-purisima-del-rincon","tag-roberto-garcia"],"yoast_head":"<!-- This site is optimized with the Yoast SEO plugin v27.4 - https:\/\/yoast.com\/product\/yoast-seo-wordpress\/ -->\n<title>\u201cEL AVANCE NO SE DETENDR\u00c1\u201d: ROBERTO GARC\u00cdA - Kuali<\/title>\n<meta name=\"robots\" content=\"index, follow, max-snippet:-1, max-image-preview:large, max-video-preview:-1\" \/>\n<link rel=\"canonical\" href=\"https:\/\/kuali.com.mx\/web\/2024\/05\/26\/el-avance-no-se-detendra-roberto-garcia\/\" \/>\n<meta property=\"og:locale\" content=\"es_MX\" \/>\n<meta property=\"og:type\" content=\"article\" \/>\n<meta property=\"og:title\" content=\"\u201cEL AVANCE NO SE DETENDR\u00c1\u201d: ROBERTO GARC\u00cdA - Kuali\" \/>\n<meta property=\"og:description\" content=\"Kuali\/Pur\u00edsima del Rinc\u00f3n, Gto.- Roberto Garc\u00eda Urbano, candidato a presidente municipal de Pur\u00edsima del Rinc\u00f3n por el PAN, PRI y PRD de la coalici\u00f3n Fuerza y Coraz\u00f3n por Pur\u00edsima del Rinc\u00f3n, asegur\u00f3 que el avance no se detendr\u00e1. En el pre cierre de su campa\u00f1a realizado en la colonia del Carmen, el tambi\u00e9n presidente municipal [&hellip;]\" \/>\n<meta property=\"og:url\" content=\"https:\/\/kuali.com.mx\/web\/2024\/05\/26\/el-avance-no-se-detendra-roberto-garcia\/\" \/>\n<meta property=\"og:site_name\" content=\"Kuali\" \/>\n<meta property=\"article:publisher\" content=\"https:\/\/kuali.com.mx\/web\/wp-content\/uploads\/2018\/04\/cropped-kuali_logo-1-1.png\" \/>\n<meta property=\"article:published_time\" content=\"2024-05-26T20:41:05+00:00\" \/>\n<meta property=\"article:modified_time\" content=\"2024-05-27T13:34:15+00:00\" \/>\n<meta property=\"og:image\" content=\"https:\/\/kuali.com.mx\/web\/wp-content\/uploads\/2024\/05\/Roberto-Garcia-Urbano.gif\" \/>\n\t<meta property=\"og:image:width\" content=\"1700\" \/>\n\t<meta property=\"og:image:height\" content=\"750\" \/>\n\t<meta property=\"og:image:type\" content=\"image\/gif\" \/>\n<meta name=\"author\" content=\"Kuali Staff\" \/>\n<meta name=\"twitter:card\" content=\"summary_large_image\" \/>\n<meta name=\"twitter:creator\" content=\"@kuali_noticias\" \/>\n<meta name=\"twitter:site\" content=\"@kuali_noticias\" \/>\n<meta name=\"twitter:label1\" content=\"Escrito por\" \/>\n\t<meta name=\"twitter:data1\" content=\"Kuali Staff\" \/>\n\t<meta name=\"twitter:label2\" content=\"Tiempo de lectura\" \/>\n\t<meta name=\"twitter:data2\" content=\"2 minutos\" \/>\n<script type=\"application\/ld+json\" class=\"yoast-schema-graph\">{\"@context\":\"https:\\\/\\\/schema.org\",\"@graph\":[{\"@type\":\"Article\",\"@id\":\"https:\\\/\\\/kuali.com.mx\\\/web\\\/2024\\\/05\\\/26\\\/el-avance-no-se-detendra-roberto-garcia\\\/#article\",\"isPartOf\":{\"@id\":\"https:\\\/\\\/kuali.com.mx\\\/web\\\/2024\\\/05\\\/26\\\/el-avance-no-se-detendra-roberto-garcia\\\/\"},\"author\":{\"name\":\"Kuali Staff\",\"@id\":\"https:\\\/\\\/kuali.com.mx\\\/web\\\/#\\\/schema\\\/person\\\/6f89ffa8ecba9dae50662357923c5289\"},\"headline\":\"\u201cEL AVANCE NO SE DETENDR\u00c1\u201d: ROBERTO GARC\u00cdA\",\"datePublished\":\"2024-05-26T20:41:05+00:00\",\"dateModified\":\"2024-05-27T13:34:15+00:00\",\"mainEntityOfPage\":{\"@id\":\"https:\\\/\\\/kuali.com.mx\\\/web\\\/2024\\\/05\\\/26\\\/el-avance-no-se-detendra-roberto-garcia\\\/\"},\"wordCount\":390,\"commentCount\":0,\"image\":{\"@id\":\"https:\\\/\\\/kuali.com.mx\\\/web\\\/2024\\\/05\\\/26\\\/el-avance-no-se-detendra-roberto-garcia\\\/#primaryimage\"},\"thumbnailUrl\":\"https:\\\/\\\/kuali.com.mx\\\/web\\\/wp-content\\\/uploads\\\/2024\\\/05\\\/Roberto-Garcia-Urbano.gif\",\"keywords\":[\"Campa\u00f1as\",\"Elecciones 2024\",\"Pur\u00edsima del Rinc\u00f3n\",\"Roberto Garc\u00eda\"],\"articleSection\":[\"Pol\u00edtica\"],\"inLanguage\":\"es\",\"potentialAction\":[{\"@type\":\"CommentAction\",\"name\":\"Comment\",\"target\":[\"https:\\\/\\\/kuali.com.mx\\\/web\\\/2024\\\/05\\\/26\\\/el-avance-no-se-detendra-roberto-garcia\\\/#respond\"]}]},{\"@type\":\"WebPage\",\"@id\":\"https:\\\/\\\/kuali.com.mx\\\/web\\\/2024\\\/05\\\/26\\\/el-avance-no-se-detendra-roberto-garcia\\\/\",\"url\":\"https:\\\/\\\/kuali.com.mx\\\/web\\\/2024\\\/05\\\/26\\\/el-avance-no-se-detendra-roberto-garcia\\\/\",\"name\":\"\u201cEL AVANCE NO SE DETENDR\u00c1\u201d: ROBERTO GARC\u00cdA - Kuali\",\"isPartOf\":{\"@id\":\"https:\\\/\\\/kuali.com.mx\\\/web\\\/#website\"},\"primaryImageOfPage\":{\"@id\":\"https:\\\/\\\/kuali.com.mx\\\/web\\\/2024\\\/05\\\/26\\\/el-avance-no-se-detendra-roberto-garcia\\\/#primaryimage\"},\"image\":{\"@id\":\"https:\\\/\\\/kuali.com.mx\\\/web\\\/2024\\\/05\\\/26\\\/el-avance-no-se-detendra-roberto-garcia\\\/#primaryimage\"},\"thumbnailUrl\":\"https:\\\/\\\/kuali.com.mx\\\/web\\\/wp-content\\\/uploads\\\/2024\\\/05\\\/Roberto-Garcia-Urbano.gif\",\"datePublished\":\"2024-05-26T20:41:05+00:00\",\"dateModified\":\"2024-05-27T13:34:15+00:00\",\"author\":{\"@id\":\"https:\\\/\\\/kuali.com.mx\\\/web\\\/#\\\/schema\\\/person\\\/6f89ffa8ecba9dae50662357923c5289\"},\"breadcrumb\":{\"@id\":\"https:\\\/\\\/kuali.com.mx\\\/web\\\/2024\\\/05\\\/26\\\/el-avance-no-se-detendra-roberto-garcia\\\/#breadcrumb\"},\"inLanguage\":\"es\",\"potentialAction\":[{\"@type\":\"ReadAction\",\"target\":[\"https:\\\/\\\/kuali.com.mx\\\/web\\\/2024\\\/05\\\/26\\\/el-avance-no-se-detendra-roberto-garcia\\\/\"]}]},{\"@type\":\"ImageObject\",\"inLanguage\":\"es\",\"@id\":\"https:\\\/\\\/kuali.com.mx\\\/web\\\/2024\\\/05\\\/26\\\/el-avance-no-se-detendra-roberto-garcia\\\/#primaryimage\",\"url\":\"https:\\\/\\\/kuali.com.mx\\\/web\\\/wp-content\\\/uploads\\\/2024\\\/05\\\/Roberto-Garcia-Urbano.gif\",\"contentUrl\":\"https:\\\/\\\/kuali.com.mx\\\/web\\\/wp-content\\\/uploads\\\/2024\\\/05\\\/Roberto-Garcia-Urbano.gif\",\"width\":1700,\"height\":750},{\"@type\":\"BreadcrumbList\",\"@id\":\"https:\\\/\\\/kuali.com.mx\\\/web\\\/2024\\\/05\\\/26\\\/el-avance-no-se-detendra-roberto-garcia\\\/#breadcrumb\",\"itemListElement\":[{\"@type\":\"ListItem\",\"position\":1,\"name\":\"Inicio\",\"item\":\"https:\\\/\\\/kuali.com.mx\\\/web\\\/\"},{\"@type\":\"ListItem\",\"position\":2,\"name\":\"\u201cEL AVANCE NO SE DETENDR\u00c1\u201d: ROBERTO GARC\u00cdA\"}]},{\"@type\":\"WebSite\",\"@id\":\"https:\\\/\\\/kuali.com.mx\\\/web\\\/#website\",\"url\":\"https:\\\/\\\/kuali.com.mx\\\/web\\\/\",\"name\":\"Kuali\",\"description\":\"\",\"potentialAction\":[{\"@type\":\"SearchAction\",\"target\":{\"@type\":\"EntryPoint\",\"urlTemplate\":\"https:\\\/\\\/kuali.com.mx\\\/web\\\/?s={search_term_string}\"},\"query-input\":{\"@type\":\"PropertyValueSpecification\",\"valueRequired\":true,\"valueName\":\"search_term_string\"}}],\"inLanguage\":\"es\"},{\"@type\":\"Person\",\"@id\":\"https:\\\/\\\/kuali.com.mx\\\/web\\\/#\\\/schema\\\/person\\\/6f89ffa8ecba9dae50662357923c5289\",\"name\":\"Kuali Staff\",\"image\":{\"@type\":\"ImageObject\",\"inLanguage\":\"es\",\"@id\":\"https:\\\/\\\/secure.gravatar.com\\\/avatar\\\/f917ad82e5ab71227a733c78b6e60715476f69ee6be59feee4eb5d9920c89e0f?s=96&d=mm&r=g\",\"url\":\"https:\\\/\\\/secure.gravatar.com\\\/avatar\\\/f917ad82e5ab71227a733c78b6e60715476f69ee6be59feee4eb5d9920c89e0f?s=96&d=mm&r=g\",\"contentUrl\":\"https:\\\/\\\/secure.gravatar.com\\\/avatar\\\/f917ad82e5ab71227a733c78b6e60715476f69ee6be59feee4eb5d9920c89e0f?s=96&d=mm&r=g\",\"caption\":\"Kuali Staff\"},\"url\":\"https:\\\/\\\/kuali.com.mx\\\/web\\\/author\\\/lagarto\\\/\"}]}<\/script>\n<!-- \/ Yoast SEO plugin. -->","yoast_head_json":{"title":"\u201cEL AVANCE NO SE DETENDR\u00c1\u201d: ROBERTO GARC\u00cdA - Kuali","robots":{"index":"index","follow":"follow","max-snippet":"max-snippet:-1","max-image-preview":"max-image-preview:large","max-video-preview":"max-video-preview:-1"},"canonical":"https:\/\/kuali.com.mx\/web\/2024\/05\/26\/el-avance-no-se-detendra-roberto-garcia\/","og_locale":"es_MX","og_type":"article","og_title":"\u201cEL AVANCE NO SE DETENDR\u00c1\u201d: ROBERTO GARC\u00cdA - Kuali","og_description":"Kuali\/Pur\u00edsima del Rinc\u00f3n, Gto.- Roberto Garc\u00eda Urbano, candidato a presidente municipal de Pur\u00edsima del Rinc\u00f3n por el PAN, PRI y PRD de la coalici\u00f3n Fuerza y Coraz\u00f3n por Pur\u00edsima del Rinc\u00f3n, asegur\u00f3 que el avance no se detendr\u00e1. En el pre cierre de su campa\u00f1a realizado en la colonia del Carmen, el tambi\u00e9n presidente municipal [&hellip;]","og_url":"https:\/\/kuali.com.mx\/web\/2024\/05\/26\/el-avance-no-se-detendra-roberto-garcia\/","og_site_name":"Kuali","article_publisher":"https:\/\/kuali.com.mx\/web\/wp-content\/uploads\/2018\/04\/cropped-kuali_logo-1-1.png","article_published_time":"2024-05-26T20:41:05+00:00","article_modified_time":"2024-05-27T13:34:15+00:00","og_image":[{"width":1700,"height":750,"url":"https:\/\/kuali.com.mx\/web\/wp-content\/uploads\/2024\/05\/Roberto-Garcia-Urbano.gif","type":"image\/gif"}],"author":"Kuali Staff","twitter_card":"summary_large_image","twitter_creator":"@kuali_noticias","twitter_site":"@kuali_noticias","twitter_misc":{"Escrito por":"Kuali Staff","Tiempo de lectura":"2 minutos"},"schema":{"@context":"https:\/\/schema.org","@graph":[{"@type":"Article","@id":"https:\/\/kuali.com.mx\/web\/2024\/05\/26\/el-avance-no-se-detendra-roberto-garcia\/#article","isPartOf":{"@id":"https:\/\/kuali.com.mx\/web\/2024\/05\/26\/el-avance-no-se-detendra-roberto-garcia\/"},"author":{"name":"Kuali Staff","@id":"https:\/\/kuali.com.mx\/web\/#\/schema\/person\/6f89ffa8ecba9dae50662357923c5289"},"headline":"\u201cEL AVANCE NO SE DETENDR\u00c1\u201d: ROBERTO GARC\u00cdA","datePublished":"2024-05-26T20:41:05+00:00","dateModified":"2024-05-27T13:34:15+00:00","mainEntityOfPage":{"@id":"https:\/\/kuali.com.mx\/web\/2024\/05\/26\/el-avance-no-se-detendra-roberto-garcia\/"},"wordCount":390,"commentCount":0,"image":{"@id":"https:\/\/kuali.com.mx\/web\/2024\/05\/26\/el-avance-no-se-detendra-roberto-garcia\/#primaryimage"},"thumbnailUrl":"https:\/\/kuali.com.mx\/web\/wp-content\/uploads\/2024\/05\/Roberto-Garcia-Urbano.gif","keywords":["Campa\u00f1as","Elecciones 2024","Pur\u00edsima del Rinc\u00f3n","Roberto Garc\u00eda"],"articleSection":["Pol\u00edtica"],"inLanguage":"es","potentialAction":[{"@type":"CommentAction","name":"Comment","target":["https:\/\/kuali.com.mx\/web\/2024\/05\/26\/el-avance-no-se-detendra-roberto-garcia\/#respond"]}]},{"@type":"WebPage","@id":"https:\/\/kuali.com.mx\/web\/2024\/05\/26\/el-avance-no-se-detendra-roberto-garcia\/","url":"https:\/\/kuali.com.mx\/web\/2024\/05\/26\/el-avance-no-se-detendra-roberto-garcia\/","name":"\u201cEL AVANCE NO SE DETENDR\u00c1\u201d: ROBERTO GARC\u00cdA - Kuali","isPartOf":{"@id":"https:\/\/kuali.com.mx\/web\/#website"},"primaryImageOfPage":{"@id":"https:\/\/kuali.com.mx\/web\/2024\/05\/26\/el-avance-no-se-detendra-roberto-garcia\/#primaryimage"},"image":{"@id":"https:\/\/kuali.com.mx\/web\/2024\/05\/26\/el-avance-no-se-detendra-roberto-garcia\/#primaryimage"},"thumbnailUrl":"https:\/\/kuali.com.mx\/web\/wp-content\/uploads\/2024\/05\/Roberto-Garcia-Urbano.gif","datePublished":"2024-05-26T20:41:05+00:00","dateModified":"2024-05-27T13:34:15+00:00","author":{"@id":"https:\/\/kuali.com.mx\/web\/#\/schema\/person\/6f89ffa8ecba9dae50662357923c5289"},"breadcrumb":{"@id":"https:\/\/kuali.com.mx\/web\/2024\/05\/26\/el-avance-no-se-detendra-roberto-garcia\/#breadcrumb"},"inLanguage":"es","potentialAction":[{"@type":"ReadAction","target":["https:\/\/kuali.com.mx\/web\/2024\/05\/26\/el-avance-no-se-detendra-roberto-garcia\/"]}]},{"@type":"ImageObject","inLanguage":"es","@id":"https:\/\/kuali.com.mx\/web\/2024\/05\/26\/el-avance-no-se-detendra-roberto-garcia\/#primaryimage","url":"https:\/\/kuali.com.mx\/web\/wp-content\/uploads\/2024\/05\/Roberto-Garcia-Urbano.gif","contentUrl":"https:\/\/kuali.com.mx\/web\/wp-content\/uploads\/2024\/05\/Roberto-Garcia-Urbano.gif","width":1700,"height":750},{"@type":"BreadcrumbList","@id":"https:\/\/kuali.com.mx\/web\/2024\/05\/26\/el-avance-no-se-detendra-roberto-garcia\/#breadcrumb","itemListElement":[{"@type":"ListItem","position":1,"name":"Inicio","item":"https:\/\/kuali.com.mx\/web\/"},{"@type":"ListItem","position":2,"name":"\u201cEL AVANCE NO SE DETENDR\u00c1\u201d: ROBERTO GARC\u00cdA"}]},{"@type":"WebSite","@id":"https:\/\/kuali.com.mx\/web\/#website","url":"https:\/\/kuali.com.mx\/web\/","name":"Kuali","description":"","potentialAction":[{"@type":"SearchAction","target":{"@type":"EntryPoint","urlTemplate":"https:\/\/kuali.com.mx\/web\/?s={search_term_string}"},"query-input":{"@type":"PropertyValueSpecification","valueRequired":true,"valueName":"search_term_string"}}],"inLanguage":"es"},{"@type":"Person","@id":"https:\/\/kuali.com.mx\/web\/#\/schema\/person\/6f89ffa8ecba9dae50662357923c5289","name":"Kuali Staff","image":{"@type":"ImageObject","inLanguage":"es","@id":"https:\/\/secure.gravatar.com\/avatar\/f917ad82e5ab71227a733c78b6e60715476f69ee6be59feee4eb5d9920c89e0f?s=96&d=mm&r=g","url":"https:\/\/secure.gravatar.com\/avatar\/f917ad82e5ab71227a733c78b6e60715476f69ee6be59feee4eb5d9920c89e0f?s=96&d=mm&r=g","contentUrl":"https:\/\/secure.gravatar.com\/avatar\/f917ad82e5ab71227a733c78b6e60715476f69ee6be59feee4eb5d9920c89e0f?s=96&d=mm&r=g","caption":"Kuali Staff"},"url":"https:\/\/kuali.com.mx\/web\/author\/lagarto\/"}]}},"_links":{"self":[{"href":"https:\/\/kuali.com.mx\/web\/wp-json\/wp\/v2\/posts\/144145","targetHints":{"allow":["GET"]}}],"collection":[{"href":"https:\/\/kuali.com.mx\/web\/wp-json\/wp\/v2\/posts"}],"about":[{"href":"https:\/\/kuali.com.mx\/web\/wp-json\/wp\/v2\/types\/post"}],"author":[{"embeddable":true,"href":"https:\/\/kuali.com.mx\/web\/wp-json\/wp\/v2\/users\/2"}],"replies":[{"embeddable":true,"href":"https:\/\/kuali.com.mx\/web\/wp-json\/wp\/v2\/comments?post=144145"}],"version-history":[{"count":2,"href":"https:\/\/kuali.com.mx\/web\/wp-json\/wp\/v2\/posts\/144145\/revisions"}],"predecessor-version":[{"id":144184,"href":"https:\/\/kuali.com.mx\/web\/wp-json\/wp\/v2\/posts\/144145\/revisions\/144184"}],"wp:featuredmedia":[{"embeddable":true,"href":"https:\/\/kuali.com.mx\/web\/wp-json\/wp\/v2\/media\/144148"}],"wp:attachment":[{"href":"https:\/\/kuali.com.mx\/web\/wp-json\/wp\/v2\/media?parent=144145"}],"wp:term":[{"taxonomy":"category","embeddable":true,"href":"https:\/\/kuali.com.mx\/web\/wp-json\/wp\/v2\/categories?post=144145"},{"taxonomy":"post_tag","embeddable":true,"href":"https:\/\/kuali.com.mx\/web\/wp-json\/wp\/v2\/tags?post=144145"}],"curies":[{"name":"wp","href":"https:\/\/api.w.org\/{rel}","templated":true}]}}