{"id":143813,"date":"2024-05-22T14:59:30","date_gmt":"2024-05-22T20:59:30","guid":{"rendered":"https:\/\/kuali.com.mx\/web\/?p=143813"},"modified":"2024-05-22T23:04:12","modified_gmt":"2024-05-23T05:04:12","slug":"niega-alcalde-haber-amedrentado-a-candidato-del-pvem","status":"publish","type":"post","link":"https:\/\/kuali.com.mx\/web\/2024\/05\/22\/niega-alcalde-haber-amedrentado-a-candidato-del-pvem\/","title":{"rendered":"NIEGA ALCALDE HABER AMEDRENTADO A CANDIDATO DEL PVEM"},"content":{"rendered":"\n<p><strong>Alicia Arias\/Pur\u00edsima del Rinc\u00f3n, Gto.- <\/strong>El alcalde interino de Pur\u00edsima del Rinc\u00f3n, Miguel \u00c1ngel Serv\u00edn Villanueva, niega que la polic\u00eda a su cargo haya amedrentado y amenazado con arrestar a integrantes del Partido Verde Ecologista de M\u00e9xico (PVEM); al contrario, asegura que los pvemistas se aprovecharon de un evento organizado por el Municipio y el Estado.<\/p>\n\n\n\n<iframe loading=\"lazy\" src=\"https:\/\/www.facebook.com\/plugins\/video.php?height=314&href=https%3A%2F%2Fwww.facebook.com%2FKualiNoticias%2Fvideos%2F423665037185778%2F&show_text=false&width=560&t=0\" width=\"560\" height=\"314\" style=\"border:none;overflow:hidden\" scrolling=\"no\" frameborder=\"0\" allowfullscreen=\"true\" allow=\"autoplay; clipboard-write; encrypted-media; picture-in-picture; web-share\" allowFullScreen=\"true\"><\/iframe>\n\n\n\n<p>En un comunicado, el presidente municipal interino de extracci\u00f3n panista, hizo \u201calgunas precisiones de pol\u00edticos-partidistas que no han dimensionado la diferencia entre organizar sus propios eventos o pretender valerse de convocatorias de la Administraci\u00f3n Municipal\u201d.<\/p>\n\n\n\n<p>Lo anterior en referencia a la denuncia p\u00fablica que hizo el candidato del PVEM a la alcald\u00eda de este municipio, Juan Mu\u00f1oz Guti\u00e9rrez.<\/p>\n\n\n\n<figure class=\"wp-block-embed is-type-wp-embed is-provider-kuali wp-block-embed-kuali\"><div class=\"wp-block-embed__wrapper\">\n<blockquote class=\"wp-embedded-content\" data-secret=\"a5hWsXMFFL\"><a href=\"https:\/\/kuali.com.mx\/web\/2024\/05\/22\/amedrenta-policia-de-purisima-a-candidato-del-pvem\/\">AMEDRENTA POLIC\u00cdA DE PUR\u00cdSIMA A CANDIDATO DEL PVEM<\/a><\/blockquote><iframe loading=\"lazy\" class=\"wp-embedded-content\" sandbox=\"allow-scripts\" security=\"restricted\" style=\"position: absolute; clip: rect(1px, 1px, 1px, 1px);\" title=\"&#8220;AMEDRENTA POLIC\u00cdA DE PUR\u00cdSIMA A CANDIDATO DEL PVEM&#8221; &#8212; Kuali\" src=\"https:\/\/kuali.com.mx\/web\/2024\/05\/22\/amedrenta-policia-de-purisima-a-candidato-del-pvem\/embed\/#?secret=y9WqYyEegZ#?secret=a5hWsXMFFL\" data-secret=\"a5hWsXMFFL\" width=\"600\" height=\"338\" frameborder=\"0\" marginwidth=\"0\" marginheight=\"0\" scrolling=\"no\"><\/iframe>\n<\/div><\/figure>\n\n\n\n<p>El alcalde recod\u00f3 que el domingo 19 de mayo la Presidencia Municipal de Pur\u00edsima del Rinc\u00f3n, en coordinaci\u00f3n con la Secretar\u00eda de Turismo del Estado de Guanajuato (Sectur), realiz\u00f3 el Segundo Festival del Agave y sus Ra\u00edces en la comunidad Ca\u00f1ada de Negros.<\/p>\n\n\n\n<blockquote class=\"wp-block-quote is-layout-flow wp-block-quote-is-layout-flow\"><p><strong><em>\u201cLa plaza de Ca\u00f1ada de Negros es p\u00fablica, pero el domingo estaba ocupada por el Municipio con evento tur\u00edstico. Ah\u00ed llegaron a repartir mochilas y playeras integrantes de un partido pol\u00edtico, a quienes se les pidi\u00f3 amablemente respetar espacios, esto, minutos antes de las 3:00 de la tarde porque dar\u00eda comienzo el acto protocolario\u201d<\/em><\/strong><\/p><cite>Miguel \u00c1ngel Serv\u00edn Villanueva<\/cite><\/blockquote>\n\n\n\n<p>Y agreg\u00f3: \u201chemos de aclarar que 15 d\u00edas antes el partido que hoy se queja de -amedrentamiento estuvo con su candidato y su equipo en Ca\u00f1ada de Negros\u201d y \u201cya hab\u00edan estado en el lugar, mientras el pasado fin de semana, seg\u00fan sus convocatorias en redes,\u00a0 deb\u00edan haber estado en Guadalupe de Jalpa, no en Ca\u00f1ada.\u201d<\/p>\n\n\n\n<p>Miguel \u00c1ngel Serv\u00edn dijo que si los candidatos registraran puntualmente su agenda, \u201ccomo establecen las reglas electorales, sabr\u00edan que el lugar estaba ocupado con evento tur\u00edstico\u201d.<\/p>\n\n\n\n<p>Aclar\u00f3 que la presencia de elementos de la Direcci\u00f3n de Seguridad P\u00fablica Municipal durante todo el festival fue para dar atenci\u00f3n y vigilancia a las y los asistentes \u00a0y que acept\u00f3 que s\u00ed \u201cse invit\u00f3 a los partidistas a retirarse\u201d.<\/p>\n\n\n<div class=\"wp-block-image\">\n<figure class=\"aligncenter size-large\"><img loading=\"lazy\" decoding=\"async\" width=\"768\" height=\"1024\" src=\"https:\/\/kuali.com.mx\/web\/wp-content\/uploads\/2024\/05\/Campana-del-PVEM-en-festival-del-Agave-1-768x1024.jpg\" alt=\"\" class=\"wp-image-143817\" srcset=\"https:\/\/kuali.com.mx\/web\/wp-content\/uploads\/2024\/05\/Campana-del-PVEM-en-festival-del-Agave-1-768x1024.jpg 768w, https:\/\/kuali.com.mx\/web\/wp-content\/uploads\/2024\/05\/Campana-del-PVEM-en-festival-del-Agave-1-225x300.jpg 225w, https:\/\/kuali.com.mx\/web\/wp-content\/uploads\/2024\/05\/Campana-del-PVEM-en-festival-del-Agave-1-1152x1536.jpg 1152w, https:\/\/kuali.com.mx\/web\/wp-content\/uploads\/2024\/05\/Campana-del-PVEM-en-festival-del-Agave-1-87x116.jpg 87w, https:\/\/kuali.com.mx\/web\/wp-content\/uploads\/2024\/05\/Campana-del-PVEM-en-festival-del-Agave-1.jpg 1200w\" sizes=\"auto, (max-width: 768px) 100vw, 768px\" \/><figcaption>Los simpatizantes del PVEM acudieron al Festival del Agave y sus Ra\u00edces resgaudrados por elementos de la Guardia Nacional (GN). FOTO: cortes\u00eda<\/figcaption><\/figure>\n<\/div>\n\n\n<p>\u201cMientras los del partido quejoso ven\u00edan con resguardo exclusivo de la Guardia Nacional (GN) es imposible hacer comparaciones cuando ambas corporaciones reciben indicaciones de brindar seguridad\u201d, destac\u00f3 el alcalde.<\/p>\n\n\n\n<p>Adem\u00e1s, pidi\u00f3 respeto de todos los partidos pol\u00edticos que compiten en la contienda electoral porque \u201clos purisimenses merecen tranquilidad. Son habitantes de altura, exigen respeto y este se solicit\u00f3 para evitar mezclar eventos p\u00fablicos de gobierno con campa\u00f1as que no le son propias\u201d.<\/p>\n\n\n\n<p>\u201cNuestra funci\u00f3n, como municipio, tambi\u00e9n es darles esa imparcialidad, por eso les pido, nuevamente: apoy\u00e9monos, respet\u00e9monos en que cada uno realice su actividad (\u2026) Nuestra funci\u00f3n es d\u00e1ndoles las mejores condiciones de seguridad pero a los habitantes y a los que fueron a visitar\u201d, concluy\u00f3 el alcalde Miguel \u00c1ngel Serv\u00edn.<\/p>\n","protected":false},"excerpt":{"rendered":"Alicia Arias\/Pur\u00edsima del Rinc\u00f3n, Gto.- El alcalde interino de Pur\u00edsima del Rinc\u00f3n, Miguel \u00c1ngel Serv\u00edn Villanueva, niega que la polic\u00eda a su cargo haya amedrentado y amenazado con arrestar a integrantes del Partido Verde Ecologista de M\u00e9xico (PVEM); al contrario, asegura que los pvemistas se aprovecharon de un evento organizado por el Municipio y el [&hellip;]","protected":false},"author":2,"featured_media":143818,"comment_status":"open","ping_status":"open","sticky":false,"template":"","format":"standard","meta":{"_seopress_robots_primary_cat":"none","_seopress_titles_title":"","_seopress_titles_desc":"","_seopress_robots_index":"","_monsterinsights_skip_tracking":false,"_monsterinsights_sitenote_active":false,"_monsterinsights_sitenote_note":"","_monsterinsights_sitenote_category":0,"footnotes":""},"categories":[3],"tags":[3628,582,3868,91,1115,2112],"class_list":["post-143813","post","type-post","status-publish","format-standard","has-post-thumbnail","hentry","category-politica","tag-campanas-electorales","tag-elecciones-2024","tag-miguel-angel-servin-villanueva","tag-pan","tag-purisima-del-rincon","tag-pvem"],"yoast_head":"<!-- This site is optimized with the Yoast SEO plugin v27.4 - https:\/\/yoast.com\/product\/yoast-seo-wordpress\/ -->\n<title>NIEGA ALCALDE HABER AMEDRENTADO A CANDIDATO DEL PVEM - Kuali<\/title>\n<meta name=\"robots\" content=\"index, follow, max-snippet:-1, max-image-preview:large, max-video-preview:-1\" \/>\n<link rel=\"canonical\" href=\"https:\/\/kuali.com.mx\/web\/2024\/05\/22\/niega-alcalde-haber-amedrentado-a-candidato-del-pvem\/\" \/>\n<meta property=\"og:locale\" content=\"es_MX\" \/>\n<meta property=\"og:type\" content=\"article\" \/>\n<meta property=\"og:title\" content=\"NIEGA ALCALDE HABER AMEDRENTADO A CANDIDATO DEL PVEM - Kuali\" \/>\n<meta property=\"og:description\" content=\"Alicia Arias\/Pur\u00edsima del Rinc\u00f3n, Gto.- El alcalde interino de Pur\u00edsima del Rinc\u00f3n, Miguel \u00c1ngel Serv\u00edn Villanueva, niega que la polic\u00eda a su cargo haya amedrentado y amenazado con arrestar a integrantes del Partido Verde Ecologista de M\u00e9xico (PVEM); al contrario, asegura que los pvemistas se aprovecharon de un evento organizado por el Municipio y el [&hellip;]\" \/>\n<meta property=\"og:url\" content=\"https:\/\/kuali.com.mx\/web\/2024\/05\/22\/niega-alcalde-haber-amedrentado-a-candidato-del-pvem\/\" \/>\n<meta property=\"og:site_name\" content=\"Kuali\" \/>\n<meta property=\"article:publisher\" content=\"https:\/\/kuali.com.mx\/web\/wp-content\/uploads\/2018\/04\/cropped-kuali_logo-1-1.png\" \/>\n<meta property=\"article:published_time\" content=\"2024-05-22T20:59:30+00:00\" \/>\n<meta property=\"article:modified_time\" content=\"2024-05-23T05:04:12+00:00\" \/>\n<meta property=\"og:image\" content=\"https:\/\/kuali.com.mx\/web\/wp-content\/uploads\/2024\/05\/Campana-del-PVEM-en-festival-del-Agave-2.gif\" \/>\n\t<meta property=\"og:image:width\" content=\"1800\" \/>\n\t<meta property=\"og:image:height\" content=\"750\" \/>\n\t<meta property=\"og:image:type\" content=\"image\/gif\" \/>\n<meta name=\"author\" content=\"Kuali Staff\" \/>\n<meta name=\"twitter:card\" content=\"summary_large_image\" \/>\n<meta name=\"twitter:creator\" content=\"@kuali_noticias\" \/>\n<meta name=\"twitter:site\" content=\"@kuali_noticias\" \/>\n<meta name=\"twitter:label1\" content=\"Escrito por\" \/>\n\t<meta name=\"twitter:data1\" content=\"Kuali Staff\" \/>\n\t<meta name=\"twitter:label2\" content=\"Tiempo de lectura\" \/>\n\t<meta name=\"twitter:data2\" content=\"3 minutos\" \/>\n<script type=\"application\/ld+json\" class=\"yoast-schema-graph\">{\"@context\":\"https:\\\/\\\/schema.org\",\"@graph\":[{\"@type\":\"Article\",\"@id\":\"https:\\\/\\\/kuali.com.mx\\\/web\\\/2024\\\/05\\\/22\\\/niega-alcalde-haber-amedrentado-a-candidato-del-pvem\\\/#article\",\"isPartOf\":{\"@id\":\"https:\\\/\\\/kuali.com.mx\\\/web\\\/2024\\\/05\\\/22\\\/niega-alcalde-haber-amedrentado-a-candidato-del-pvem\\\/\"},\"author\":{\"name\":\"Kuali Staff\",\"@id\":\"https:\\\/\\\/kuali.com.mx\\\/web\\\/#\\\/schema\\\/person\\\/6f89ffa8ecba9dae50662357923c5289\"},\"headline\":\"NIEGA ALCALDE HABER AMEDRENTADO A CANDIDATO DEL PVEM\",\"datePublished\":\"2024-05-22T20:59:30+00:00\",\"dateModified\":\"2024-05-23T05:04:12+00:00\",\"mainEntityOfPage\":{\"@id\":\"https:\\\/\\\/kuali.com.mx\\\/web\\\/2024\\\/05\\\/22\\\/niega-alcalde-haber-amedrentado-a-candidato-del-pvem\\\/\"},\"wordCount\":545,\"commentCount\":0,\"image\":{\"@id\":\"https:\\\/\\\/kuali.com.mx\\\/web\\\/2024\\\/05\\\/22\\\/niega-alcalde-haber-amedrentado-a-candidato-del-pvem\\\/#primaryimage\"},\"thumbnailUrl\":\"https:\\\/\\\/kuali.com.mx\\\/web\\\/wp-content\\\/uploads\\\/2024\\\/05\\\/Campana-del-PVEM-en-festival-del-Agave-2.gif\",\"keywords\":[\"Campa\u00f1as electorales\",\"Elecciones 2024\",\"Miguel \u00c1ngel Serv\u00edn Villanueva\",\"PAN\",\"Pur\u00edsima del Rinc\u00f3n\",\"PVEM\"],\"articleSection\":[\"Pol\u00edtica\"],\"inLanguage\":\"es\",\"potentialAction\":[{\"@type\":\"CommentAction\",\"name\":\"Comment\",\"target\":[\"https:\\\/\\\/kuali.com.mx\\\/web\\\/2024\\\/05\\\/22\\\/niega-alcalde-haber-amedrentado-a-candidato-del-pvem\\\/#respond\"]}]},{\"@type\":\"WebPage\",\"@id\":\"https:\\\/\\\/kuali.com.mx\\\/web\\\/2024\\\/05\\\/22\\\/niega-alcalde-haber-amedrentado-a-candidato-del-pvem\\\/\",\"url\":\"https:\\\/\\\/kuali.com.mx\\\/web\\\/2024\\\/05\\\/22\\\/niega-alcalde-haber-amedrentado-a-candidato-del-pvem\\\/\",\"name\":\"NIEGA ALCALDE HABER AMEDRENTADO A CANDIDATO DEL PVEM - Kuali\",\"isPartOf\":{\"@id\":\"https:\\\/\\\/kuali.com.mx\\\/web\\\/#website\"},\"primaryImageOfPage\":{\"@id\":\"https:\\\/\\\/kuali.com.mx\\\/web\\\/2024\\\/05\\\/22\\\/niega-alcalde-haber-amedrentado-a-candidato-del-pvem\\\/#primaryimage\"},\"image\":{\"@id\":\"https:\\\/\\\/kuali.com.mx\\\/web\\\/2024\\\/05\\\/22\\\/niega-alcalde-haber-amedrentado-a-candidato-del-pvem\\\/#primaryimage\"},\"thumbnailUrl\":\"https:\\\/\\\/kuali.com.mx\\\/web\\\/wp-content\\\/uploads\\\/2024\\\/05\\\/Campana-del-PVEM-en-festival-del-Agave-2.gif\",\"datePublished\":\"2024-05-22T20:59:30+00:00\",\"dateModified\":\"2024-05-23T05:04:12+00:00\",\"author\":{\"@id\":\"https:\\\/\\\/kuali.com.mx\\\/web\\\/#\\\/schema\\\/person\\\/6f89ffa8ecba9dae50662357923c5289\"},\"breadcrumb\":{\"@id\":\"https:\\\/\\\/kuali.com.mx\\\/web\\\/2024\\\/05\\\/22\\\/niega-alcalde-haber-amedrentado-a-candidato-del-pvem\\\/#breadcrumb\"},\"inLanguage\":\"es\",\"potentialAction\":[{\"@type\":\"ReadAction\",\"target\":[\"https:\\\/\\\/kuali.com.mx\\\/web\\\/2024\\\/05\\\/22\\\/niega-alcalde-haber-amedrentado-a-candidato-del-pvem\\\/\"]}]},{\"@type\":\"ImageObject\",\"inLanguage\":\"es\",\"@id\":\"https:\\\/\\\/kuali.com.mx\\\/web\\\/2024\\\/05\\\/22\\\/niega-alcalde-haber-amedrentado-a-candidato-del-pvem\\\/#primaryimage\",\"url\":\"https:\\\/\\\/kuali.com.mx\\\/web\\\/wp-content\\\/uploads\\\/2024\\\/05\\\/Campana-del-PVEM-en-festival-del-Agave-2.gif\",\"contentUrl\":\"https:\\\/\\\/kuali.com.mx\\\/web\\\/wp-content\\\/uploads\\\/2024\\\/05\\\/Campana-del-PVEM-en-festival-del-Agave-2.gif\",\"width\":1800,\"height\":750},{\"@type\":\"BreadcrumbList\",\"@id\":\"https:\\\/\\\/kuali.com.mx\\\/web\\\/2024\\\/05\\\/22\\\/niega-alcalde-haber-amedrentado-a-candidato-del-pvem\\\/#breadcrumb\",\"itemListElement\":[{\"@type\":\"ListItem\",\"position\":1,\"name\":\"Inicio\",\"item\":\"https:\\\/\\\/kuali.com.mx\\\/web\\\/\"},{\"@type\":\"ListItem\",\"position\":2,\"name\":\"NIEGA ALCALDE HABER AMEDRENTADO A CANDIDATO DEL PVEM\"}]},{\"@type\":\"WebSite\",\"@id\":\"https:\\\/\\\/kuali.com.mx\\\/web\\\/#website\",\"url\":\"https:\\\/\\\/kuali.com.mx\\\/web\\\/\",\"name\":\"Kuali\",\"description\":\"\",\"potentialAction\":[{\"@type\":\"SearchAction\",\"target\":{\"@type\":\"EntryPoint\",\"urlTemplate\":\"https:\\\/\\\/kuali.com.mx\\\/web\\\/?s={search_term_string}\"},\"query-input\":{\"@type\":\"PropertyValueSpecification\",\"valueRequired\":true,\"valueName\":\"search_term_string\"}}],\"inLanguage\":\"es\"},{\"@type\":\"Person\",\"@id\":\"https:\\\/\\\/kuali.com.mx\\\/web\\\/#\\\/schema\\\/person\\\/6f89ffa8ecba9dae50662357923c5289\",\"name\":\"Kuali Staff\",\"image\":{\"@type\":\"ImageObject\",\"inLanguage\":\"es\",\"@id\":\"https:\\\/\\\/secure.gravatar.com\\\/avatar\\\/f917ad82e5ab71227a733c78b6e60715476f69ee6be59feee4eb5d9920c89e0f?s=96&d=mm&r=g\",\"url\":\"https:\\\/\\\/secure.gravatar.com\\\/avatar\\\/f917ad82e5ab71227a733c78b6e60715476f69ee6be59feee4eb5d9920c89e0f?s=96&d=mm&r=g\",\"contentUrl\":\"https:\\\/\\\/secure.gravatar.com\\\/avatar\\\/f917ad82e5ab71227a733c78b6e60715476f69ee6be59feee4eb5d9920c89e0f?s=96&d=mm&r=g\",\"caption\":\"Kuali Staff\"},\"url\":\"https:\\\/\\\/kuali.com.mx\\\/web\\\/author\\\/lagarto\\\/\"}]}<\/script>\n<!-- \/ Yoast SEO plugin. -->","yoast_head_json":{"title":"NIEGA ALCALDE HABER AMEDRENTADO A CANDIDATO DEL PVEM - Kuali","robots":{"index":"index","follow":"follow","max-snippet":"max-snippet:-1","max-image-preview":"max-image-preview:large","max-video-preview":"max-video-preview:-1"},"canonical":"https:\/\/kuali.com.mx\/web\/2024\/05\/22\/niega-alcalde-haber-amedrentado-a-candidato-del-pvem\/","og_locale":"es_MX","og_type":"article","og_title":"NIEGA ALCALDE HABER AMEDRENTADO A CANDIDATO DEL PVEM - Kuali","og_description":"Alicia Arias\/Pur\u00edsima del Rinc\u00f3n, Gto.- El alcalde interino de Pur\u00edsima del Rinc\u00f3n, Miguel \u00c1ngel Serv\u00edn Villanueva, niega que la polic\u00eda a su cargo haya amedrentado y amenazado con arrestar a integrantes del Partido Verde Ecologista de M\u00e9xico (PVEM); al contrario, asegura que los pvemistas se aprovecharon de un evento organizado por el Municipio y el [&hellip;]","og_url":"https:\/\/kuali.com.mx\/web\/2024\/05\/22\/niega-alcalde-haber-amedrentado-a-candidato-del-pvem\/","og_site_name":"Kuali","article_publisher":"https:\/\/kuali.com.mx\/web\/wp-content\/uploads\/2018\/04\/cropped-kuali_logo-1-1.png","article_published_time":"2024-05-22T20:59:30+00:00","article_modified_time":"2024-05-23T05:04:12+00:00","og_image":[{"width":1800,"height":750,"url":"https:\/\/kuali.com.mx\/web\/wp-content\/uploads\/2024\/05\/Campana-del-PVEM-en-festival-del-Agave-2.gif","type":"image\/gif"}],"author":"Kuali Staff","twitter_card":"summary_large_image","twitter_creator":"@kuali_noticias","twitter_site":"@kuali_noticias","twitter_misc":{"Escrito por":"Kuali Staff","Tiempo de lectura":"3 minutos"},"schema":{"@context":"https:\/\/schema.org","@graph":[{"@type":"Article","@id":"https:\/\/kuali.com.mx\/web\/2024\/05\/22\/niega-alcalde-haber-amedrentado-a-candidato-del-pvem\/#article","isPartOf":{"@id":"https:\/\/kuali.com.mx\/web\/2024\/05\/22\/niega-alcalde-haber-amedrentado-a-candidato-del-pvem\/"},"author":{"name":"Kuali Staff","@id":"https:\/\/kuali.com.mx\/web\/#\/schema\/person\/6f89ffa8ecba9dae50662357923c5289"},"headline":"NIEGA ALCALDE HABER AMEDRENTADO A CANDIDATO DEL PVEM","datePublished":"2024-05-22T20:59:30+00:00","dateModified":"2024-05-23T05:04:12+00:00","mainEntityOfPage":{"@id":"https:\/\/kuali.com.mx\/web\/2024\/05\/22\/niega-alcalde-haber-amedrentado-a-candidato-del-pvem\/"},"wordCount":545,"commentCount":0,"image":{"@id":"https:\/\/kuali.com.mx\/web\/2024\/05\/22\/niega-alcalde-haber-amedrentado-a-candidato-del-pvem\/#primaryimage"},"thumbnailUrl":"https:\/\/kuali.com.mx\/web\/wp-content\/uploads\/2024\/05\/Campana-del-PVEM-en-festival-del-Agave-2.gif","keywords":["Campa\u00f1as electorales","Elecciones 2024","Miguel \u00c1ngel Serv\u00edn Villanueva","PAN","Pur\u00edsima del Rinc\u00f3n","PVEM"],"articleSection":["Pol\u00edtica"],"inLanguage":"es","potentialAction":[{"@type":"CommentAction","name":"Comment","target":["https:\/\/kuali.com.mx\/web\/2024\/05\/22\/niega-alcalde-haber-amedrentado-a-candidato-del-pvem\/#respond"]}]},{"@type":"WebPage","@id":"https:\/\/kuali.com.mx\/web\/2024\/05\/22\/niega-alcalde-haber-amedrentado-a-candidato-del-pvem\/","url":"https:\/\/kuali.com.mx\/web\/2024\/05\/22\/niega-alcalde-haber-amedrentado-a-candidato-del-pvem\/","name":"NIEGA ALCALDE HABER AMEDRENTADO A CANDIDATO DEL PVEM - Kuali","isPartOf":{"@id":"https:\/\/kuali.com.mx\/web\/#website"},"primaryImageOfPage":{"@id":"https:\/\/kuali.com.mx\/web\/2024\/05\/22\/niega-alcalde-haber-amedrentado-a-candidato-del-pvem\/#primaryimage"},"image":{"@id":"https:\/\/kuali.com.mx\/web\/2024\/05\/22\/niega-alcalde-haber-amedrentado-a-candidato-del-pvem\/#primaryimage"},"thumbnailUrl":"https:\/\/kuali.com.mx\/web\/wp-content\/uploads\/2024\/05\/Campana-del-PVEM-en-festival-del-Agave-2.gif","datePublished":"2024-05-22T20:59:30+00:00","dateModified":"2024-05-23T05:04:12+00:00","author":{"@id":"https:\/\/kuali.com.mx\/web\/#\/schema\/person\/6f89ffa8ecba9dae50662357923c5289"},"breadcrumb":{"@id":"https:\/\/kuali.com.mx\/web\/2024\/05\/22\/niega-alcalde-haber-amedrentado-a-candidato-del-pvem\/#breadcrumb"},"inLanguage":"es","potentialAction":[{"@type":"ReadAction","target":["https:\/\/kuali.com.mx\/web\/2024\/05\/22\/niega-alcalde-haber-amedrentado-a-candidato-del-pvem\/"]}]},{"@type":"ImageObject","inLanguage":"es","@id":"https:\/\/kuali.com.mx\/web\/2024\/05\/22\/niega-alcalde-haber-amedrentado-a-candidato-del-pvem\/#primaryimage","url":"https:\/\/kuali.com.mx\/web\/wp-content\/uploads\/2024\/05\/Campana-del-PVEM-en-festival-del-Agave-2.gif","contentUrl":"https:\/\/kuali.com.mx\/web\/wp-content\/uploads\/2024\/05\/Campana-del-PVEM-en-festival-del-Agave-2.gif","width":1800,"height":750},{"@type":"BreadcrumbList","@id":"https:\/\/kuali.com.mx\/web\/2024\/05\/22\/niega-alcalde-haber-amedrentado-a-candidato-del-pvem\/#breadcrumb","itemListElement":[{"@type":"ListItem","position":1,"name":"Inicio","item":"https:\/\/kuali.com.mx\/web\/"},{"@type":"ListItem","position":2,"name":"NIEGA ALCALDE HABER AMEDRENTADO A CANDIDATO DEL PVEM"}]},{"@type":"WebSite","@id":"https:\/\/kuali.com.mx\/web\/#website","url":"https:\/\/kuali.com.mx\/web\/","name":"Kuali","description":"","potentialAction":[{"@type":"SearchAction","target":{"@type":"EntryPoint","urlTemplate":"https:\/\/kuali.com.mx\/web\/?s={search_term_string}"},"query-input":{"@type":"PropertyValueSpecification","valueRequired":true,"valueName":"search_term_string"}}],"inLanguage":"es"},{"@type":"Person","@id":"https:\/\/kuali.com.mx\/web\/#\/schema\/person\/6f89ffa8ecba9dae50662357923c5289","name":"Kuali Staff","image":{"@type":"ImageObject","inLanguage":"es","@id":"https:\/\/secure.gravatar.com\/avatar\/f917ad82e5ab71227a733c78b6e60715476f69ee6be59feee4eb5d9920c89e0f?s=96&d=mm&r=g","url":"https:\/\/secure.gravatar.com\/avatar\/f917ad82e5ab71227a733c78b6e60715476f69ee6be59feee4eb5d9920c89e0f?s=96&d=mm&r=g","contentUrl":"https:\/\/secure.gravatar.com\/avatar\/f917ad82e5ab71227a733c78b6e60715476f69ee6be59feee4eb5d9920c89e0f?s=96&d=mm&r=g","caption":"Kuali Staff"},"url":"https:\/\/kuali.com.mx\/web\/author\/lagarto\/"}]}},"_links":{"self":[{"href":"https:\/\/kuali.com.mx\/web\/wp-json\/wp\/v2\/posts\/143813","targetHints":{"allow":["GET"]}}],"collection":[{"href":"https:\/\/kuali.com.mx\/web\/wp-json\/wp\/v2\/posts"}],"about":[{"href":"https:\/\/kuali.com.mx\/web\/wp-json\/wp\/v2\/types\/post"}],"author":[{"embeddable":true,"href":"https:\/\/kuali.com.mx\/web\/wp-json\/wp\/v2\/users\/2"}],"replies":[{"embeddable":true,"href":"https:\/\/kuali.com.mx\/web\/wp-json\/wp\/v2\/comments?post=143813"}],"version-history":[{"count":1,"href":"https:\/\/kuali.com.mx\/web\/wp-json\/wp\/v2\/posts\/143813\/revisions"}],"predecessor-version":[{"id":143819,"href":"https:\/\/kuali.com.mx\/web\/wp-json\/wp\/v2\/posts\/143813\/revisions\/143819"}],"wp:featuredmedia":[{"embeddable":true,"href":"https:\/\/kuali.com.mx\/web\/wp-json\/wp\/v2\/media\/143818"}],"wp:attachment":[{"href":"https:\/\/kuali.com.mx\/web\/wp-json\/wp\/v2\/media?parent=143813"}],"wp:term":[{"taxonomy":"category","embeddable":true,"href":"https:\/\/kuali.com.mx\/web\/wp-json\/wp\/v2\/categories?post=143813"},{"taxonomy":"post_tag","embeddable":true,"href":"https:\/\/kuali.com.mx\/web\/wp-json\/wp\/v2\/tags?post=143813"}],"curies":[{"name":"wp","href":"https:\/\/api.w.org\/{rel}","templated":true}]}}