{"id":143779,"date":"2024-05-22T15:10:40","date_gmt":"2024-05-22T21:10:40","guid":{"rendered":"https:\/\/kuali.com.mx\/web\/?p=143779"},"modified":"2024-05-22T23:04:49","modified_gmt":"2024-05-23T05:04:49","slug":"amonesta-teeg-al-pan-por-no-retirar-propaganda","status":"publish","type":"post","link":"https:\/\/kuali.com.mx\/web\/2024\/05\/22\/amonesta-teeg-al-pan-por-no-retirar-propaganda\/","title":{"rendered":"AMONESTA TEEG AL PAN POR NO RETIRAR PROPAGANDA"},"content":{"rendered":"\n<p><strong><em>Kuali\/Guanajuato, Gto.-<\/em><\/strong>El Tribunal Electoral del Estado de Guanajuato (TEEG) amonest\u00f3 al Partido Acci\u00f3n Nacional (PAN) por tener vigente propaganda electoral de dos elecciones pasadas,<\/p>\n\n\n\n<p>El Instituto Nacional Electoral (INE) notific\u00f3 al Instituto Electoral del Estado de Guanajuato (IEEG) que el PAN incurr\u00eda en irregularidades al no retirar propaganda electoral de procesos electorales anteriores y por localizarla en lugares prohibidos.<\/p>\n\n\n\n<p>Ante esta situaci\u00f3n, el Tribunal Electoral impuso una amonestaci\u00f3n p\u00fablica al PAN por no quitarla en tiempo pues debi\u00f3 hacerlo a m\u00e1s tardar siete d\u00edas posteriores al d\u00eda de la votaci\u00f3n.<\/p>\n\n\n\n<p>\u201cSe comprob\u00f3 la difusi\u00f3n del PAN y sus entonces candidaturas en siete bardas correspondiente a los procesos electorales locales 2014-2015 y 2017-2018\u201d, se\u00f1al\u00f3 el TEEG.<\/p>\n\n\n\n<p>Adem\u00e1s, vincul\u00f3 al Instituto para realizar lo necesario para retirarla.<\/p>\n\n\n\n<p>En el desarrollo de la sesi\u00f3n p\u00fablica estuvieron las magistradas, Mar\u00eda Dolores L\u00f3pez Loza, presidenta de este Tribunal y titular de la Primera Ponencia; Yari Zapata L\u00f3pez, titular de la Segunda Ponencia; el magistrado titular de la Tercera Ponencia, Alejandro Javier Mart\u00ednez Mej\u00eda; as\u00ed como el secretario general, Juan Antonio Mac\u00edas P\u00e9rez.<\/p>\n","protected":false},"excerpt":{"rendered":"Kuali\/Guanajuato, Gto.-El Tribunal Electoral del Estado de Guanajuato (TEEG) amonest\u00f3 al Partido Acci\u00f3n Nacional (PAN) por tener vigente propaganda electoral de dos elecciones pasadas, El Instituto Nacional Electoral (INE) notific\u00f3 al Instituto Electoral del Estado de Guanajuato (IEEG) que el PAN incurr\u00eda en irregularidades al no retirar propaganda electoral de procesos electorales anteriores y por [&hellip;]","protected":false},"author":2,"featured_media":141607,"comment_status":"open","ping_status":"open","sticky":false,"template":"","format":"standard","meta":{"_seopress_robots_primary_cat":"none","_seopress_titles_title":"","_seopress_titles_desc":"","_seopress_robots_index":"","_monsterinsights_skip_tracking":false,"_monsterinsights_sitenote_active":false,"_monsterinsights_sitenote_note":"","_monsterinsights_sitenote_category":0,"footnotes":""},"categories":[3,69],"tags":[],"class_list":["post-143779","post","type-post","status-publish","format-standard","has-post-thumbnail","hentry","category-politica","category-slider"],"yoast_head":"<!-- This site is optimized with the Yoast SEO plugin v27.4 - https:\/\/yoast.com\/product\/yoast-seo-wordpress\/ -->\n<title>AMONESTA TEEG AL PAN POR NO RETIRAR PROPAGANDA - Kuali<\/title>\n<meta name=\"robots\" content=\"index, follow, max-snippet:-1, max-image-preview:large, max-video-preview:-1\" \/>\n<link rel=\"canonical\" href=\"https:\/\/kuali.com.mx\/web\/2024\/05\/22\/amonesta-teeg-al-pan-por-no-retirar-propaganda\/\" \/>\n<meta property=\"og:locale\" content=\"es_MX\" \/>\n<meta property=\"og:type\" content=\"article\" \/>\n<meta property=\"og:title\" content=\"AMONESTA TEEG AL PAN POR NO RETIRAR PROPAGANDA - Kuali\" \/>\n<meta property=\"og:description\" content=\"Kuali\/Guanajuato, Gto.-El Tribunal Electoral del Estado de Guanajuato (TEEG) amonest\u00f3 al Partido Acci\u00f3n Nacional (PAN) por tener vigente propaganda electoral de dos elecciones pasadas, El Instituto Nacional Electoral (INE) notific\u00f3 al Instituto Electoral del Estado de Guanajuato (IEEG) que el PAN incurr\u00eda en irregularidades al no retirar propaganda electoral de procesos electorales anteriores y por [&hellip;]\" \/>\n<meta property=\"og:url\" content=\"https:\/\/kuali.com.mx\/web\/2024\/05\/22\/amonesta-teeg-al-pan-por-no-retirar-propaganda\/\" \/>\n<meta property=\"og:site_name\" content=\"Kuali\" \/>\n<meta property=\"article:publisher\" content=\"https:\/\/kuali.com.mx\/web\/wp-content\/uploads\/2018\/04\/cropped-kuali_logo-1-1.png\" \/>\n<meta property=\"article:published_time\" content=\"2024-05-22T21:10:40+00:00\" \/>\n<meta property=\"article:modified_time\" content=\"2024-05-23T05:04:49+00:00\" \/>\n<meta property=\"og:image\" content=\"https:\/\/kuali.com.mx\/web\/wp-content\/uploads\/2024\/04\/Tribunal-Electoral-Guanajuato.png\" \/>\n\t<meta property=\"og:image:width\" content=\"1737\" \/>\n\t<meta property=\"og:image:height\" content=\"750\" \/>\n\t<meta property=\"og:image:type\" content=\"image\/png\" \/>\n<meta name=\"author\" content=\"Kuali Staff\" \/>\n<meta name=\"twitter:card\" content=\"summary_large_image\" \/>\n<meta name=\"twitter:creator\" content=\"@kuali_noticias\" \/>\n<meta name=\"twitter:site\" content=\"@kuali_noticias\" \/>\n<meta name=\"twitter:label1\" content=\"Escrito por\" \/>\n\t<meta name=\"twitter:data1\" content=\"Kuali Staff\" \/>\n\t<meta name=\"twitter:label2\" content=\"Tiempo de lectura\" \/>\n\t<meta name=\"twitter:data2\" content=\"1 minuto\" \/>\n<script type=\"application\/ld+json\" class=\"yoast-schema-graph\">{\"@context\":\"https:\\\/\\\/schema.org\",\"@graph\":[{\"@type\":\"Article\",\"@id\":\"https:\\\/\\\/kuali.com.mx\\\/web\\\/2024\\\/05\\\/22\\\/amonesta-teeg-al-pan-por-no-retirar-propaganda\\\/#article\",\"isPartOf\":{\"@id\":\"https:\\\/\\\/kuali.com.mx\\\/web\\\/2024\\\/05\\\/22\\\/amonesta-teeg-al-pan-por-no-retirar-propaganda\\\/\"},\"author\":{\"name\":\"Kuali Staff\",\"@id\":\"https:\\\/\\\/kuali.com.mx\\\/web\\\/#\\\/schema\\\/person\\\/6f89ffa8ecba9dae50662357923c5289\"},\"headline\":\"AMONESTA TEEG AL PAN POR NO RETIRAR PROPAGANDA\",\"datePublished\":\"2024-05-22T21:10:40+00:00\",\"dateModified\":\"2024-05-23T05:04:49+00:00\",\"mainEntityOfPage\":{\"@id\":\"https:\\\/\\\/kuali.com.mx\\\/web\\\/2024\\\/05\\\/22\\\/amonesta-teeg-al-pan-por-no-retirar-propaganda\\\/\"},\"wordCount\":209,\"commentCount\":0,\"image\":{\"@id\":\"https:\\\/\\\/kuali.com.mx\\\/web\\\/2024\\\/05\\\/22\\\/amonesta-teeg-al-pan-por-no-retirar-propaganda\\\/#primaryimage\"},\"thumbnailUrl\":\"https:\\\/\\\/kuali.com.mx\\\/web\\\/wp-content\\\/uploads\\\/2024\\\/04\\\/Tribunal-Electoral-Guanajuato.png\",\"articleSection\":[\"Pol\u00edtica\",\"slider\"],\"inLanguage\":\"es\",\"potentialAction\":[{\"@type\":\"CommentAction\",\"name\":\"Comment\",\"target\":[\"https:\\\/\\\/kuali.com.mx\\\/web\\\/2024\\\/05\\\/22\\\/amonesta-teeg-al-pan-por-no-retirar-propaganda\\\/#respond\"]}]},{\"@type\":\"WebPage\",\"@id\":\"https:\\\/\\\/kuali.com.mx\\\/web\\\/2024\\\/05\\\/22\\\/amonesta-teeg-al-pan-por-no-retirar-propaganda\\\/\",\"url\":\"https:\\\/\\\/kuali.com.mx\\\/web\\\/2024\\\/05\\\/22\\\/amonesta-teeg-al-pan-por-no-retirar-propaganda\\\/\",\"name\":\"AMONESTA TEEG AL PAN POR NO RETIRAR PROPAGANDA - Kuali\",\"isPartOf\":{\"@id\":\"https:\\\/\\\/kuali.com.mx\\\/web\\\/#website\"},\"primaryImageOfPage\":{\"@id\":\"https:\\\/\\\/kuali.com.mx\\\/web\\\/2024\\\/05\\\/22\\\/amonesta-teeg-al-pan-por-no-retirar-propaganda\\\/#primaryimage\"},\"image\":{\"@id\":\"https:\\\/\\\/kuali.com.mx\\\/web\\\/2024\\\/05\\\/22\\\/amonesta-teeg-al-pan-por-no-retirar-propaganda\\\/#primaryimage\"},\"thumbnailUrl\":\"https:\\\/\\\/kuali.com.mx\\\/web\\\/wp-content\\\/uploads\\\/2024\\\/04\\\/Tribunal-Electoral-Guanajuato.png\",\"datePublished\":\"2024-05-22T21:10:40+00:00\",\"dateModified\":\"2024-05-23T05:04:49+00:00\",\"author\":{\"@id\":\"https:\\\/\\\/kuali.com.mx\\\/web\\\/#\\\/schema\\\/person\\\/6f89ffa8ecba9dae50662357923c5289\"},\"breadcrumb\":{\"@id\":\"https:\\\/\\\/kuali.com.mx\\\/web\\\/2024\\\/05\\\/22\\\/amonesta-teeg-al-pan-por-no-retirar-propaganda\\\/#breadcrumb\"},\"inLanguage\":\"es\",\"potentialAction\":[{\"@type\":\"ReadAction\",\"target\":[\"https:\\\/\\\/kuali.com.mx\\\/web\\\/2024\\\/05\\\/22\\\/amonesta-teeg-al-pan-por-no-retirar-propaganda\\\/\"]}]},{\"@type\":\"ImageObject\",\"inLanguage\":\"es\",\"@id\":\"https:\\\/\\\/kuali.com.mx\\\/web\\\/2024\\\/05\\\/22\\\/amonesta-teeg-al-pan-por-no-retirar-propaganda\\\/#primaryimage\",\"url\":\"https:\\\/\\\/kuali.com.mx\\\/web\\\/wp-content\\\/uploads\\\/2024\\\/04\\\/Tribunal-Electoral-Guanajuato.png\",\"contentUrl\":\"https:\\\/\\\/kuali.com.mx\\\/web\\\/wp-content\\\/uploads\\\/2024\\\/04\\\/Tribunal-Electoral-Guanajuato.png\",\"width\":1737,\"height\":750},{\"@type\":\"BreadcrumbList\",\"@id\":\"https:\\\/\\\/kuali.com.mx\\\/web\\\/2024\\\/05\\\/22\\\/amonesta-teeg-al-pan-por-no-retirar-propaganda\\\/#breadcrumb\",\"itemListElement\":[{\"@type\":\"ListItem\",\"position\":1,\"name\":\"Inicio\",\"item\":\"https:\\\/\\\/kuali.com.mx\\\/web\\\/\"},{\"@type\":\"ListItem\",\"position\":2,\"name\":\"AMONESTA TEEG AL PAN POR NO RETIRAR PROPAGANDA\"}]},{\"@type\":\"WebSite\",\"@id\":\"https:\\\/\\\/kuali.com.mx\\\/web\\\/#website\",\"url\":\"https:\\\/\\\/kuali.com.mx\\\/web\\\/\",\"name\":\"Kuali\",\"description\":\"\",\"potentialAction\":[{\"@type\":\"SearchAction\",\"target\":{\"@type\":\"EntryPoint\",\"urlTemplate\":\"https:\\\/\\\/kuali.com.mx\\\/web\\\/?s={search_term_string}\"},\"query-input\":{\"@type\":\"PropertyValueSpecification\",\"valueRequired\":true,\"valueName\":\"search_term_string\"}}],\"inLanguage\":\"es\"},{\"@type\":\"Person\",\"@id\":\"https:\\\/\\\/kuali.com.mx\\\/web\\\/#\\\/schema\\\/person\\\/6f89ffa8ecba9dae50662357923c5289\",\"name\":\"Kuali Staff\",\"image\":{\"@type\":\"ImageObject\",\"inLanguage\":\"es\",\"@id\":\"https:\\\/\\\/secure.gravatar.com\\\/avatar\\\/f917ad82e5ab71227a733c78b6e60715476f69ee6be59feee4eb5d9920c89e0f?s=96&d=mm&r=g\",\"url\":\"https:\\\/\\\/secure.gravatar.com\\\/avatar\\\/f917ad82e5ab71227a733c78b6e60715476f69ee6be59feee4eb5d9920c89e0f?s=96&d=mm&r=g\",\"contentUrl\":\"https:\\\/\\\/secure.gravatar.com\\\/avatar\\\/f917ad82e5ab71227a733c78b6e60715476f69ee6be59feee4eb5d9920c89e0f?s=96&d=mm&r=g\",\"caption\":\"Kuali Staff\"},\"url\":\"https:\\\/\\\/kuali.com.mx\\\/web\\\/author\\\/lagarto\\\/\"}]}<\/script>\n<!-- \/ Yoast SEO plugin. -->","yoast_head_json":{"title":"AMONESTA TEEG AL PAN POR NO RETIRAR PROPAGANDA - Kuali","robots":{"index":"index","follow":"follow","max-snippet":"max-snippet:-1","max-image-preview":"max-image-preview:large","max-video-preview":"max-video-preview:-1"},"canonical":"https:\/\/kuali.com.mx\/web\/2024\/05\/22\/amonesta-teeg-al-pan-por-no-retirar-propaganda\/","og_locale":"es_MX","og_type":"article","og_title":"AMONESTA TEEG AL PAN POR NO RETIRAR PROPAGANDA - Kuali","og_description":"Kuali\/Guanajuato, Gto.-El Tribunal Electoral del Estado de Guanajuato (TEEG) amonest\u00f3 al Partido Acci\u00f3n Nacional (PAN) por tener vigente propaganda electoral de dos elecciones pasadas, El Instituto Nacional Electoral (INE) notific\u00f3 al Instituto Electoral del Estado de Guanajuato (IEEG) que el PAN incurr\u00eda en irregularidades al no retirar propaganda electoral de procesos electorales anteriores y por [&hellip;]","og_url":"https:\/\/kuali.com.mx\/web\/2024\/05\/22\/amonesta-teeg-al-pan-por-no-retirar-propaganda\/","og_site_name":"Kuali","article_publisher":"https:\/\/kuali.com.mx\/web\/wp-content\/uploads\/2018\/04\/cropped-kuali_logo-1-1.png","article_published_time":"2024-05-22T21:10:40+00:00","article_modified_time":"2024-05-23T05:04:49+00:00","og_image":[{"width":1737,"height":750,"url":"https:\/\/kuali.com.mx\/web\/wp-content\/uploads\/2024\/04\/Tribunal-Electoral-Guanajuato.png","type":"image\/png"}],"author":"Kuali Staff","twitter_card":"summary_large_image","twitter_creator":"@kuali_noticias","twitter_site":"@kuali_noticias","twitter_misc":{"Escrito por":"Kuali Staff","Tiempo de lectura":"1 minuto"},"schema":{"@context":"https:\/\/schema.org","@graph":[{"@type":"Article","@id":"https:\/\/kuali.com.mx\/web\/2024\/05\/22\/amonesta-teeg-al-pan-por-no-retirar-propaganda\/#article","isPartOf":{"@id":"https:\/\/kuali.com.mx\/web\/2024\/05\/22\/amonesta-teeg-al-pan-por-no-retirar-propaganda\/"},"author":{"name":"Kuali Staff","@id":"https:\/\/kuali.com.mx\/web\/#\/schema\/person\/6f89ffa8ecba9dae50662357923c5289"},"headline":"AMONESTA TEEG AL PAN POR NO RETIRAR PROPAGANDA","datePublished":"2024-05-22T21:10:40+00:00","dateModified":"2024-05-23T05:04:49+00:00","mainEntityOfPage":{"@id":"https:\/\/kuali.com.mx\/web\/2024\/05\/22\/amonesta-teeg-al-pan-por-no-retirar-propaganda\/"},"wordCount":209,"commentCount":0,"image":{"@id":"https:\/\/kuali.com.mx\/web\/2024\/05\/22\/amonesta-teeg-al-pan-por-no-retirar-propaganda\/#primaryimage"},"thumbnailUrl":"https:\/\/kuali.com.mx\/web\/wp-content\/uploads\/2024\/04\/Tribunal-Electoral-Guanajuato.png","articleSection":["Pol\u00edtica","slider"],"inLanguage":"es","potentialAction":[{"@type":"CommentAction","name":"Comment","target":["https:\/\/kuali.com.mx\/web\/2024\/05\/22\/amonesta-teeg-al-pan-por-no-retirar-propaganda\/#respond"]}]},{"@type":"WebPage","@id":"https:\/\/kuali.com.mx\/web\/2024\/05\/22\/amonesta-teeg-al-pan-por-no-retirar-propaganda\/","url":"https:\/\/kuali.com.mx\/web\/2024\/05\/22\/amonesta-teeg-al-pan-por-no-retirar-propaganda\/","name":"AMONESTA TEEG AL PAN POR NO RETIRAR PROPAGANDA - Kuali","isPartOf":{"@id":"https:\/\/kuali.com.mx\/web\/#website"},"primaryImageOfPage":{"@id":"https:\/\/kuali.com.mx\/web\/2024\/05\/22\/amonesta-teeg-al-pan-por-no-retirar-propaganda\/#primaryimage"},"image":{"@id":"https:\/\/kuali.com.mx\/web\/2024\/05\/22\/amonesta-teeg-al-pan-por-no-retirar-propaganda\/#primaryimage"},"thumbnailUrl":"https:\/\/kuali.com.mx\/web\/wp-content\/uploads\/2024\/04\/Tribunal-Electoral-Guanajuato.png","datePublished":"2024-05-22T21:10:40+00:00","dateModified":"2024-05-23T05:04:49+00:00","author":{"@id":"https:\/\/kuali.com.mx\/web\/#\/schema\/person\/6f89ffa8ecba9dae50662357923c5289"},"breadcrumb":{"@id":"https:\/\/kuali.com.mx\/web\/2024\/05\/22\/amonesta-teeg-al-pan-por-no-retirar-propaganda\/#breadcrumb"},"inLanguage":"es","potentialAction":[{"@type":"ReadAction","target":["https:\/\/kuali.com.mx\/web\/2024\/05\/22\/amonesta-teeg-al-pan-por-no-retirar-propaganda\/"]}]},{"@type":"ImageObject","inLanguage":"es","@id":"https:\/\/kuali.com.mx\/web\/2024\/05\/22\/amonesta-teeg-al-pan-por-no-retirar-propaganda\/#primaryimage","url":"https:\/\/kuali.com.mx\/web\/wp-content\/uploads\/2024\/04\/Tribunal-Electoral-Guanajuato.png","contentUrl":"https:\/\/kuali.com.mx\/web\/wp-content\/uploads\/2024\/04\/Tribunal-Electoral-Guanajuato.png","width":1737,"height":750},{"@type":"BreadcrumbList","@id":"https:\/\/kuali.com.mx\/web\/2024\/05\/22\/amonesta-teeg-al-pan-por-no-retirar-propaganda\/#breadcrumb","itemListElement":[{"@type":"ListItem","position":1,"name":"Inicio","item":"https:\/\/kuali.com.mx\/web\/"},{"@type":"ListItem","position":2,"name":"AMONESTA TEEG AL PAN POR NO RETIRAR PROPAGANDA"}]},{"@type":"WebSite","@id":"https:\/\/kuali.com.mx\/web\/#website","url":"https:\/\/kuali.com.mx\/web\/","name":"Kuali","description":"","potentialAction":[{"@type":"SearchAction","target":{"@type":"EntryPoint","urlTemplate":"https:\/\/kuali.com.mx\/web\/?s={search_term_string}"},"query-input":{"@type":"PropertyValueSpecification","valueRequired":true,"valueName":"search_term_string"}}],"inLanguage":"es"},{"@type":"Person","@id":"https:\/\/kuali.com.mx\/web\/#\/schema\/person\/6f89ffa8ecba9dae50662357923c5289","name":"Kuali Staff","image":{"@type":"ImageObject","inLanguage":"es","@id":"https:\/\/secure.gravatar.com\/avatar\/f917ad82e5ab71227a733c78b6e60715476f69ee6be59feee4eb5d9920c89e0f?s=96&d=mm&r=g","url":"https:\/\/secure.gravatar.com\/avatar\/f917ad82e5ab71227a733c78b6e60715476f69ee6be59feee4eb5d9920c89e0f?s=96&d=mm&r=g","contentUrl":"https:\/\/secure.gravatar.com\/avatar\/f917ad82e5ab71227a733c78b6e60715476f69ee6be59feee4eb5d9920c89e0f?s=96&d=mm&r=g","caption":"Kuali Staff"},"url":"https:\/\/kuali.com.mx\/web\/author\/lagarto\/"}]}},"_links":{"self":[{"href":"https:\/\/kuali.com.mx\/web\/wp-json\/wp\/v2\/posts\/143779","targetHints":{"allow":["GET"]}}],"collection":[{"href":"https:\/\/kuali.com.mx\/web\/wp-json\/wp\/v2\/posts"}],"about":[{"href":"https:\/\/kuali.com.mx\/web\/wp-json\/wp\/v2\/types\/post"}],"author":[{"embeddable":true,"href":"https:\/\/kuali.com.mx\/web\/wp-json\/wp\/v2\/users\/2"}],"replies":[{"embeddable":true,"href":"https:\/\/kuali.com.mx\/web\/wp-json\/wp\/v2\/comments?post=143779"}],"version-history":[{"count":1,"href":"https:\/\/kuali.com.mx\/web\/wp-json\/wp\/v2\/posts\/143779\/revisions"}],"predecessor-version":[{"id":143782,"href":"https:\/\/kuali.com.mx\/web\/wp-json\/wp\/v2\/posts\/143779\/revisions\/143782"}],"wp:featuredmedia":[{"embeddable":true,"href":"https:\/\/kuali.com.mx\/web\/wp-json\/wp\/v2\/media\/141607"}],"wp:attachment":[{"href":"https:\/\/kuali.com.mx\/web\/wp-json\/wp\/v2\/media?parent=143779"}],"wp:term":[{"taxonomy":"category","embeddable":true,"href":"https:\/\/kuali.com.mx\/web\/wp-json\/wp\/v2\/categories?post=143779"},{"taxonomy":"post_tag","embeddable":true,"href":"https:\/\/kuali.com.mx\/web\/wp-json\/wp\/v2\/tags?post=143779"}],"curies":[{"name":"wp","href":"https:\/\/api.w.org\/{rel}","templated":true}]}}