{"id":143736,"date":"2024-05-22T15:00:00","date_gmt":"2024-05-22T21:00:00","guid":{"rendered":"https:\/\/kuali.com.mx\/web\/?p=143736"},"modified":"2024-05-22T19:00:48","modified_gmt":"2024-05-23T01:00:48","slug":"amedrenta-policia-de-purisima-a-candidato-del-pvem","status":"publish","type":"post","link":"https:\/\/kuali.com.mx\/web\/2024\/05\/22\/amedrenta-policia-de-purisima-a-candidato-del-pvem\/","title":{"rendered":"AMEDRENTA POLIC\u00cdA DE PUR\u00cdSIMA A CANDIDATO DEL PVEM"},"content":{"rendered":"\n<p><strong><em>Carlos Garc\u00eda\/Pur\u00edsima del Rinc\u00f3n, Gto.-<\/em><\/strong> La Polic\u00eda del gobierno panista de Pur\u00edsima del Rinc\u00f3n amedrent\u00f3 y amenaz\u00f3 con arrestar a integrantes del Partido Verde Ecologista de M\u00e9xico (PVEM) cuando realizaban un mitin en la comunidad de Ca\u00f1ada de Negros, denunci\u00f3 el candidato a alcalde, Juan Mu\u00f1oz Guti\u00e9rrez.<\/p>\n\n\n\n<p>\u201cQuiero hacer una denuncia p\u00fablica, mi equipo y un servidor fuimos amedrentados, acosados y violentados nuestros derechos constitucionales\u201d, manifest\u00f3 el candidato ecologista con un video difundido en redes sociales.<\/p>\n\n\n\n<p>Narra que en su visita a la comunidad de Ca\u00f1ada de Negros hubo \u201cun despliegue policiaco por instrucciones del presidente municipal interino de Pur\u00edsima del Rinc\u00f3n.<\/p>\n\n\n\n<p>En el video muestra im\u00e1genes de los polic\u00edas y la gente de la campa\u00f1a con playeras con la leyenda \u201cEl futuro de la 4T es verde\u201d.<\/p>\n\n\n\n<figure class=\"wp-block-video\"><video height=\"270\" style=\"aspect-ratio: 476 \/ 270;\" width=\"476\" controls src=\"https:\/\/kuali.com.mx\/web\/wp-content\/uploads\/2024\/05\/Candidato-PVEM-Purisima.mp4\"><\/video><\/figure>\n\n\n\n<p>\u201cLos polic\u00edas municipales no exigieron que nos retir\u00e1ramos de la plaza p\u00fablica o ser\u00edamos arrestados, mi equipo y un servidor\u201d, denunci\u00f3 Mu\u00f1oz Guti\u00e9rrez.<\/p>\n\n\n\n<p>Exigi\u00f3 al alcalde interino, Miguel Serv\u00edn, que se mantenga al margen de la elecci\u00f3n y respete la democracia.<\/p>\n\n\n\n<p>\u201cLos hago responsables de la seguridad y la integridad, m\u00eda, de mi familia y de mi equipo de trabajo. Lo \u00fanico que est\u00e1bamos haciendo es llevar nuestra propuesta a la ciudadan\u00eda\u201d, enfatiz\u00f3.<\/p>\n\n\n\n<p>El gobierno local amedrent\u00f3 al equipo de campa\u00f1a, as\u00ed como lo hacen con la poblaci\u00f3n, lanz\u00f3.<\/p>\n\n\n\n<p>\u201cEso nos pas\u00f3 a nosotros, tu lo vives a diario, no tengas miedo, hagamos el cambio juntos, concluy\u00f3.<\/p>\n\n\n\n<p>El candidato del PAN a la alcald\u00eda de Pur\u00edsima del Rinc\u00f3n es Roberto Garc\u00eda Urbano, presidente municipal con licencia.<\/p>\n","protected":false},"excerpt":{"rendered":"Carlos Garc\u00eda\/Pur\u00edsima del Rinc\u00f3n, Gto.- La Polic\u00eda del gobierno panista de Pur\u00edsima del Rinc\u00f3n amedrent\u00f3 y amenaz\u00f3 con arrestar a integrantes del Partido Verde Ecologista de M\u00e9xico (PVEM) cuando realizaban un mitin en la comunidad de Ca\u00f1ada de Negros, denunci\u00f3 el candidato a alcalde, Juan Mu\u00f1oz Guti\u00e9rrez. \u201cQuiero hacer una denuncia p\u00fablica, mi equipo y [&hellip;]","protected":false},"author":2,"featured_media":143739,"comment_status":"open","ping_status":"open","sticky":false,"template":"","format":"standard","meta":{"_seopress_robots_primary_cat":"none","_seopress_titles_title":"","_seopress_titles_desc":"","_seopress_robots_index":"","_monsterinsights_skip_tracking":false,"_monsterinsights_sitenote_active":false,"_monsterinsights_sitenote_note":"","_monsterinsights_sitenote_category":0,"footnotes":""},"categories":[3,69],"tags":[],"class_list":["post-143736","post","type-post","status-publish","format-standard","has-post-thumbnail","hentry","category-politica","category-slider"],"yoast_head":"<!-- This site is optimized with the Yoast SEO plugin v27.4 - https:\/\/yoast.com\/product\/yoast-seo-wordpress\/ -->\n<title>AMEDRENTA POLIC\u00cdA DE PUR\u00cdSIMA A CANDIDATO DEL PVEM - Kuali<\/title>\n<meta name=\"robots\" content=\"index, follow, max-snippet:-1, max-image-preview:large, max-video-preview:-1\" \/>\n<link rel=\"canonical\" href=\"https:\/\/kuali.com.mx\/web\/2024\/05\/22\/amedrenta-policia-de-purisima-a-candidato-del-pvem\/\" \/>\n<meta property=\"og:locale\" content=\"es_MX\" \/>\n<meta property=\"og:type\" content=\"article\" \/>\n<meta property=\"og:title\" content=\"AMEDRENTA POLIC\u00cdA DE PUR\u00cdSIMA A CANDIDATO DEL PVEM - Kuali\" \/>\n<meta property=\"og:description\" content=\"Carlos Garc\u00eda\/Pur\u00edsima del Rinc\u00f3n, Gto.- La Polic\u00eda del gobierno panista de Pur\u00edsima del Rinc\u00f3n amedrent\u00f3 y amenaz\u00f3 con arrestar a integrantes del Partido Verde Ecologista de M\u00e9xico (PVEM) cuando realizaban un mitin en la comunidad de Ca\u00f1ada de Negros, denunci\u00f3 el candidato a alcalde, Juan Mu\u00f1oz Guti\u00e9rrez. \u201cQuiero hacer una denuncia p\u00fablica, mi equipo y [&hellip;]\" \/>\n<meta property=\"og:url\" content=\"https:\/\/kuali.com.mx\/web\/2024\/05\/22\/amedrenta-policia-de-purisima-a-candidato-del-pvem\/\" \/>\n<meta property=\"og:site_name\" content=\"Kuali\" \/>\n<meta property=\"article:publisher\" content=\"https:\/\/kuali.com.mx\/web\/wp-content\/uploads\/2018\/04\/cropped-kuali_logo-1-1.png\" \/>\n<meta property=\"article:published_time\" content=\"2024-05-22T21:00:00+00:00\" \/>\n<meta property=\"article:modified_time\" content=\"2024-05-23T01:00:48+00:00\" \/>\n<meta property=\"og:image\" content=\"https:\/\/kuali.com.mx\/web\/wp-content\/uploads\/2024\/05\/Candidato-PVEM-Purisima.png\" \/>\n\t<meta property=\"og:image:width\" content=\"1802\" \/>\n\t<meta property=\"og:image:height\" content=\"750\" \/>\n\t<meta property=\"og:image:type\" content=\"image\/png\" \/>\n<meta name=\"author\" content=\"Kuali Staff\" \/>\n<meta name=\"twitter:card\" content=\"summary_large_image\" \/>\n<meta name=\"twitter:creator\" content=\"@kuali_noticias\" \/>\n<meta name=\"twitter:site\" content=\"@kuali_noticias\" \/>\n<meta name=\"twitter:label1\" content=\"Escrito por\" \/>\n\t<meta name=\"twitter:data1\" content=\"Kuali Staff\" \/>\n\t<meta name=\"twitter:label2\" content=\"Tiempo de lectura\" \/>\n\t<meta name=\"twitter:data2\" content=\"1 minuto\" \/>\n<script type=\"application\/ld+json\" class=\"yoast-schema-graph\">{\"@context\":\"https:\\\/\\\/schema.org\",\"@graph\":[{\"@type\":\"Article\",\"@id\":\"https:\\\/\\\/kuali.com.mx\\\/web\\\/2024\\\/05\\\/22\\\/amedrenta-policia-de-purisima-a-candidato-del-pvem\\\/#article\",\"isPartOf\":{\"@id\":\"https:\\\/\\\/kuali.com.mx\\\/web\\\/2024\\\/05\\\/22\\\/amedrenta-policia-de-purisima-a-candidato-del-pvem\\\/\"},\"author\":{\"name\":\"Kuali Staff\",\"@id\":\"https:\\\/\\\/kuali.com.mx\\\/web\\\/#\\\/schema\\\/person\\\/6f89ffa8ecba9dae50662357923c5289\"},\"headline\":\"AMEDRENTA POLIC\u00cdA DE PUR\u00cdSIMA A CANDIDATO DEL PVEM\",\"datePublished\":\"2024-05-22T21:00:00+00:00\",\"dateModified\":\"2024-05-23T01:00:48+00:00\",\"mainEntityOfPage\":{\"@id\":\"https:\\\/\\\/kuali.com.mx\\\/web\\\/2024\\\/05\\\/22\\\/amedrenta-policia-de-purisima-a-candidato-del-pvem\\\/\"},\"wordCount\":300,\"commentCount\":0,\"image\":{\"@id\":\"https:\\\/\\\/kuali.com.mx\\\/web\\\/2024\\\/05\\\/22\\\/amedrenta-policia-de-purisima-a-candidato-del-pvem\\\/#primaryimage\"},\"thumbnailUrl\":\"https:\\\/\\\/kuali.com.mx\\\/web\\\/wp-content\\\/uploads\\\/2024\\\/05\\\/Candidato-PVEM-Purisima.png\",\"articleSection\":[\"Pol\u00edtica\",\"slider\"],\"inLanguage\":\"es\",\"potentialAction\":[{\"@type\":\"CommentAction\",\"name\":\"Comment\",\"target\":[\"https:\\\/\\\/kuali.com.mx\\\/web\\\/2024\\\/05\\\/22\\\/amedrenta-policia-de-purisima-a-candidato-del-pvem\\\/#respond\"]}]},{\"@type\":\"WebPage\",\"@id\":\"https:\\\/\\\/kuali.com.mx\\\/web\\\/2024\\\/05\\\/22\\\/amedrenta-policia-de-purisima-a-candidato-del-pvem\\\/\",\"url\":\"https:\\\/\\\/kuali.com.mx\\\/web\\\/2024\\\/05\\\/22\\\/amedrenta-policia-de-purisima-a-candidato-del-pvem\\\/\",\"name\":\"AMEDRENTA POLIC\u00cdA DE PUR\u00cdSIMA A CANDIDATO DEL PVEM - Kuali\",\"isPartOf\":{\"@id\":\"https:\\\/\\\/kuali.com.mx\\\/web\\\/#website\"},\"primaryImageOfPage\":{\"@id\":\"https:\\\/\\\/kuali.com.mx\\\/web\\\/2024\\\/05\\\/22\\\/amedrenta-policia-de-purisima-a-candidato-del-pvem\\\/#primaryimage\"},\"image\":{\"@id\":\"https:\\\/\\\/kuali.com.mx\\\/web\\\/2024\\\/05\\\/22\\\/amedrenta-policia-de-purisima-a-candidato-del-pvem\\\/#primaryimage\"},\"thumbnailUrl\":\"https:\\\/\\\/kuali.com.mx\\\/web\\\/wp-content\\\/uploads\\\/2024\\\/05\\\/Candidato-PVEM-Purisima.png\",\"datePublished\":\"2024-05-22T21:00:00+00:00\",\"dateModified\":\"2024-05-23T01:00:48+00:00\",\"author\":{\"@id\":\"https:\\\/\\\/kuali.com.mx\\\/web\\\/#\\\/schema\\\/person\\\/6f89ffa8ecba9dae50662357923c5289\"},\"breadcrumb\":{\"@id\":\"https:\\\/\\\/kuali.com.mx\\\/web\\\/2024\\\/05\\\/22\\\/amedrenta-policia-de-purisima-a-candidato-del-pvem\\\/#breadcrumb\"},\"inLanguage\":\"es\",\"potentialAction\":[{\"@type\":\"ReadAction\",\"target\":[\"https:\\\/\\\/kuali.com.mx\\\/web\\\/2024\\\/05\\\/22\\\/amedrenta-policia-de-purisima-a-candidato-del-pvem\\\/\"]}]},{\"@type\":\"ImageObject\",\"inLanguage\":\"es\",\"@id\":\"https:\\\/\\\/kuali.com.mx\\\/web\\\/2024\\\/05\\\/22\\\/amedrenta-policia-de-purisima-a-candidato-del-pvem\\\/#primaryimage\",\"url\":\"https:\\\/\\\/kuali.com.mx\\\/web\\\/wp-content\\\/uploads\\\/2024\\\/05\\\/Candidato-PVEM-Purisima.png\",\"contentUrl\":\"https:\\\/\\\/kuali.com.mx\\\/web\\\/wp-content\\\/uploads\\\/2024\\\/05\\\/Candidato-PVEM-Purisima.png\",\"width\":1802,\"height\":750},{\"@type\":\"BreadcrumbList\",\"@id\":\"https:\\\/\\\/kuali.com.mx\\\/web\\\/2024\\\/05\\\/22\\\/amedrenta-policia-de-purisima-a-candidato-del-pvem\\\/#breadcrumb\",\"itemListElement\":[{\"@type\":\"ListItem\",\"position\":1,\"name\":\"Inicio\",\"item\":\"https:\\\/\\\/kuali.com.mx\\\/web\\\/\"},{\"@type\":\"ListItem\",\"position\":2,\"name\":\"AMEDRENTA POLIC\u00cdA DE PUR\u00cdSIMA A CANDIDATO DEL PVEM\"}]},{\"@type\":\"WebSite\",\"@id\":\"https:\\\/\\\/kuali.com.mx\\\/web\\\/#website\",\"url\":\"https:\\\/\\\/kuali.com.mx\\\/web\\\/\",\"name\":\"Kuali\",\"description\":\"\",\"potentialAction\":[{\"@type\":\"SearchAction\",\"target\":{\"@type\":\"EntryPoint\",\"urlTemplate\":\"https:\\\/\\\/kuali.com.mx\\\/web\\\/?s={search_term_string}\"},\"query-input\":{\"@type\":\"PropertyValueSpecification\",\"valueRequired\":true,\"valueName\":\"search_term_string\"}}],\"inLanguage\":\"es\"},{\"@type\":\"Person\",\"@id\":\"https:\\\/\\\/kuali.com.mx\\\/web\\\/#\\\/schema\\\/person\\\/6f89ffa8ecba9dae50662357923c5289\",\"name\":\"Kuali Staff\",\"image\":{\"@type\":\"ImageObject\",\"inLanguage\":\"es\",\"@id\":\"https:\\\/\\\/secure.gravatar.com\\\/avatar\\\/f917ad82e5ab71227a733c78b6e60715476f69ee6be59feee4eb5d9920c89e0f?s=96&d=mm&r=g\",\"url\":\"https:\\\/\\\/secure.gravatar.com\\\/avatar\\\/f917ad82e5ab71227a733c78b6e60715476f69ee6be59feee4eb5d9920c89e0f?s=96&d=mm&r=g\",\"contentUrl\":\"https:\\\/\\\/secure.gravatar.com\\\/avatar\\\/f917ad82e5ab71227a733c78b6e60715476f69ee6be59feee4eb5d9920c89e0f?s=96&d=mm&r=g\",\"caption\":\"Kuali Staff\"},\"url\":\"https:\\\/\\\/kuali.com.mx\\\/web\\\/author\\\/lagarto\\\/\"}]}<\/script>\n<!-- \/ Yoast SEO plugin. -->","yoast_head_json":{"title":"AMEDRENTA POLIC\u00cdA DE PUR\u00cdSIMA A CANDIDATO DEL PVEM - Kuali","robots":{"index":"index","follow":"follow","max-snippet":"max-snippet:-1","max-image-preview":"max-image-preview:large","max-video-preview":"max-video-preview:-1"},"canonical":"https:\/\/kuali.com.mx\/web\/2024\/05\/22\/amedrenta-policia-de-purisima-a-candidato-del-pvem\/","og_locale":"es_MX","og_type":"article","og_title":"AMEDRENTA POLIC\u00cdA DE PUR\u00cdSIMA A CANDIDATO DEL PVEM - Kuali","og_description":"Carlos Garc\u00eda\/Pur\u00edsima del Rinc\u00f3n, Gto.- La Polic\u00eda del gobierno panista de Pur\u00edsima del Rinc\u00f3n amedrent\u00f3 y amenaz\u00f3 con arrestar a integrantes del Partido Verde Ecologista de M\u00e9xico (PVEM) cuando realizaban un mitin en la comunidad de Ca\u00f1ada de Negros, denunci\u00f3 el candidato a alcalde, Juan Mu\u00f1oz Guti\u00e9rrez. \u201cQuiero hacer una denuncia p\u00fablica, mi equipo y [&hellip;]","og_url":"https:\/\/kuali.com.mx\/web\/2024\/05\/22\/amedrenta-policia-de-purisima-a-candidato-del-pvem\/","og_site_name":"Kuali","article_publisher":"https:\/\/kuali.com.mx\/web\/wp-content\/uploads\/2018\/04\/cropped-kuali_logo-1-1.png","article_published_time":"2024-05-22T21:00:00+00:00","article_modified_time":"2024-05-23T01:00:48+00:00","og_image":[{"width":1802,"height":750,"url":"https:\/\/kuali.com.mx\/web\/wp-content\/uploads\/2024\/05\/Candidato-PVEM-Purisima.png","type":"image\/png"}],"author":"Kuali Staff","twitter_card":"summary_large_image","twitter_creator":"@kuali_noticias","twitter_site":"@kuali_noticias","twitter_misc":{"Escrito por":"Kuali Staff","Tiempo de lectura":"1 minuto"},"schema":{"@context":"https:\/\/schema.org","@graph":[{"@type":"Article","@id":"https:\/\/kuali.com.mx\/web\/2024\/05\/22\/amedrenta-policia-de-purisima-a-candidato-del-pvem\/#article","isPartOf":{"@id":"https:\/\/kuali.com.mx\/web\/2024\/05\/22\/amedrenta-policia-de-purisima-a-candidato-del-pvem\/"},"author":{"name":"Kuali Staff","@id":"https:\/\/kuali.com.mx\/web\/#\/schema\/person\/6f89ffa8ecba9dae50662357923c5289"},"headline":"AMEDRENTA POLIC\u00cdA DE PUR\u00cdSIMA A CANDIDATO DEL PVEM","datePublished":"2024-05-22T21:00:00+00:00","dateModified":"2024-05-23T01:00:48+00:00","mainEntityOfPage":{"@id":"https:\/\/kuali.com.mx\/web\/2024\/05\/22\/amedrenta-policia-de-purisima-a-candidato-del-pvem\/"},"wordCount":300,"commentCount":0,"image":{"@id":"https:\/\/kuali.com.mx\/web\/2024\/05\/22\/amedrenta-policia-de-purisima-a-candidato-del-pvem\/#primaryimage"},"thumbnailUrl":"https:\/\/kuali.com.mx\/web\/wp-content\/uploads\/2024\/05\/Candidato-PVEM-Purisima.png","articleSection":["Pol\u00edtica","slider"],"inLanguage":"es","potentialAction":[{"@type":"CommentAction","name":"Comment","target":["https:\/\/kuali.com.mx\/web\/2024\/05\/22\/amedrenta-policia-de-purisima-a-candidato-del-pvem\/#respond"]}]},{"@type":"WebPage","@id":"https:\/\/kuali.com.mx\/web\/2024\/05\/22\/amedrenta-policia-de-purisima-a-candidato-del-pvem\/","url":"https:\/\/kuali.com.mx\/web\/2024\/05\/22\/amedrenta-policia-de-purisima-a-candidato-del-pvem\/","name":"AMEDRENTA POLIC\u00cdA DE PUR\u00cdSIMA A CANDIDATO DEL PVEM - Kuali","isPartOf":{"@id":"https:\/\/kuali.com.mx\/web\/#website"},"primaryImageOfPage":{"@id":"https:\/\/kuali.com.mx\/web\/2024\/05\/22\/amedrenta-policia-de-purisima-a-candidato-del-pvem\/#primaryimage"},"image":{"@id":"https:\/\/kuali.com.mx\/web\/2024\/05\/22\/amedrenta-policia-de-purisima-a-candidato-del-pvem\/#primaryimage"},"thumbnailUrl":"https:\/\/kuali.com.mx\/web\/wp-content\/uploads\/2024\/05\/Candidato-PVEM-Purisima.png","datePublished":"2024-05-22T21:00:00+00:00","dateModified":"2024-05-23T01:00:48+00:00","author":{"@id":"https:\/\/kuali.com.mx\/web\/#\/schema\/person\/6f89ffa8ecba9dae50662357923c5289"},"breadcrumb":{"@id":"https:\/\/kuali.com.mx\/web\/2024\/05\/22\/amedrenta-policia-de-purisima-a-candidato-del-pvem\/#breadcrumb"},"inLanguage":"es","potentialAction":[{"@type":"ReadAction","target":["https:\/\/kuali.com.mx\/web\/2024\/05\/22\/amedrenta-policia-de-purisima-a-candidato-del-pvem\/"]}]},{"@type":"ImageObject","inLanguage":"es","@id":"https:\/\/kuali.com.mx\/web\/2024\/05\/22\/amedrenta-policia-de-purisima-a-candidato-del-pvem\/#primaryimage","url":"https:\/\/kuali.com.mx\/web\/wp-content\/uploads\/2024\/05\/Candidato-PVEM-Purisima.png","contentUrl":"https:\/\/kuali.com.mx\/web\/wp-content\/uploads\/2024\/05\/Candidato-PVEM-Purisima.png","width":1802,"height":750},{"@type":"BreadcrumbList","@id":"https:\/\/kuali.com.mx\/web\/2024\/05\/22\/amedrenta-policia-de-purisima-a-candidato-del-pvem\/#breadcrumb","itemListElement":[{"@type":"ListItem","position":1,"name":"Inicio","item":"https:\/\/kuali.com.mx\/web\/"},{"@type":"ListItem","position":2,"name":"AMEDRENTA POLIC\u00cdA DE PUR\u00cdSIMA A CANDIDATO DEL PVEM"}]},{"@type":"WebSite","@id":"https:\/\/kuali.com.mx\/web\/#website","url":"https:\/\/kuali.com.mx\/web\/","name":"Kuali","description":"","potentialAction":[{"@type":"SearchAction","target":{"@type":"EntryPoint","urlTemplate":"https:\/\/kuali.com.mx\/web\/?s={search_term_string}"},"query-input":{"@type":"PropertyValueSpecification","valueRequired":true,"valueName":"search_term_string"}}],"inLanguage":"es"},{"@type":"Person","@id":"https:\/\/kuali.com.mx\/web\/#\/schema\/person\/6f89ffa8ecba9dae50662357923c5289","name":"Kuali Staff","image":{"@type":"ImageObject","inLanguage":"es","@id":"https:\/\/secure.gravatar.com\/avatar\/f917ad82e5ab71227a733c78b6e60715476f69ee6be59feee4eb5d9920c89e0f?s=96&d=mm&r=g","url":"https:\/\/secure.gravatar.com\/avatar\/f917ad82e5ab71227a733c78b6e60715476f69ee6be59feee4eb5d9920c89e0f?s=96&d=mm&r=g","contentUrl":"https:\/\/secure.gravatar.com\/avatar\/f917ad82e5ab71227a733c78b6e60715476f69ee6be59feee4eb5d9920c89e0f?s=96&d=mm&r=g","caption":"Kuali Staff"},"url":"https:\/\/kuali.com.mx\/web\/author\/lagarto\/"}]}},"_links":{"self":[{"href":"https:\/\/kuali.com.mx\/web\/wp-json\/wp\/v2\/posts\/143736","targetHints":{"allow":["GET"]}}],"collection":[{"href":"https:\/\/kuali.com.mx\/web\/wp-json\/wp\/v2\/posts"}],"about":[{"href":"https:\/\/kuali.com.mx\/web\/wp-json\/wp\/v2\/types\/post"}],"author":[{"embeddable":true,"href":"https:\/\/kuali.com.mx\/web\/wp-json\/wp\/v2\/users\/2"}],"replies":[{"embeddable":true,"href":"https:\/\/kuali.com.mx\/web\/wp-json\/wp\/v2\/comments?post=143736"}],"version-history":[{"count":3,"href":"https:\/\/kuali.com.mx\/web\/wp-json\/wp\/v2\/posts\/143736\/revisions"}],"predecessor-version":[{"id":143744,"href":"https:\/\/kuali.com.mx\/web\/wp-json\/wp\/v2\/posts\/143736\/revisions\/143744"}],"wp:featuredmedia":[{"embeddable":true,"href":"https:\/\/kuali.com.mx\/web\/wp-json\/wp\/v2\/media\/143739"}],"wp:attachment":[{"href":"https:\/\/kuali.com.mx\/web\/wp-json\/wp\/v2\/media?parent=143736"}],"wp:term":[{"taxonomy":"category","embeddable":true,"href":"https:\/\/kuali.com.mx\/web\/wp-json\/wp\/v2\/categories?post=143736"},{"taxonomy":"post_tag","embeddable":true,"href":"https:\/\/kuali.com.mx\/web\/wp-json\/wp\/v2\/tags?post=143736"}],"curies":[{"name":"wp","href":"https:\/\/api.w.org\/{rel}","templated":true}]}}