{"id":143496,"date":"2024-05-18T17:08:52","date_gmt":"2024-05-18T23:08:52","guid":{"rendered":"https:\/\/kuali.com.mx\/web\/?p=143496"},"modified":"2024-05-19T08:54:55","modified_gmt":"2024-05-19T14:54:55","slug":"pavimentar-el-acceso-a-santa-ana-del-conde-promete-alejandra-gutierrez","status":"publish","type":"post","link":"https:\/\/kuali.com.mx\/web\/2024\/05\/18\/pavimentar-el-acceso-a-santa-ana-del-conde-promete-alejandra-gutierrez\/","title":{"rendered":"PAVIMENTAR EL ACCESO A SANTA ANA DEL CONDE, PROMETE ALEJANDRA GUTI\u00c9RREZ"},"content":{"rendered":"\n<p><strong>Kuali\/Le\u00f3n, Gto.- <\/strong>Este s\u00e1bado, ante centenares de vecinos de la comunidad Santa Ana del Conde, la candidata a la alcald\u00eda del Le\u00f3n por el Partido Acci\u00f3n Nacional (PAN), Alejandra Guti\u00e9rrez Campos, anunci\u00f3 su compromiso de pavimentar la calle principal de Santa Ana del Conde.<\/p>\n\n\n\n<p>La tambi\u00e9n presidenta municipal de Le\u00f3n con licencia, asegur\u00f3 que vienen grandes proyectos&nbsp; para la zona, como las Haciendas&nbsp; m\u00e1gicas, mismas que estar\u00e1n ubicadas en Santa Ana del Conde y Santa Rosa Plan de Ayala, las cuales propiciar\u00e1n el crecimiento econ\u00f3mico de la comunidad.<\/p>\n\n\n\n<p>Tambi\u00e9n se comprometi\u00f3 a continuar con pavimentaciones, alumbrado p\u00fablico y a aumentar en un 50 por ciento el presupuesto para el programa \u201cAy\u00fadate ayudando y a tecnificar el campo para producir m\u00e1s a menor costo.<\/p>\n\n\n\n<p>\u201cNuestro Le\u00f3n lo seguimos imaginando m\u00e1s bello, tiene que ser orgullo para todos. Yo sue\u00f1o con un Le\u00f3n mejor todos los d\u00edas y por eso tenemos que trabajar\u201d, dijo la candidata quien encabez\u00f3 un mitin junto con Libia Dennise Garc\u00eda Mu\u00f1oz Ledo, candidata panista a la gubernatura del estado; Marisa Ortiz, candidata a diputada local por el Distrito VI; y Miguel \u00c1ngel Salim, candidato a diputado federal por el Distrito 11.<\/p>\n","protected":false},"excerpt":{"rendered":"Kuali\/Le\u00f3n, Gto.- Este s\u00e1bado, ante centenares de vecinos de la comunidad Santa Ana del Conde, la candidata a la alcald\u00eda del Le\u00f3n por el Partido Acci\u00f3n Nacional (PAN), Alejandra Guti\u00e9rrez Campos, anunci\u00f3 su compromiso de pavimentar la calle principal de Santa Ana del Conde. La tambi\u00e9n presidenta municipal de Le\u00f3n con licencia, asegur\u00f3 que vienen [&hellip;]","protected":false},"author":2,"featured_media":143499,"comment_status":"open","ping_status":"open","sticky":false,"template":"","format":"standard","meta":{"_seopress_robots_primary_cat":"none","_seopress_titles_title":"","_seopress_titles_desc":"","_seopress_robots_index":"","_monsterinsights_skip_tracking":false,"_monsterinsights_sitenote_active":false,"_monsterinsights_sitenote_note":"","_monsterinsights_sitenote_category":0,"footnotes":""},"categories":[3],"tags":[734,915,582,10,3852],"class_list":["post-143496","post","type-post","status-publish","format-standard","has-post-thumbnail","hentry","category-politica","tag-alejandra-gutierrez","tag-campanas","tag-elecciones-2024","tag-leon","tag-santa-ana-del-conde"],"yoast_head":"<!-- This site is optimized with the Yoast SEO plugin v27.4 - https:\/\/yoast.com\/product\/yoast-seo-wordpress\/ -->\n<title>PAVIMENTAR EL ACCESO A SANTA ANA DEL CONDE, PROMETE ALEJANDRA GUTI\u00c9RREZ - Kuali<\/title>\n<meta name=\"robots\" content=\"index, follow, max-snippet:-1, max-image-preview:large, max-video-preview:-1\" \/>\n<link rel=\"canonical\" href=\"https:\/\/kuali.com.mx\/web\/2024\/05\/18\/pavimentar-el-acceso-a-santa-ana-del-conde-promete-alejandra-gutierrez\/\" \/>\n<meta property=\"og:locale\" content=\"es_MX\" \/>\n<meta property=\"og:type\" content=\"article\" \/>\n<meta property=\"og:title\" content=\"PAVIMENTAR EL ACCESO A SANTA ANA DEL CONDE, PROMETE ALEJANDRA GUTI\u00c9RREZ - Kuali\" \/>\n<meta property=\"og:description\" content=\"Kuali\/Le\u00f3n, Gto.- Este s\u00e1bado, ante centenares de vecinos de la comunidad Santa Ana del Conde, la candidata a la alcald\u00eda del Le\u00f3n por el Partido Acci\u00f3n Nacional (PAN), Alejandra Guti\u00e9rrez Campos, anunci\u00f3 su compromiso de pavimentar la calle principal de Santa Ana del Conde. La tambi\u00e9n presidenta municipal de Le\u00f3n con licencia, asegur\u00f3 que vienen [&hellip;]\" \/>\n<meta property=\"og:url\" content=\"https:\/\/kuali.com.mx\/web\/2024\/05\/18\/pavimentar-el-acceso-a-santa-ana-del-conde-promete-alejandra-gutierrez\/\" \/>\n<meta property=\"og:site_name\" content=\"Kuali\" \/>\n<meta property=\"article:publisher\" content=\"https:\/\/kuali.com.mx\/web\/wp-content\/uploads\/2018\/04\/cropped-kuali_logo-1-1.png\" \/>\n<meta property=\"article:published_time\" content=\"2024-05-18T23:08:52+00:00\" \/>\n<meta property=\"article:modified_time\" content=\"2024-05-19T14:54:55+00:00\" \/>\n<meta property=\"og:image\" content=\"https:\/\/kuali.com.mx\/web\/wp-content\/uploads\/2024\/05\/Alejandra-Gutierrez-1.gif\" \/>\n\t<meta property=\"og:image:width\" content=\"1700\" \/>\n\t<meta property=\"og:image:height\" content=\"750\" \/>\n\t<meta property=\"og:image:type\" content=\"image\/gif\" \/>\n<meta name=\"author\" content=\"Kuali Staff\" \/>\n<meta name=\"twitter:card\" content=\"summary_large_image\" \/>\n<meta name=\"twitter:creator\" content=\"@kuali_noticias\" \/>\n<meta name=\"twitter:site\" content=\"@kuali_noticias\" \/>\n<meta name=\"twitter:label1\" content=\"Escrito por\" \/>\n\t<meta name=\"twitter:data1\" content=\"Kuali Staff\" \/>\n\t<meta name=\"twitter:label2\" content=\"Tiempo de lectura\" \/>\n\t<meta name=\"twitter:data2\" content=\"1 minuto\" \/>\n<script type=\"application\/ld+json\" class=\"yoast-schema-graph\">{\"@context\":\"https:\\\/\\\/schema.org\",\"@graph\":[{\"@type\":\"Article\",\"@id\":\"https:\\\/\\\/kuali.com.mx\\\/web\\\/2024\\\/05\\\/18\\\/pavimentar-el-acceso-a-santa-ana-del-conde-promete-alejandra-gutierrez\\\/#article\",\"isPartOf\":{\"@id\":\"https:\\\/\\\/kuali.com.mx\\\/web\\\/2024\\\/05\\\/18\\\/pavimentar-el-acceso-a-santa-ana-del-conde-promete-alejandra-gutierrez\\\/\"},\"author\":{\"name\":\"Kuali Staff\",\"@id\":\"https:\\\/\\\/kuali.com.mx\\\/web\\\/#\\\/schema\\\/person\\\/6f89ffa8ecba9dae50662357923c5289\"},\"headline\":\"PAVIMENTAR EL ACCESO A SANTA ANA DEL CONDE, PROMETE ALEJANDRA GUTI\u00c9RREZ\",\"datePublished\":\"2024-05-18T23:08:52+00:00\",\"dateModified\":\"2024-05-19T14:54:55+00:00\",\"mainEntityOfPage\":{\"@id\":\"https:\\\/\\\/kuali.com.mx\\\/web\\\/2024\\\/05\\\/18\\\/pavimentar-el-acceso-a-santa-ana-del-conde-promete-alejandra-gutierrez\\\/\"},\"wordCount\":231,\"commentCount\":0,\"image\":{\"@id\":\"https:\\\/\\\/kuali.com.mx\\\/web\\\/2024\\\/05\\\/18\\\/pavimentar-el-acceso-a-santa-ana-del-conde-promete-alejandra-gutierrez\\\/#primaryimage\"},\"thumbnailUrl\":\"https:\\\/\\\/kuali.com.mx\\\/web\\\/wp-content\\\/uploads\\\/2024\\\/05\\\/Alejandra-Gutierrez-1.gif\",\"keywords\":[\"Alejandra Guti\u00e9rrez\",\"Campa\u00f1as\",\"Elecciones 2024\",\"Le\u00f3n\",\"Santa Ana del Conde\"],\"articleSection\":[\"Pol\u00edtica\"],\"inLanguage\":\"es\",\"potentialAction\":[{\"@type\":\"CommentAction\",\"name\":\"Comment\",\"target\":[\"https:\\\/\\\/kuali.com.mx\\\/web\\\/2024\\\/05\\\/18\\\/pavimentar-el-acceso-a-santa-ana-del-conde-promete-alejandra-gutierrez\\\/#respond\"]}]},{\"@type\":\"WebPage\",\"@id\":\"https:\\\/\\\/kuali.com.mx\\\/web\\\/2024\\\/05\\\/18\\\/pavimentar-el-acceso-a-santa-ana-del-conde-promete-alejandra-gutierrez\\\/\",\"url\":\"https:\\\/\\\/kuali.com.mx\\\/web\\\/2024\\\/05\\\/18\\\/pavimentar-el-acceso-a-santa-ana-del-conde-promete-alejandra-gutierrez\\\/\",\"name\":\"PAVIMENTAR EL ACCESO A SANTA ANA DEL CONDE, PROMETE ALEJANDRA GUTI\u00c9RREZ - Kuali\",\"isPartOf\":{\"@id\":\"https:\\\/\\\/kuali.com.mx\\\/web\\\/#website\"},\"primaryImageOfPage\":{\"@id\":\"https:\\\/\\\/kuali.com.mx\\\/web\\\/2024\\\/05\\\/18\\\/pavimentar-el-acceso-a-santa-ana-del-conde-promete-alejandra-gutierrez\\\/#primaryimage\"},\"image\":{\"@id\":\"https:\\\/\\\/kuali.com.mx\\\/web\\\/2024\\\/05\\\/18\\\/pavimentar-el-acceso-a-santa-ana-del-conde-promete-alejandra-gutierrez\\\/#primaryimage\"},\"thumbnailUrl\":\"https:\\\/\\\/kuali.com.mx\\\/web\\\/wp-content\\\/uploads\\\/2024\\\/05\\\/Alejandra-Gutierrez-1.gif\",\"datePublished\":\"2024-05-18T23:08:52+00:00\",\"dateModified\":\"2024-05-19T14:54:55+00:00\",\"author\":{\"@id\":\"https:\\\/\\\/kuali.com.mx\\\/web\\\/#\\\/schema\\\/person\\\/6f89ffa8ecba9dae50662357923c5289\"},\"breadcrumb\":{\"@id\":\"https:\\\/\\\/kuali.com.mx\\\/web\\\/2024\\\/05\\\/18\\\/pavimentar-el-acceso-a-santa-ana-del-conde-promete-alejandra-gutierrez\\\/#breadcrumb\"},\"inLanguage\":\"es\",\"potentialAction\":[{\"@type\":\"ReadAction\",\"target\":[\"https:\\\/\\\/kuali.com.mx\\\/web\\\/2024\\\/05\\\/18\\\/pavimentar-el-acceso-a-santa-ana-del-conde-promete-alejandra-gutierrez\\\/\"]}]},{\"@type\":\"ImageObject\",\"inLanguage\":\"es\",\"@id\":\"https:\\\/\\\/kuali.com.mx\\\/web\\\/2024\\\/05\\\/18\\\/pavimentar-el-acceso-a-santa-ana-del-conde-promete-alejandra-gutierrez\\\/#primaryimage\",\"url\":\"https:\\\/\\\/kuali.com.mx\\\/web\\\/wp-content\\\/uploads\\\/2024\\\/05\\\/Alejandra-Gutierrez-1.gif\",\"contentUrl\":\"https:\\\/\\\/kuali.com.mx\\\/web\\\/wp-content\\\/uploads\\\/2024\\\/05\\\/Alejandra-Gutierrez-1.gif\",\"width\":1700,\"height\":750},{\"@type\":\"BreadcrumbList\",\"@id\":\"https:\\\/\\\/kuali.com.mx\\\/web\\\/2024\\\/05\\\/18\\\/pavimentar-el-acceso-a-santa-ana-del-conde-promete-alejandra-gutierrez\\\/#breadcrumb\",\"itemListElement\":[{\"@type\":\"ListItem\",\"position\":1,\"name\":\"Inicio\",\"item\":\"https:\\\/\\\/kuali.com.mx\\\/web\\\/\"},{\"@type\":\"ListItem\",\"position\":2,\"name\":\"PAVIMENTAR EL ACCESO A SANTA ANA DEL CONDE, PROMETE ALEJANDRA GUTI\u00c9RREZ\"}]},{\"@type\":\"WebSite\",\"@id\":\"https:\\\/\\\/kuali.com.mx\\\/web\\\/#website\",\"url\":\"https:\\\/\\\/kuali.com.mx\\\/web\\\/\",\"name\":\"Kuali\",\"description\":\"\",\"potentialAction\":[{\"@type\":\"SearchAction\",\"target\":{\"@type\":\"EntryPoint\",\"urlTemplate\":\"https:\\\/\\\/kuali.com.mx\\\/web\\\/?s={search_term_string}\"},\"query-input\":{\"@type\":\"PropertyValueSpecification\",\"valueRequired\":true,\"valueName\":\"search_term_string\"}}],\"inLanguage\":\"es\"},{\"@type\":\"Person\",\"@id\":\"https:\\\/\\\/kuali.com.mx\\\/web\\\/#\\\/schema\\\/person\\\/6f89ffa8ecba9dae50662357923c5289\",\"name\":\"Kuali Staff\",\"image\":{\"@type\":\"ImageObject\",\"inLanguage\":\"es\",\"@id\":\"https:\\\/\\\/secure.gravatar.com\\\/avatar\\\/f917ad82e5ab71227a733c78b6e60715476f69ee6be59feee4eb5d9920c89e0f?s=96&d=mm&r=g\",\"url\":\"https:\\\/\\\/secure.gravatar.com\\\/avatar\\\/f917ad82e5ab71227a733c78b6e60715476f69ee6be59feee4eb5d9920c89e0f?s=96&d=mm&r=g\",\"contentUrl\":\"https:\\\/\\\/secure.gravatar.com\\\/avatar\\\/f917ad82e5ab71227a733c78b6e60715476f69ee6be59feee4eb5d9920c89e0f?s=96&d=mm&r=g\",\"caption\":\"Kuali Staff\"},\"url\":\"https:\\\/\\\/kuali.com.mx\\\/web\\\/author\\\/lagarto\\\/\"}]}<\/script>\n<!-- \/ Yoast SEO plugin. -->","yoast_head_json":{"title":"PAVIMENTAR EL ACCESO A SANTA ANA DEL CONDE, PROMETE ALEJANDRA GUTI\u00c9RREZ - Kuali","robots":{"index":"index","follow":"follow","max-snippet":"max-snippet:-1","max-image-preview":"max-image-preview:large","max-video-preview":"max-video-preview:-1"},"canonical":"https:\/\/kuali.com.mx\/web\/2024\/05\/18\/pavimentar-el-acceso-a-santa-ana-del-conde-promete-alejandra-gutierrez\/","og_locale":"es_MX","og_type":"article","og_title":"PAVIMENTAR EL ACCESO A SANTA ANA DEL CONDE, PROMETE ALEJANDRA GUTI\u00c9RREZ - Kuali","og_description":"Kuali\/Le\u00f3n, Gto.- Este s\u00e1bado, ante centenares de vecinos de la comunidad Santa Ana del Conde, la candidata a la alcald\u00eda del Le\u00f3n por el Partido Acci\u00f3n Nacional (PAN), Alejandra Guti\u00e9rrez Campos, anunci\u00f3 su compromiso de pavimentar la calle principal de Santa Ana del Conde. La tambi\u00e9n presidenta municipal de Le\u00f3n con licencia, asegur\u00f3 que vienen [&hellip;]","og_url":"https:\/\/kuali.com.mx\/web\/2024\/05\/18\/pavimentar-el-acceso-a-santa-ana-del-conde-promete-alejandra-gutierrez\/","og_site_name":"Kuali","article_publisher":"https:\/\/kuali.com.mx\/web\/wp-content\/uploads\/2018\/04\/cropped-kuali_logo-1-1.png","article_published_time":"2024-05-18T23:08:52+00:00","article_modified_time":"2024-05-19T14:54:55+00:00","og_image":[{"width":1700,"height":750,"url":"https:\/\/kuali.com.mx\/web\/wp-content\/uploads\/2024\/05\/Alejandra-Gutierrez-1.gif","type":"image\/gif"}],"author":"Kuali Staff","twitter_card":"summary_large_image","twitter_creator":"@kuali_noticias","twitter_site":"@kuali_noticias","twitter_misc":{"Escrito por":"Kuali Staff","Tiempo de lectura":"1 minuto"},"schema":{"@context":"https:\/\/schema.org","@graph":[{"@type":"Article","@id":"https:\/\/kuali.com.mx\/web\/2024\/05\/18\/pavimentar-el-acceso-a-santa-ana-del-conde-promete-alejandra-gutierrez\/#article","isPartOf":{"@id":"https:\/\/kuali.com.mx\/web\/2024\/05\/18\/pavimentar-el-acceso-a-santa-ana-del-conde-promete-alejandra-gutierrez\/"},"author":{"name":"Kuali Staff","@id":"https:\/\/kuali.com.mx\/web\/#\/schema\/person\/6f89ffa8ecba9dae50662357923c5289"},"headline":"PAVIMENTAR EL ACCESO A SANTA ANA DEL CONDE, PROMETE ALEJANDRA GUTI\u00c9RREZ","datePublished":"2024-05-18T23:08:52+00:00","dateModified":"2024-05-19T14:54:55+00:00","mainEntityOfPage":{"@id":"https:\/\/kuali.com.mx\/web\/2024\/05\/18\/pavimentar-el-acceso-a-santa-ana-del-conde-promete-alejandra-gutierrez\/"},"wordCount":231,"commentCount":0,"image":{"@id":"https:\/\/kuali.com.mx\/web\/2024\/05\/18\/pavimentar-el-acceso-a-santa-ana-del-conde-promete-alejandra-gutierrez\/#primaryimage"},"thumbnailUrl":"https:\/\/kuali.com.mx\/web\/wp-content\/uploads\/2024\/05\/Alejandra-Gutierrez-1.gif","keywords":["Alejandra Guti\u00e9rrez","Campa\u00f1as","Elecciones 2024","Le\u00f3n","Santa Ana del Conde"],"articleSection":["Pol\u00edtica"],"inLanguage":"es","potentialAction":[{"@type":"CommentAction","name":"Comment","target":["https:\/\/kuali.com.mx\/web\/2024\/05\/18\/pavimentar-el-acceso-a-santa-ana-del-conde-promete-alejandra-gutierrez\/#respond"]}]},{"@type":"WebPage","@id":"https:\/\/kuali.com.mx\/web\/2024\/05\/18\/pavimentar-el-acceso-a-santa-ana-del-conde-promete-alejandra-gutierrez\/","url":"https:\/\/kuali.com.mx\/web\/2024\/05\/18\/pavimentar-el-acceso-a-santa-ana-del-conde-promete-alejandra-gutierrez\/","name":"PAVIMENTAR EL ACCESO A SANTA ANA DEL CONDE, PROMETE ALEJANDRA GUTI\u00c9RREZ - Kuali","isPartOf":{"@id":"https:\/\/kuali.com.mx\/web\/#website"},"primaryImageOfPage":{"@id":"https:\/\/kuali.com.mx\/web\/2024\/05\/18\/pavimentar-el-acceso-a-santa-ana-del-conde-promete-alejandra-gutierrez\/#primaryimage"},"image":{"@id":"https:\/\/kuali.com.mx\/web\/2024\/05\/18\/pavimentar-el-acceso-a-santa-ana-del-conde-promete-alejandra-gutierrez\/#primaryimage"},"thumbnailUrl":"https:\/\/kuali.com.mx\/web\/wp-content\/uploads\/2024\/05\/Alejandra-Gutierrez-1.gif","datePublished":"2024-05-18T23:08:52+00:00","dateModified":"2024-05-19T14:54:55+00:00","author":{"@id":"https:\/\/kuali.com.mx\/web\/#\/schema\/person\/6f89ffa8ecba9dae50662357923c5289"},"breadcrumb":{"@id":"https:\/\/kuali.com.mx\/web\/2024\/05\/18\/pavimentar-el-acceso-a-santa-ana-del-conde-promete-alejandra-gutierrez\/#breadcrumb"},"inLanguage":"es","potentialAction":[{"@type":"ReadAction","target":["https:\/\/kuali.com.mx\/web\/2024\/05\/18\/pavimentar-el-acceso-a-santa-ana-del-conde-promete-alejandra-gutierrez\/"]}]},{"@type":"ImageObject","inLanguage":"es","@id":"https:\/\/kuali.com.mx\/web\/2024\/05\/18\/pavimentar-el-acceso-a-santa-ana-del-conde-promete-alejandra-gutierrez\/#primaryimage","url":"https:\/\/kuali.com.mx\/web\/wp-content\/uploads\/2024\/05\/Alejandra-Gutierrez-1.gif","contentUrl":"https:\/\/kuali.com.mx\/web\/wp-content\/uploads\/2024\/05\/Alejandra-Gutierrez-1.gif","width":1700,"height":750},{"@type":"BreadcrumbList","@id":"https:\/\/kuali.com.mx\/web\/2024\/05\/18\/pavimentar-el-acceso-a-santa-ana-del-conde-promete-alejandra-gutierrez\/#breadcrumb","itemListElement":[{"@type":"ListItem","position":1,"name":"Inicio","item":"https:\/\/kuali.com.mx\/web\/"},{"@type":"ListItem","position":2,"name":"PAVIMENTAR EL ACCESO A SANTA ANA DEL CONDE, PROMETE ALEJANDRA GUTI\u00c9RREZ"}]},{"@type":"WebSite","@id":"https:\/\/kuali.com.mx\/web\/#website","url":"https:\/\/kuali.com.mx\/web\/","name":"Kuali","description":"","potentialAction":[{"@type":"SearchAction","target":{"@type":"EntryPoint","urlTemplate":"https:\/\/kuali.com.mx\/web\/?s={search_term_string}"},"query-input":{"@type":"PropertyValueSpecification","valueRequired":true,"valueName":"search_term_string"}}],"inLanguage":"es"},{"@type":"Person","@id":"https:\/\/kuali.com.mx\/web\/#\/schema\/person\/6f89ffa8ecba9dae50662357923c5289","name":"Kuali Staff","image":{"@type":"ImageObject","inLanguage":"es","@id":"https:\/\/secure.gravatar.com\/avatar\/f917ad82e5ab71227a733c78b6e60715476f69ee6be59feee4eb5d9920c89e0f?s=96&d=mm&r=g","url":"https:\/\/secure.gravatar.com\/avatar\/f917ad82e5ab71227a733c78b6e60715476f69ee6be59feee4eb5d9920c89e0f?s=96&d=mm&r=g","contentUrl":"https:\/\/secure.gravatar.com\/avatar\/f917ad82e5ab71227a733c78b6e60715476f69ee6be59feee4eb5d9920c89e0f?s=96&d=mm&r=g","caption":"Kuali Staff"},"url":"https:\/\/kuali.com.mx\/web\/author\/lagarto\/"}]}},"_links":{"self":[{"href":"https:\/\/kuali.com.mx\/web\/wp-json\/wp\/v2\/posts\/143496","targetHints":{"allow":["GET"]}}],"collection":[{"href":"https:\/\/kuali.com.mx\/web\/wp-json\/wp\/v2\/posts"}],"about":[{"href":"https:\/\/kuali.com.mx\/web\/wp-json\/wp\/v2\/types\/post"}],"author":[{"embeddable":true,"href":"https:\/\/kuali.com.mx\/web\/wp-json\/wp\/v2\/users\/2"}],"replies":[{"embeddable":true,"href":"https:\/\/kuali.com.mx\/web\/wp-json\/wp\/v2\/comments?post=143496"}],"version-history":[{"count":1,"href":"https:\/\/kuali.com.mx\/web\/wp-json\/wp\/v2\/posts\/143496\/revisions"}],"predecessor-version":[{"id":143500,"href":"https:\/\/kuali.com.mx\/web\/wp-json\/wp\/v2\/posts\/143496\/revisions\/143500"}],"wp:featuredmedia":[{"embeddable":true,"href":"https:\/\/kuali.com.mx\/web\/wp-json\/wp\/v2\/media\/143499"}],"wp:attachment":[{"href":"https:\/\/kuali.com.mx\/web\/wp-json\/wp\/v2\/media?parent=143496"}],"wp:term":[{"taxonomy":"category","embeddable":true,"href":"https:\/\/kuali.com.mx\/web\/wp-json\/wp\/v2\/categories?post=143496"},{"taxonomy":"post_tag","embeddable":true,"href":"https:\/\/kuali.com.mx\/web\/wp-json\/wp\/v2\/tags?post=143496"}],"curies":[{"name":"wp","href":"https:\/\/api.w.org\/{rel}","templated":true}]}}