{"id":143390,"date":"2024-05-17T13:10:00","date_gmt":"2024-05-17T19:10:00","guid":{"rendered":"https:\/\/kuali.com.mx\/web\/?p=143390"},"modified":"2024-05-17T13:53:46","modified_gmt":"2024-05-17T19:53:46","slug":"narran-la-historia-del-transporte-en-la-fenal","status":"publish","type":"post","link":"https:\/\/kuali.com.mx\/web\/2024\/05\/17\/narran-la-historia-del-transporte-en-la-fenal\/","title":{"rendered":"NARRAN LA HISTORIA DEL TRANSPORTE EN LA FENAL"},"content":{"rendered":"\n<p><strong><em>Kuali\/Le\u00f3n, Gto.-<\/em><\/strong>La Direcci\u00f3n General de Movilidad participa en el 35 aniversario de la Feria Nacional del Libro (Fenal) con el taller \"La historia del transporte p\u00fablico en Le\u00f3n\".<\/p>\n\n\n\n<p>A trav\u00e9s del \u00e1rea de Cultura de la Movilidad se brindar\u00e1n 72 talleres y 4 presentaciones de teatro gui\u00f1ol, con el objetivo de dar a conocer y contar a las infancias, la historia y evoluci\u00f3n del transporte p\u00fablico en Le\u00f3n y c\u00f3mo pasamos del tranv\u00eda jalado por mulas hasta los autobuses articulados, conocidos como orugas.<\/p>\n\n\n\n<p>Los talleres ser\u00e1n impartidos por 16 personas de la Direcci\u00f3n de Movilidad y tendr\u00e1n una duraci\u00f3n de 50 minutos para la atenci\u00f3n de 25 a 30 ni\u00f1as y ni\u00f1os por sesi\u00f3n.<\/p>\n\n\n\n<p>El horario ser\u00e1 de 9:00 a 19:00 horas, de lunes a viernes, y de 12:00 a 19:00 horas, los s\u00e1bados y domingos.<\/p>\n\n\n\n<p>Adem\u00e1s, las presentaciones teatrales estar\u00e1n a cargo de los t\u00edteres GoGo Teens, como parte de la programaci\u00f3n art\u00edstica de la FENAL. Ser\u00e1n 4 funciones: viernes 17 de mayo, a las 15:00 horas en el Patio de los Cuentos; lunes 20 de mayo, a las 9:00 y 16:00 horas en el Foro de las Historias, y el viernes 24 de mayo a las 12:00 horas tambi\u00e9n en el Foro de las Historias.<\/p>\n\n\n\n<p>La edici\u00f3n 35 de la FENAL se llevar\u00e1 a cabo del 17 al 26 de mayo de 2024 en las instalaciones de Poliforum Le\u00f3n. Los talleres y presentaciones teatrales no tendr\u00e1n costo.<\/p>\n","protected":false},"excerpt":{"rendered":"Kuali\/Le\u00f3n, Gto.-La Direcci\u00f3n General de Movilidad participa en el 35 aniversario de la Feria Nacional del Libro (Fenal) con el taller \"La historia del transporte p\u00fablico en Le\u00f3n\". A trav\u00e9s del \u00e1rea de Cultura de la Movilidad se brindar\u00e1n 72 talleres y 4 presentaciones de teatro gui\u00f1ol, con el objetivo de dar a conocer y [&hellip;]","protected":false},"author":2,"featured_media":143393,"comment_status":"open","ping_status":"closed","sticky":false,"template":"","format":"standard","meta":{"_seopress_robots_primary_cat":"none","_seopress_titles_title":"","_seopress_titles_desc":"","_seopress_robots_index":"","_monsterinsights_skip_tracking":false,"_monsterinsights_sitenote_active":false,"_monsterinsights_sitenote_note":"","_monsterinsights_sitenote_category":0,"footnotes":""},"categories":[8],"tags":[],"class_list":["post-143390","post","type-post","status-publish","format-standard","has-post-thumbnail","hentry","category-espectaculos"],"yoast_head":"<!-- This site is optimized with the Yoast SEO plugin v27.4 - https:\/\/yoast.com\/product\/yoast-seo-wordpress\/ -->\n<title>NARRAN LA HISTORIA DEL TRANSPORTE EN LA FENAL - Kuali<\/title>\n<meta name=\"robots\" content=\"index, follow, max-snippet:-1, max-image-preview:large, max-video-preview:-1\" \/>\n<link rel=\"canonical\" href=\"https:\/\/kuali.com.mx\/web\/2024\/05\/17\/narran-la-historia-del-transporte-en-la-fenal\/\" \/>\n<meta property=\"og:locale\" content=\"es_MX\" \/>\n<meta property=\"og:type\" content=\"article\" \/>\n<meta property=\"og:title\" content=\"NARRAN LA HISTORIA DEL TRANSPORTE EN LA FENAL - Kuali\" \/>\n<meta property=\"og:description\" content=\"Kuali\/Le\u00f3n, Gto.-La Direcci\u00f3n General de Movilidad participa en el 35 aniversario de la Feria Nacional del Libro (Fenal) con el taller &quot;La historia del transporte p\u00fablico en Le\u00f3n&quot;. A trav\u00e9s del \u00e1rea de Cultura de la Movilidad se brindar\u00e1n 72 talleres y 4 presentaciones de teatro gui\u00f1ol, con el objetivo de dar a conocer y [&hellip;]\" \/>\n<meta property=\"og:url\" content=\"https:\/\/kuali.com.mx\/web\/2024\/05\/17\/narran-la-historia-del-transporte-en-la-fenal\/\" \/>\n<meta property=\"og:site_name\" content=\"Kuali\" \/>\n<meta property=\"article:publisher\" content=\"https:\/\/kuali.com.mx\/web\/wp-content\/uploads\/2018\/04\/cropped-kuali_logo-1-1.png\" \/>\n<meta property=\"article:published_time\" content=\"2024-05-17T19:10:00+00:00\" \/>\n<meta property=\"article:modified_time\" content=\"2024-05-17T19:53:46+00:00\" \/>\n<meta property=\"og:image\" content=\"https:\/\/kuali.com.mx\/web\/wp-content\/uploads\/2024\/05\/Transporte-Fenal.jpeg\" \/>\n\t<meta property=\"og:image:width\" content=\"1280\" \/>\n\t<meta property=\"og:image:height\" content=\"720\" \/>\n\t<meta property=\"og:image:type\" content=\"image\/jpeg\" \/>\n<meta name=\"author\" content=\"Kuali Staff\" \/>\n<meta name=\"twitter:card\" content=\"summary_large_image\" \/>\n<meta name=\"twitter:creator\" content=\"@kuali_noticias\" \/>\n<meta name=\"twitter:site\" content=\"@kuali_noticias\" \/>\n<meta name=\"twitter:label1\" content=\"Escrito por\" \/>\n\t<meta name=\"twitter:data1\" content=\"Kuali Staff\" \/>\n\t<meta name=\"twitter:label2\" content=\"Tiempo de lectura\" \/>\n\t<meta name=\"twitter:data2\" content=\"1 minuto\" \/>\n<script type=\"application\/ld+json\" class=\"yoast-schema-graph\">{\"@context\":\"https:\\\/\\\/schema.org\",\"@graph\":[{\"@type\":\"Article\",\"@id\":\"https:\\\/\\\/kuali.com.mx\\\/web\\\/2024\\\/05\\\/17\\\/narran-la-historia-del-transporte-en-la-fenal\\\/#article\",\"isPartOf\":{\"@id\":\"https:\\\/\\\/kuali.com.mx\\\/web\\\/2024\\\/05\\\/17\\\/narran-la-historia-del-transporte-en-la-fenal\\\/\"},\"author\":{\"name\":\"Kuali Staff\",\"@id\":\"https:\\\/\\\/kuali.com.mx\\\/web\\\/#\\\/schema\\\/person\\\/6f89ffa8ecba9dae50662357923c5289\"},\"headline\":\"NARRAN LA HISTORIA DEL TRANSPORTE EN LA FENAL\",\"datePublished\":\"2024-05-17T19:10:00+00:00\",\"dateModified\":\"2024-05-17T19:53:46+00:00\",\"mainEntityOfPage\":{\"@id\":\"https:\\\/\\\/kuali.com.mx\\\/web\\\/2024\\\/05\\\/17\\\/narran-la-historia-del-transporte-en-la-fenal\\\/\"},\"wordCount\":258,\"commentCount\":0,\"image\":{\"@id\":\"https:\\\/\\\/kuali.com.mx\\\/web\\\/2024\\\/05\\\/17\\\/narran-la-historia-del-transporte-en-la-fenal\\\/#primaryimage\"},\"thumbnailUrl\":\"https:\\\/\\\/kuali.com.mx\\\/web\\\/wp-content\\\/uploads\\\/2024\\\/05\\\/Transporte-Fenal.jpeg\",\"articleSection\":[\"Cultura\"],\"inLanguage\":\"es\",\"potentialAction\":[{\"@type\":\"CommentAction\",\"name\":\"Comment\",\"target\":[\"https:\\\/\\\/kuali.com.mx\\\/web\\\/2024\\\/05\\\/17\\\/narran-la-historia-del-transporte-en-la-fenal\\\/#respond\"]}]},{\"@type\":\"WebPage\",\"@id\":\"https:\\\/\\\/kuali.com.mx\\\/web\\\/2024\\\/05\\\/17\\\/narran-la-historia-del-transporte-en-la-fenal\\\/\",\"url\":\"https:\\\/\\\/kuali.com.mx\\\/web\\\/2024\\\/05\\\/17\\\/narran-la-historia-del-transporte-en-la-fenal\\\/\",\"name\":\"NARRAN LA HISTORIA DEL TRANSPORTE EN LA FENAL - Kuali\",\"isPartOf\":{\"@id\":\"https:\\\/\\\/kuali.com.mx\\\/web\\\/#website\"},\"primaryImageOfPage\":{\"@id\":\"https:\\\/\\\/kuali.com.mx\\\/web\\\/2024\\\/05\\\/17\\\/narran-la-historia-del-transporte-en-la-fenal\\\/#primaryimage\"},\"image\":{\"@id\":\"https:\\\/\\\/kuali.com.mx\\\/web\\\/2024\\\/05\\\/17\\\/narran-la-historia-del-transporte-en-la-fenal\\\/#primaryimage\"},\"thumbnailUrl\":\"https:\\\/\\\/kuali.com.mx\\\/web\\\/wp-content\\\/uploads\\\/2024\\\/05\\\/Transporte-Fenal.jpeg\",\"datePublished\":\"2024-05-17T19:10:00+00:00\",\"dateModified\":\"2024-05-17T19:53:46+00:00\",\"author\":{\"@id\":\"https:\\\/\\\/kuali.com.mx\\\/web\\\/#\\\/schema\\\/person\\\/6f89ffa8ecba9dae50662357923c5289\"},\"breadcrumb\":{\"@id\":\"https:\\\/\\\/kuali.com.mx\\\/web\\\/2024\\\/05\\\/17\\\/narran-la-historia-del-transporte-en-la-fenal\\\/#breadcrumb\"},\"inLanguage\":\"es\",\"potentialAction\":[{\"@type\":\"ReadAction\",\"target\":[\"https:\\\/\\\/kuali.com.mx\\\/web\\\/2024\\\/05\\\/17\\\/narran-la-historia-del-transporte-en-la-fenal\\\/\"]}]},{\"@type\":\"ImageObject\",\"inLanguage\":\"es\",\"@id\":\"https:\\\/\\\/kuali.com.mx\\\/web\\\/2024\\\/05\\\/17\\\/narran-la-historia-del-transporte-en-la-fenal\\\/#primaryimage\",\"url\":\"https:\\\/\\\/kuali.com.mx\\\/web\\\/wp-content\\\/uploads\\\/2024\\\/05\\\/Transporte-Fenal.jpeg\",\"contentUrl\":\"https:\\\/\\\/kuali.com.mx\\\/web\\\/wp-content\\\/uploads\\\/2024\\\/05\\\/Transporte-Fenal.jpeg\",\"width\":1280,\"height\":720},{\"@type\":\"BreadcrumbList\",\"@id\":\"https:\\\/\\\/kuali.com.mx\\\/web\\\/2024\\\/05\\\/17\\\/narran-la-historia-del-transporte-en-la-fenal\\\/#breadcrumb\",\"itemListElement\":[{\"@type\":\"ListItem\",\"position\":1,\"name\":\"Inicio\",\"item\":\"https:\\\/\\\/kuali.com.mx\\\/web\\\/\"},{\"@type\":\"ListItem\",\"position\":2,\"name\":\"NARRAN LA HISTORIA DEL TRANSPORTE EN LA FENAL\"}]},{\"@type\":\"WebSite\",\"@id\":\"https:\\\/\\\/kuali.com.mx\\\/web\\\/#website\",\"url\":\"https:\\\/\\\/kuali.com.mx\\\/web\\\/\",\"name\":\"Kuali\",\"description\":\"\",\"potentialAction\":[{\"@type\":\"SearchAction\",\"target\":{\"@type\":\"EntryPoint\",\"urlTemplate\":\"https:\\\/\\\/kuali.com.mx\\\/web\\\/?s={search_term_string}\"},\"query-input\":{\"@type\":\"PropertyValueSpecification\",\"valueRequired\":true,\"valueName\":\"search_term_string\"}}],\"inLanguage\":\"es\"},{\"@type\":\"Person\",\"@id\":\"https:\\\/\\\/kuali.com.mx\\\/web\\\/#\\\/schema\\\/person\\\/6f89ffa8ecba9dae50662357923c5289\",\"name\":\"Kuali Staff\",\"image\":{\"@type\":\"ImageObject\",\"inLanguage\":\"es\",\"@id\":\"https:\\\/\\\/secure.gravatar.com\\\/avatar\\\/f917ad82e5ab71227a733c78b6e60715476f69ee6be59feee4eb5d9920c89e0f?s=96&d=mm&r=g\",\"url\":\"https:\\\/\\\/secure.gravatar.com\\\/avatar\\\/f917ad82e5ab71227a733c78b6e60715476f69ee6be59feee4eb5d9920c89e0f?s=96&d=mm&r=g\",\"contentUrl\":\"https:\\\/\\\/secure.gravatar.com\\\/avatar\\\/f917ad82e5ab71227a733c78b6e60715476f69ee6be59feee4eb5d9920c89e0f?s=96&d=mm&r=g\",\"caption\":\"Kuali Staff\"},\"url\":\"https:\\\/\\\/kuali.com.mx\\\/web\\\/author\\\/lagarto\\\/\"}]}<\/script>\n<!-- \/ Yoast SEO plugin. -->","yoast_head_json":{"title":"NARRAN LA HISTORIA DEL TRANSPORTE EN LA FENAL - Kuali","robots":{"index":"index","follow":"follow","max-snippet":"max-snippet:-1","max-image-preview":"max-image-preview:large","max-video-preview":"max-video-preview:-1"},"canonical":"https:\/\/kuali.com.mx\/web\/2024\/05\/17\/narran-la-historia-del-transporte-en-la-fenal\/","og_locale":"es_MX","og_type":"article","og_title":"NARRAN LA HISTORIA DEL TRANSPORTE EN LA FENAL - Kuali","og_description":"Kuali\/Le\u00f3n, Gto.-La Direcci\u00f3n General de Movilidad participa en el 35 aniversario de la Feria Nacional del Libro (Fenal) con el taller \"La historia del transporte p\u00fablico en Le\u00f3n\". A trav\u00e9s del \u00e1rea de Cultura de la Movilidad se brindar\u00e1n 72 talleres y 4 presentaciones de teatro gui\u00f1ol, con el objetivo de dar a conocer y [&hellip;]","og_url":"https:\/\/kuali.com.mx\/web\/2024\/05\/17\/narran-la-historia-del-transporte-en-la-fenal\/","og_site_name":"Kuali","article_publisher":"https:\/\/kuali.com.mx\/web\/wp-content\/uploads\/2018\/04\/cropped-kuali_logo-1-1.png","article_published_time":"2024-05-17T19:10:00+00:00","article_modified_time":"2024-05-17T19:53:46+00:00","og_image":[{"width":1280,"height":720,"url":"https:\/\/kuali.com.mx\/web\/wp-content\/uploads\/2024\/05\/Transporte-Fenal.jpeg","type":"image\/jpeg"}],"author":"Kuali Staff","twitter_card":"summary_large_image","twitter_creator":"@kuali_noticias","twitter_site":"@kuali_noticias","twitter_misc":{"Escrito por":"Kuali Staff","Tiempo de lectura":"1 minuto"},"schema":{"@context":"https:\/\/schema.org","@graph":[{"@type":"Article","@id":"https:\/\/kuali.com.mx\/web\/2024\/05\/17\/narran-la-historia-del-transporte-en-la-fenal\/#article","isPartOf":{"@id":"https:\/\/kuali.com.mx\/web\/2024\/05\/17\/narran-la-historia-del-transporte-en-la-fenal\/"},"author":{"name":"Kuali Staff","@id":"https:\/\/kuali.com.mx\/web\/#\/schema\/person\/6f89ffa8ecba9dae50662357923c5289"},"headline":"NARRAN LA HISTORIA DEL TRANSPORTE EN LA FENAL","datePublished":"2024-05-17T19:10:00+00:00","dateModified":"2024-05-17T19:53:46+00:00","mainEntityOfPage":{"@id":"https:\/\/kuali.com.mx\/web\/2024\/05\/17\/narran-la-historia-del-transporte-en-la-fenal\/"},"wordCount":258,"commentCount":0,"image":{"@id":"https:\/\/kuali.com.mx\/web\/2024\/05\/17\/narran-la-historia-del-transporte-en-la-fenal\/#primaryimage"},"thumbnailUrl":"https:\/\/kuali.com.mx\/web\/wp-content\/uploads\/2024\/05\/Transporte-Fenal.jpeg","articleSection":["Cultura"],"inLanguage":"es","potentialAction":[{"@type":"CommentAction","name":"Comment","target":["https:\/\/kuali.com.mx\/web\/2024\/05\/17\/narran-la-historia-del-transporte-en-la-fenal\/#respond"]}]},{"@type":"WebPage","@id":"https:\/\/kuali.com.mx\/web\/2024\/05\/17\/narran-la-historia-del-transporte-en-la-fenal\/","url":"https:\/\/kuali.com.mx\/web\/2024\/05\/17\/narran-la-historia-del-transporte-en-la-fenal\/","name":"NARRAN LA HISTORIA DEL TRANSPORTE EN LA FENAL - Kuali","isPartOf":{"@id":"https:\/\/kuali.com.mx\/web\/#website"},"primaryImageOfPage":{"@id":"https:\/\/kuali.com.mx\/web\/2024\/05\/17\/narran-la-historia-del-transporte-en-la-fenal\/#primaryimage"},"image":{"@id":"https:\/\/kuali.com.mx\/web\/2024\/05\/17\/narran-la-historia-del-transporte-en-la-fenal\/#primaryimage"},"thumbnailUrl":"https:\/\/kuali.com.mx\/web\/wp-content\/uploads\/2024\/05\/Transporte-Fenal.jpeg","datePublished":"2024-05-17T19:10:00+00:00","dateModified":"2024-05-17T19:53:46+00:00","author":{"@id":"https:\/\/kuali.com.mx\/web\/#\/schema\/person\/6f89ffa8ecba9dae50662357923c5289"},"breadcrumb":{"@id":"https:\/\/kuali.com.mx\/web\/2024\/05\/17\/narran-la-historia-del-transporte-en-la-fenal\/#breadcrumb"},"inLanguage":"es","potentialAction":[{"@type":"ReadAction","target":["https:\/\/kuali.com.mx\/web\/2024\/05\/17\/narran-la-historia-del-transporte-en-la-fenal\/"]}]},{"@type":"ImageObject","inLanguage":"es","@id":"https:\/\/kuali.com.mx\/web\/2024\/05\/17\/narran-la-historia-del-transporte-en-la-fenal\/#primaryimage","url":"https:\/\/kuali.com.mx\/web\/wp-content\/uploads\/2024\/05\/Transporte-Fenal.jpeg","contentUrl":"https:\/\/kuali.com.mx\/web\/wp-content\/uploads\/2024\/05\/Transporte-Fenal.jpeg","width":1280,"height":720},{"@type":"BreadcrumbList","@id":"https:\/\/kuali.com.mx\/web\/2024\/05\/17\/narran-la-historia-del-transporte-en-la-fenal\/#breadcrumb","itemListElement":[{"@type":"ListItem","position":1,"name":"Inicio","item":"https:\/\/kuali.com.mx\/web\/"},{"@type":"ListItem","position":2,"name":"NARRAN LA HISTORIA DEL TRANSPORTE EN LA FENAL"}]},{"@type":"WebSite","@id":"https:\/\/kuali.com.mx\/web\/#website","url":"https:\/\/kuali.com.mx\/web\/","name":"Kuali","description":"","potentialAction":[{"@type":"SearchAction","target":{"@type":"EntryPoint","urlTemplate":"https:\/\/kuali.com.mx\/web\/?s={search_term_string}"},"query-input":{"@type":"PropertyValueSpecification","valueRequired":true,"valueName":"search_term_string"}}],"inLanguage":"es"},{"@type":"Person","@id":"https:\/\/kuali.com.mx\/web\/#\/schema\/person\/6f89ffa8ecba9dae50662357923c5289","name":"Kuali Staff","image":{"@type":"ImageObject","inLanguage":"es","@id":"https:\/\/secure.gravatar.com\/avatar\/f917ad82e5ab71227a733c78b6e60715476f69ee6be59feee4eb5d9920c89e0f?s=96&d=mm&r=g","url":"https:\/\/secure.gravatar.com\/avatar\/f917ad82e5ab71227a733c78b6e60715476f69ee6be59feee4eb5d9920c89e0f?s=96&d=mm&r=g","contentUrl":"https:\/\/secure.gravatar.com\/avatar\/f917ad82e5ab71227a733c78b6e60715476f69ee6be59feee4eb5d9920c89e0f?s=96&d=mm&r=g","caption":"Kuali Staff"},"url":"https:\/\/kuali.com.mx\/web\/author\/lagarto\/"}]}},"_links":{"self":[{"href":"https:\/\/kuali.com.mx\/web\/wp-json\/wp\/v2\/posts\/143390","targetHints":{"allow":["GET"]}}],"collection":[{"href":"https:\/\/kuali.com.mx\/web\/wp-json\/wp\/v2\/posts"}],"about":[{"href":"https:\/\/kuali.com.mx\/web\/wp-json\/wp\/v2\/types\/post"}],"author":[{"embeddable":true,"href":"https:\/\/kuali.com.mx\/web\/wp-json\/wp\/v2\/users\/2"}],"replies":[{"embeddable":true,"href":"https:\/\/kuali.com.mx\/web\/wp-json\/wp\/v2\/comments?post=143390"}],"version-history":[{"count":2,"href":"https:\/\/kuali.com.mx\/web\/wp-json\/wp\/v2\/posts\/143390\/revisions"}],"predecessor-version":[{"id":143395,"href":"https:\/\/kuali.com.mx\/web\/wp-json\/wp\/v2\/posts\/143390\/revisions\/143395"}],"wp:featuredmedia":[{"embeddable":true,"href":"https:\/\/kuali.com.mx\/web\/wp-json\/wp\/v2\/media\/143393"}],"wp:attachment":[{"href":"https:\/\/kuali.com.mx\/web\/wp-json\/wp\/v2\/media?parent=143390"}],"wp:term":[{"taxonomy":"category","embeddable":true,"href":"https:\/\/kuali.com.mx\/web\/wp-json\/wp\/v2\/categories?post=143390"},{"taxonomy":"post_tag","embeddable":true,"href":"https:\/\/kuali.com.mx\/web\/wp-json\/wp\/v2\/tags?post=143390"}],"curies":[{"name":"wp","href":"https:\/\/api.w.org\/{rel}","templated":true}]}}