{"id":143357,"date":"2024-05-17T08:09:24","date_gmt":"2024-05-17T14:09:24","guid":{"rendered":"https:\/\/kuali.com.mx\/web\/?p=143357"},"modified":"2024-05-17T14:07:39","modified_gmt":"2024-05-17T20:07:39","slug":"defender-la-industria-del-calzado-ahora-o-nunca-battaglia","status":"publish","type":"post","link":"https:\/\/kuali.com.mx\/web\/2024\/05\/17\/defender-la-industria-del-calzado-ahora-o-nunca-battaglia\/","title":{"rendered":"DEFENDER LA INDUSTRIA DEL CALZADO &#8220;AHORA O NUNCA&#8221;: BATTAGLIA"},"content":{"rendered":"\n<p><strong>Alicia Arias\/Le\u00f3n, Gto.- <\/strong>Al tomar protesta por un a\u00f1o m\u00e1s como presidente del Consejo Directivo de la C\u00e1mara de la Industria del Calzado del Estado de Guanajuato (CICEG), Mauricio Blas Battaglia Vel\u00e1zquez, llam\u00f3 a defender al sector \u201cahora o nunca\u201d.<\/p>\n\n\n\n<p>\u201cEs ahora o nunca. Zapateros: debemos defender nuestros empleos y nuestras f\u00e1bricas para asegurar el futuro de nuestra industria\u201d, fue el llamado del l\u00edder nacional de los fabricantes de calzado durante su mensaje de protesta por un a\u00f1o m\u00e1s al frente de la CICEG.<\/p>\n\n\n\n<p>Destac\u00f3 que la industria de la piel y del calzado vive momentos complicados, por lo que deben trabajar unidos.<\/p>\n\n\n\n<p>Mauricio Battaglia estuvo acompa\u00f1ado en su toma de protesta por por el gobernador del estado, Diego Sinhue Rodr\u00edguez Vallejo; el presidente municipal interino de Le\u00f3n, Jorge Daniel Jim\u00e9nez Lona; y el dirigente nacional de la Confederaci\u00f3n de C\u00e1maras Industriales (Concamin), Alejandro Malag\u00f3n Barrag\u00e1n, Presidente Nacional de la CONCAMIN, entre otros funcionarios, federales, estatales y municipales; as\u00ed como l\u00edderes empresariales.<\/p>\n\n\n<div class=\"wp-block-image\">\n<figure class=\"aligncenter size-large\"><img loading=\"lazy\" decoding=\"async\" width=\"648\" height=\"1024\" src=\"https:\/\/kuali.com.mx\/web\/wp-content\/uploads\/2024\/05\/Mauricio-Battaglia-648x1024.jpg\" alt=\"\" class=\"wp-image-143361\" srcset=\"https:\/\/kuali.com.mx\/web\/wp-content\/uploads\/2024\/05\/Mauricio-Battaglia-648x1024.jpg 648w, https:\/\/kuali.com.mx\/web\/wp-content\/uploads\/2024\/05\/Mauricio-Battaglia-190x300.jpg 190w, https:\/\/kuali.com.mx\/web\/wp-content\/uploads\/2024\/05\/Mauricio-Battaglia-768x1214.jpg 768w, https:\/\/kuali.com.mx\/web\/wp-content\/uploads\/2024\/05\/Mauricio-Battaglia-972x1536.jpg 972w, https:\/\/kuali.com.mx\/web\/wp-content\/uploads\/2024\/05\/Mauricio-Battaglia-73x116.jpg 73w, https:\/\/kuali.com.mx\/web\/wp-content\/uploads\/2024\/05\/Mauricio-Battaglia.jpg 1012w\" sizes=\"auto, (max-width: 648px) 100vw, 648px\" \/><figcaption>Mauricio Blas Battaglia Vel\u00e1zquez, presidente de CICEG y de Canaical. FOTO: CORTES\u00cdA<\/figcaption><\/figure>\n<\/div>\n\n\n<p>Battaglia aprovech\u00f3 una vez m\u00e1s para se\u00f1alar que el impacto en el crecimiento de importaciones, principalmente de origen asi\u00e1tico y con precios que no cubren ni el costo de la materia prima, han provocado severos da\u00f1os en la industria.<\/p>\n\n\n\n<p>Datos del Instituto Mexicano del Seguro Social (IMSS), comparando marzo de 2023 contra marzo de 2024, se han perdido 7 mil 37 empleos en el sector calzado; y la actividad industrial ha disminuy\u00f3 27.1 por ciento en el mismo periodo.<\/p>\n\n\n\n<p>Adem\u00e1s, las importaciones se mantienen en crecimiento. Al cierre del primer trimestre de 2024 crecieron 17.34 por ciento. \u201cSi en 2023 cerramos con 120 millones de pares, de mantenerse esta esta tendencia, este a\u00f1o 2024 cerraremos con 140 millones de pares importados, lo que significar\u00eda una participaci\u00f3n del calzado importado del 45 por ciento, es decir 5 de cada 10 pares ser\u00edan extranjeros en el mercado interno\u201d, alerto el l\u00edder empresarial.<\/p>\n\n\n\n<p>Se estima que en el 2023 50 millones de pares ingresaron al pa\u00eds en condiciones de presunta subvaluaci\u00f3n y, si se mantiene la tendencia, este a\u00f1o 2024 cerrar\u00e1 con 58 millones de pares en esas condiciones.<\/p>\n\n\n\n<p>\u201cEsta competencia desleal es insostenible para la industria nacional\u201d y \u201cel verdadero desaf\u00edo es demostrar que China hace trampa, que subsidia e incentiva a sus exportadores, que sus precios no cubren ni el costo de materia prima y que da\u00f1an a nuestras f\u00e1bricas. Es una competencia desleal y lo que buscamos, no es proteccionismo, es una cancha pareja para competir\u201d, expres\u00f3 el tambi\u00e9n presidente de la C\u00e1mara Nacional de la Industria del Calzado (Canaical).<\/p>\n\n\n\n<p>Agreg\u00f3 que est\u00e1n avanzando con las autoridades federales, particularmente con la Agencia Nacional de Aduanas en el tema de las importaciones v\u00eda empresas de paqueter\u00eda.<\/p>\n\n\n\n<p>\u201cHemos visto la preocupaci\u00f3n de las autoridades ya que ingresa mercanc\u00eda por paqueter\u00eda que no paga impuestos, cuando entran paquetes con un costo menor a 50 d\u00f3lares, productos que no cumplen las normas de etiquetado, ni las normas oficiales, entre muchos otros temas\u201d, coment\u00f3.<\/p>\n\n\n\n<p>Y destac\u00f3 que recientemente la Comisi\u00f3n Nacional de Mejora Regulatoria (Conamer) realiz\u00f3 una consulta y concluy\u00f3 que toda mercanc\u00eda que entre por paqueter\u00eda deber\u00e1 cumplir con la norma de etiquetado de origen. \u201cEsta es una muestra de la voluntad de las autoridades federales para dar pasos firmes en la construcci\u00f3n de una cancha pareja de competencia\u201d, consider\u00f3 el presidente de la CICEG.<\/p>\n\n\n\n<p>Durante el evento de toma protesta, se entreg\u00f3 el galard\u00f3n Charola de Plata 2024 a \u00a0Jos\u00e9 Antonio Ruiz Mosqueda, de la empresa DIMACO, una marca de mexicana de \u00a0maquinaria;\u00a0 mientras que el San Crisp\u00edn de Oro 2024 fue para Manolo y Chava Su\u00e1rez Mendiola, de la empresa PARUNO. Dos hermanos que han compartido su vida y sus sue\u00f1os en esta noble industria, con un gran talento en los negocios y con un prop\u00f3sito fant\u00e1stico: \u201cSer una empresa altamente eficiente y profundamente humana\u201d. Su sensibilidad ante las injusticias y desigualdades sociales los caracterizan y son inspiraci\u00f3n para los que so\u00f1amos tener un mundo mejor\u201d, expres\u00f3 Mauricio Battaglia Vel\u00e1zquez.<\/p>\n\n\n\n<p>Empresarios son aliados<\/p>\n\n\n\n<p>\u201cEn Guanajuato creemos en las instituciones y creemos en el sector empresarial; gracias a ustedes este estado se mueve, y vemos al empresario como aliado del desarrollo estatal\u201d, se\u00f1al\u00f3 el gobernador de Guanajuato, Diego Sinhue Rodr\u00edguez Vallejo, en la toma de Protesta.<\/p>\n\n\n\n<p>\u201cEstos momentos de renovaci\u00f3n institucional, son momentos de proyecci\u00f3n al futuro en el sector, que sin duda, no solo es un motor de nuestra econom\u00eda, es el coraz\u00f3n de nuestra identidad como leoneses y guanajuatenses\u201d, dijo el gobernador.<\/p>\n\n\n\n<p>Lo que hace fuerte al sector moda-calzado en Guanajuato, agreg\u00f3, es que son bien organizados, por eso deben privilegiar a las instituciones y deben fortalecer la institucionalidad en la agrupaci\u00f3n.<\/p>\n\n\n\n<p>\u201cUn sector unido tiene futuro y viabilidad; y la uni\u00f3n y el trabajo conjunto con el Gobierno, seguir\u00e1 d\u00e1ndonos buenos resultados\u201d, agreg\u00f3.<\/p>\n","protected":false},"excerpt":{"rendered":"Alicia Arias\/Le\u00f3n, Gto.- Al tomar protesta por un a\u00f1o m\u00e1s como presidente del Consejo Directivo de la C\u00e1mara de la Industria del Calzado del Estado de Guanajuato (CICEG), Mauricio Blas Battaglia Vel\u00e1zquez, llam\u00f3 a defender al sector \u201cahora o nunca\u201d. \u201cEs ahora o nunca. Zapateros: debemos defender nuestros empleos y nuestras f\u00e1bricas para asegurar el [&hellip;]","protected":false},"author":2,"featured_media":143360,"comment_status":"open","ping_status":"open","sticky":false,"template":"","format":"standard","meta":{"_seopress_robots_primary_cat":"none","_seopress_titles_title":"","_seopress_titles_desc":"","_seopress_robots_index":"","_monsterinsights_skip_tracking":false,"_monsterinsights_sitenote_active":false,"_monsterinsights_sitenote_note":"","_monsterinsights_sitenote_category":0,"footnotes":""},"categories":[701],"tags":[361,1944,466,3836,207,362,10,2000,385],"class_list":["post-143357","post","type-post","status-publish","format-standard","has-post-thumbnail","hentry","category-economia","tag-calzado","tag-china","tag-ciceg","tag-defensa","tag-economia","tag-industria","tag-leon","tag-mauricio-battaglia","tag-zapatos"],"yoast_head":"<!-- This site is optimized with the Yoast SEO plugin v27.4 - https:\/\/yoast.com\/product\/yoast-seo-wordpress\/ -->\n<title>DEFENDER LA INDUSTRIA DEL CALZADO &quot;AHORA O NUNCA&quot;: BATTAGLIA - Kuali<\/title>\n<meta name=\"robots\" content=\"index, follow, max-snippet:-1, max-image-preview:large, max-video-preview:-1\" \/>\n<link rel=\"canonical\" href=\"https:\/\/kuali.com.mx\/web\/2024\/05\/17\/defender-la-industria-del-calzado-ahora-o-nunca-battaglia\/\" \/>\n<meta property=\"og:locale\" content=\"es_MX\" \/>\n<meta property=\"og:type\" content=\"article\" \/>\n<meta property=\"og:title\" content=\"DEFENDER LA INDUSTRIA DEL CALZADO &quot;AHORA O NUNCA&quot;: BATTAGLIA - Kuali\" \/>\n<meta property=\"og:description\" content=\"Alicia Arias\/Le\u00f3n, Gto.- Al tomar protesta por un a\u00f1o m\u00e1s como presidente del Consejo Directivo de la C\u00e1mara de la Industria del Calzado del Estado de Guanajuato (CICEG), Mauricio Blas Battaglia Vel\u00e1zquez, llam\u00f3 a defender al sector \u201cahora o nunca\u201d. \u201cEs ahora o nunca. Zapateros: debemos defender nuestros empleos y nuestras f\u00e1bricas para asegurar el [&hellip;]\" \/>\n<meta property=\"og:url\" content=\"https:\/\/kuali.com.mx\/web\/2024\/05\/17\/defender-la-industria-del-calzado-ahora-o-nunca-battaglia\/\" \/>\n<meta property=\"og:site_name\" content=\"Kuali\" \/>\n<meta property=\"article:publisher\" content=\"https:\/\/kuali.com.mx\/web\/wp-content\/uploads\/2018\/04\/cropped-kuali_logo-1-1.png\" \/>\n<meta property=\"article:published_time\" content=\"2024-05-17T14:09:24+00:00\" \/>\n<meta property=\"article:modified_time\" content=\"2024-05-17T20:07:39+00:00\" \/>\n<meta property=\"og:image\" content=\"https:\/\/kuali.com.mx\/web\/wp-content\/uploads\/2024\/05\/Toma-de-protesta-Consejo-Directivo-CICEG.gif\" \/>\n\t<meta property=\"og:image:width\" content=\"1858\" \/>\n\t<meta property=\"og:image:height\" content=\"750\" \/>\n\t<meta property=\"og:image:type\" content=\"image\/gif\" \/>\n<meta name=\"author\" content=\"Kuali Staff\" \/>\n<meta name=\"twitter:card\" content=\"summary_large_image\" \/>\n<meta name=\"twitter:creator\" content=\"@kuali_noticias\" \/>\n<meta name=\"twitter:site\" content=\"@kuali_noticias\" \/>\n<meta name=\"twitter:label1\" content=\"Escrito por\" \/>\n\t<meta name=\"twitter:data1\" content=\"Kuali Staff\" \/>\n\t<meta name=\"twitter:label2\" content=\"Tiempo de lectura\" \/>\n\t<meta name=\"twitter:data2\" content=\"4 minutos\" \/>\n<script type=\"application\/ld+json\" class=\"yoast-schema-graph\">{\"@context\":\"https:\\\/\\\/schema.org\",\"@graph\":[{\"@type\":\"Article\",\"@id\":\"https:\\\/\\\/kuali.com.mx\\\/web\\\/2024\\\/05\\\/17\\\/defender-la-industria-del-calzado-ahora-o-nunca-battaglia\\\/#article\",\"isPartOf\":{\"@id\":\"https:\\\/\\\/kuali.com.mx\\\/web\\\/2024\\\/05\\\/17\\\/defender-la-industria-del-calzado-ahora-o-nunca-battaglia\\\/\"},\"author\":{\"name\":\"Kuali Staff\",\"@id\":\"https:\\\/\\\/kuali.com.mx\\\/web\\\/#\\\/schema\\\/person\\\/6f89ffa8ecba9dae50662357923c5289\"},\"headline\":\"DEFENDER LA INDUSTRIA DEL CALZADO &#8220;AHORA O NUNCA&#8221;: BATTAGLIA\",\"datePublished\":\"2024-05-17T14:09:24+00:00\",\"dateModified\":\"2024-05-17T20:07:39+00:00\",\"mainEntityOfPage\":{\"@id\":\"https:\\\/\\\/kuali.com.mx\\\/web\\\/2024\\\/05\\\/17\\\/defender-la-industria-del-calzado-ahora-o-nunca-battaglia\\\/\"},\"wordCount\":864,\"commentCount\":0,\"image\":{\"@id\":\"https:\\\/\\\/kuali.com.mx\\\/web\\\/2024\\\/05\\\/17\\\/defender-la-industria-del-calzado-ahora-o-nunca-battaglia\\\/#primaryimage\"},\"thumbnailUrl\":\"https:\\\/\\\/kuali.com.mx\\\/web\\\/wp-content\\\/uploads\\\/2024\\\/05\\\/Toma-de-protesta-Consejo-Directivo-CICEG.gif\",\"keywords\":[\"Calzado\",\"China\",\"CICEG\",\"Defensa\",\"Econom\u00eda\",\"Industria\",\"Le\u00f3n\",\"Mauricio Battaglia\",\"Zapatos\"],\"articleSection\":[\"Econom\u00eda\"],\"inLanguage\":\"es\",\"potentialAction\":[{\"@type\":\"CommentAction\",\"name\":\"Comment\",\"target\":[\"https:\\\/\\\/kuali.com.mx\\\/web\\\/2024\\\/05\\\/17\\\/defender-la-industria-del-calzado-ahora-o-nunca-battaglia\\\/#respond\"]}]},{\"@type\":\"WebPage\",\"@id\":\"https:\\\/\\\/kuali.com.mx\\\/web\\\/2024\\\/05\\\/17\\\/defender-la-industria-del-calzado-ahora-o-nunca-battaglia\\\/\",\"url\":\"https:\\\/\\\/kuali.com.mx\\\/web\\\/2024\\\/05\\\/17\\\/defender-la-industria-del-calzado-ahora-o-nunca-battaglia\\\/\",\"name\":\"DEFENDER LA INDUSTRIA DEL CALZADO \\\"AHORA O NUNCA\\\": BATTAGLIA - Kuali\",\"isPartOf\":{\"@id\":\"https:\\\/\\\/kuali.com.mx\\\/web\\\/#website\"},\"primaryImageOfPage\":{\"@id\":\"https:\\\/\\\/kuali.com.mx\\\/web\\\/2024\\\/05\\\/17\\\/defender-la-industria-del-calzado-ahora-o-nunca-battaglia\\\/#primaryimage\"},\"image\":{\"@id\":\"https:\\\/\\\/kuali.com.mx\\\/web\\\/2024\\\/05\\\/17\\\/defender-la-industria-del-calzado-ahora-o-nunca-battaglia\\\/#primaryimage\"},\"thumbnailUrl\":\"https:\\\/\\\/kuali.com.mx\\\/web\\\/wp-content\\\/uploads\\\/2024\\\/05\\\/Toma-de-protesta-Consejo-Directivo-CICEG.gif\",\"datePublished\":\"2024-05-17T14:09:24+00:00\",\"dateModified\":\"2024-05-17T20:07:39+00:00\",\"author\":{\"@id\":\"https:\\\/\\\/kuali.com.mx\\\/web\\\/#\\\/schema\\\/person\\\/6f89ffa8ecba9dae50662357923c5289\"},\"breadcrumb\":{\"@id\":\"https:\\\/\\\/kuali.com.mx\\\/web\\\/2024\\\/05\\\/17\\\/defender-la-industria-del-calzado-ahora-o-nunca-battaglia\\\/#breadcrumb\"},\"inLanguage\":\"es\",\"potentialAction\":[{\"@type\":\"ReadAction\",\"target\":[\"https:\\\/\\\/kuali.com.mx\\\/web\\\/2024\\\/05\\\/17\\\/defender-la-industria-del-calzado-ahora-o-nunca-battaglia\\\/\"]}]},{\"@type\":\"ImageObject\",\"inLanguage\":\"es\",\"@id\":\"https:\\\/\\\/kuali.com.mx\\\/web\\\/2024\\\/05\\\/17\\\/defender-la-industria-del-calzado-ahora-o-nunca-battaglia\\\/#primaryimage\",\"url\":\"https:\\\/\\\/kuali.com.mx\\\/web\\\/wp-content\\\/uploads\\\/2024\\\/05\\\/Toma-de-protesta-Consejo-Directivo-CICEG.gif\",\"contentUrl\":\"https:\\\/\\\/kuali.com.mx\\\/web\\\/wp-content\\\/uploads\\\/2024\\\/05\\\/Toma-de-protesta-Consejo-Directivo-CICEG.gif\",\"width\":1858,\"height\":750},{\"@type\":\"BreadcrumbList\",\"@id\":\"https:\\\/\\\/kuali.com.mx\\\/web\\\/2024\\\/05\\\/17\\\/defender-la-industria-del-calzado-ahora-o-nunca-battaglia\\\/#breadcrumb\",\"itemListElement\":[{\"@type\":\"ListItem\",\"position\":1,\"name\":\"Inicio\",\"item\":\"https:\\\/\\\/kuali.com.mx\\\/web\\\/\"},{\"@type\":\"ListItem\",\"position\":2,\"name\":\"DEFENDER LA INDUSTRIA DEL CALZADO &#8220;AHORA O NUNCA&#8221;: BATTAGLIA\"}]},{\"@type\":\"WebSite\",\"@id\":\"https:\\\/\\\/kuali.com.mx\\\/web\\\/#website\",\"url\":\"https:\\\/\\\/kuali.com.mx\\\/web\\\/\",\"name\":\"Kuali\",\"description\":\"\",\"potentialAction\":[{\"@type\":\"SearchAction\",\"target\":{\"@type\":\"EntryPoint\",\"urlTemplate\":\"https:\\\/\\\/kuali.com.mx\\\/web\\\/?s={search_term_string}\"},\"query-input\":{\"@type\":\"PropertyValueSpecification\",\"valueRequired\":true,\"valueName\":\"search_term_string\"}}],\"inLanguage\":\"es\"},{\"@type\":\"Person\",\"@id\":\"https:\\\/\\\/kuali.com.mx\\\/web\\\/#\\\/schema\\\/person\\\/6f89ffa8ecba9dae50662357923c5289\",\"name\":\"Kuali Staff\",\"image\":{\"@type\":\"ImageObject\",\"inLanguage\":\"es\",\"@id\":\"https:\\\/\\\/secure.gravatar.com\\\/avatar\\\/f917ad82e5ab71227a733c78b6e60715476f69ee6be59feee4eb5d9920c89e0f?s=96&d=mm&r=g\",\"url\":\"https:\\\/\\\/secure.gravatar.com\\\/avatar\\\/f917ad82e5ab71227a733c78b6e60715476f69ee6be59feee4eb5d9920c89e0f?s=96&d=mm&r=g\",\"contentUrl\":\"https:\\\/\\\/secure.gravatar.com\\\/avatar\\\/f917ad82e5ab71227a733c78b6e60715476f69ee6be59feee4eb5d9920c89e0f?s=96&d=mm&r=g\",\"caption\":\"Kuali Staff\"},\"url\":\"https:\\\/\\\/kuali.com.mx\\\/web\\\/author\\\/lagarto\\\/\"}]}<\/script>\n<!-- \/ Yoast SEO plugin. -->","yoast_head_json":{"title":"DEFENDER LA INDUSTRIA DEL CALZADO \"AHORA O NUNCA\": BATTAGLIA - Kuali","robots":{"index":"index","follow":"follow","max-snippet":"max-snippet:-1","max-image-preview":"max-image-preview:large","max-video-preview":"max-video-preview:-1"},"canonical":"https:\/\/kuali.com.mx\/web\/2024\/05\/17\/defender-la-industria-del-calzado-ahora-o-nunca-battaglia\/","og_locale":"es_MX","og_type":"article","og_title":"DEFENDER LA INDUSTRIA DEL CALZADO \"AHORA O NUNCA\": BATTAGLIA - Kuali","og_description":"Alicia Arias\/Le\u00f3n, Gto.- Al tomar protesta por un a\u00f1o m\u00e1s como presidente del Consejo Directivo de la C\u00e1mara de la Industria del Calzado del Estado de Guanajuato (CICEG), Mauricio Blas Battaglia Vel\u00e1zquez, llam\u00f3 a defender al sector \u201cahora o nunca\u201d. \u201cEs ahora o nunca. Zapateros: debemos defender nuestros empleos y nuestras f\u00e1bricas para asegurar el [&hellip;]","og_url":"https:\/\/kuali.com.mx\/web\/2024\/05\/17\/defender-la-industria-del-calzado-ahora-o-nunca-battaglia\/","og_site_name":"Kuali","article_publisher":"https:\/\/kuali.com.mx\/web\/wp-content\/uploads\/2018\/04\/cropped-kuali_logo-1-1.png","article_published_time":"2024-05-17T14:09:24+00:00","article_modified_time":"2024-05-17T20:07:39+00:00","og_image":[{"width":1858,"height":750,"url":"https:\/\/kuali.com.mx\/web\/wp-content\/uploads\/2024\/05\/Toma-de-protesta-Consejo-Directivo-CICEG.gif","type":"image\/gif"}],"author":"Kuali Staff","twitter_card":"summary_large_image","twitter_creator":"@kuali_noticias","twitter_site":"@kuali_noticias","twitter_misc":{"Escrito por":"Kuali Staff","Tiempo de lectura":"4 minutos"},"schema":{"@context":"https:\/\/schema.org","@graph":[{"@type":"Article","@id":"https:\/\/kuali.com.mx\/web\/2024\/05\/17\/defender-la-industria-del-calzado-ahora-o-nunca-battaglia\/#article","isPartOf":{"@id":"https:\/\/kuali.com.mx\/web\/2024\/05\/17\/defender-la-industria-del-calzado-ahora-o-nunca-battaglia\/"},"author":{"name":"Kuali Staff","@id":"https:\/\/kuali.com.mx\/web\/#\/schema\/person\/6f89ffa8ecba9dae50662357923c5289"},"headline":"DEFENDER LA INDUSTRIA DEL CALZADO &#8220;AHORA O NUNCA&#8221;: BATTAGLIA","datePublished":"2024-05-17T14:09:24+00:00","dateModified":"2024-05-17T20:07:39+00:00","mainEntityOfPage":{"@id":"https:\/\/kuali.com.mx\/web\/2024\/05\/17\/defender-la-industria-del-calzado-ahora-o-nunca-battaglia\/"},"wordCount":864,"commentCount":0,"image":{"@id":"https:\/\/kuali.com.mx\/web\/2024\/05\/17\/defender-la-industria-del-calzado-ahora-o-nunca-battaglia\/#primaryimage"},"thumbnailUrl":"https:\/\/kuali.com.mx\/web\/wp-content\/uploads\/2024\/05\/Toma-de-protesta-Consejo-Directivo-CICEG.gif","keywords":["Calzado","China","CICEG","Defensa","Econom\u00eda","Industria","Le\u00f3n","Mauricio Battaglia","Zapatos"],"articleSection":["Econom\u00eda"],"inLanguage":"es","potentialAction":[{"@type":"CommentAction","name":"Comment","target":["https:\/\/kuali.com.mx\/web\/2024\/05\/17\/defender-la-industria-del-calzado-ahora-o-nunca-battaglia\/#respond"]}]},{"@type":"WebPage","@id":"https:\/\/kuali.com.mx\/web\/2024\/05\/17\/defender-la-industria-del-calzado-ahora-o-nunca-battaglia\/","url":"https:\/\/kuali.com.mx\/web\/2024\/05\/17\/defender-la-industria-del-calzado-ahora-o-nunca-battaglia\/","name":"DEFENDER LA INDUSTRIA DEL CALZADO \"AHORA O NUNCA\": BATTAGLIA - Kuali","isPartOf":{"@id":"https:\/\/kuali.com.mx\/web\/#website"},"primaryImageOfPage":{"@id":"https:\/\/kuali.com.mx\/web\/2024\/05\/17\/defender-la-industria-del-calzado-ahora-o-nunca-battaglia\/#primaryimage"},"image":{"@id":"https:\/\/kuali.com.mx\/web\/2024\/05\/17\/defender-la-industria-del-calzado-ahora-o-nunca-battaglia\/#primaryimage"},"thumbnailUrl":"https:\/\/kuali.com.mx\/web\/wp-content\/uploads\/2024\/05\/Toma-de-protesta-Consejo-Directivo-CICEG.gif","datePublished":"2024-05-17T14:09:24+00:00","dateModified":"2024-05-17T20:07:39+00:00","author":{"@id":"https:\/\/kuali.com.mx\/web\/#\/schema\/person\/6f89ffa8ecba9dae50662357923c5289"},"breadcrumb":{"@id":"https:\/\/kuali.com.mx\/web\/2024\/05\/17\/defender-la-industria-del-calzado-ahora-o-nunca-battaglia\/#breadcrumb"},"inLanguage":"es","potentialAction":[{"@type":"ReadAction","target":["https:\/\/kuali.com.mx\/web\/2024\/05\/17\/defender-la-industria-del-calzado-ahora-o-nunca-battaglia\/"]}]},{"@type":"ImageObject","inLanguage":"es","@id":"https:\/\/kuali.com.mx\/web\/2024\/05\/17\/defender-la-industria-del-calzado-ahora-o-nunca-battaglia\/#primaryimage","url":"https:\/\/kuali.com.mx\/web\/wp-content\/uploads\/2024\/05\/Toma-de-protesta-Consejo-Directivo-CICEG.gif","contentUrl":"https:\/\/kuali.com.mx\/web\/wp-content\/uploads\/2024\/05\/Toma-de-protesta-Consejo-Directivo-CICEG.gif","width":1858,"height":750},{"@type":"BreadcrumbList","@id":"https:\/\/kuali.com.mx\/web\/2024\/05\/17\/defender-la-industria-del-calzado-ahora-o-nunca-battaglia\/#breadcrumb","itemListElement":[{"@type":"ListItem","position":1,"name":"Inicio","item":"https:\/\/kuali.com.mx\/web\/"},{"@type":"ListItem","position":2,"name":"DEFENDER LA INDUSTRIA DEL CALZADO &#8220;AHORA O NUNCA&#8221;: BATTAGLIA"}]},{"@type":"WebSite","@id":"https:\/\/kuali.com.mx\/web\/#website","url":"https:\/\/kuali.com.mx\/web\/","name":"Kuali","description":"","potentialAction":[{"@type":"SearchAction","target":{"@type":"EntryPoint","urlTemplate":"https:\/\/kuali.com.mx\/web\/?s={search_term_string}"},"query-input":{"@type":"PropertyValueSpecification","valueRequired":true,"valueName":"search_term_string"}}],"inLanguage":"es"},{"@type":"Person","@id":"https:\/\/kuali.com.mx\/web\/#\/schema\/person\/6f89ffa8ecba9dae50662357923c5289","name":"Kuali Staff","image":{"@type":"ImageObject","inLanguage":"es","@id":"https:\/\/secure.gravatar.com\/avatar\/f917ad82e5ab71227a733c78b6e60715476f69ee6be59feee4eb5d9920c89e0f?s=96&d=mm&r=g","url":"https:\/\/secure.gravatar.com\/avatar\/f917ad82e5ab71227a733c78b6e60715476f69ee6be59feee4eb5d9920c89e0f?s=96&d=mm&r=g","contentUrl":"https:\/\/secure.gravatar.com\/avatar\/f917ad82e5ab71227a733c78b6e60715476f69ee6be59feee4eb5d9920c89e0f?s=96&d=mm&r=g","caption":"Kuali Staff"},"url":"https:\/\/kuali.com.mx\/web\/author\/lagarto\/"}]}},"_links":{"self":[{"href":"https:\/\/kuali.com.mx\/web\/wp-json\/wp\/v2\/posts\/143357","targetHints":{"allow":["GET"]}}],"collection":[{"href":"https:\/\/kuali.com.mx\/web\/wp-json\/wp\/v2\/posts"}],"about":[{"href":"https:\/\/kuali.com.mx\/web\/wp-json\/wp\/v2\/types\/post"}],"author":[{"embeddable":true,"href":"https:\/\/kuali.com.mx\/web\/wp-json\/wp\/v2\/users\/2"}],"replies":[{"embeddable":true,"href":"https:\/\/kuali.com.mx\/web\/wp-json\/wp\/v2\/comments?post=143357"}],"version-history":[{"count":2,"href":"https:\/\/kuali.com.mx\/web\/wp-json\/wp\/v2\/posts\/143357\/revisions"}],"predecessor-version":[{"id":143372,"href":"https:\/\/kuali.com.mx\/web\/wp-json\/wp\/v2\/posts\/143357\/revisions\/143372"}],"wp:featuredmedia":[{"embeddable":true,"href":"https:\/\/kuali.com.mx\/web\/wp-json\/wp\/v2\/media\/143360"}],"wp:attachment":[{"href":"https:\/\/kuali.com.mx\/web\/wp-json\/wp\/v2\/media?parent=143357"}],"wp:term":[{"taxonomy":"category","embeddable":true,"href":"https:\/\/kuali.com.mx\/web\/wp-json\/wp\/v2\/categories?post=143357"},{"taxonomy":"post_tag","embeddable":true,"href":"https:\/\/kuali.com.mx\/web\/wp-json\/wp\/v2\/tags?post=143357"}],"curies":[{"name":"wp","href":"https:\/\/api.w.org\/{rel}","templated":true}]}}